{"id":1367,"date":"2024-08-02T15:18:23","date_gmt":"2024-08-02T15:18:23","guid":{"rendered":"https:\/\/refugesdemarie.fr\/?p=1367"},"modified":"2026-01-06T16:05:15","modified_gmt":"2026-01-06T16:05:15","slug":"ne-neglige-pas-le-rosaire-que-ta-mere-marie-ta-confie","status":"publish","type":"post","link":"https:\/\/refugesdemarie.fr\/index.php\/2024\/08\/02\/ne-neglige-pas-le-rosaire-que-ta-mere-marie-ta-confie\/","title":{"rendered":"Ne n\u00e9glige pas le rosaire que ta m\u00e8re, Marie, t&rsquo;a confi\u00e9\u2026"},"content":{"rendered":"<div class=\"pdfprnt-buttons pdfprnt-buttons-post pdfprnt-top-right\"><a href=\"https:\/\/refugesdemarie.fr\/index.php\/wp-json\/wp\/v2\/posts\/1367?print=print\" class=\"pdfprnt-button pdfprnt-button-print\" target=\"_blank\" ><img decoding=\"async\" src=\"https:\/\/refugesdemarie.fr\/wp-content\/plugins\/pdf-print\/images\/print.png\" alt=\"image_print\" title=\"Contenu imprim\u00e9\" \/><\/a><\/div><p>\u00ab\u00a0C&rsquo;est chez la Vierge Marie que tu appr\u00e9cieras le mieux la valeur d&rsquo;une vie surnaturelle et d&rsquo;une spiritualit\u00e9 profonde. Dans sa vie, aucun geste, aucune pens\u00e9e, si minime soit-elle, qui ne soit inspir\u00e9e par J\u00e9sus ; pas une seule de ses minutes qui soit v\u00e9cue loin de lui. L&rsquo;existence de la Vierge est toute faite d&rsquo;int\u00e9riorit\u00e9. Chez elle, il n&rsquo;y a aucune s\u00e9paration entre l&rsquo;action et la contemplation, car la contemplation impr\u00e8gne l&rsquo;action tandis que l&rsquo;action na\u00eet de la contemplation.<\/p>\n<p>Le rosaire est une cha\u00eene de pri\u00e8res qui t&rsquo;associera \u00e0 elle. C&rsquo;est aussi le film qui te rappellera toutes les \u00e9tapes du chemin de l&rsquo;esp\u00e9rance qu&rsquo;elle a parcouru : sa tendresse \u00e0 Bethl\u00e9em, son tourment durant la fuite en \u00c9gypte, le silence et le labeur de l&rsquo;atelier de Nazareth, sa ferveur au temple, son \u00e9motion devant la pr\u00e9dication de son fils, de saint Jean ; en bref, l&rsquo;histoire de deux vies qui n&rsquo;en sont qu&rsquo;une, car le Seigneur a v\u00e9cu en elle, et elle en lui. Ne n\u00e9glige pas le rosaire que ta m\u00e8re, Marie, t&rsquo;a confi\u00e9 en te recommandant de vivre comme elle, avec elle, par elle et en elle.\u00a0\u00bb<\/p>\n<p style=\"text-align: right;\">Fran\u00e7ois-Xavier Nguyen Van Thuan (1)<\/p>\n<p style=\"text-align: right;\">Extrait de <i>Sur le chemin de l&rsquo;esp\u00e9rance<\/i>, Le Sarment, Fayard 1991 &#8211; p.167-175. Chapitre 35 &#8211; <i>Notre M\u00e8re Marie<\/i>, \u00a7 937 et 922<\/p>\n<p>(1) \u00a0Mgr Fran\u00e7ois-Xavier Nguyen Van Thuan fut archev\u00eaque coadjuteur de Sa\u00efgon en 1975. Aussit\u00f4t arr\u00eat\u00e9 par la police communiste, il passe 13 ans dans les ge\u00f4les vietminh, dont 9 en isolement. Apr\u00e8s sa lib\u00e9ration, il sera pr\u00e9sident du Conseil Pontifical pour la Justice et la Paix. Cr\u00e9\u00e9 cardinal par\u00a0Jean-Paul\u00a0II\u00a0en 2001, il meurt le 16 septembre 2002. Il est aujourd\u2019hui V\u00e9n\u00e9rable.<br \/>\nUn livre excellent raconte sa vie en prison\u00a0: <i>Monseigneur Thuan face au communisme,<\/i> paru aux \u00e9ditions Tallandier. Son auteur est Anne Bernet.<\/p>\n","protected":false},"excerpt":{"rendered":"<p>\u00ab\u00a0C&rsquo;est chez la Vierge Marie que tu appr\u00e9cieras le mieux la valeur d&rsquo;une vie surnaturelle et d&rsquo;une spiritualit\u00e9 profonde. Dans sa vie, aucun geste, aucune pens\u00e9e, si minime soit-elle, qui ne soit inspir\u00e9e par J\u00e9sus ; pas une seule de ses minutes qui soit v\u00e9cue loin de lui. L&rsquo;existence de la Vierge est toute faite [&hellip;]<\/p>\n","protected":false},"author":1,"featured_media":1368,"comment_status":"closed","ping_status":"open","sticky":false,"template":"","format":"standard","meta":{"ocean_post_layout":"","ocean_both_sidebars_style":"","ocean_both_sidebars_content_width":0,"ocean_both_sidebars_sidebars_width":0,"ocean_sidebar":"0","ocean_second_sidebar":"0","ocean_disable_margins":"enable","ocean_add_body_class":"","ocean_shortcode_before_top_bar":"","ocean_shortcode_after_top_bar":"","ocean_shortcode_before_header":"","ocean_shortcode_after_header":"","ocean_has_shortcode":"","ocean_shortcode_after_title":"","ocean_shortcode_before_footer_widgets":"","ocean_shortcode_after_footer_widgets":"","ocean_shortcode_before_footer_bottom":"","ocean_shortcode_after_footer_bottom":"","ocean_display_top_bar":"default","ocean_display_header":"default","ocean_header_style":"","ocean_center_header_left_menu":"0","ocean_custom_header_template":"0","ocean_custom_logo":0,"ocean_custom_retina_logo":0,"ocean_custom_logo_max_width":0,"ocean_custom_logo_tablet_max_width":0,"ocean_custom_logo_mobile_max_width":0,"ocean_custom_logo_max_height":0,"ocean_custom_logo_tablet_max_height":0,"ocean_custom_logo_mobile_max_height":0,"ocean_header_custom_menu":"0","ocean_menu_typo_font_family":"0","ocean_menu_typo_font_subset":"","ocean_menu_typo_font_size":0,"ocean_menu_typo_font_size_tablet":0,"ocean_menu_typo_font_size_mobile":0,"ocean_menu_typo_font_size_unit":"px","ocean_menu_typo_font_weight":"","ocean_menu_typo_font_weight_tablet":"","ocean_menu_typo_font_weight_mobile":"","ocean_menu_typo_transform":"","ocean_menu_typo_transform_tablet":"","ocean_menu_typo_transform_mobile":"","ocean_menu_typo_line_height":0,"ocean_menu_typo_line_height_tablet":0,"ocean_menu_typo_line_height_mobile":0,"ocean_menu_typo_line_height_unit":"","ocean_menu_typo_spacing":0,"ocean_menu_typo_spacing_tablet":0,"ocean_menu_typo_spacing_mobile":0,"ocean_menu_typo_spacing_unit":"","ocean_menu_link_color":"","ocean_menu_link_color_hover":"","ocean_menu_link_color_active":"","ocean_menu_link_background":"","ocean_menu_link_hover_background":"","ocean_menu_link_active_background":"","ocean_menu_social_links_bg":"","ocean_menu_social_hover_links_bg":"","ocean_menu_social_links_color":"","ocean_menu_social_hover_links_color":"","ocean_disable_title":"default","ocean_disable_heading":"default","ocean_post_title":"","ocean_post_subheading":"","ocean_post_title_style":"","ocean_post_title_background_color":"","ocean_post_title_background":0,"ocean_post_title_bg_image_position":"","ocean_post_title_bg_image_attachment":"","ocean_post_title_bg_image_repeat":"","ocean_post_title_bg_image_size":"","ocean_post_title_height":0,"ocean_post_title_bg_overlay":0.5,"ocean_post_title_bg_overlay_color":"","ocean_disable_breadcrumbs":"default","ocean_breadcrumbs_color":"","ocean_breadcrumbs_separator_color":"","ocean_breadcrumbs_links_color":"","ocean_breadcrumbs_links_hover_color":"","ocean_display_footer_widgets":"default","ocean_display_footer_bottom":"default","ocean_custom_footer_template":"0","ocean_post_oembed":"","ocean_post_self_hosted_media":"","ocean_post_video_embed":"","ocean_link_format":"","ocean_link_format_target":"self","ocean_quote_format":"","ocean_quote_format_link":"post","ocean_gallery_link_images":"on","ocean_gallery_id":[],"footnotes":""},"categories":[8],"tags":[],"class_list":["post-1367","post","type-post","status-publish","format-standard","has-post-thumbnail","hentry","category-saints","entry","has-media"],"yoast_head":"<!-- This site is optimized with the Yoast SEO plugin v27.4 - https:\/\/yoast.com\/product\/yoast-seo-wordpress\/ -->\n<title>Ne n\u00e9glige pas le rosaire que ta m\u00e8re, Marie, t&#039;a confi\u00e9\u2026 - Communion des refuges du Coeur Immacul\u00e9 de Marie<\/title>\n<meta name=\"description\" content=\"Ne n\u00e9glige pas le rosaire que ta m\u00e8re, Marie, t&#039;a confi\u00e9 en te recommandant de vivre comme elle, avec elle, par elle et en elle.\" \/>\n<meta name=\"robots\" content=\"index, follow, max-snippet:-1, max-image-preview:large, max-video-preview:-1\" \/>\n<link rel=\"canonical\" href=\"https:\/\/refugesdemarie.fr\/index.php\/2024\/08\/02\/ne-neglige-pas-le-rosaire-que-ta-mere-marie-ta-confie\/\" \/>\n<meta property=\"og:locale\" content=\"fr_FR\" \/>\n<meta property=\"og:type\" content=\"article\" \/>\n<meta property=\"og:title\" content=\"Ne n\u00e9glige pas le rosaire que ta m\u00e8re, Marie, t&#039;a confi\u00e9\u2026 - Communion des refuges du Coeur Immacul\u00e9 de Marie\" \/>\n<meta property=\"og:description\" content=\"Ne n\u00e9glige pas le rosaire que ta m\u00e8re, Marie, t&#039;a confi\u00e9 en te recommandant de vivre comme elle, avec elle, par elle et en elle.\" \/>\n<meta property=\"og:url\" content=\"https:\/\/refugesdemarie.fr\/index.php\/2024\/08\/02\/ne-neglige-pas-le-rosaire-que-ta-mere-marie-ta-confie\/\" \/>\n<meta property=\"og:site_name\" content=\"Communion des refuges du Coeur Immacul\u00e9 de Marie\" \/>\n<meta property=\"article:publisher\" content=\"https:\/\/www.facebook.com\/profile.php?id=100089561384328\" \/>\n<meta property=\"article:author\" content=\"https:\/\/www.facebook.com\/profile.php?id=100089561384328\" \/>\n<meta property=\"article:published_time\" content=\"2024-08-02T15:18:23+00:00\" \/>\n<meta property=\"article:modified_time\" content=\"2026-01-06T16:05:15+00:00\" \/>\n<meta property=\"og:image\" content=\"https:\/\/refugesdemarie.fr\/wp-content\/uploads\/2024\/07\/Van-Thuan.jpg\" \/>\n\t<meta property=\"og:image:width\" content=\"900\" \/>\n\t<meta property=\"og:image:height\" content=\"338\" \/>\n\t<meta property=\"og:image:type\" content=\"image\/jpeg\" \/>\n<meta name=\"author\" content=\"refugesdemarie@gmail.com\" \/>\n<meta name=\"twitter:card\" content=\"summary_large_image\" \/>\n<meta name=\"twitter:label1\" content=\"\u00c9crit par\" \/>\n\t<meta name=\"twitter:data1\" content=\"refugesdemarie@gmail.com\" \/>\n\t<meta name=\"twitter:label2\" content=\"Dur\u00e9e de lecture estim\u00e9e\" \/>\n\t<meta name=\"twitter:data2\" content=\"2 minutes\" \/>\n<script type=\"application\/ld+json\" class=\"yoast-schema-graph\">{\"@context\":\"https:\\\/\\\/schema.org\",\"@graph\":[{\"@type\":\"Article\",\"@id\":\"https:\\\/\\\/refugesdemarie.fr\\\/index.php\\\/2024\\\/08\\\/02\\\/ne-neglige-pas-le-rosaire-que-ta-mere-marie-ta-confie\\\/#article\",\"isPartOf\":{\"@id\":\"https:\\\/\\\/refugesdemarie.fr\\\/index.php\\\/2024\\\/08\\\/02\\\/ne-neglige-pas-le-rosaire-que-ta-mere-marie-ta-confie\\\/\"},\"author\":{\"name\":\"refugesdemarie@gmail.com\",\"@id\":\"https:\\\/\\\/refugesdemarie.fr\\\/#\\\/schema\\\/person\\\/3bda0c49569f70f4dcfbe78b7e174b11\"},\"headline\":\"Ne n\u00e9glige pas le rosaire que ta m\u00e8re, Marie, t&rsquo;a confi\u00e9\u2026\",\"datePublished\":\"2024-08-02T15:18:23+00:00\",\"dateModified\":\"2026-01-06T16:05:15+00:00\",\"mainEntityOfPage\":{\"@id\":\"https:\\\/\\\/refugesdemarie.fr\\\/index.php\\\/2024\\\/08\\\/02\\\/ne-neglige-pas-le-rosaire-que-ta-mere-marie-ta-confie\\\/\"},\"wordCount\":352,\"publisher\":{\"@id\":\"https:\\\/\\\/refugesdemarie.fr\\\/#organization\"},\"image\":{\"@id\":\"https:\\\/\\\/refugesdemarie.fr\\\/index.php\\\/2024\\\/08\\\/02\\\/ne-neglige-pas-le-rosaire-que-ta-mere-marie-ta-confie\\\/#primaryimage\"},\"thumbnailUrl\":\"https:\\\/\\\/refugesdemarie.fr\\\/wp-content\\\/uploads\\\/2024\\\/07\\\/Van-Thuan.jpg\",\"articleSection\":[\"Saints\"],\"inLanguage\":\"fr-FR\"},{\"@type\":\"WebPage\",\"@id\":\"https:\\\/\\\/refugesdemarie.fr\\\/index.php\\\/2024\\\/08\\\/02\\\/ne-neglige-pas-le-rosaire-que-ta-mere-marie-ta-confie\\\/\",\"url\":\"https:\\\/\\\/refugesdemarie.fr\\\/index.php\\\/2024\\\/08\\\/02\\\/ne-neglige-pas-le-rosaire-que-ta-mere-marie-ta-confie\\\/\",\"name\":\"Ne n\u00e9glige pas le rosaire que ta m\u00e8re, Marie, t'a confi\u00e9\u2026 - Communion des refuges du Coeur Immacul\u00e9 de Marie\",\"isPartOf\":{\"@id\":\"https:\\\/\\\/refugesdemarie.fr\\\/#website\"},\"primaryImageOfPage\":{\"@id\":\"https:\\\/\\\/refugesdemarie.fr\\\/index.php\\\/2024\\\/08\\\/02\\\/ne-neglige-pas-le-rosaire-que-ta-mere-marie-ta-confie\\\/#primaryimage\"},\"image\":{\"@id\":\"https:\\\/\\\/refugesdemarie.fr\\\/index.php\\\/2024\\\/08\\\/02\\\/ne-neglige-pas-le-rosaire-que-ta-mere-marie-ta-confie\\\/#primaryimage\"},\"thumbnailUrl\":\"https:\\\/\\\/refugesdemarie.fr\\\/wp-content\\\/uploads\\\/2024\\\/07\\\/Van-Thuan.jpg\",\"datePublished\":\"2024-08-02T15:18:23+00:00\",\"dateModified\":\"2026-01-06T16:05:15+00:00\",\"description\":\"Ne n\u00e9glige pas le rosaire que ta m\u00e8re, Marie, t'a confi\u00e9 en te recommandant de vivre comme elle, avec elle, par elle et en elle.\",\"breadcrumb\":{\"@id\":\"https:\\\/\\\/refugesdemarie.fr\\\/index.php\\\/2024\\\/08\\\/02\\\/ne-neglige-pas-le-rosaire-que-ta-mere-marie-ta-confie\\\/#breadcrumb\"},\"inLanguage\":\"fr-FR\",\"potentialAction\":[{\"@type\":\"ReadAction\",\"target\":[\"https:\\\/\\\/refugesdemarie.fr\\\/index.php\\\/2024\\\/08\\\/02\\\/ne-neglige-pas-le-rosaire-que-ta-mere-marie-ta-confie\\\/\"]}]},{\"@type\":\"ImageObject\",\"inLanguage\":\"fr-FR\",\"@id\":\"https:\\\/\\\/refugesdemarie.fr\\\/index.php\\\/2024\\\/08\\\/02\\\/ne-neglige-pas-le-rosaire-que-ta-mere-marie-ta-confie\\\/#primaryimage\",\"url\":\"https:\\\/\\\/refugesdemarie.fr\\\/wp-content\\\/uploads\\\/2024\\\/07\\\/Van-Thuan.jpg\",\"contentUrl\":\"https:\\\/\\\/refugesdemarie.fr\\\/wp-content\\\/uploads\\\/2024\\\/07\\\/Van-Thuan.jpg\",\"width\":900,\"height\":338},{\"@type\":\"BreadcrumbList\",\"@id\":\"https:\\\/\\\/refugesdemarie.fr\\\/index.php\\\/2024\\\/08\\\/02\\\/ne-neglige-pas-le-rosaire-que-ta-mere-marie-ta-confie\\\/#breadcrumb\",\"itemListElement\":[{\"@type\":\"ListItem\",\"position\":1,\"name\":\"Accueil\",\"item\":\"https:\\\/\\\/refugesdemarie.fr\\\/\"},{\"@type\":\"ListItem\",\"position\":2,\"name\":\"Ne n\u00e9glige pas le rosaire que ta m\u00e8re, Marie, t&rsquo;a confi\u00e9\u2026\"}]},{\"@type\":\"WebSite\",\"@id\":\"https:\\\/\\\/refugesdemarie.fr\\\/#website\",\"url\":\"https:\\\/\\\/refugesdemarie.fr\\\/\",\"name\":\"Communion des refuges du Coeur Immacul\u00e9 de Marie\",\"description\":\"\",\"publisher\":{\"@id\":\"https:\\\/\\\/refugesdemarie.fr\\\/#organization\"},\"potentialAction\":[{\"@type\":\"SearchAction\",\"target\":{\"@type\":\"EntryPoint\",\"urlTemplate\":\"https:\\\/\\\/refugesdemarie.fr\\\/?s={search_term_string}\"},\"query-input\":{\"@type\":\"PropertyValueSpecification\",\"valueRequired\":true,\"valueName\":\"search_term_string\"}}],\"inLanguage\":\"fr-FR\"},{\"@type\":\"Organization\",\"@id\":\"https:\\\/\\\/refugesdemarie.fr\\\/#organization\",\"name\":\"Communion des refuges du Coeur Immacul\u00e9 de Marie\",\"url\":\"https:\\\/\\\/refugesdemarie.fr\\\/\",\"logo\":{\"@type\":\"ImageObject\",\"inLanguage\":\"fr-FR\",\"@id\":\"https:\\\/\\\/refugesdemarie.fr\\\/#\\\/schema\\\/logo\\\/image\\\/\",\"url\":\"https:\\\/\\\/refugesdemarie.fr\\\/wp-content\\\/uploads\\\/2023\\\/01\\\/cropped-Logo-Communion-des-Refuges-6.jpg\",\"contentUrl\":\"https:\\\/\\\/refugesdemarie.fr\\\/wp-content\\\/uploads\\\/2023\\\/01\\\/cropped-Logo-Communion-des-Refuges-6.jpg\",\"width\":1199,\"height\":377,\"caption\":\"Communion des refuges du Coeur Immacul\u00e9 de Marie\"},\"image\":{\"@id\":\"https:\\\/\\\/refugesdemarie.fr\\\/#\\\/schema\\\/logo\\\/image\\\/\"},\"sameAs\":[\"https:\\\/\\\/www.facebook.com\\\/profile.php?id=100089561384328\"]},{\"@type\":\"Person\",\"@id\":\"https:\\\/\\\/refugesdemarie.fr\\\/#\\\/schema\\\/person\\\/3bda0c49569f70f4dcfbe78b7e174b11\",\"name\":\"refugesdemarie@gmail.com\",\"image\":{\"@type\":\"ImageObject\",\"inLanguage\":\"fr-FR\",\"@id\":\"https:\\\/\\\/secure.gravatar.com\\\/avatar\\\/43491e46ee54b6706285b166679fe98aa620b1849d376153f6bc028852c019f7?s=96&d=mm&r=g\",\"url\":\"https:\\\/\\\/secure.gravatar.com\\\/avatar\\\/43491e46ee54b6706285b166679fe98aa620b1849d376153f6bc028852c019f7?s=96&d=mm&r=g\",\"contentUrl\":\"https:\\\/\\\/secure.gravatar.com\\\/avatar\\\/43491e46ee54b6706285b166679fe98aa620b1849d376153f6bc028852c019f7?s=96&d=mm&r=g\",\"caption\":\"refugesdemarie@gmail.com\"},\"sameAs\":[\"https:\\\/\\\/refugesdemarie.fr\",\"https:\\\/\\\/www.facebook.com\\\/profile.php?id=100089561384328\",\"https:\\\/\\\/www.youtube.com\\\/channel\\\/UCXOznkQcnNvuMDGDg11ZPfg\"],\"url\":\"https:\\\/\\\/refugesdemarie.fr\\\/index.php\\\/author\\\/com-coeur-immaculegmail-com\\\/\"}]}<\/script>\n<!-- \/ Yoast SEO plugin. -->","yoast_head_json":{"title":"Ne n\u00e9glige pas le rosaire que ta m\u00e8re, Marie, t'a confi\u00e9\u2026 - Communion des refuges du Coeur Immacul\u00e9 de Marie","description":"Ne n\u00e9glige pas le rosaire que ta m\u00e8re, Marie, t'a confi\u00e9 en te recommandant de vivre comme elle, avec elle, par elle et en elle.","robots":{"index":"index","follow":"follow","max-snippet":"max-snippet:-1","max-image-preview":"max-image-preview:large","max-video-preview":"max-video-preview:-1"},"canonical":"https:\/\/refugesdemarie.fr\/index.php\/2024\/08\/02\/ne-neglige-pas-le-rosaire-que-ta-mere-marie-ta-confie\/","og_locale":"fr_FR","og_type":"article","og_title":"Ne n\u00e9glige pas le rosaire que ta m\u00e8re, Marie, t'a confi\u00e9\u2026 - Communion des refuges du Coeur Immacul\u00e9 de Marie","og_description":"Ne n\u00e9glige pas le rosaire que ta m\u00e8re, Marie, t'a confi\u00e9 en te recommandant de vivre comme elle, avec elle, par elle et en elle.","og_url":"https:\/\/refugesdemarie.fr\/index.php\/2024\/08\/02\/ne-neglige-pas-le-rosaire-que-ta-mere-marie-ta-confie\/","og_site_name":"Communion des refuges du Coeur Immacul\u00e9 de Marie","article_publisher":"https:\/\/www.facebook.com\/profile.php?id=100089561384328","article_author":"https:\/\/www.facebook.com\/profile.php?id=100089561384328","article_published_time":"2024-08-02T15:18:23+00:00","article_modified_time":"2026-01-06T16:05:15+00:00","og_image":[{"width":900,"height":338,"url":"https:\/\/refugesdemarie.fr\/wp-content\/uploads\/2024\/07\/Van-Thuan.jpg","type":"image\/jpeg"}],"author":"refugesdemarie@gmail.com","twitter_card":"summary_large_image","twitter_misc":{"\u00c9crit par":"refugesdemarie@gmail.com","Dur\u00e9e de lecture estim\u00e9e":"2 minutes"},"schema":{"@context":"https:\/\/schema.org","@graph":[{"@type":"Article","@id":"https:\/\/refugesdemarie.fr\/index.php\/2024\/08\/02\/ne-neglige-pas-le-rosaire-que-ta-mere-marie-ta-confie\/#article","isPartOf":{"@id":"https:\/\/refugesdemarie.fr\/index.php\/2024\/08\/02\/ne-neglige-pas-le-rosaire-que-ta-mere-marie-ta-confie\/"},"author":{"name":"refugesdemarie@gmail.com","@id":"https:\/\/refugesdemarie.fr\/#\/schema\/person\/3bda0c49569f70f4dcfbe78b7e174b11"},"headline":"Ne n\u00e9glige pas le rosaire que ta m\u00e8re, Marie, t&rsquo;a confi\u00e9\u2026","datePublished":"2024-08-02T15:18:23+00:00","dateModified":"2026-01-06T16:05:15+00:00","mainEntityOfPage":{"@id":"https:\/\/refugesdemarie.fr\/index.php\/2024\/08\/02\/ne-neglige-pas-le-rosaire-que-ta-mere-marie-ta-confie\/"},"wordCount":352,"publisher":{"@id":"https:\/\/refugesdemarie.fr\/#organization"},"image":{"@id":"https:\/\/refugesdemarie.fr\/index.php\/2024\/08\/02\/ne-neglige-pas-le-rosaire-que-ta-mere-marie-ta-confie\/#primaryimage"},"thumbnailUrl":"https:\/\/refugesdemarie.fr\/wp-content\/uploads\/2024\/07\/Van-Thuan.jpg","articleSection":["Saints"],"inLanguage":"fr-FR"},{"@type":"WebPage","@id":"https:\/\/refugesdemarie.fr\/index.php\/2024\/08\/02\/ne-neglige-pas-le-rosaire-que-ta-mere-marie-ta-confie\/","url":"https:\/\/refugesdemarie.fr\/index.php\/2024\/08\/02\/ne-neglige-pas-le-rosaire-que-ta-mere-marie-ta-confie\/","name":"Ne n\u00e9glige pas le rosaire que ta m\u00e8re, Marie, t'a confi\u00e9\u2026 - Communion des refuges du Coeur Immacul\u00e9 de Marie","isPartOf":{"@id":"https:\/\/refugesdemarie.fr\/#website"},"primaryImageOfPage":{"@id":"https:\/\/refugesdemarie.fr\/index.php\/2024\/08\/02\/ne-neglige-pas-le-rosaire-que-ta-mere-marie-ta-confie\/#primaryimage"},"image":{"@id":"https:\/\/refugesdemarie.fr\/index.php\/2024\/08\/02\/ne-neglige-pas-le-rosaire-que-ta-mere-marie-ta-confie\/#primaryimage"},"thumbnailUrl":"https:\/\/refugesdemarie.fr\/wp-content\/uploads\/2024\/07\/Van-Thuan.jpg","datePublished":"2024-08-02T15:18:23+00:00","dateModified":"2026-01-06T16:05:15+00:00","description":"Ne n\u00e9glige pas le rosaire que ta m\u00e8re, Marie, t'a confi\u00e9 en te recommandant de vivre comme elle, avec elle, par elle et en elle.","breadcrumb":{"@id":"https:\/\/refugesdemarie.fr\/index.php\/2024\/08\/02\/ne-neglige-pas-le-rosaire-que-ta-mere-marie-ta-confie\/#breadcrumb"},"inLanguage":"fr-FR","potentialAction":[{"@type":"ReadAction","target":["https:\/\/refugesdemarie.fr\/index.php\/2024\/08\/02\/ne-neglige-pas-le-rosaire-que-ta-mere-marie-ta-confie\/"]}]},{"@type":"ImageObject","inLanguage":"fr-FR","@id":"https:\/\/refugesdemarie.fr\/index.php\/2024\/08\/02\/ne-neglige-pas-le-rosaire-que-ta-mere-marie-ta-confie\/#primaryimage","url":"https:\/\/refugesdemarie.fr\/wp-content\/uploads\/2024\/07\/Van-Thuan.jpg","contentUrl":"https:\/\/refugesdemarie.fr\/wp-content\/uploads\/2024\/07\/Van-Thuan.jpg","width":900,"height":338},{"@type":"BreadcrumbList","@id":"https:\/\/refugesdemarie.fr\/index.php\/2024\/08\/02\/ne-neglige-pas-le-rosaire-que-ta-mere-marie-ta-confie\/#breadcrumb","itemListElement":[{"@type":"ListItem","position":1,"name":"Accueil","item":"https:\/\/refugesdemarie.fr\/"},{"@type":"ListItem","position":2,"name":"Ne n\u00e9glige pas le rosaire que ta m\u00e8re, Marie, t&rsquo;a confi\u00e9\u2026"}]},{"@type":"WebSite","@id":"https:\/\/refugesdemarie.fr\/#website","url":"https:\/\/refugesdemarie.fr\/","name":"Communion des refuges du Coeur Immacul\u00e9 de Marie","description":"","publisher":{"@id":"https:\/\/refugesdemarie.fr\/#organization"},"potentialAction":[{"@type":"SearchAction","target":{"@type":"EntryPoint","urlTemplate":"https:\/\/refugesdemarie.fr\/?s={search_term_string}"},"query-input":{"@type":"PropertyValueSpecification","valueRequired":true,"valueName":"search_term_string"}}],"inLanguage":"fr-FR"},{"@type":"Organization","@id":"https:\/\/refugesdemarie.fr\/#organization","name":"Communion des refuges du Coeur Immacul\u00e9 de Marie","url":"https:\/\/refugesdemarie.fr\/","logo":{"@type":"ImageObject","inLanguage":"fr-FR","@id":"https:\/\/refugesdemarie.fr\/#\/schema\/logo\/image\/","url":"https:\/\/refugesdemarie.fr\/wp-content\/uploads\/2023\/01\/cropped-Logo-Communion-des-Refuges-6.jpg","contentUrl":"https:\/\/refugesdemarie.fr\/wp-content\/uploads\/2023\/01\/cropped-Logo-Communion-des-Refuges-6.jpg","width":1199,"height":377,"caption":"Communion des refuges du Coeur Immacul\u00e9 de Marie"},"image":{"@id":"https:\/\/refugesdemarie.fr\/#\/schema\/logo\/image\/"},"sameAs":["https:\/\/www.facebook.com\/profile.php?id=100089561384328"]},{"@type":"Person","@id":"https:\/\/refugesdemarie.fr\/#\/schema\/person\/3bda0c49569f70f4dcfbe78b7e174b11","name":"refugesdemarie@gmail.com","image":{"@type":"ImageObject","inLanguage":"fr-FR","@id":"https:\/\/secure.gravatar.com\/avatar\/43491e46ee54b6706285b166679fe98aa620b1849d376153f6bc028852c019f7?s=96&d=mm&r=g","url":"https:\/\/secure.gravatar.com\/avatar\/43491e46ee54b6706285b166679fe98aa620b1849d376153f6bc028852c019f7?s=96&d=mm&r=g","contentUrl":"https:\/\/secure.gravatar.com\/avatar\/43491e46ee54b6706285b166679fe98aa620b1849d376153f6bc028852c019f7?s=96&d=mm&r=g","caption":"refugesdemarie@gmail.com"},"sameAs":["https:\/\/refugesdemarie.fr","https:\/\/www.facebook.com\/profile.php?id=100089561384328","https:\/\/www.youtube.com\/channel\/UCXOznkQcnNvuMDGDg11ZPfg"],"url":"https:\/\/refugesdemarie.fr\/index.php\/author\/com-coeur-immaculegmail-com\/"}]}},"_links":{"self":[{"href":"https:\/\/refugesdemarie.fr\/index.php\/wp-json\/wp\/v2\/posts\/1367","targetHints":{"allow":["GET"]}}],"collection":[{"href":"https:\/\/refugesdemarie.fr\/index.php\/wp-json\/wp\/v2\/posts"}],"about":[{"href":"https:\/\/refugesdemarie.fr\/index.php\/wp-json\/wp\/v2\/types\/post"}],"author":[{"embeddable":true,"href":"https:\/\/refugesdemarie.fr\/index.php\/wp-json\/wp\/v2\/users\/1"}],"replies":[{"embeddable":true,"href":"https:\/\/refugesdemarie.fr\/index.php\/wp-json\/wp\/v2\/comments?post=1367"}],"version-history":[{"count":1,"href":"https:\/\/refugesdemarie.fr\/index.php\/wp-json\/wp\/v2\/posts\/1367\/revisions"}],"predecessor-version":[{"id":1369,"href":"https:\/\/refugesdemarie.fr\/index.php\/wp-json\/wp\/v2\/posts\/1367\/revisions\/1369"}],"wp:featuredmedia":[{"embeddable":true,"href":"https:\/\/refugesdemarie.fr\/index.php\/wp-json\/wp\/v2\/media\/1368"}],"wp:attachment":[{"href":"https:\/\/refugesdemarie.fr\/index.php\/wp-json\/wp\/v2\/media?parent=1367"}],"wp:term":[{"taxonomy":"category","embeddable":true,"href":"https:\/\/refugesdemarie.fr\/index.php\/wp-json\/wp\/v2\/categories?post=1367"},{"taxonomy":"post_tag","embeddable":true,"href":"https:\/\/refugesdemarie.fr\/index.php\/wp-json\/wp\/v2\/tags?post=1367"}],"curies":[{"name":"wp","href":"https:\/\/api.w.org\/{rel}","templated":true}]}}