{"id":2079,"date":"2025-04-04T15:35:08","date_gmt":"2025-04-04T15:35:08","guid":{"rendered":"https:\/\/refugesdemarie.fr\/?p=2079"},"modified":"2026-01-06T16:04:28","modified_gmt":"2026-01-06T16:04:28","slug":"jai-une-confiance-immense-en-marie-temoignage","status":"publish","type":"post","link":"https:\/\/refugesdemarie.fr\/index.php\/2025\/04\/04\/jai-une-confiance-immense-en-marie-temoignage\/","title":{"rendered":"\u00ab J\u2019ai une confiance immense en Marie \u00bb. T\u00e9moignage"},"content":{"rendered":"<div class=\"pdfprnt-buttons pdfprnt-buttons-post pdfprnt-top-right\"><a href=\"https:\/\/refugesdemarie.fr\/index.php\/wp-json\/wp\/v2\/posts\/2079?print=print\" class=\"pdfprnt-button pdfprnt-button-print\" target=\"_blank\" ><img decoding=\"async\" src=\"https:\/\/refugesdemarie.fr\/wp-content\/plugins\/pdf-print\/images\/print.png\" alt=\"image_print\" title=\"Contenu imprim\u00e9\" \/><\/a><\/div><section class=\"elementor-section elementor-inner-section elementor-element elementor-element-4311a9a elementor-section-boxed elementor-section-height-default elementor-section-height-default\" data-id=\"4311a9a\" data-element_type=\"section\">\n<div class=\"elementor-container elementor-column-gap-default\">\n<div class=\"elementor-column elementor-col-100 elementor-inner-column elementor-element elementor-element-de8f8f6\" data-id=\"de8f8f6\" data-element_type=\"column\">\n<div class=\"elementor-widget-wrap elementor-element-populated\">\n<div class=\"elementor-element elementor-element-0997756 elementor-widget elementor-widget-theme-post-content\" data-id=\"0997756\" data-element_type=\"widget\" data-widget_type=\"theme-post-content.default\">\n<div class=\"elementor-widget-container\">\n<div class=\"elementor elementor-213671\" data-elementor-type=\"wp-post\" data-elementor-id=\"213671\" data-elementor-post-type=\"post\">\n<section class=\"elementor-section elementor-top-section elementor-element elementor-element-ca87173 elementor-section-boxed elementor-section-height-default elementor-section-height-default\" data-id=\"ca87173\" data-element_type=\"section\">\n<div class=\"elementor-container elementor-column-gap-default\">\n<div class=\"elementor-column elementor-col-100 elementor-top-column elementor-element elementor-element-7fb714a\" data-id=\"7fb714a\" data-element_type=\"column\">\n<div class=\"elementor-widget-wrap elementor-element-populated\">\n<div class=\"elementor-element elementor-element-77a63f8 elementor-widget elementor-widget-heading\" data-id=\"77a63f8\" data-element_type=\"widget\" data-widget_type=\"heading.default\">\n<div class=\"elementor-widget-container\">\n<h2 class=\"elementor-heading-title elementor-size-default\">A Lourdes, par l\u2019intercession de Marie, Kim a eu la conviction de l\u2019existence de Dieu<\/h2>\n<\/div>\n<\/div>\n<\/div>\n<\/div>\n<\/div>\n<\/section>\n<section class=\"elementor-section elementor-top-section elementor-element elementor-element-afe71e8 elementor-section-boxed elementor-section-height-default elementor-section-height-default\" data-id=\"afe71e8\" data-element_type=\"section\">\n<div class=\"elementor-container elementor-column-gap-default\">\n<div class=\"elementor-column elementor-col-100 elementor-top-column elementor-element elementor-element-76c1ae9\" data-id=\"76c1ae9\" data-element_type=\"column\">\n<div class=\"elementor-widget-wrap elementor-element-populated\">\n<div class=\"elementor-element elementor-element-d4aec68 elementor-widget elementor-widget-text-editor\" data-id=\"d4aec68\" data-element_type=\"widget\" data-widget_type=\"text-editor.default\">\n<div class=\"elementor-widget-container\">\n<p><strong>Kim a 23 ans. C\u2019est au coll\u00e8ge, un \u00e9tablissement catholique qui lui propose de participer \u00e0 un p\u00e8lerinage \u00e0 Lourdes, qu\u2019elle d\u00e9couvre la foi. Elle t\u00e9moigne avoir rencontr\u00e9 le Christ par l\u2019intercession de la Vierge Marie. Un t\u00e9moignage bouleversant de simplicit\u00e9 et de confiance. <\/strong><\/p>\n<\/div>\n<\/div>\n<div class=\"elementor-element elementor-element-b89631f elementor-widget elementor-widget-text-editor\" data-id=\"b89631f\" data-element_type=\"widget\" data-widget_type=\"text-editor.default\">\n<div class=\"elementor-widget-container\">\n<p>Calme et souriante, Kimb raconte son histoire. Une m\u00e8re ath\u00e9e, un p\u00e8re catholique qui ne pratique pas et reste tr\u00e8s discret sur sa foi, des grands-parents musulmans. Avant sa naissance, ils ont fait le choix de ne pas lui donner d\u2019\u00e9ducation religieuse, la laissant libre de faire son chemin une fois qu\u2019elle serait majeure.<\/p>\n<p>C\u2019\u00e9tait sans compter les rencontres providentielles arriv\u00e9es bien avant ses 18 ans. <em>\u00ab\u00a0Mes parents m\u2019ont inscrite dans un coll\u00e8ge catholique pour que j\u2019ai un bon niveau scolaire\u00a0\u00bb<\/em> explique la jeune femme.<\/p>\n<\/div>\n<\/div>\n<div class=\"elementor-element elementor-element-51d64fa elementor-widget elementor-widget-text-editor\" data-id=\"51d64fa\" data-element_type=\"widget\" data-widget_type=\"text-editor.default\">\n<div class=\"elementor-widget-container\">\n<p>L\u2019organisation familiale conduit Kim \u00e0 arriver au coll\u00e8ge tous les matins \u00e0 7h30 bien avant le d\u00e9but des cours. <em>\u00ab\u00a0Un matin, la responsable de la pastorale m\u2019a propos\u00e9 de venir \u00e0 la chapelle o\u00f9 des temps de pri\u00e8re \u00e9taient organis\u00e9s. Je lui ai dit que je n\u2019y connaissais rien, que je ne savais m\u00eame pas si Dieu existait. Elle m\u2019a dit\u00a0: \u00ab\u00a0Viens, il fait chaud dans la chapelle.\u00a0\u00bb Curieuse, je l\u2019ai suivie.\u00a0L\u2019ambiance \u00e9tait toute particuli\u00e8re, tr\u00e8s apaisante, tr\u00e8s calme. On y lisait des passages de l\u2019Evangile. La vie de J\u00e9sus semblait assez int\u00e9ressante. Je me suis laiss\u00e9e interpeller et j\u2019y suis retourn\u00e9e r\u00e9guli\u00e8rement. \u00bb <\/em><\/p>\n<p>De fil en aiguille, Kim s\u2019inscrit au cat\u00e9chisme et, en classe de 3<sup>\u00e8me<\/sup>, demande \u00e0 ses parents l\u2019autorisation de participer au p\u00e8lerinage \u00e0 Lourdes, une \u00e9tape d\u00e9cisive dans son cheminement spirituel\u00a0: <em>\u00ab\u00a0J\u2019ai \u00e9t\u00e9 tr\u00e8s frapp\u00e9e par la foi immense de tous ces malades qui priaient le chapelet en continu et n\u2019attendaient qu\u2019une chose\u00a0: toucher le rocher de la grotte. A travers cette foi en Marie, j\u2019ai compris que Dieu existait.\u00a0\u00bb <\/em><\/p>\n<\/div>\n<\/div>\n<div class=\"elementor-element elementor-element-6f4aacb elementor-widget elementor-widget-heading\" data-id=\"6f4aacb\" data-element_type=\"widget\" data-widget_type=\"heading.default\">\n<div class=\"elementor-widget-container\">\n<h2 class=\"elementor-heading-title elementor-size-default\">\u00ab\u00a0J&rsquo;ai entendu Dieu me dire : \u00ab\u00a0Vas-y!\u00a0\u00bb<\/h2>\n<\/div>\n<\/div>\n<div class=\"elementor-element elementor-element-4e455d5 elementor-widget elementor-widget-text-editor\" data-id=\"4e455d5\" data-element_type=\"widget\" data-widget_type=\"text-editor.default\">\n<div class=\"elementor-widget-container\">\n<p>Au retour de Lourdes, convaincue que Dieu existe, elle demande \u00e0 ses parents le bapt\u00eame. Premier refus. L\u2019ann\u00e9e suivante, elle retourne \u00e0 Lourdes, o\u00f9 Marie vient enraciner sa foi\u00a0: <em>\u00ab\u00a0En regardant la Vierge Marie, je ressens un apaisement total, une absence compl\u00e8te de doute.\u00a0\u00bb<\/em> Au retour, nouvelle demande de bapt\u00eame, nouveau refus. En classe de premi\u00e8re, lors de la f\u00eate de l\u2019Epiphanie, elle entend une motion int\u00e9rieure\u00a0: <em>\u00ab\u00a0Au fond de mon c\u0153ur, j\u2019ai entendu le Seigneur me dire\u00a0: \u00ab\u00a0Vas-y\u00a0!\u00a0\u00bb A la fin de la messe, je suis all\u00e9e voir le pr\u00eatre pour lui demander le bapt\u00eame. Mes parents ne l\u2019ont pas tr\u00e8s bien pris mais je savais que Dieu \u00e9tait avec moi.\u00a0\u00bb<\/em> Quelques mois plus tard, la lyc\u00e9enne retourne une troisi\u00e8me fois \u00e0 Lourdes\u00a0: <em>\u00ab\u00a0C\u2019\u00e9tait la veille de mon bapt\u00eame. J\u2019ai ramen\u00e9 de l\u2019eau de Lourdes dont j\u2019ai vers\u00e9 quelques gouttes dans l\u2019eau du bapt\u00eame.\u00a0\u00bb<\/em> raconte-t-elle, encore \u00e9mue. C\u2019\u00e9tait le 10 juin 2018.<\/p>\n<\/div>\n<\/div>\n<div class=\"elementor-element elementor-element-48f3125 elementor-widget elementor-widget-heading\" data-id=\"48f3125\" data-element_type=\"widget\" data-widget_type=\"heading.default\">\n<div class=\"elementor-widget-container\">\n<h2 class=\"elementor-heading-title elementor-size-default\">\u00ab\u00a0Marie me ram\u00e8ne \u00e0 Dieu en permanence\u00a0\u00bb<\/h2>\n<\/div>\n<\/div>\n<div class=\"elementor-element elementor-element-402f290 elementor-widget elementor-widget-text-editor\" data-id=\"402f290\" data-element_type=\"widget\" data-widget_type=\"text-editor.default\">\n<div class=\"elementor-widget-container\">\n<p>Depuis, Kim continue son chemin de foi et d\u00e9couvre le doute : <em>\u00ab\u00a0Ces derniers temps, j\u2019ai eu beaucoup de doutes mais je n\u2019ai jamais remis en question ni l\u2019existence, ni la pr\u00e9sence de Marie. M\u00eame quand je ne \u00ab\u00a0sentais\u00a0\u00bb plus rien avec Dieu, que j\u2019avais l\u2019impression de traverser le d\u00e9sert, Marie \u00e9tait l\u00e0 comme un pilier impossible \u00e0 d\u00e9raciner. Marie me fait toujours revenir \u00e0 l\u2019essentiel. Elle me ram\u00e8ne en permanence \u00e0 Dieu.\u00a0\u00bb<\/em><\/p>\n<p>Si elle a pu retourner \u00e0 Lourdes une quatri\u00e8me fois, cette fois en \u00e9tant baptis\u00e9e, Kim le confesse bien volontiers, Marie est plus qu\u2019une m\u00e8re : <em>\u00ab\u00a0Quand \u00e7a ne va pas, il me suffit de regarder Marie et je sens qu\u2019elle me prend dans ses bras.\u00a0\u00bb <\/em><\/p>\n<p>Une proximit\u00e9 que Kim entretient quotidiennement avec Marie en priant le chapelet \u2013 <em>\u00ab\u00a0Si Marie nous demande de la prier \u00e0 travers le chapelet, il n\u2019y a pas 50 questions \u00e0 se poser, il faut le faire\u00a0\u00bb<\/em> \u2013 mais aussi le Salve Regina\u00a0: <em>\u00ab\u00a0Quand je l\u2019entends, j\u2019ai toujours une petite larme qui coule car ce chant rend vraiment hommage \u00e0 la beaut\u00e9 de Marie.\u00a0\u00bb<\/em><\/p>\n<p>Voil\u00e0 maintenant plus de 6 ans que Kim a re\u00e7u le sacrement du bapt\u00eame qui n\u2019enchantait pas ses parents. Depuis, la situation a \u00e9volu\u00e9 : <em>\u00ab Lors de la pr\u00e9paration de mon bapt\u00eame, ma m\u00e8re n\u2019avait pas souhait\u00e9 m\u2019accompagner dans cette d\u00e9marche et avait d\u00e9clar\u00e9 qu\u2019elle ne viendrait pas au 2\u00e8me scrutin. Elle pensait que j\u2019\u00e9tais influenc\u00e9e par mes amis. Convaincue par mon p\u00e8re, elle a finalement assist\u00e9 \u00e0 la messe du 2<sup>\u00e8me<\/sup> scrutin et a pu m\u2019entendre donner mon t\u00e9moignage. Ce jour-l\u00e0, elle m\u2019a dit\u00a0: \u00ab\u00a0J\u2019ai compris, tu as vraiment rencontr\u00e9 Dieu.\u00a0\u00bb<\/em> Une r\u00e9v\u00e9lation qui la conduit d\u00e9sormais \u00e0 encourager sa fille \u00e0 la fid\u00e9lit\u00e9\u00a0<em>: \u00ab\u00a0Depuis, c\u2019est elle qui me pousse \u00e0 avancer dans ma vie de foi, \u00e0 \u00eatre fid\u00e8le \u00e0 la messe dominicale. Et quand je suis d\u00e9courag\u00e9e, elle m\u2019accompagne. Cette ann\u00e9e, elle m\u2019a demand\u00e9 qu\u2019on aille \u00e0 la messe de No\u00ebl en famille. Ce sera la premi\u00e8re fois.\u00a0\u00bb<\/em> conclut Kim, avec un sourire plus lumineux que jamais.<\/p>\n<p>Source : <a href=\"https:\/\/emmanuel.info\/jai-une-confiance-immense-en-marie\/\">https:\/\/emmanuel.info\/jai-une-confiance-immense-en-marie\/<\/a><\/p>\n<\/div>\n<\/div>\n<\/div>\n<\/div>\n<\/div>\n<\/section>\n<\/div>\n<\/div>\n<\/div>\n<\/div>\n<\/div>\n<\/div>\n<\/section>\n","protected":false},"excerpt":{"rendered":"<p>A Lourdes, par l\u2019intercession de Marie, Kim a eu la conviction de l\u2019existence de Dieu Kim a 23 ans. C\u2019est au coll\u00e8ge, un \u00e9tablissement catholique qui lui propose de participer \u00e0 un p\u00e8lerinage \u00e0 Lourdes, qu\u2019elle d\u00e9couvre la foi. Elle t\u00e9moigne avoir rencontr\u00e9 le Christ par l\u2019intercession de la Vierge Marie. Un t\u00e9moignage bouleversant de [&hellip;]<\/p>\n","protected":false},"author":1,"featured_media":1802,"comment_status":"closed","ping_status":"open","sticky":false,"template":"","format":"standard","meta":{"ocean_post_layout":"","ocean_both_sidebars_style":"","ocean_both_sidebars_content_width":0,"ocean_both_sidebars_sidebars_width":0,"ocean_sidebar":"0","ocean_second_sidebar":"0","ocean_disable_margins":"enable","ocean_add_body_class":"","ocean_shortcode_before_top_bar":"","ocean_shortcode_after_top_bar":"","ocean_shortcode_before_header":"","ocean_shortcode_after_header":"","ocean_has_shortcode":"","ocean_shortcode_after_title":"","ocean_shortcode_before_footer_widgets":"","ocean_shortcode_after_footer_widgets":"","ocean_shortcode_before_footer_bottom":"","ocean_shortcode_after_footer_bottom":"","ocean_display_top_bar":"default","ocean_display_header":"default","ocean_header_style":"","ocean_center_header_left_menu":"0","ocean_custom_header_template":"0","ocean_custom_logo":0,"ocean_custom_retina_logo":0,"ocean_custom_logo_max_width":0,"ocean_custom_logo_tablet_max_width":0,"ocean_custom_logo_mobile_max_width":0,"ocean_custom_logo_max_height":0,"ocean_custom_logo_tablet_max_height":0,"ocean_custom_logo_mobile_max_height":0,"ocean_header_custom_menu":"0","ocean_menu_typo_font_family":"0","ocean_menu_typo_font_subset":"","ocean_menu_typo_font_size":0,"ocean_menu_typo_font_size_tablet":0,"ocean_menu_typo_font_size_mobile":0,"ocean_menu_typo_font_size_unit":"px","ocean_menu_typo_font_weight":"","ocean_menu_typo_font_weight_tablet":"","ocean_menu_typo_font_weight_mobile":"","ocean_menu_typo_transform":"","ocean_menu_typo_transform_tablet":"","ocean_menu_typo_transform_mobile":"","ocean_menu_typo_line_height":0,"ocean_menu_typo_line_height_tablet":0,"ocean_menu_typo_line_height_mobile":0,"ocean_menu_typo_line_height_unit":"","ocean_menu_typo_spacing":0,"ocean_menu_typo_spacing_tablet":0,"ocean_menu_typo_spacing_mobile":0,"ocean_menu_typo_spacing_unit":"","ocean_menu_link_color":"","ocean_menu_link_color_hover":"","ocean_menu_link_color_active":"","ocean_menu_link_background":"","ocean_menu_link_hover_background":"","ocean_menu_link_active_background":"","ocean_menu_social_links_bg":"","ocean_menu_social_hover_links_bg":"","ocean_menu_social_links_color":"","ocean_menu_social_hover_links_color":"","ocean_disable_title":"default","ocean_disable_heading":"default","ocean_post_title":"","ocean_post_subheading":"","ocean_post_title_style":"","ocean_post_title_background_color":"","ocean_post_title_background":0,"ocean_post_title_bg_image_position":"","ocean_post_title_bg_image_attachment":"","ocean_post_title_bg_image_repeat":"","ocean_post_title_bg_image_size":"","ocean_post_title_height":0,"ocean_post_title_bg_overlay":0.5,"ocean_post_title_bg_overlay_color":"","ocean_disable_breadcrumbs":"default","ocean_breadcrumbs_color":"","ocean_breadcrumbs_separator_color":"","ocean_breadcrumbs_links_color":"","ocean_breadcrumbs_links_hover_color":"","ocean_display_footer_widgets":"default","ocean_display_footer_bottom":"default","ocean_custom_footer_template":"0","ocean_post_oembed":"","ocean_post_self_hosted_media":"","ocean_post_video_embed":"","ocean_link_format":"","ocean_link_format_target":"self","ocean_quote_format":"","ocean_quote_format_link":"post","ocean_gallery_link_images":"on","ocean_gallery_id":[],"footnotes":""},"categories":[30,11],"tags":[],"class_list":["post-2079","post","type-post","status-publish","format-standard","has-post-thumbnail","hentry","category-lourdes","category-prieres","entry","has-media"],"yoast_head":"<!-- This site is optimized with the Yoast SEO plugin v27.4 - https:\/\/yoast.com\/product\/yoast-seo-wordpress\/ -->\n<title>\u00ab J\u2019ai une confiance immense en Marie \u00bb. T\u00e9moignage - Communion des refuges du Coeur Immacul\u00e9 de Marie<\/title>\n<meta name=\"description\" content=\"Kim a 23 ans. C\u2019est au coll\u00e8ge, un \u00e9tablissement catholique qui lui propose de participer \u00e0 un p\u00e8lerinage \u00e0 Lourdes, qu\u2019elle d\u00e9couvre la foi.\" \/>\n<meta name=\"robots\" content=\"index, follow, max-snippet:-1, max-image-preview:large, max-video-preview:-1\" \/>\n<link rel=\"canonical\" href=\"https:\/\/refugesdemarie.fr\/index.php\/2025\/04\/04\/jai-une-confiance-immense-en-marie-temoignage\/\" \/>\n<meta property=\"og:locale\" content=\"fr_FR\" \/>\n<meta property=\"og:type\" content=\"article\" \/>\n<meta property=\"og:title\" content=\"\u00ab J\u2019ai une confiance immense en Marie \u00bb. T\u00e9moignage - Communion des refuges du Coeur Immacul\u00e9 de Marie\" \/>\n<meta property=\"og:description\" content=\"Kim a 23 ans. C\u2019est au coll\u00e8ge, un \u00e9tablissement catholique qui lui propose de participer \u00e0 un p\u00e8lerinage \u00e0 Lourdes, qu\u2019elle d\u00e9couvre la foi.\" \/>\n<meta property=\"og:url\" content=\"https:\/\/refugesdemarie.fr\/index.php\/2025\/04\/04\/jai-une-confiance-immense-en-marie-temoignage\/\" \/>\n<meta property=\"og:site_name\" content=\"Communion des refuges du Coeur Immacul\u00e9 de Marie\" \/>\n<meta property=\"article:publisher\" content=\"https:\/\/www.facebook.com\/profile.php?id=100089561384328\" \/>\n<meta property=\"article:author\" content=\"https:\/\/www.facebook.com\/profile.php?id=100089561384328\" \/>\n<meta property=\"article:published_time\" content=\"2025-04-04T15:35:08+00:00\" \/>\n<meta property=\"article:modified_time\" content=\"2026-01-06T16:04:28+00:00\" \/>\n<meta property=\"og:image\" content=\"https:\/\/refugesdemarie.fr\/wp-content\/uploads\/2024\/12\/ND-du-rosaire.webp\" \/>\n\t<meta property=\"og:image:width\" content=\"1080\" \/>\n\t<meta property=\"og:image:height\" content=\"1348\" \/>\n\t<meta property=\"og:image:type\" content=\"image\/webp\" \/>\n<meta name=\"author\" content=\"refugesdemarie@gmail.com\" \/>\n<meta name=\"twitter:card\" content=\"summary_large_image\" \/>\n<meta name=\"twitter:label1\" content=\"\u00c9crit par\" \/>\n\t<meta name=\"twitter:data1\" content=\"refugesdemarie@gmail.com\" \/>\n\t<meta name=\"twitter:label2\" content=\"Dur\u00e9e de lecture estim\u00e9e\" \/>\n\t<meta name=\"twitter:data2\" content=\"5 minutes\" \/>\n<script type=\"application\/ld+json\" class=\"yoast-schema-graph\">{\"@context\":\"https:\\\/\\\/schema.org\",\"@graph\":[{\"@type\":\"Article\",\"@id\":\"https:\\\/\\\/refugesdemarie.fr\\\/index.php\\\/2025\\\/04\\\/04\\\/jai-une-confiance-immense-en-marie-temoignage\\\/#article\",\"isPartOf\":{\"@id\":\"https:\\\/\\\/refugesdemarie.fr\\\/index.php\\\/2025\\\/04\\\/04\\\/jai-une-confiance-immense-en-marie-temoignage\\\/\"},\"author\":{\"name\":\"refugesdemarie@gmail.com\",\"@id\":\"https:\\\/\\\/refugesdemarie.fr\\\/#\\\/schema\\\/person\\\/3bda0c49569f70f4dcfbe78b7e174b11\"},\"headline\":\"\u00ab J\u2019ai une confiance immense en Marie \u00bb. T\u00e9moignage\",\"datePublished\":\"2025-04-04T15:35:08+00:00\",\"dateModified\":\"2026-01-06T16:04:28+00:00\",\"mainEntityOfPage\":{\"@id\":\"https:\\\/\\\/refugesdemarie.fr\\\/index.php\\\/2025\\\/04\\\/04\\\/jai-une-confiance-immense-en-marie-temoignage\\\/\"},\"wordCount\":939,\"publisher\":{\"@id\":\"https:\\\/\\\/refugesdemarie.fr\\\/#organization\"},\"image\":{\"@id\":\"https:\\\/\\\/refugesdemarie.fr\\\/index.php\\\/2025\\\/04\\\/04\\\/jai-une-confiance-immense-en-marie-temoignage\\\/#primaryimage\"},\"thumbnailUrl\":\"https:\\\/\\\/refugesdemarie.fr\\\/wp-content\\\/uploads\\\/2024\\\/12\\\/ND-du-rosaire.webp\",\"articleSection\":[\"Lourdes\",\"Prier\"],\"inLanguage\":\"fr-FR\"},{\"@type\":\"WebPage\",\"@id\":\"https:\\\/\\\/refugesdemarie.fr\\\/index.php\\\/2025\\\/04\\\/04\\\/jai-une-confiance-immense-en-marie-temoignage\\\/\",\"url\":\"https:\\\/\\\/refugesdemarie.fr\\\/index.php\\\/2025\\\/04\\\/04\\\/jai-une-confiance-immense-en-marie-temoignage\\\/\",\"name\":\"\u00ab J\u2019ai une confiance immense en Marie \u00bb. T\u00e9moignage - Communion des refuges du Coeur Immacul\u00e9 de Marie\",\"isPartOf\":{\"@id\":\"https:\\\/\\\/refugesdemarie.fr\\\/#website\"},\"primaryImageOfPage\":{\"@id\":\"https:\\\/\\\/refugesdemarie.fr\\\/index.php\\\/2025\\\/04\\\/04\\\/jai-une-confiance-immense-en-marie-temoignage\\\/#primaryimage\"},\"image\":{\"@id\":\"https:\\\/\\\/refugesdemarie.fr\\\/index.php\\\/2025\\\/04\\\/04\\\/jai-une-confiance-immense-en-marie-temoignage\\\/#primaryimage\"},\"thumbnailUrl\":\"https:\\\/\\\/refugesdemarie.fr\\\/wp-content\\\/uploads\\\/2024\\\/12\\\/ND-du-rosaire.webp\",\"datePublished\":\"2025-04-04T15:35:08+00:00\",\"dateModified\":\"2026-01-06T16:04:28+00:00\",\"description\":\"Kim a 23 ans. C\u2019est au coll\u00e8ge, un \u00e9tablissement catholique qui lui propose de participer \u00e0 un p\u00e8lerinage \u00e0 Lourdes, qu\u2019elle d\u00e9couvre la foi.\",\"breadcrumb\":{\"@id\":\"https:\\\/\\\/refugesdemarie.fr\\\/index.php\\\/2025\\\/04\\\/04\\\/jai-une-confiance-immense-en-marie-temoignage\\\/#breadcrumb\"},\"inLanguage\":\"fr-FR\",\"potentialAction\":[{\"@type\":\"ReadAction\",\"target\":[\"https:\\\/\\\/refugesdemarie.fr\\\/index.php\\\/2025\\\/04\\\/04\\\/jai-une-confiance-immense-en-marie-temoignage\\\/\"]}]},{\"@type\":\"ImageObject\",\"inLanguage\":\"fr-FR\",\"@id\":\"https:\\\/\\\/refugesdemarie.fr\\\/index.php\\\/2025\\\/04\\\/04\\\/jai-une-confiance-immense-en-marie-temoignage\\\/#primaryimage\",\"url\":\"https:\\\/\\\/refugesdemarie.fr\\\/wp-content\\\/uploads\\\/2024\\\/12\\\/ND-du-rosaire.webp\",\"contentUrl\":\"https:\\\/\\\/refugesdemarie.fr\\\/wp-content\\\/uploads\\\/2024\\\/12\\\/ND-du-rosaire.webp\",\"width\":1080,\"height\":1348},{\"@type\":\"BreadcrumbList\",\"@id\":\"https:\\\/\\\/refugesdemarie.fr\\\/index.php\\\/2025\\\/04\\\/04\\\/jai-une-confiance-immense-en-marie-temoignage\\\/#breadcrumb\",\"itemListElement\":[{\"@type\":\"ListItem\",\"position\":1,\"name\":\"Accueil\",\"item\":\"https:\\\/\\\/refugesdemarie.fr\\\/\"},{\"@type\":\"ListItem\",\"position\":2,\"name\":\"\u00ab J\u2019ai une confiance immense en Marie \u00bb. T\u00e9moignage\"}]},{\"@type\":\"WebSite\",\"@id\":\"https:\\\/\\\/refugesdemarie.fr\\\/#website\",\"url\":\"https:\\\/\\\/refugesdemarie.fr\\\/\",\"name\":\"Communion des refuges du Coeur Immacul\u00e9 de Marie\",\"description\":\"\",\"publisher\":{\"@id\":\"https:\\\/\\\/refugesdemarie.fr\\\/#organization\"},\"potentialAction\":[{\"@type\":\"SearchAction\",\"target\":{\"@type\":\"EntryPoint\",\"urlTemplate\":\"https:\\\/\\\/refugesdemarie.fr\\\/?s={search_term_string}\"},\"query-input\":{\"@type\":\"PropertyValueSpecification\",\"valueRequired\":true,\"valueName\":\"search_term_string\"}}],\"inLanguage\":\"fr-FR\"},{\"@type\":\"Organization\",\"@id\":\"https:\\\/\\\/refugesdemarie.fr\\\/#organization\",\"name\":\"Communion des refuges du Coeur Immacul\u00e9 de Marie\",\"url\":\"https:\\\/\\\/refugesdemarie.fr\\\/\",\"logo\":{\"@type\":\"ImageObject\",\"inLanguage\":\"fr-FR\",\"@id\":\"https:\\\/\\\/refugesdemarie.fr\\\/#\\\/schema\\\/logo\\\/image\\\/\",\"url\":\"https:\\\/\\\/refugesdemarie.fr\\\/wp-content\\\/uploads\\\/2023\\\/01\\\/cropped-Logo-Communion-des-Refuges-6.jpg\",\"contentUrl\":\"https:\\\/\\\/refugesdemarie.fr\\\/wp-content\\\/uploads\\\/2023\\\/01\\\/cropped-Logo-Communion-des-Refuges-6.jpg\",\"width\":1199,\"height\":377,\"caption\":\"Communion des refuges du Coeur Immacul\u00e9 de Marie\"},\"image\":{\"@id\":\"https:\\\/\\\/refugesdemarie.fr\\\/#\\\/schema\\\/logo\\\/image\\\/\"},\"sameAs\":[\"https:\\\/\\\/www.facebook.com\\\/profile.php?id=100089561384328\"]},{\"@type\":\"Person\",\"@id\":\"https:\\\/\\\/refugesdemarie.fr\\\/#\\\/schema\\\/person\\\/3bda0c49569f70f4dcfbe78b7e174b11\",\"name\":\"refugesdemarie@gmail.com\",\"image\":{\"@type\":\"ImageObject\",\"inLanguage\":\"fr-FR\",\"@id\":\"https:\\\/\\\/secure.gravatar.com\\\/avatar\\\/43491e46ee54b6706285b166679fe98aa620b1849d376153f6bc028852c019f7?s=96&d=mm&r=g\",\"url\":\"https:\\\/\\\/secure.gravatar.com\\\/avatar\\\/43491e46ee54b6706285b166679fe98aa620b1849d376153f6bc028852c019f7?s=96&d=mm&r=g\",\"contentUrl\":\"https:\\\/\\\/secure.gravatar.com\\\/avatar\\\/43491e46ee54b6706285b166679fe98aa620b1849d376153f6bc028852c019f7?s=96&d=mm&r=g\",\"caption\":\"refugesdemarie@gmail.com\"},\"sameAs\":[\"https:\\\/\\\/refugesdemarie.fr\",\"https:\\\/\\\/www.facebook.com\\\/profile.php?id=100089561384328\",\"https:\\\/\\\/www.youtube.com\\\/channel\\\/UCXOznkQcnNvuMDGDg11ZPfg\"],\"url\":\"https:\\\/\\\/refugesdemarie.fr\\\/index.php\\\/author\\\/com-coeur-immaculegmail-com\\\/\"}]}<\/script>\n<!-- \/ Yoast SEO plugin. -->","yoast_head_json":{"title":"\u00ab J\u2019ai une confiance immense en Marie \u00bb. T\u00e9moignage - Communion des refuges du Coeur Immacul\u00e9 de Marie","description":"Kim a 23 ans. C\u2019est au coll\u00e8ge, un \u00e9tablissement catholique qui lui propose de participer \u00e0 un p\u00e8lerinage \u00e0 Lourdes, qu\u2019elle d\u00e9couvre la foi.","robots":{"index":"index","follow":"follow","max-snippet":"max-snippet:-1","max-image-preview":"max-image-preview:large","max-video-preview":"max-video-preview:-1"},"canonical":"https:\/\/refugesdemarie.fr\/index.php\/2025\/04\/04\/jai-une-confiance-immense-en-marie-temoignage\/","og_locale":"fr_FR","og_type":"article","og_title":"\u00ab J\u2019ai une confiance immense en Marie \u00bb. T\u00e9moignage - Communion des refuges du Coeur Immacul\u00e9 de Marie","og_description":"Kim a 23 ans. C\u2019est au coll\u00e8ge, un \u00e9tablissement catholique qui lui propose de participer \u00e0 un p\u00e8lerinage \u00e0 Lourdes, qu\u2019elle d\u00e9couvre la foi.","og_url":"https:\/\/refugesdemarie.fr\/index.php\/2025\/04\/04\/jai-une-confiance-immense-en-marie-temoignage\/","og_site_name":"Communion des refuges du Coeur Immacul\u00e9 de Marie","article_publisher":"https:\/\/www.facebook.com\/profile.php?id=100089561384328","article_author":"https:\/\/www.facebook.com\/profile.php?id=100089561384328","article_published_time":"2025-04-04T15:35:08+00:00","article_modified_time":"2026-01-06T16:04:28+00:00","og_image":[{"width":1080,"height":1348,"url":"https:\/\/refugesdemarie.fr\/wp-content\/uploads\/2024\/12\/ND-du-rosaire.webp","type":"image\/webp"}],"author":"refugesdemarie@gmail.com","twitter_card":"summary_large_image","twitter_misc":{"\u00c9crit par":"refugesdemarie@gmail.com","Dur\u00e9e de lecture estim\u00e9e":"5 minutes"},"schema":{"@context":"https:\/\/schema.org","@graph":[{"@type":"Article","@id":"https:\/\/refugesdemarie.fr\/index.php\/2025\/04\/04\/jai-une-confiance-immense-en-marie-temoignage\/#article","isPartOf":{"@id":"https:\/\/refugesdemarie.fr\/index.php\/2025\/04\/04\/jai-une-confiance-immense-en-marie-temoignage\/"},"author":{"name":"refugesdemarie@gmail.com","@id":"https:\/\/refugesdemarie.fr\/#\/schema\/person\/3bda0c49569f70f4dcfbe78b7e174b11"},"headline":"\u00ab J\u2019ai une confiance immense en Marie \u00bb. T\u00e9moignage","datePublished":"2025-04-04T15:35:08+00:00","dateModified":"2026-01-06T16:04:28+00:00","mainEntityOfPage":{"@id":"https:\/\/refugesdemarie.fr\/index.php\/2025\/04\/04\/jai-une-confiance-immense-en-marie-temoignage\/"},"wordCount":939,"publisher":{"@id":"https:\/\/refugesdemarie.fr\/#organization"},"image":{"@id":"https:\/\/refugesdemarie.fr\/index.php\/2025\/04\/04\/jai-une-confiance-immense-en-marie-temoignage\/#primaryimage"},"thumbnailUrl":"https:\/\/refugesdemarie.fr\/wp-content\/uploads\/2024\/12\/ND-du-rosaire.webp","articleSection":["Lourdes","Prier"],"inLanguage":"fr-FR"},{"@type":"WebPage","@id":"https:\/\/refugesdemarie.fr\/index.php\/2025\/04\/04\/jai-une-confiance-immense-en-marie-temoignage\/","url":"https:\/\/refugesdemarie.fr\/index.php\/2025\/04\/04\/jai-une-confiance-immense-en-marie-temoignage\/","name":"\u00ab J\u2019ai une confiance immense en Marie \u00bb. T\u00e9moignage - Communion des refuges du Coeur Immacul\u00e9 de Marie","isPartOf":{"@id":"https:\/\/refugesdemarie.fr\/#website"},"primaryImageOfPage":{"@id":"https:\/\/refugesdemarie.fr\/index.php\/2025\/04\/04\/jai-une-confiance-immense-en-marie-temoignage\/#primaryimage"},"image":{"@id":"https:\/\/refugesdemarie.fr\/index.php\/2025\/04\/04\/jai-une-confiance-immense-en-marie-temoignage\/#primaryimage"},"thumbnailUrl":"https:\/\/refugesdemarie.fr\/wp-content\/uploads\/2024\/12\/ND-du-rosaire.webp","datePublished":"2025-04-04T15:35:08+00:00","dateModified":"2026-01-06T16:04:28+00:00","description":"Kim a 23 ans. C\u2019est au coll\u00e8ge, un \u00e9tablissement catholique qui lui propose de participer \u00e0 un p\u00e8lerinage \u00e0 Lourdes, qu\u2019elle d\u00e9couvre la foi.","breadcrumb":{"@id":"https:\/\/refugesdemarie.fr\/index.php\/2025\/04\/04\/jai-une-confiance-immense-en-marie-temoignage\/#breadcrumb"},"inLanguage":"fr-FR","potentialAction":[{"@type":"ReadAction","target":["https:\/\/refugesdemarie.fr\/index.php\/2025\/04\/04\/jai-une-confiance-immense-en-marie-temoignage\/"]}]},{"@type":"ImageObject","inLanguage":"fr-FR","@id":"https:\/\/refugesdemarie.fr\/index.php\/2025\/04\/04\/jai-une-confiance-immense-en-marie-temoignage\/#primaryimage","url":"https:\/\/refugesdemarie.fr\/wp-content\/uploads\/2024\/12\/ND-du-rosaire.webp","contentUrl":"https:\/\/refugesdemarie.fr\/wp-content\/uploads\/2024\/12\/ND-du-rosaire.webp","width":1080,"height":1348},{"@type":"BreadcrumbList","@id":"https:\/\/refugesdemarie.fr\/index.php\/2025\/04\/04\/jai-une-confiance-immense-en-marie-temoignage\/#breadcrumb","itemListElement":[{"@type":"ListItem","position":1,"name":"Accueil","item":"https:\/\/refugesdemarie.fr\/"},{"@type":"ListItem","position":2,"name":"\u00ab J\u2019ai une confiance immense en Marie \u00bb. T\u00e9moignage"}]},{"@type":"WebSite","@id":"https:\/\/refugesdemarie.fr\/#website","url":"https:\/\/refugesdemarie.fr\/","name":"Communion des refuges du Coeur Immacul\u00e9 de Marie","description":"","publisher":{"@id":"https:\/\/refugesdemarie.fr\/#organization"},"potentialAction":[{"@type":"SearchAction","target":{"@type":"EntryPoint","urlTemplate":"https:\/\/refugesdemarie.fr\/?s={search_term_string}"},"query-input":{"@type":"PropertyValueSpecification","valueRequired":true,"valueName":"search_term_string"}}],"inLanguage":"fr-FR"},{"@type":"Organization","@id":"https:\/\/refugesdemarie.fr\/#organization","name":"Communion des refuges du Coeur Immacul\u00e9 de Marie","url":"https:\/\/refugesdemarie.fr\/","logo":{"@type":"ImageObject","inLanguage":"fr-FR","@id":"https:\/\/refugesdemarie.fr\/#\/schema\/logo\/image\/","url":"https:\/\/refugesdemarie.fr\/wp-content\/uploads\/2023\/01\/cropped-Logo-Communion-des-Refuges-6.jpg","contentUrl":"https:\/\/refugesdemarie.fr\/wp-content\/uploads\/2023\/01\/cropped-Logo-Communion-des-Refuges-6.jpg","width":1199,"height":377,"caption":"Communion des refuges du Coeur Immacul\u00e9 de Marie"},"image":{"@id":"https:\/\/refugesdemarie.fr\/#\/schema\/logo\/image\/"},"sameAs":["https:\/\/www.facebook.com\/profile.php?id=100089561384328"]},{"@type":"Person","@id":"https:\/\/refugesdemarie.fr\/#\/schema\/person\/3bda0c49569f70f4dcfbe78b7e174b11","name":"refugesdemarie@gmail.com","image":{"@type":"ImageObject","inLanguage":"fr-FR","@id":"https:\/\/secure.gravatar.com\/avatar\/43491e46ee54b6706285b166679fe98aa620b1849d376153f6bc028852c019f7?s=96&d=mm&r=g","url":"https:\/\/secure.gravatar.com\/avatar\/43491e46ee54b6706285b166679fe98aa620b1849d376153f6bc028852c019f7?s=96&d=mm&r=g","contentUrl":"https:\/\/secure.gravatar.com\/avatar\/43491e46ee54b6706285b166679fe98aa620b1849d376153f6bc028852c019f7?s=96&d=mm&r=g","caption":"refugesdemarie@gmail.com"},"sameAs":["https:\/\/refugesdemarie.fr","https:\/\/www.facebook.com\/profile.php?id=100089561384328","https:\/\/www.youtube.com\/channel\/UCXOznkQcnNvuMDGDg11ZPfg"],"url":"https:\/\/refugesdemarie.fr\/index.php\/author\/com-coeur-immaculegmail-com\/"}]}},"_links":{"self":[{"href":"https:\/\/refugesdemarie.fr\/index.php\/wp-json\/wp\/v2\/posts\/2079","targetHints":{"allow":["GET"]}}],"collection":[{"href":"https:\/\/refugesdemarie.fr\/index.php\/wp-json\/wp\/v2\/posts"}],"about":[{"href":"https:\/\/refugesdemarie.fr\/index.php\/wp-json\/wp\/v2\/types\/post"}],"author":[{"embeddable":true,"href":"https:\/\/refugesdemarie.fr\/index.php\/wp-json\/wp\/v2\/users\/1"}],"replies":[{"embeddable":true,"href":"https:\/\/refugesdemarie.fr\/index.php\/wp-json\/wp\/v2\/comments?post=2079"}],"version-history":[{"count":2,"href":"https:\/\/refugesdemarie.fr\/index.php\/wp-json\/wp\/v2\/posts\/2079\/revisions"}],"predecessor-version":[{"id":2081,"href":"https:\/\/refugesdemarie.fr\/index.php\/wp-json\/wp\/v2\/posts\/2079\/revisions\/2081"}],"wp:featuredmedia":[{"embeddable":true,"href":"https:\/\/refugesdemarie.fr\/index.php\/wp-json\/wp\/v2\/media\/1802"}],"wp:attachment":[{"href":"https:\/\/refugesdemarie.fr\/index.php\/wp-json\/wp\/v2\/media?parent=2079"}],"wp:term":[{"taxonomy":"category","embeddable":true,"href":"https:\/\/refugesdemarie.fr\/index.php\/wp-json\/wp\/v2\/categories?post=2079"},{"taxonomy":"post_tag","embeddable":true,"href":"https:\/\/refugesdemarie.fr\/index.php\/wp-json\/wp\/v2\/tags?post=2079"}],"curies":[{"name":"wp","href":"https:\/\/api.w.org\/{rel}","templated":true}]}}