{"id":2293,"date":"2025-06-06T15:35:15","date_gmt":"2025-06-06T15:35:15","guid":{"rendered":"https:\/\/refugesdemarie.fr\/?p=2293"},"modified":"2026-01-06T16:04:27","modified_gmt":"2026-01-06T16:04:27","slug":"messages-donnes-a-luz-de-maria-durant-le-mois-de-mai-2025","status":"publish","type":"post","link":"https:\/\/refugesdemarie.fr\/index.php\/2025\/06\/06\/messages-donnes-a-luz-de-maria-durant-le-mois-de-mai-2025\/","title":{"rendered":"Messages donn\u00e9s \u00e0 Luz de Maria durant le mois de mai 2025"},"content":{"rendered":"<div class=\"pdfprnt-buttons pdfprnt-buttons-post pdfprnt-top-right\"><a href=\"https:\/\/refugesdemarie.fr\/index.php\/wp-json\/wp\/v2\/posts\/2293?print=print\" class=\"pdfprnt-button pdfprnt-button-print\" target=\"_blank\" ><img decoding=\"async\" src=\"https:\/\/refugesdemarie.fr\/wp-content\/plugins\/pdf-print\/images\/print.png\" alt=\"image_print\" title=\"Contenu imprim\u00e9\" \/><\/a><\/div><h1 style=\"text-align: left;\" align=\"center\"><strong>VISION DONN\u00c9E PAR SAINT MICHEL ARCHANGE<\/strong><br \/>\n<strong>\u00c0 LUZ DE MARIA<\/strong><br \/>\n<strong>27 MAI 2025<\/strong><\/h1>\n<p style=\"text-align: left;\" align=\"center\"><strong>Cette vision est rendue publique aujourd&rsquo;hui, 2 juin 2025,<\/strong> <strong>\u00e0 la demande de Saint Michel Archange.<\/strong><\/p>\n<p style=\"text-align: left;\" align=\"center\"><img decoding=\"async\" src=\"https:\/\/www.revelacionesmarianas.com\/images\/00_MIGUEL.png\" alt=\"\" \/><\/p>\n<p style=\"text-align: left;\">Je me trouvais en train d&rsquo;\u00e9tudier les Saintes \u00c9critures et j&rsquo;ai vu Saint Michel Archange avec Ses armes brillant de mille feux en tant que d\u00e9fenseur de la Foi et des enfants de Dieu.<\/p>\n<p style=\"text-align: left;\">Avec un regard p\u00e9n\u00e9trant, Saint Michel m&rsquo;a dit :<\/p>\n<p style=\"text-align: left;\" align=\"center\"><em>\u00ab Qui est comme Dieu ? Personne n&rsquo;est comme Dieu !<\/em><br \/>\n<em>Je vous salue Marie, Tr\u00e8s Pure, con\u00e7ue sans p\u00e9ch\u00e9 \u00bb.<\/em><\/p>\n<p style=\"text-align: left;\">Et Il m&rsquo;a plac\u00e9e en un instant devant la Terre, que j&rsquo;ai vue de l&rsquo;ext\u00e9rieur et Il m&rsquo;a permis d&rsquo;observer certaines des principales failles tectoniques, notamment la Ceinture de Feu, en particulier la faille de San Andreas, la faille de Cascadia (<em>80 km \u00e0 l\u2019ouest de Newport, Oregon, \u00c9tats-Unis<\/em>) ainsi que le Japon, la faille d&rsquo;Anatolie du Nord (<em>Turquie<\/em>) et la faille de l&rsquo;Himalaya.<\/p>\n<p style=\"text-align: left;\">Saint Michel m&rsquo;a montr\u00e9 comment la Ceinture de Feu d\u00e9clenchera des mouvements dans d&rsquo;autres endroits de la plan\u00e8te, affectant le Mexique, le Japon et plusieurs pays d&rsquo;Am\u00e9rique du Sud, d&rsquo;Am\u00e9rique Centrale, d&rsquo;Am\u00e9rique du Nord, d&rsquo;Europe et d&rsquo;Asie, provoquant des tsunamis et des d\u00e9vastations.<\/p>\n<p style=\"text-align: left;\">Il m&rsquo;a parl\u00e9 de la douleur que ressent Notre Tr\u00e8s Sainte M\u00e8re pour ceux qui n&rsquo;aiment pas Notre Roi et Seigneur J\u00e9sus-Christ et qui, \u00e0 ce moment-l\u00e0, se souviendront de Lui par peur. Il m&rsquo;a \u00e9galement montr\u00e9 les probl\u00e8mes de sant\u00e9 caus\u00e9s par les pluies et l&rsquo;importance d&rsquo;avoir un endroit dans la maison o\u00f9 ranger des m\u00e9dicaments et de la nourriture.<\/p>\n<p style=\"text-align: left;\">Saint Michel m&rsquo;a appris que les ouragans et les tornades gagneront en puissance. J&rsquo;ai vu une brume sur plusieurs pays et Saint Michel m&rsquo;a dit :<\/p>\n<p style=\"text-align: left;\" align=\"center\"><em>\u00ab La mort avance \u00bb.<\/em><\/p>\n<p style=\"text-align: left;\">Il m&rsquo;a montr\u00e9 que les accords de paix sont de faux accords et que ce sont les int\u00e9r\u00eats de l&rsquo;Antichrist qui m\u00e8nent \u00e0 la guerre ; Il m&rsquo;a \u00e9galement dit que la douleur de l&rsquo;humanit\u00e9 est grande face \u00e0 tant de destruction \u00e0 venir.<\/p>\n<p style=\"text-align: left;\">Puis, tout ce qui pr\u00e9c\u00e8de a disparu et Saint Michel m&rsquo;a dit :<\/p>\n<p style=\"text-align: left;\" align=\"center\"><em>\u00ab Les enfants et les personnes \u00e2g\u00e9es seront prot\u00e9g\u00e9s par la Mis\u00e9ricorde Divine <\/em><br \/>\n<em>et ceux qui ont pri\u00e9 et qui seront spirituellement sains seront aid\u00e9s <\/em><br \/>\n<em>par les L\u00e9gions C\u00e9lestes. Ils ont la protection de Notre Roi et <\/em><br \/>\n<em>Seigneur J\u00e9sus-Christ et de Notre Reine et M\u00e8re des Anges. Cette protection <\/em><br \/>\n<em>est une lumi\u00e8re \u00e9manant d&rsquo;Eux qui maintient \u00e0 distance les d\u00e9mons, et ceux <\/em><br \/>\n<em>qui se repentiront recevront une protection. \u00bb<\/em><\/p>\n<p style=\"text-align: left;\">Saint Michel Archange m&rsquo;a dit que cette protection est la b\u00e9n\u00e9diction de Notre Roi et Seigneur J\u00e9sus-Christ pour Ses enfants fid\u00e8les, mais que personne ne se sente fid\u00e8le ni m\u00e9ritant, mais humble et confiant.<\/p>\n<p style=\"text-align: left;\">Gardez la foi, sans faiblir, soyez fid\u00e8les.<\/p>\n<p style=\"text-align: left;\">Il m&rsquo;a b\u00e9nie et a b\u00e9ni toute l&rsquo;humanit\u00e9.<\/p>\n<p style=\"text-align: left;\" align=\"center\">Saint Michel Archange<\/p>\n<h1 style=\"text-align: left;\" align=\"center\"><strong>MESSAGE DE SAINT MICHEL ARCHANGE<\/strong><br \/>\n<strong>\u00c0 LUZ DE MARIA<\/strong><br \/>\n<strong>25 MAI 2025<\/strong><\/h1>\n<p style=\"text-align: left;\" align=\"center\"><img decoding=\"async\" src=\"https:\/\/www.revelacionesmarianas.com\/images\/00_MIGUEL.png\" alt=\"\" \/><\/p>\n<p style=\"text-align: left;\">Enfants bien-aim\u00e9s de Notre Roi et Seigneur J\u00e9sus-Christ, recevez la Paix envoy\u00e9e par le Tr\u00f4ne Trinitaire et les b\u00e9n\u00e9dictions de Notre Reine et M\u00e8re.<\/p>\n<p style=\"text-align: left;\" align=\"center\"><strong>MAINTENEZ HAUT LE BOUCLIER DE LA PRI\u00c8RE ET L&rsquo;\u00c9P\u00c9E DE LA FOI <\/strong><br \/>\n<strong>AFIN DE POUVOIR ESQUIVER LES ATTAQUES DU MAL, EN GARDANT DANS VOTRE C\u0152UR ET SUR VOS L\u00c8VRES LA PAROLE DIVINE POUR AFFRONTER LA GUERRE SPIRITUELLE.<\/strong><\/p>\n<p style=\"text-align: left;\">Ce n&rsquo;est pas avec des paroles vides que vous vaincrez les attaques du mal, mais avec la Parole de l&rsquo;\u00c9criture Sainte (cf. He 4, 12-13).<\/p>\n<p style=\"text-align: left;\">Ce n&rsquo;est pas avec une foi ti\u00e8de que vous avancerez, mais avec la foi ferme et forte avec laquelle les enfants de Notre Roi et Seigneur J\u00e9sus-Christ renverseront les emb\u00fbches du mal.<\/p>\n<p style=\"text-align: left;\" align=\"center\"><strong>L&rsquo;AMOUR DIVIN TRIOMPHERA AU MILIEU DES ASSAUTS <\/strong><strong>QUE LE PEUPLE DE NOTRE ROI ET SEIGNEUR J\u00c9SUS-CHRIST <\/strong><strong>AFFRONTE ET AFFRONTERA.<\/strong><\/p>\n<p style=\"text-align: left;\" align=\"center\"><strong>DIEU TR\u00c8S-HAUT, DIEU UN ET TRINE TRIOMPHERA SUR TOUS CEUX <\/strong><strong>QUI SE L\u00c8VENT CONTRE SON CORPS MYSTIQUE.<\/strong><\/p>\n<p style=\"text-align: left;\">Les Arm\u00e9es Ang\u00e9liques ont re\u00e7u l&rsquo;ordre de prot\u00e9ger le Peuple de Notre Roi et Seigneur J\u00e9sus-Christ, en particulier en cette p\u00e9riode o\u00f9 chacun de vous doit se transformer en amour afin que le mal ne vous touche pas.<\/p>\n<p style=\"text-align: left;\">Enfants de Notre Roi et Seigneur J\u00e9sus-Christ, ne soyez pas en proie \u00e0 la haine ni \u00e0 la ranc\u0153ur, donnez du pain \u00e0 ceux qui ont faim et donnez \u00e0 boire \u00e0 ceux qui ont soif&#8230; (cf. Mt 25, 34-40) ; ainsi vous marchez comme vous l&rsquo;a enseign\u00e9 Notre Roi et Seigneur J\u00e9sus-Christ, en \u00e9tant toujours amour envers le prochain.<\/p>\n<p style=\"text-align: left;\">N&rsquo;ayez pas peur, soyez fermes, soyez des enfants courageux spirituellement afin que rien ni personne ne vous \u00e9loigne du centre de la vie qu&rsquo;est Notre Roi et Seigneur J\u00e9sus-Christ.<\/p>\n<p style=\"text-align: left;\">Enfants de Notre Roi et Seigneur J\u00e9sus-Christ, l&rsquo;humanit\u00e9 est en danger constant ; non seulement la guerre est une menace, mais les corps c\u00e9lestes dans l\u2019espace extra-atmosph\u00e9rique (2) sont une menace pour la Terre lorsqu&rsquo;ils traversent le syst\u00e8me solaire. Le rayonnement solaire et ses \u00e9jections de masse coronale (3) sont une menace pour vous ; ils rendent certains d&rsquo;entre vous malades et constituent une menace qui mettra fin \u00e0 la technologie. Les \u00e9manations solaires sont un grave danger, elles activent les failles (tectoniques) qui provoquent les tremblements de terre, de sorte que plus les rayonnements solaires sont forts, plus le danger est grand. Les tremblements de terre seront de plus grande intensit\u00e9, causant de grands dangers et modifiant la g\u00e9ographie de la Terre.<\/p>\n<p style=\"text-align: left;\" align=\"center\"><strong>RESTEZ UNIS \u00c0 NOTRE ROI ET SEIGNEUR J\u00c9SUS-CHRIST. <\/strong><br \/>\n<strong>LORSQUE JE VOUS APPELLE \u00c0 \u00ab SAUVER VOTRE \u00c2ME \u00bb, VOUS Y PARVIENDREZ EN AGISSANT \u00c0 LA MANI\u00c8RE DE NOTRE ROI.<\/strong><\/p>\n<p style=\"text-align: left;\">Sans attendre quoi que ce soit en retour, priez pour toute l&rsquo;humanit\u00e9, priez pour vos fr\u00e8res et s\u0153urs qui \u00ab se sentent dignes \u00bb de Notre Roi et Seigneur J\u00e9sus-Christ et de Notre Reine et M\u00e8re, leur causant pourtant une grande douleur par leur arrogance et leur manque d&rsquo;humilit\u00e9.<\/p>\n<p style=\"text-align: left;\" align=\"center\">Priez, enfants de Notre Roi et Seigneur J\u00e9sus-Christ, priez pour toute l&rsquo;\u00c9glise afin qu&rsquo;Elle soit sainte comme Notre Roi et Seigneur J\u00e9sus-Christ est Saint.<\/p>\n<p style=\"text-align: left;\" align=\"center\">Priez, enfants de Notre Roi et Seigneur J\u00e9sus-Christ, priez pour que, face aux violentes secousses de la terre, vous restiez forts dans la foi et attendiez que nous vous secourions.<\/p>\n<p style=\"text-align: left;\" align=\"center\">Priez, enfants de Notre Roi et Seigneur J\u00e9sus-Christ, priez pour le Corps mystique du Christ, c&rsquo;est urgent.<\/p>\n<p style=\"text-align: left;\" align=\"center\">Priez, enfants de Notre Roi et Seigneur J\u00e9sus-Christ, priez pour vos fr\u00e8res et s\u0153urs des pays qui vont souffrir des tremblements de terre.<\/p>\n<p style=\"text-align: left;\" align=\"center\">Priez, enfants de Notre Roi et Seigneur J\u00e9sus-Christ, que chacun prie pour soi, priez les uns pour les autres ; la force de la pri\u00e8re dans l&rsquo;unit\u00e9 est puissante.<\/p>\n<p style=\"text-align: left;\" align=\"center\">Priez, enfants de Notre Roi et Seigneur J\u00e9sus-Christ, priez, un attentat contre un leader mondial entra\u00eenera un grand conflit.<\/p>\n<p style=\"text-align: left;\">Enfants de Notre Roi et Seigneur J\u00e9sus-Christ, gardez un c\u0153ur de chair et soyez \u00e0 l&rsquo;image de Notre Reine et M\u00e8re, la Tr\u00e8s Sainte Marie ; gardez le silence face aux d\u00e9bats de ceux qui croient tout savoir sur l&rsquo;\u00c9glise, attendez avec une sage prudence.<\/p>\n<p style=\"text-align: left;\">Soyez du Christ, pour le Christ et par le Christ, soyez de Notre Reine et M\u00e8re.<\/p>\n<p style=\"text-align: left;\">Je vous b\u00e9nis au nom de la Tr\u00e8s Sainte Trinit\u00e9 et de Notre Reine et M\u00e8re.<\/p>\n<p style=\"text-align: left;\">Avec les L\u00e9gions C\u00e9lestes,<\/p>\n<p style=\"text-align: left;\" align=\"center\">Saint Michel Archange<\/p>\n<h1 style=\"text-align: left;\" align=\"center\"><strong>MESSAGE DE LA TR\u00c8S SAINTE VIERGE MARIE<\/strong><br \/>\n<strong>\u00c0 LUZ DE MARIA<\/strong><br \/>\n<strong>19 MAI 2025<\/strong><\/h1>\n<p style=\"text-align: left;\" align=\"center\"><img decoding=\"async\" src=\"http:\/\/www.revelacionesmarianas.com\/images\/00_VIRGEN.png\" alt=\"\" \/><\/p>\n<p style=\"text-align: left;\" align=\"center\">Enfants de Mon C\u0153ur Immacul\u00e9, Je vous aime, vous \u00eates Mes enfants et Je serai toujours avec vous.<\/p>\n<p style=\"text-align: left;\">Marchez sur un sol s\u00fbr, pas dans des mar\u00e9cages. La Terre veut purifier l&rsquo;homme en permettant que les \u00e9l\u00e9ments agissent sur elle.<\/p>\n<p style=\"text-align: left;\" align=\"center\"><strong>TOUT CE QUI EXISTE DOIT \u00caTRE MAINTENU EN CONCORDANCE <\/strong><strong>AVEC LA VOLONT\u00c9 DE DIEU POUR COMBATTRE LE MAL. <\/strong>(cf. Mt 7, 21-22 ; Mt 6, 9-10)<strong> C&rsquo;EST LE MOMENT DE LA TENTATION, <\/strong><br \/>\n<strong>DE LA LUTTE POUR LES \u00c2MES, LE MOMENT DONT LE D\u00c9MON <\/strong><strong>DISPOSE POUR PRENDRE SON BUTIN.<\/strong><\/p>\n<p style=\"text-align: left;\">Bien-aim\u00e9s de Mon Divin Fils, en tant que M\u00e8re, Je d\u00e9sire que vous restiez tous dans Mon C\u0153ur Immacul\u00e9.<\/p>\n<p style=\"text-align: left;\">Enfants, r\u00e9parez particuli\u00e8rement durant ce qui reste de ce mois et de cette ann\u00e9e ; Je vous prie de le faire de tout votre c\u0153ur et avec un grand d\u00e9vouement, comme vous ne l&rsquo;avez jamais fait auparavant. Priez, gardez pr\u00e9sent \u00e0 l&rsquo;esprit que la pri\u00e8re accomplit de grands miracles (cf. Jn 14, 13-14).<\/p>\n<p style=\"text-align: left;\">En tant que M\u00e8re de l&rsquo;humanit\u00e9, vous Me consacrez ce mois-ci, Je vous invite \u00e0 prier le Saint Rosaire et \u00e0 appeler votre Ange Gardien, \u00e0 lui parler et \u00e0 lui demander de vous aider \u00e0 rester dans l&rsquo;Amour de Mon Divin Fils et dans celui de votre M\u00e8re.<\/p>\n<p style=\"text-align: left;\">Purifiez l\u2019esprit des folies du monde, suivez le chemin trac\u00e9 pour le Salut \u00c9ternel, ne d\u00e9viez pas de ce chemin (cf. Jn 3, 16 ; Mt 7, 13-14), car le mal ne se repose pas ; vous ne devez pas vous reposer afin de n\u2019\u00eatre tromp\u00e9s \u00e0 aucun moment, mais au contraire, avancez sans vous arr\u00eater, avancez d&rsquo;un pas ferme. Ce moment est un moment de lutte pour les \u00e2mes, de lutte individuelle pour chaque \u00e2me.<\/p>\n<p style=\"text-align: left;\">Petits enfants, Je d\u00e9sire que vous compreniez que les L\u00e9gions Ang\u00e9liques se trouvent devant vous avec Saint Michel Archange comme Chef C\u00e9leste et qu\u2019en m\u00eame temps les l\u00e9gions d\u00e9moniaques ont pour but la perdition des \u00e2mes. Vous le savez, enfants, vous le savez, mais vous ne vous pr\u00e9parez pas \u00e0 vous d\u00e9fendre contre les emb\u00fbches du mal, vous remettez \u00e0 plus tard la conversion et l\u2019\u00e9tat de gr\u00e2ce.<\/p>\n<p style=\"text-align: left;\"><strong>LA CONFIRMATION DE LA FOI EST URGENTE, SOYEZ DES PRATIQUANTS DE LA RELIGION CATHOLIQUE CAR UNE CR\u00c9ATURE SANS DIEU, SANS CONGR\u00c9GATION<a title=\"\" href=\"http:\/\/www.revelacionesmarianas.com\/FRANCAIS.htm#_ftn1\" name=\"_ftnref1\"> <\/a>, EST TR\u00c8S FACILEMENT ENTRA\u00ceN\u00c9E DANS LES RANGS DU D\u00c9MON.<\/strong><\/p>\n<p style=\"text-align: left;\">Vous vivez des moments difficiles o\u00f9 la foi est mise \u00e0 l&rsquo;\u00e9preuve et o\u00f9 les cr\u00e9atures livr\u00e9es au D\u00e9mon sont utilis\u00e9es pour d\u00e9stabiliser le Peuple de Mon Divin Fils. Ces cr\u00e9atures, sans crainte de perdre la vie \u00e9ternelle, se jettent avec beaucoup de venin sur les Miens, demeurez en alerte spirituelle !<\/p>\n<p style=\"text-align: left;\">Le feu r\u00e9clame ce qui est \u00e0 Dieu, les temp\u00e9ratures s&rsquo;\u00e9l\u00e8vent \u00e0 cause de la chaleur du soleil, provoquant l&rsquo;apparition du feu sur la terre.<\/p>\n<p style=\"text-align: left;\">Enfants, restez vigilants ! La maladie progresse en silence. Souvenez-vous que devant un peuple qui prie et dont le c\u0153ur est pur, des miracles se produisent, et en ce moment, ce n&rsquo;est pas une exception.<\/p>\n<p style=\"text-align: left;\">Nourrissez l\u2019\u00e2me sans vous arr\u00eater devant celui qui vous dit que la pri\u00e8re est une perte de temps ; soyez certains que la pri\u00e8re est un tr\u00e9sor que seules les \u00e2mes adultes et aimantes de Mon Divin Fils comprennent et vivent la grandeur qui \u00e9mane de ces moments de pri\u00e8re, en se maintenant dans un \u00e9tat de gr\u00e2ce. Ainsi, vous nourrissez l\u2019\u00e2me, lorsque vous vivez unis \u00e0 Mon Divin Fils.<\/p>\n<p style=\"text-align: left;\">La terre tremble fortement sur un continent ou un autre.<\/p>\n<p style=\"text-align: left;\">Ne confondez pas l&rsquo;obscurit\u00e9 qui approche avec les Trois Jours d&rsquo;Obscurit\u00e9. Cette obscurit\u00e9 qui arrive bient\u00f4t est caus\u00e9e par le soleil et la cr\u00e9ature humaine en profite pour causer davantage de chaos. L&rsquo;obscurit\u00e9 qui r\u00e9gnera pendant les Trois Jours de T\u00e9n\u00e8bres est un ch\u00e2timent pour ceux qui, malgr\u00e9 les moments continus de mis\u00e9ricorde, ne changent pas, mais s&rsquo;obstinent \u00e0 pers\u00e9v\u00e9rer dans le mal qui leur pla\u00eet et les plonge dans la perdition.<\/p>\n<p style=\"text-align: left;\" align=\"center\">Priez, Mes enfants, priez, soyez prudents, de graves catastrophes se produisent sur la Terre, mais vous, avant tout, sauvez l\u2019\u00e2me, enfants, sauvez l\u2019\u00e2me.<\/p>\n<p style=\"text-align: left;\" align=\"center\">Priez, Mes enfants, priez, les catastrophes naturelles n&rsquo;attendent pas, elles se produisent avec plus de force ; l&rsquo;eau agit avec une violence sans pareille et avance sur la terre.<\/p>\n<p style=\"text-align: left;\" align=\"center\">Priez, Mes enfants, priez pour l&rsquo;Am\u00e9rique du Nord, pour les \u00c9tats-Unis, qui souffrent de l&rsquo;eau et des tremblements de terre, provoquant de grandes souffrances.<\/p>\n<p style=\"text-align: left;\" align=\"center\">Priez, Mes enfants, priez pour le Japon, la terre tremble avec force.<\/p>\n<p style=\"text-align: left;\" align=\"center\">Priez, Mes enfants, priez pour le Chili et l&rsquo;Argentine, la terre tremble.<\/p>\n<p style=\"text-align: left;\">Enfants bien-aim\u00e9s, le vent devient plus agressif, le climat n&rsquo;est plus comme avant, tout change \u00e0 l&rsquo;approche d&rsquo;un corps c\u00e9leste qui influence la Terre.<\/p>\n<p style=\"text-align: left;\">Enfants, restez calmes ! Ne craignez pas celui qui peut vous causer un dommage physique, car il ne peut pas toucher l\u2019\u00e2me (cf. Mt 10, 28). Demeurez fermes dans la foi, en \u00e9tant des cr\u00e9atures de bien, de service, d&rsquo;amour, de bont\u00e9, de compr\u00e9hension, de fraternit\u00e9 et surtout d&rsquo;amour.<\/p>\n<p style=\"text-align: left;\">Petits enfants, Je vous aime, Je vous pr\u00e9viens par amour et soyez assur\u00e9s que les L\u00e9gions C\u00e9lestes sont et seront \u00e0 vos c\u00f4t\u00e9s.<\/p>\n<p style=\"text-align: left;\">N&rsquo;ayez pas peur\u00a0! Ne suis-Je pas l\u00e0, Moi qui suis votre M\u00e8re !<\/p>\n<p style=\"text-align: left;\">Je vous b\u00e9nis, Mes petits enfants, Je suis avec vous, bien-aim\u00e9s de Mon Divin Fils.<\/p>\n<p style=\"text-align: left;\" align=\"center\">Maman Marie<\/p>\n<h1 style=\"text-align: left;\" align=\"center\"><strong>MESSAGE DE LA TR\u00c8S SAINTE VIERGE MARIE<\/strong><br \/>\n<strong>\u00c0 LUZ DE MARIA<\/strong><br \/>\n<strong>13 MAI 2025<\/strong><\/h1>\n<p style=\"text-align: left;\" align=\"center\"><img decoding=\"async\" src=\"http:\/\/www.revelacionesmarianas.com\/images\/00_VIRGEN.png\" alt=\"\" \/><\/p>\n<p style=\"text-align: left;\" align=\"center\">Enfants bien-aim\u00e9s de Mon C\u0153ur Immacul\u00e9 :<\/p>\n<p style=\"text-align: left;\">Je vous invite \u00e0 vivre dans Mon C\u0153ur Immacul\u00e9, en Lui vous trouverez la paix dont vous avez besoin, l&rsquo;amour qui vous manque, la prudence que vous n&rsquo;avez pas, l&rsquo;esp\u00e9rance perdue et la pri\u00e8re que vous n&rsquo;offrez pas.<\/p>\n<p style=\"text-align: left;\">En Moi, vous trouverez la foi, la pers\u00e9v\u00e9rance, le repentir, le pardon, la ferme r\u00e9solution de ne pas retomber dans la m\u00eame erreur, la bont\u00e9, la charit\u00e9, la patience, la fraternit\u00e9, la V\u00e9rit\u00e9.<\/p>\n<p style=\"text-align: left;\">Je vous invite \u00e0 vivre avec Moi tout ce qui rend heureux le Sacr\u00e9-C\u0153ur de Mon Divin Fils.<\/p>\n<p style=\"text-align: left;\" align=\"center\"><strong>GARDEZ \u00c0 L&rsquo;ESPRIT QUE C&rsquo;EST UN MOMENT DIFFICILE O\u00d9 VOUS <\/strong><br \/>\n<strong>POUVEZ \u00caTRE FACILEMENT TROMP\u00c9S PAR L&rsquo;ENNEMI DE L&rsquo;\u00c2ME, QUI CHERCHE \u00c0 DIVISER L&rsquo;\u00c9GLISE DE MON FILS (cf. Mt 12, 22-30).<\/strong><\/p>\n<p style=\"text-align: left;\">Enfants de Mon Divin Fils, vous \u00eates pers\u00e9cut\u00e9s par vos propres fr\u00e8res dans la foi. Au sein de l&rsquo;humanit\u00e9, Je vois tant de Mes enfants qui s&rsquo;allient \u00e0 de fausses id\u00e9ologies, qui se consacrent \u00e0 pers\u00e9cuter leurs fr\u00e8res.<\/p>\n<p style=\"text-align: left;\">Enfants de Mon C\u0153ur Immacul\u00e9, Mon Divin Fils vous prot\u00e8ge, Il vous appelle \u00e0 Le suivre comme des brebis suivent leur Berger.<\/p>\n<p style=\"text-align: left;\" align=\"center\"><strong>L&rsquo;\u00c9GLISE DE MON DIVIN FILS SE TROUVE FACE \u00c0 DE GRANDES \u00c9PREUVES, FACE \u00c0 UNE MALADIE EXTR\u00caMEMENT CONTAGIEUSE :<\/strong><br \/>\n<strong>\u00ab <em>NE PAS AIMER MON DIVIN FILS<\/em> \u00bb.<\/strong><br \/>\n<strong>C&rsquo;EST LA MALADIE DE L&rsquo;HUMANIT\u00c9, C&rsquo;EST POURQUOI VOUS DEVEZ RESTER VIGILANTS, MES PETITS ENFANTS (cf. He 12, 1-2).<\/strong><\/p>\n<p style=\"text-align: left;\">Le D\u00e9mon se nourrit de l&rsquo;immoralit\u00e9, il se nourrit de l&rsquo;effondrement spirituel dans lequel l&rsquo;\u00c9glise, Corps mystique de Mon Divin Fils, a sombr\u00e9, et ainsi vous vous dirigez vers l&rsquo;ab\u00eeme, sans scrupules, sans faire \u00ab <em>mea culpa<\/em> \u00bb pour vous repentir et revenir \u00e0 Mon Divin Fils (cf. 1 Co 6, 9-18).<\/p>\n<p style=\"text-align: left;\">L&rsquo;action diabolique vise \u00e0 agresser physiquement Mes enfants en semant le d\u00e9couragement et le d\u00e9sespoir ; elle a entrepris une guerre d&rsquo;usure contre Mes enfants. Le corps a la dignit\u00e9 d&rsquo;\u00eatre la demeure du Saint-Esprit (cf. 1 Co 6, 19-20), c&rsquo;est pourquoi l&rsquo;ennemi a d\u00e9cid\u00e9 maintenant d&rsquo;agir contre le corps.<\/p>\n<p style=\"text-align: left;\">Enfants bien-aim\u00e9s de Mon C\u0153ur Immacul\u00e9, le mal s&rsquo;avance contre les enfants de Mon Divin Fils et, en tant que M\u00e8re, Je d\u00e9sire vous sauver en vous partageant Mon Amour pour Mon Divin Fils. Je suis ici devant chacun de vous pour vous guider vers Mon Divin Fils. Venez, enfants, venez !<\/p>\n<p style=\"text-align: left;\">Sans faiblir, gardez la foi, faites-la grandir, rendez visite \u00e0 Mon Divin Fils dans le Tr\u00e8s Saint-Sacrement de l&rsquo;Autel et conversez avec Lui, augmentez votre foi avant que la nuit ne tombe.<\/p>\n<p style=\"text-align: left;\" align=\"center\">Priez, enfants de Mon Divin Fils, priez, la terre continue de trembler.<\/p>\n<p style=\"text-align: left;\" align=\"center\">Priez, enfants de Mon Divin Fils, priez, soyez fermes dans la foi, augmentez votre foi.<\/p>\n<p style=\"text-align: left;\" align=\"center\">Priez, enfants de Mon Divin Fils, priez, soyez humbles, n&rsquo;attristez pas le Saint-Esprit.<\/p>\n<p style=\"text-align: left;\" align=\"center\">Priez, enfants de Mon Divin Fils, priez et gardez \u00e0 port\u00e9e de main les Appels du Ciel, soyez assur\u00e9s que Mon Divin Fils vous a appel\u00e9s \u00e0 Son \u00c9glise.<\/p>\n<p style=\"text-align: left;\">Maintenez la Paix dans le c\u0153ur. Je vous b\u00e9nis, vous \u00eates Mes enfants.<\/p>\n<p style=\"text-align: left;\" align=\"center\">Maman Marie<\/p>\n<h1 style=\"text-align: left;\" align=\"center\"><strong>MESSAGE DE SAINT MICHEL ARCHANGE<\/strong><br \/>\n<strong>\u00c0 LUZ DE MARIA<\/strong><br \/>\n<strong>7 MAI 2025<\/strong><\/h1>\n<p style=\"text-align: left;\" align=\"center\"><img decoding=\"async\" src=\"http:\/\/www.revelacionesmarianas.com\/images\/00_MIGUEL.png\" alt=\"\" \/><\/p>\n<p style=\"text-align: left;\">Enfants bien-aim\u00e9s de Notre Roi et Seigneur J\u00e9sus-Christ :<\/p>\n<p style=\"text-align: left;\">Je viens \u00e0 vous par ordre de la Tr\u00e8s Sainte Trinit\u00e9.<\/p>\n<p style=\"text-align: left;\" align=\"center\"><strong>CETTE G\u00c9N\u00c9RATION OFFENSE TELLEMENT LA TR\u00c8S SAINTE TRINIT\u00c9 QUE LES M\u00caMES OFFENSES RETOMBENT SUR LA TERRE&#8230;<\/strong><\/p>\n<p style=\"text-align: left;\" align=\"center\"><strong>ET CE \u00c0 QUOI VOUS ALLEZ \u00caTRE CONFRONT\u00c9S SERA PLUS FORT EN RAISON DE LA D\u00c9SOB\u00c9ISSANCE.<\/strong><\/p>\n<p style=\"text-align: left;\">Bien-aim\u00e9s de Notre Roi et Seigneur J\u00e9sus-Christ, restez attentifs au soleil, celui-ci se trouve alt\u00e9r\u00e9 par une \u00e9ruption solaire extr\u00eamement forte, et face \u00e0 la d\u00e9fense de la Terre affaiblie dans sa magn\u00e9tosph\u00e8re, il a p\u00e9n\u00e9tr\u00e9 la Terre, en maintenant en mouvement les failles tectoniques. Demeurez en alerte du fait que le soleil \u00e9mettra des \u00e9ruptions solaires vers la Terre et cela a une influence sur elle.<\/p>\n<p style=\"text-align: left;\">La nature continue de lib\u00e9rer sa force sur la Terre. Les \u00e9l\u00e9ments : l&rsquo;eau, la terre, le feu, l&rsquo;air, se dressent contre l&rsquo;humanit\u00e9. Enfants de Notre Roi et Seigneur J\u00e9sus-Christ, l&rsquo;astre solaire se l\u00e8ve et vous en souffrez&#8230;<\/p>\n<p style=\"text-align: left;\" align=\"center\"><strong>LA FROIDEUR HUMAINE ENTRA\u00ceNE CHACUN DE VOUS \u00c0 NE PAS D\u00c9SIRER LA FRATERNIT\u00c9 ET LA CONVIVIALIT\u00c9. <\/strong>(cf. Rm 12, 9-10<strong>)<\/strong><br \/>\n<strong>VOUS DEVEZ CHANGER POUR \u00caTRE PLUS DE DIEU QUE DU MONDE.<\/strong><\/p>\n<p style=\"text-align: left;\">Enfants de Notre Roi et Seigneur J\u00e9sus-Christ, vous vous trouvez \u00e0 un moment crucial, profond\u00e9ment d\u00e9cisif pour la pratique des Enseignements que Notre Roi et Seigneur J\u00e9sus-Christ a instaur\u00e9s.<\/p>\n<p style=\"text-align: left;\" align=\"center\"><strong>L&rsquo;\u00c9GLISE DE NOTRE ROI ET SEIGNEUR J\u00c9SUS CHRIST SERA \u00c9BRANL\u00c9E APR\u00c8S LE CONCLAVE, LA DIVISION PERSISTERA ET LA DOULEUR S&rsquo;ENSUIVRA.<\/strong><\/p>\n<p style=\"text-align: left;\" align=\"center\"><strong>L&rsquo;\u00c9GLISE DE NOTRE ROI ET SEIGNEUR J\u00c9SUS-CHRIST SOUFFRIRA FORTEMENT, PASSERA PAR LE CREUSET ET LES ENFANTS DE NOTRE ROI ET SEIGNEUR J\u00c9SUS-CHRIST SERONT DANS LA CONFUSION&#8230;<\/strong><\/p>\n<p style=\"text-align: left;\">L&rsquo;humanit\u00e9 vit dans une constante lutte pour le pouvoir, laquelle est per\u00e7ue avec effarement par le Peuple de Notre Roi et Seigneur J\u00e9sus-Christ.<\/p>\n<p style=\"text-align: left;\">L&rsquo;\u00c9glise marche sur les traces de Notre Roi et Seigneur J\u00e9sus-Christ et de Ses Enseignements. Les Commandements donn\u00e9s par Notre P\u00e8re sur le Mont Sina\u00ef sont \u00e9ternels, pour tous les temps et pour tous Ses enfants (cf. Ex 20, 1-17).<\/p>\n<p style=\"text-align: left;\" align=\"center\"><strong>RESPECTEZ LES COMMANDEMENTS !<\/strong><br \/>\n<strong>SOYEZ DES ENFANTS FID\u00c8LES \u00c0 LA TRADITION DE L&rsquo;\u00c9GLISE ! <\/strong>(2)<\/p>\n<p style=\"text-align: left;\">Demeurez fid\u00e8les \u00e0 l&rsquo;adoration du Tr\u00e8s Saint-Sacrement de l&rsquo;Autel, c&rsquo;est Notre Roi et Seigneur J\u00e9sus-Christ \u00e0 qui vous devez tout honneur et toute gloire pour les si\u00e8cles des si\u00e8cles (cf. 1 Tm. 1, 17).<\/p>\n<p style=\"text-align: left;\">En ce mois d\u00e9di\u00e9 \u00e0 Notre Reine et M\u00e8re, d\u00e9diez de mani\u00e8re particuli\u00e8re le Saint Rosaire aux besoins du monde entier et ne vous \u00e9loignez pas de la Main de Notre Reine et M\u00e8re.<\/p>\n<p style=\"text-align: left;\">Demeurez dans l&rsquo;amour et la fraternit\u00e9.<br \/>\nQui est comme Dieu ? Personne n&rsquo;est comme Dieu !<\/p>\n<p style=\"text-align: left;\">Je vous prot\u00e8ge.<\/p>\n<p style=\"text-align: left;\" align=\"center\">Saint Michel Archange<\/p>\n<h1 style=\"text-align: left;\" align=\"center\"><strong>MESSAGE DE NOTRE SEIGNEUR J\u00c9SUS-CHRIST<\/strong><br \/>\n<strong>\u00c0 LUZ DE MARIA<\/strong><br \/>\n<strong>4 MAI 2025<\/strong><\/h1>\n<p style=\"text-align: left;\" align=\"center\"><img decoding=\"async\" src=\"http:\/\/www.revelacionesmarianas.com\/images\/00_JESUS.png\" alt=\"\" \/><\/p>\n<p style=\"text-align: left;\" align=\"center\">Enfants, Je vous b\u00e9nis.<\/p>\n<p style=\"text-align: left;\" align=\"center\">\u00ab <em>Je Suis Celui Qui Suis<\/em> \u00bb mis\u00e9ricordieux et aimant, c&rsquo;est pourquoi Je vous appelle \u00e0 temps et \u00e0 contretemps.<\/p>\n<p style=\"text-align: left;\" align=\"center\"><strong>VOUS VOUS TROUVEZ DEVANT UN \u00c9VEIL SPIRITUEL QUE JE VOUS <\/strong><strong>OFFRE EN CE MOMENT, MAIS VOUS DEVEZ VOUS TRANSFORMER INT\u00c9RIEUREMENT POUR PARTICIPER \u00c0 CE CHANGEMENT EN TANT QU\u2019UN ACTE DE MA MIS\u00c9RICORDE AVANT LA SOLENNIT\u00c9 DE LA PENTEC\u00d4TE<\/strong>. (cf. Ac 2, 1-11)<\/p>\n<p style=\"text-align: left;\">Je vous guide, mais vous devez accepter la transformation int\u00e9rieure pour que chacun vive en Moi, avec la n\u00e9cessit\u00e9 de s&rsquo;approcher de Ma Maison avant que ne vienne le temps de l&rsquo;\u00e9preuve.<\/p>\n<p style=\"text-align: left;\">Vous devez vous pr\u00e9parer \u00e0 la purification qui est n\u00e9cessaire en ce moment ; adorez-Moi comme Mes vrais enfants (cf. Jn 4, 23-24).<\/p>\n<p style=\"text-align: left;\"><strong>UN GRAND \u00c9V\u00c9NEMENT SE TROUVE DEVANT VOUS. LA GRANDE OBSCURIT\u00c9 SE G\u00c9N\u00c9RALISE SUR LA TERRE, TOUS SONT AFFECT\u00c9S.<\/strong> Tout comme l\u2019obscurit\u00e9 r\u00e8gne en l\u2019\u00e2me de certains de Mes enfants, ainsi l\u2019obscurit\u00e9 s&rsquo;\u00e9tend sur toute la Terre. Tous auront peur dans un premier temps, puis ils se lanceront \u00e0 la recherche de ce qu&rsquo;ils n&rsquo;ont pas pr\u00e9par\u00e9. Que ceux qui peuvent se pr\u00e9parer, le fassent, c&rsquo;est n\u00e9cessaire.<\/p>\n<p style=\"text-align: left;\">La nature continue de frapper avec force ; le tremblement de la terre est fort et s&rsquo;accentue.<\/p>\n<p style=\"text-align: left;\" align=\"center\"><strong>PRIEZ, PRIEZ, PRIEZ.<\/strong><br \/>\n<strong>LA PRI\u00c8RE DE MON PEUPLE EST ENTENDUE PAR MOI.<\/strong><\/p>\n<p style=\"text-align: left;\">NE PENSEZ PAS SEULEMENT \u00c0 SAUVER LE CORPS, MAIS SAUVEZ D&rsquo;ABORD L&rsquo;\u00c2ME. Craignez celui qui, apr\u00e8s vous avoir \u00f4t\u00e9 la vie, a le pouvoir de vous jeter en enfer (cf. Lc 12, 5).<\/p>\n<p style=\"text-align: left;\">Vous vivez dans la duret\u00e9 de ceux qui se cachent pour r\u00e9ussir \u00e0 d\u00e9stabiliser les Miens. Vous vivez dans la froideur envers Moi, soumis au pouvoir de ceux qui croient \u00eatre sup\u00e9rieurs \u00e0 Moi.<\/p>\n<p style=\"text-align: left;\" align=\"center\">Priez, Mes enfants, priez, Mes enfants bien-aim\u00e9s, Mon \u00c9glise souffrira, Elle ne sera pas exempt\u00e9e de sa purification.<\/p>\n<p style=\"text-align: left;\" align=\"center\">Priez, Mes enfants, priez, Mes enfants bien-aim\u00e9s, la terre tremble, vous souffrirez lorsque s&rsquo;activeront plusieurs failles tectoniques importantes au sein de la terre.<\/p>\n<p style=\"text-align: left;\" align=\"center\">Priez, Mes enfants, priez, Mes enfants bien-aim\u00e9s, la peste arrive avec force et se propage rapidement.<\/p>\n<p style=\"text-align: left;\">Vous souhaitez savoir ce qui arrivera au sein de Mon \u00c9glise plut\u00f4t que de regarder \u00e0 l&rsquo;int\u00e9rieur de vous-m\u00eames et de vous amender, plut\u00f4t que de vous repentir de vos p\u00e9ch\u00e9s personnels&#8230;<\/p>\n<p style=\"text-align: left;\">Mon Esprit a sa demeure dans le c\u0153ur de chacun et d&rsquo;une mani\u00e8re particuli\u00e8re dans le c\u0153ur de ceux qui croient en Moi, mais gr\u00e2ce au libre arbitre, l&rsquo;homme peut exercer sa volont\u00e9 humaine et, avec ses int\u00e9r\u00eats personnels, rejeter ou \u00e9couter Mon Esprit Saint.<\/p>\n<p style=\"text-align: left;\">Au sein de Mon peuple doivent \u00eatre plus nombreux ceux qui prient \u00e0 temps et \u00e0 contretemps (cf. 2 Tm 4, 2) et qui multiplient les pri\u00e8res en invoquant Mon Esprit Saint, afin que tous s&rsquo;ouvrent \u00e0 Son Action et discernent, sans permettre l\u2019ing\u00e9rence de la volont\u00e9 humaine.<\/p>\n<p style=\"text-align: left;\">Je suis profond\u00e9ment bless\u00e9 par Mon \u00c9glise divis\u00e9e, par les int\u00e9r\u00eats \u00e9go\u00efstes qui priment sur le bien de Mes Enseignements et le bon p\u00e2turage des \u00e2mes.<\/p>\n<p style=\"text-align: left;\">L&rsquo;usage du pouvoir de certains dirigeants de nations s&rsquo;est manifest\u00e9 par une imposition envers le Coll\u00e8ge Cardinalice, voulant influencer l\u2019\u00e9lection de celui qui occupera le Si\u00e8ge de Pierre. Jusqu&rsquo;o\u00f9 vont-ils\u00a0! Jusqu&rsquo;o\u00f9 iront-ils\u00a0!<\/p>\n<p style=\"text-align: left;\" align=\"center\"><strong>J&rsquo;APPELLE CEUX QUI ONT ENTRE LEURS MAINS LA NOMINATION <\/strong><strong>DU SUCCESSEUR DE PIERRE \u00c0 AGIR AVEC VIGUEUR, SANS SE <\/strong><strong>LAISSER INFLUENCER, AFIN QUE MON \u00c9GLISE NE SOIT PLUS DIVIS\u00c9E ; AFIN QUE, SOUS UN M\u00caME ESPRIT, LES CONFLITS DISPARAISSENT <\/strong><strong>ET LES ASPIRATIONS HUMAINES SOIENT ABOLIES.<\/strong><\/p>\n<p style=\"text-align: left;\">J\u2019observe ceux qui veulent le pouvoir sur Mon \u00c9glise pour s&#8217;emparer du pouvoir sur Mes enfants et sur le monde entier.<\/p>\n<p style=\"text-align: left;\" align=\"center\"><strong>MON \u00c9GLISE EST POUR TOUJOURS.<\/strong><br \/>\n<strong>\u00c0 TOUT MOMENT, JE SUIS PR\u00c9SENT DANS MON \u00c9GLISE <\/strong><strong>ET ELLE PR\u00c9VAUDRA CONTRE LES FORCES DE L&rsquo;ENFER.<\/strong> (cf. Mt 16, 17-18)<\/p>\n<p style=\"text-align: left;\">Je vous ai rachet\u00e9s, Mes enfants, non pour un moment, mais pour l&rsquo;\u00c9ternit\u00e9. Je vous ai donn\u00e9 en h\u00e9ritage la Vie \u00c9ternelle, si vous le voulez ainsi. Je Suis votre Dieu et vous \u00eates Mon Peuple !<\/p>\n<p style=\"text-align: left;\" align=\"center\"><strong>AVEC MA M\u00c8RE ET SAINT MICHEL ARCHANGE, VOUS FORMEREZ <\/strong><strong>LE RESTE SAINT, ET LE C\u0152UR IMMACUL\u00c9 DE MA M\u00c8RE TRIOMPHERA.<\/strong><\/p>\n<p style=\"text-align: left;\">Mon \u00c9glise sera purifi\u00e9e, \u00e9prouv\u00e9e ; c&rsquo;est pourquoi vous devez augmenter la foi. Regardez-Moi dans les yeux lorsque vous vous sentez fatigu\u00e9s et accabl\u00e9s, Je vous soutiendrai \u00e0 tout moment. Vous \u00eates des enfants avec une M\u00e8re et Elle vous soutient. Vous \u00eates la Prunelle de Mes yeux.<\/p>\n<p style=\"text-align: left;\" align=\"center\">Votre J\u00e9sus<\/p>\n","protected":false},"excerpt":{"rendered":"<p>VISION DONN\u00c9E PAR SAINT MICHEL ARCHANGE \u00c0 LUZ DE MARIA 27 MAI 2025 Cette vision est rendue publique aujourd&rsquo;hui, 2 juin 2025, \u00e0 la demande de Saint Michel Archange. Je me trouvais en train d&rsquo;\u00e9tudier les Saintes \u00c9critures et j&rsquo;ai vu Saint Michel Archange avec Ses armes brillant de mille feux en tant que d\u00e9fenseur [&hellip;]<\/p>\n","protected":false},"author":1,"featured_media":322,"comment_status":"closed","ping_status":"open","sticky":false,"template":"","format":"standard","meta":{"ocean_post_layout":"","ocean_both_sidebars_style":"","ocean_both_sidebars_content_width":0,"ocean_both_sidebars_sidebars_width":0,"ocean_sidebar":"0","ocean_second_sidebar":"0","ocean_disable_margins":"enable","ocean_add_body_class":"","ocean_shortcode_before_top_bar":"","ocean_shortcode_after_top_bar":"","ocean_shortcode_before_header":"","ocean_shortcode_after_header":"","ocean_has_shortcode":"","ocean_shortcode_after_title":"","ocean_shortcode_before_footer_widgets":"","ocean_shortcode_after_footer_widgets":"","ocean_shortcode_before_footer_bottom":"","ocean_shortcode_after_footer_bottom":"","ocean_display_top_bar":"default","ocean_display_header":"default","ocean_header_style":"","ocean_center_header_left_menu":"0","ocean_custom_header_template":"0","ocean_custom_logo":0,"ocean_custom_retina_logo":0,"ocean_custom_logo_max_width":0,"ocean_custom_logo_tablet_max_width":0,"ocean_custom_logo_mobile_max_width":0,"ocean_custom_logo_max_height":0,"ocean_custom_logo_tablet_max_height":0,"ocean_custom_logo_mobile_max_height":0,"ocean_header_custom_menu":"0","ocean_menu_typo_font_family":"0","ocean_menu_typo_font_subset":"","ocean_menu_typo_font_size":0,"ocean_menu_typo_font_size_tablet":0,"ocean_menu_typo_font_size_mobile":0,"ocean_menu_typo_font_size_unit":"px","ocean_menu_typo_font_weight":"","ocean_menu_typo_font_weight_tablet":"","ocean_menu_typo_font_weight_mobile":"","ocean_menu_typo_transform":"","ocean_menu_typo_transform_tablet":"","ocean_menu_typo_transform_mobile":"","ocean_menu_typo_line_height":0,"ocean_menu_typo_line_height_tablet":0,"ocean_menu_typo_line_height_mobile":0,"ocean_menu_typo_line_height_unit":"","ocean_menu_typo_spacing":0,"ocean_menu_typo_spacing_tablet":0,"ocean_menu_typo_spacing_mobile":0,"ocean_menu_typo_spacing_unit":"","ocean_menu_link_color":"","ocean_menu_link_color_hover":"","ocean_menu_link_color_active":"","ocean_menu_link_background":"","ocean_menu_link_hover_background":"","ocean_menu_link_active_background":"","ocean_menu_social_links_bg":"","ocean_menu_social_hover_links_bg":"","ocean_menu_social_links_color":"","ocean_menu_social_hover_links_color":"","ocean_disable_title":"default","ocean_disable_heading":"default","ocean_post_title":"","ocean_post_subheading":"","ocean_post_title_style":"","ocean_post_title_background_color":"","ocean_post_title_background":0,"ocean_post_title_bg_image_position":"","ocean_post_title_bg_image_attachment":"","ocean_post_title_bg_image_repeat":"","ocean_post_title_bg_image_size":"","ocean_post_title_height":0,"ocean_post_title_bg_overlay":0.5,"ocean_post_title_bg_overlay_color":"","ocean_disable_breadcrumbs":"default","ocean_breadcrumbs_color":"","ocean_breadcrumbs_separator_color":"","ocean_breadcrumbs_links_color":"","ocean_breadcrumbs_links_hover_color":"","ocean_display_footer_widgets":"default","ocean_display_footer_bottom":"default","ocean_custom_footer_template":"0","ocean_post_oembed":"","ocean_post_self_hosted_media":"","ocean_post_video_embed":"","ocean_link_format":"","ocean_link_format_target":"self","ocean_quote_format":"","ocean_quote_format_link":"post","ocean_gallery_link_images":"on","ocean_gallery_id":[],"footnotes":""},"categories":[39],"tags":[],"class_list":["post-2293","post","type-post","status-publish","format-standard","has-post-thumbnail","hentry","category-luz-de-maria","entry","has-media"],"yoast_head":"<!-- This site is optimized with the Yoast SEO plugin v27.4 - https:\/\/yoast.com\/product\/yoast-seo-wordpress\/ -->\n<title>Messages donn\u00e9s \u00e0 Luz de Maria durant le mois de mai 2025 - Communion des refuges du Coeur Immacul\u00e9 de Marie<\/title>\n<meta name=\"description\" content=\"Messages donn\u00e9s \u00e0 Luz de Maria, par Notre Seigneur J\u00e9sus, Marie et saint Michel Archange, durant le mois de mai 2025\" \/>\n<meta name=\"robots\" content=\"index, follow, max-snippet:-1, max-image-preview:large, max-video-preview:-1\" \/>\n<link rel=\"canonical\" href=\"https:\/\/refugesdemarie.fr\/index.php\/2025\/06\/06\/messages-donnes-a-luz-de-maria-durant-le-mois-de-mai-2025\/\" \/>\n<meta property=\"og:locale\" content=\"fr_FR\" \/>\n<meta property=\"og:type\" content=\"article\" \/>\n<meta property=\"og:title\" content=\"Messages donn\u00e9s \u00e0 Luz de Maria durant le mois de mai 2025 - Communion des refuges du Coeur Immacul\u00e9 de Marie\" \/>\n<meta property=\"og:description\" content=\"Messages donn\u00e9s \u00e0 Luz de Maria, par Notre Seigneur J\u00e9sus, Marie et saint Michel Archange, durant le mois de mai 2025\" \/>\n<meta property=\"og:url\" content=\"https:\/\/refugesdemarie.fr\/index.php\/2025\/06\/06\/messages-donnes-a-luz-de-maria-durant-le-mois-de-mai-2025\/\" \/>\n<meta property=\"og:site_name\" content=\"Communion des refuges du Coeur Immacul\u00e9 de Marie\" \/>\n<meta property=\"article:publisher\" content=\"https:\/\/www.facebook.com\/profile.php?id=100089561384328\" \/>\n<meta property=\"article:author\" content=\"https:\/\/www.facebook.com\/profile.php?id=100089561384328\" \/>\n<meta property=\"article:published_time\" content=\"2025-06-06T15:35:15+00:00\" \/>\n<meta property=\"article:modified_time\" content=\"2026-01-06T16:04:27+00:00\" \/>\n<meta property=\"og:image\" content=\"https:\/\/refugesdemarie.fr\/wp-content\/uploads\/2023\/05\/luz-maria-bonilla-770x495-1.jpg\" \/>\n\t<meta property=\"og:image:width\" content=\"770\" \/>\n\t<meta property=\"og:image:height\" content=\"495\" \/>\n\t<meta property=\"og:image:type\" content=\"image\/jpeg\" \/>\n<meta name=\"author\" content=\"refugesdemarie@gmail.com\" \/>\n<meta name=\"twitter:card\" content=\"summary_large_image\" \/>\n<meta name=\"twitter:label1\" content=\"\u00c9crit par\" \/>\n\t<meta name=\"twitter:data1\" content=\"refugesdemarie@gmail.com\" \/>\n\t<meta name=\"twitter:label2\" content=\"Dur\u00e9e de lecture estim\u00e9e\" \/>\n\t<meta name=\"twitter:data2\" content=\"21 minutes\" \/>\n<script type=\"application\/ld+json\" class=\"yoast-schema-graph\">{\"@context\":\"https:\\\/\\\/schema.org\",\"@graph\":[{\"@type\":\"Article\",\"@id\":\"https:\\\/\\\/refugesdemarie.fr\\\/index.php\\\/2025\\\/06\\\/06\\\/messages-donnes-a-luz-de-maria-durant-le-mois-de-mai-2025\\\/#article\",\"isPartOf\":{\"@id\":\"https:\\\/\\\/refugesdemarie.fr\\\/index.php\\\/2025\\\/06\\\/06\\\/messages-donnes-a-luz-de-maria-durant-le-mois-de-mai-2025\\\/\"},\"author\":{\"name\":\"refugesdemarie@gmail.com\",\"@id\":\"https:\\\/\\\/refugesdemarie.fr\\\/#\\\/schema\\\/person\\\/3bda0c49569f70f4dcfbe78b7e174b11\"},\"headline\":\"Messages donn\u00e9s \u00e0 Luz de Maria durant le mois de mai 2025\",\"datePublished\":\"2025-06-06T15:35:15+00:00\",\"dateModified\":\"2026-01-06T16:04:27+00:00\",\"mainEntityOfPage\":{\"@id\":\"https:\\\/\\\/refugesdemarie.fr\\\/index.php\\\/2025\\\/06\\\/06\\\/messages-donnes-a-luz-de-maria-durant-le-mois-de-mai-2025\\\/\"},\"wordCount\":4113,\"publisher\":{\"@id\":\"https:\\\/\\\/refugesdemarie.fr\\\/#organization\"},\"image\":{\"@id\":\"https:\\\/\\\/refugesdemarie.fr\\\/index.php\\\/2025\\\/06\\\/06\\\/messages-donnes-a-luz-de-maria-durant-le-mois-de-mai-2025\\\/#primaryimage\"},\"thumbnailUrl\":\"https:\\\/\\\/refugesdemarie.fr\\\/wp-content\\\/uploads\\\/2023\\\/05\\\/luz-maria-bonilla-770x495-1.jpg\",\"articleSection\":[\"Luz de Maria\"],\"inLanguage\":\"fr-FR\"},{\"@type\":\"WebPage\",\"@id\":\"https:\\\/\\\/refugesdemarie.fr\\\/index.php\\\/2025\\\/06\\\/06\\\/messages-donnes-a-luz-de-maria-durant-le-mois-de-mai-2025\\\/\",\"url\":\"https:\\\/\\\/refugesdemarie.fr\\\/index.php\\\/2025\\\/06\\\/06\\\/messages-donnes-a-luz-de-maria-durant-le-mois-de-mai-2025\\\/\",\"name\":\"Messages donn\u00e9s \u00e0 Luz de Maria durant le mois de mai 2025 - Communion des refuges du Coeur Immacul\u00e9 de Marie\",\"isPartOf\":{\"@id\":\"https:\\\/\\\/refugesdemarie.fr\\\/#website\"},\"primaryImageOfPage\":{\"@id\":\"https:\\\/\\\/refugesdemarie.fr\\\/index.php\\\/2025\\\/06\\\/06\\\/messages-donnes-a-luz-de-maria-durant-le-mois-de-mai-2025\\\/#primaryimage\"},\"image\":{\"@id\":\"https:\\\/\\\/refugesdemarie.fr\\\/index.php\\\/2025\\\/06\\\/06\\\/messages-donnes-a-luz-de-maria-durant-le-mois-de-mai-2025\\\/#primaryimage\"},\"thumbnailUrl\":\"https:\\\/\\\/refugesdemarie.fr\\\/wp-content\\\/uploads\\\/2023\\\/05\\\/luz-maria-bonilla-770x495-1.jpg\",\"datePublished\":\"2025-06-06T15:35:15+00:00\",\"dateModified\":\"2026-01-06T16:04:27+00:00\",\"description\":\"Messages donn\u00e9s \u00e0 Luz de Maria, par Notre Seigneur J\u00e9sus, Marie et saint Michel Archange, durant le mois de mai 2025\",\"breadcrumb\":{\"@id\":\"https:\\\/\\\/refugesdemarie.fr\\\/index.php\\\/2025\\\/06\\\/06\\\/messages-donnes-a-luz-de-maria-durant-le-mois-de-mai-2025\\\/#breadcrumb\"},\"inLanguage\":\"fr-FR\",\"potentialAction\":[{\"@type\":\"ReadAction\",\"target\":[\"https:\\\/\\\/refugesdemarie.fr\\\/index.php\\\/2025\\\/06\\\/06\\\/messages-donnes-a-luz-de-maria-durant-le-mois-de-mai-2025\\\/\"]}]},{\"@type\":\"ImageObject\",\"inLanguage\":\"fr-FR\",\"@id\":\"https:\\\/\\\/refugesdemarie.fr\\\/index.php\\\/2025\\\/06\\\/06\\\/messages-donnes-a-luz-de-maria-durant-le-mois-de-mai-2025\\\/#primaryimage\",\"url\":\"https:\\\/\\\/refugesdemarie.fr\\\/wp-content\\\/uploads\\\/2023\\\/05\\\/luz-maria-bonilla-770x495-1.jpg\",\"contentUrl\":\"https:\\\/\\\/refugesdemarie.fr\\\/wp-content\\\/uploads\\\/2023\\\/05\\\/luz-maria-bonilla-770x495-1.jpg\",\"width\":770,\"height\":495},{\"@type\":\"BreadcrumbList\",\"@id\":\"https:\\\/\\\/refugesdemarie.fr\\\/index.php\\\/2025\\\/06\\\/06\\\/messages-donnes-a-luz-de-maria-durant-le-mois-de-mai-2025\\\/#breadcrumb\",\"itemListElement\":[{\"@type\":\"ListItem\",\"position\":1,\"name\":\"Accueil\",\"item\":\"https:\\\/\\\/refugesdemarie.fr\\\/\"},{\"@type\":\"ListItem\",\"position\":2,\"name\":\"Messages donn\u00e9s \u00e0 Luz de Maria durant le mois de mai 2025\"}]},{\"@type\":\"WebSite\",\"@id\":\"https:\\\/\\\/refugesdemarie.fr\\\/#website\",\"url\":\"https:\\\/\\\/refugesdemarie.fr\\\/\",\"name\":\"Communion des refuges du Coeur Immacul\u00e9 de Marie\",\"description\":\"\",\"publisher\":{\"@id\":\"https:\\\/\\\/refugesdemarie.fr\\\/#organization\"},\"potentialAction\":[{\"@type\":\"SearchAction\",\"target\":{\"@type\":\"EntryPoint\",\"urlTemplate\":\"https:\\\/\\\/refugesdemarie.fr\\\/?s={search_term_string}\"},\"query-input\":{\"@type\":\"PropertyValueSpecification\",\"valueRequired\":true,\"valueName\":\"search_term_string\"}}],\"inLanguage\":\"fr-FR\"},{\"@type\":\"Organization\",\"@id\":\"https:\\\/\\\/refugesdemarie.fr\\\/#organization\",\"name\":\"Communion des refuges du Coeur Immacul\u00e9 de Marie\",\"url\":\"https:\\\/\\\/refugesdemarie.fr\\\/\",\"logo\":{\"@type\":\"ImageObject\",\"inLanguage\":\"fr-FR\",\"@id\":\"https:\\\/\\\/refugesdemarie.fr\\\/#\\\/schema\\\/logo\\\/image\\\/\",\"url\":\"https:\\\/\\\/refugesdemarie.fr\\\/wp-content\\\/uploads\\\/2023\\\/01\\\/cropped-Logo-Communion-des-Refuges-6.jpg\",\"contentUrl\":\"https:\\\/\\\/refugesdemarie.fr\\\/wp-content\\\/uploads\\\/2023\\\/01\\\/cropped-Logo-Communion-des-Refuges-6.jpg\",\"width\":1199,\"height\":377,\"caption\":\"Communion des refuges du Coeur Immacul\u00e9 de Marie\"},\"image\":{\"@id\":\"https:\\\/\\\/refugesdemarie.fr\\\/#\\\/schema\\\/logo\\\/image\\\/\"},\"sameAs\":[\"https:\\\/\\\/www.facebook.com\\\/profile.php?id=100089561384328\"]},{\"@type\":\"Person\",\"@id\":\"https:\\\/\\\/refugesdemarie.fr\\\/#\\\/schema\\\/person\\\/3bda0c49569f70f4dcfbe78b7e174b11\",\"name\":\"refugesdemarie@gmail.com\",\"image\":{\"@type\":\"ImageObject\",\"inLanguage\":\"fr-FR\",\"@id\":\"https:\\\/\\\/secure.gravatar.com\\\/avatar\\\/43491e46ee54b6706285b166679fe98aa620b1849d376153f6bc028852c019f7?s=96&d=mm&r=g\",\"url\":\"https:\\\/\\\/secure.gravatar.com\\\/avatar\\\/43491e46ee54b6706285b166679fe98aa620b1849d376153f6bc028852c019f7?s=96&d=mm&r=g\",\"contentUrl\":\"https:\\\/\\\/secure.gravatar.com\\\/avatar\\\/43491e46ee54b6706285b166679fe98aa620b1849d376153f6bc028852c019f7?s=96&d=mm&r=g\",\"caption\":\"refugesdemarie@gmail.com\"},\"sameAs\":[\"https:\\\/\\\/refugesdemarie.fr\",\"https:\\\/\\\/www.facebook.com\\\/profile.php?id=100089561384328\",\"https:\\\/\\\/www.youtube.com\\\/channel\\\/UCXOznkQcnNvuMDGDg11ZPfg\"],\"url\":\"https:\\\/\\\/refugesdemarie.fr\\\/index.php\\\/author\\\/com-coeur-immaculegmail-com\\\/\"}]}<\/script>\n<!-- \/ Yoast SEO plugin. -->","yoast_head_json":{"title":"Messages donn\u00e9s \u00e0 Luz de Maria durant le mois de mai 2025 - Communion des refuges du Coeur Immacul\u00e9 de Marie","description":"Messages donn\u00e9s \u00e0 Luz de Maria, par Notre Seigneur J\u00e9sus, Marie et saint Michel Archange, durant le mois de mai 2025","robots":{"index":"index","follow":"follow","max-snippet":"max-snippet:-1","max-image-preview":"max-image-preview:large","max-video-preview":"max-video-preview:-1"},"canonical":"https:\/\/refugesdemarie.fr\/index.php\/2025\/06\/06\/messages-donnes-a-luz-de-maria-durant-le-mois-de-mai-2025\/","og_locale":"fr_FR","og_type":"article","og_title":"Messages donn\u00e9s \u00e0 Luz de Maria durant le mois de mai 2025 - Communion des refuges du Coeur Immacul\u00e9 de Marie","og_description":"Messages donn\u00e9s \u00e0 Luz de Maria, par Notre Seigneur J\u00e9sus, Marie et saint Michel Archange, durant le mois de mai 2025","og_url":"https:\/\/refugesdemarie.fr\/index.php\/2025\/06\/06\/messages-donnes-a-luz-de-maria-durant-le-mois-de-mai-2025\/","og_site_name":"Communion des refuges du Coeur Immacul\u00e9 de Marie","article_publisher":"https:\/\/www.facebook.com\/profile.php?id=100089561384328","article_author":"https:\/\/www.facebook.com\/profile.php?id=100089561384328","article_published_time":"2025-06-06T15:35:15+00:00","article_modified_time":"2026-01-06T16:04:27+00:00","og_image":[{"width":770,"height":495,"url":"https:\/\/refugesdemarie.fr\/wp-content\/uploads\/2023\/05\/luz-maria-bonilla-770x495-1.jpg","type":"image\/jpeg"}],"author":"refugesdemarie@gmail.com","twitter_card":"summary_large_image","twitter_misc":{"\u00c9crit par":"refugesdemarie@gmail.com","Dur\u00e9e de lecture estim\u00e9e":"21 minutes"},"schema":{"@context":"https:\/\/schema.org","@graph":[{"@type":"Article","@id":"https:\/\/refugesdemarie.fr\/index.php\/2025\/06\/06\/messages-donnes-a-luz-de-maria-durant-le-mois-de-mai-2025\/#article","isPartOf":{"@id":"https:\/\/refugesdemarie.fr\/index.php\/2025\/06\/06\/messages-donnes-a-luz-de-maria-durant-le-mois-de-mai-2025\/"},"author":{"name":"refugesdemarie@gmail.com","@id":"https:\/\/refugesdemarie.fr\/#\/schema\/person\/3bda0c49569f70f4dcfbe78b7e174b11"},"headline":"Messages donn\u00e9s \u00e0 Luz de Maria durant le mois de mai 2025","datePublished":"2025-06-06T15:35:15+00:00","dateModified":"2026-01-06T16:04:27+00:00","mainEntityOfPage":{"@id":"https:\/\/refugesdemarie.fr\/index.php\/2025\/06\/06\/messages-donnes-a-luz-de-maria-durant-le-mois-de-mai-2025\/"},"wordCount":4113,"publisher":{"@id":"https:\/\/refugesdemarie.fr\/#organization"},"image":{"@id":"https:\/\/refugesdemarie.fr\/index.php\/2025\/06\/06\/messages-donnes-a-luz-de-maria-durant-le-mois-de-mai-2025\/#primaryimage"},"thumbnailUrl":"https:\/\/refugesdemarie.fr\/wp-content\/uploads\/2023\/05\/luz-maria-bonilla-770x495-1.jpg","articleSection":["Luz de Maria"],"inLanguage":"fr-FR"},{"@type":"WebPage","@id":"https:\/\/refugesdemarie.fr\/index.php\/2025\/06\/06\/messages-donnes-a-luz-de-maria-durant-le-mois-de-mai-2025\/","url":"https:\/\/refugesdemarie.fr\/index.php\/2025\/06\/06\/messages-donnes-a-luz-de-maria-durant-le-mois-de-mai-2025\/","name":"Messages donn\u00e9s \u00e0 Luz de Maria durant le mois de mai 2025 - Communion des refuges du Coeur Immacul\u00e9 de Marie","isPartOf":{"@id":"https:\/\/refugesdemarie.fr\/#website"},"primaryImageOfPage":{"@id":"https:\/\/refugesdemarie.fr\/index.php\/2025\/06\/06\/messages-donnes-a-luz-de-maria-durant-le-mois-de-mai-2025\/#primaryimage"},"image":{"@id":"https:\/\/refugesdemarie.fr\/index.php\/2025\/06\/06\/messages-donnes-a-luz-de-maria-durant-le-mois-de-mai-2025\/#primaryimage"},"thumbnailUrl":"https:\/\/refugesdemarie.fr\/wp-content\/uploads\/2023\/05\/luz-maria-bonilla-770x495-1.jpg","datePublished":"2025-06-06T15:35:15+00:00","dateModified":"2026-01-06T16:04:27+00:00","description":"Messages donn\u00e9s \u00e0 Luz de Maria, par Notre Seigneur J\u00e9sus, Marie et saint Michel Archange, durant le mois de mai 2025","breadcrumb":{"@id":"https:\/\/refugesdemarie.fr\/index.php\/2025\/06\/06\/messages-donnes-a-luz-de-maria-durant-le-mois-de-mai-2025\/#breadcrumb"},"inLanguage":"fr-FR","potentialAction":[{"@type":"ReadAction","target":["https:\/\/refugesdemarie.fr\/index.php\/2025\/06\/06\/messages-donnes-a-luz-de-maria-durant-le-mois-de-mai-2025\/"]}]},{"@type":"ImageObject","inLanguage":"fr-FR","@id":"https:\/\/refugesdemarie.fr\/index.php\/2025\/06\/06\/messages-donnes-a-luz-de-maria-durant-le-mois-de-mai-2025\/#primaryimage","url":"https:\/\/refugesdemarie.fr\/wp-content\/uploads\/2023\/05\/luz-maria-bonilla-770x495-1.jpg","contentUrl":"https:\/\/refugesdemarie.fr\/wp-content\/uploads\/2023\/05\/luz-maria-bonilla-770x495-1.jpg","width":770,"height":495},{"@type":"BreadcrumbList","@id":"https:\/\/refugesdemarie.fr\/index.php\/2025\/06\/06\/messages-donnes-a-luz-de-maria-durant-le-mois-de-mai-2025\/#breadcrumb","itemListElement":[{"@type":"ListItem","position":1,"name":"Accueil","item":"https:\/\/refugesdemarie.fr\/"},{"@type":"ListItem","position":2,"name":"Messages donn\u00e9s \u00e0 Luz de Maria durant le mois de mai 2025"}]},{"@type":"WebSite","@id":"https:\/\/refugesdemarie.fr\/#website","url":"https:\/\/refugesdemarie.fr\/","name":"Communion des refuges du Coeur Immacul\u00e9 de Marie","description":"","publisher":{"@id":"https:\/\/refugesdemarie.fr\/#organization"},"potentialAction":[{"@type":"SearchAction","target":{"@type":"EntryPoint","urlTemplate":"https:\/\/refugesdemarie.fr\/?s={search_term_string}"},"query-input":{"@type":"PropertyValueSpecification","valueRequired":true,"valueName":"search_term_string"}}],"inLanguage":"fr-FR"},{"@type":"Organization","@id":"https:\/\/refugesdemarie.fr\/#organization","name":"Communion des refuges du Coeur Immacul\u00e9 de Marie","url":"https:\/\/refugesdemarie.fr\/","logo":{"@type":"ImageObject","inLanguage":"fr-FR","@id":"https:\/\/refugesdemarie.fr\/#\/schema\/logo\/image\/","url":"https:\/\/refugesdemarie.fr\/wp-content\/uploads\/2023\/01\/cropped-Logo-Communion-des-Refuges-6.jpg","contentUrl":"https:\/\/refugesdemarie.fr\/wp-content\/uploads\/2023\/01\/cropped-Logo-Communion-des-Refuges-6.jpg","width":1199,"height":377,"caption":"Communion des refuges du Coeur Immacul\u00e9 de Marie"},"image":{"@id":"https:\/\/refugesdemarie.fr\/#\/schema\/logo\/image\/"},"sameAs":["https:\/\/www.facebook.com\/profile.php?id=100089561384328"]},{"@type":"Person","@id":"https:\/\/refugesdemarie.fr\/#\/schema\/person\/3bda0c49569f70f4dcfbe78b7e174b11","name":"refugesdemarie@gmail.com","image":{"@type":"ImageObject","inLanguage":"fr-FR","@id":"https:\/\/secure.gravatar.com\/avatar\/43491e46ee54b6706285b166679fe98aa620b1849d376153f6bc028852c019f7?s=96&d=mm&r=g","url":"https:\/\/secure.gravatar.com\/avatar\/43491e46ee54b6706285b166679fe98aa620b1849d376153f6bc028852c019f7?s=96&d=mm&r=g","contentUrl":"https:\/\/secure.gravatar.com\/avatar\/43491e46ee54b6706285b166679fe98aa620b1849d376153f6bc028852c019f7?s=96&d=mm&r=g","caption":"refugesdemarie@gmail.com"},"sameAs":["https:\/\/refugesdemarie.fr","https:\/\/www.facebook.com\/profile.php?id=100089561384328","https:\/\/www.youtube.com\/channel\/UCXOznkQcnNvuMDGDg11ZPfg"],"url":"https:\/\/refugesdemarie.fr\/index.php\/author\/com-coeur-immaculegmail-com\/"}]}},"_links":{"self":[{"href":"https:\/\/refugesdemarie.fr\/index.php\/wp-json\/wp\/v2\/posts\/2293","targetHints":{"allow":["GET"]}}],"collection":[{"href":"https:\/\/refugesdemarie.fr\/index.php\/wp-json\/wp\/v2\/posts"}],"about":[{"href":"https:\/\/refugesdemarie.fr\/index.php\/wp-json\/wp\/v2\/types\/post"}],"author":[{"embeddable":true,"href":"https:\/\/refugesdemarie.fr\/index.php\/wp-json\/wp\/v2\/users\/1"}],"replies":[{"embeddable":true,"href":"https:\/\/refugesdemarie.fr\/index.php\/wp-json\/wp\/v2\/comments?post=2293"}],"version-history":[{"count":6,"href":"https:\/\/refugesdemarie.fr\/index.php\/wp-json\/wp\/v2\/posts\/2293\/revisions"}],"predecessor-version":[{"id":2323,"href":"https:\/\/refugesdemarie.fr\/index.php\/wp-json\/wp\/v2\/posts\/2293\/revisions\/2323"}],"wp:featuredmedia":[{"embeddable":true,"href":"https:\/\/refugesdemarie.fr\/index.php\/wp-json\/wp\/v2\/media\/322"}],"wp:attachment":[{"href":"https:\/\/refugesdemarie.fr\/index.php\/wp-json\/wp\/v2\/media?parent=2293"}],"wp:term":[{"taxonomy":"category","embeddable":true,"href":"https:\/\/refugesdemarie.fr\/index.php\/wp-json\/wp\/v2\/categories?post=2293"},{"taxonomy":"post_tag","embeddable":true,"href":"https:\/\/refugesdemarie.fr\/index.php\/wp-json\/wp\/v2\/tags?post=2293"}],"curies":[{"name":"wp","href":"https:\/\/api.w.org\/{rel}","templated":true}]}}