{"id":2381,"date":"2025-08-08T15:40:17","date_gmt":"2025-08-08T15:40:17","guid":{"rendered":"https:\/\/refugesdemarie.fr\/?p=2381"},"modified":"2026-01-06T16:04:26","modified_gmt":"2026-01-06T16:04:26","slug":"tout-pres-de-notre-dame-de-grace-saint-joseph-apparait","status":"publish","type":"post","link":"https:\/\/refugesdemarie.fr\/index.php\/2025\/08\/08\/tout-pres-de-notre-dame-de-grace-saint-joseph-apparait\/","title":{"rendered":"Tout pr\u00e8s de Notre Dame de Gr\u00e2ce, saint Joseph appara\u00eet"},"content":{"rendered":"<div class=\"pdfprnt-buttons pdfprnt-buttons-post pdfprnt-top-right\"><a href=\"https:\/\/refugesdemarie.fr\/index.php\/wp-json\/wp\/v2\/posts\/2381?print=print\" class=\"pdfprnt-button pdfprnt-button-print\" target=\"_blank\" ><img decoding=\"async\" src=\"https:\/\/refugesdemarie.fr\/wp-content\/plugins\/pdf-print\/images\/print.png\" alt=\"image_print\" title=\"Contenu imprim\u00e9\" \/><\/a><\/div><table role=\"presentation\" border=\"0\" width=\"100%\" cellspacing=\"0\" cellpadding=\"0\">\n<tbody>\n<tr>\n<td align=\"left\">\n<div>\n<div class=\"\">\n<p><img fetchpriority=\"high\" decoding=\"async\" class=\"alignnone size-medium wp-image-2383 aligncenter\" src=\"https:\/\/refugesdemarie.fr\/wp-content\/uploads\/2025\/06\/notre-dame-de-cotignac-190x300.webp\" alt=\"\" width=\"190\" height=\"300\" srcset=\"https:\/\/refugesdemarie.fr\/wp-content\/uploads\/2025\/06\/notre-dame-de-cotignac-190x300.webp 190w, https:\/\/refugesdemarie.fr\/wp-content\/uploads\/2025\/06\/notre-dame-de-cotignac.webp 325w\" sizes=\"(max-width: 190px) 100vw, 190px\" \/><\/p>\n<p>&nbsp;<\/p>\n<p>\u00c0 Cotignac (Provence, France) le 7 juin 1660, la journ\u00e9e s&rsquo;annonce chaude et un jeune berger proven\u00e7al de 22 ans, Gaspard Ricard, a conduit son troupeau sur le versant est du Bessillon. Vers une heure de l&rsquo;apr\u00e8s-midi la chaleur est intense. Assoiff\u00e9, il s&rsquo;allonge sur le sol rocailleux quand soudain un homme d&rsquo;imposante stature se tient pr\u00e8s de lui et indique un rocher en lui disant\u00a0: \u00ab\u00a0I\u00e9u si\u00e9u Jo\u00f9s\u00e8\u00a0; enlevo-lou e b\u00e9uras.\u00a0\u00bb C&rsquo;est-\u00e0-dire\u00a0: \u00ab\u00a0Je suis Joseph\u00a0; enl\u00e8ve-le et tu boiras.\u00a0\u00bb La pierre est lourde, huit hommes pourront \u00e0 peine la d\u00e9placer\u00a0; comment Gaspard la soul\u00e8verait-il\u00a0? Mais le v\u00e9n\u00e9rable vieillard, comme disent les r\u00e9cits de l&rsquo;\u00e9poque, r\u00e9it\u00e8re son ordre.<\/p>\n<p>Le berger ob\u00e9it, d\u00e9place le rocher, et d\u00e9couvre une eau fra\u00eeche qui commence \u00e0 ruisseler\u00a0! Il boit aussit\u00f4t avec avidit\u00e9. Lorsqu&rsquo;il se rel\u00e8ve, l&rsquo;apparition a d\u00e9j\u00e0 disparu. Sans plus attendre, il va porter la nouvelle au village, et les curieux arrivent. Trois heures apr\u00e8s l&rsquo;\u00e9v\u00e9nement en un lieu que tous savent \u00eatre d\u00e9pourvu de source, une eau abondante s&rsquo;\u00e9coule.<\/p>\n<p>Les faits sont d\u00fbment attest\u00e9s par d&rsquo;abondantes sources, bien conserv\u00e9es dans les archives locales \u00ab C&rsquo;est tout. Rien de plus simple, rien de plus pauvre que cette apparition&#8230; comme l&rsquo;\u00c9vangile \u00bb, commentait Mgr Gilles Barthe, ancien \u00e9v\u00eaque du dioc\u00e8se de Fr\u00e9jus-Toulon, dans sa lettre pastorale du 14 f\u00e9vrier 1971. L&rsquo;eau est le signe, si essentiel dans notre foi, de notre r\u00e9g\u00e9n\u00e9ration et de la vie nouvelle jaillie pour nous de la P\u00e2que du Christ. Ici est mis en lumi\u00e8re le r\u00f4le puissant d&rsquo;intercession de saint Joseph, uni \u00e0 la Vierge Marie dans le plan \u00e9ternel de la Providence divine, que Dieu veut voir associ\u00e9 \u00e0 son \u00e9pouse dans la pri\u00e8re et le c\u0153ur des chr\u00e9tiens, sp\u00e9cialement dans la vie des familles.<\/p>\n<\/div>\n<\/div>\n<\/td>\n<\/tr>\n<tr>\n<td align=\"right\">\n<div>\n<div class=\"\">\n<p><a href=\"https:\/\/forms.mariedenazareth.com\/une-minute-avec-marie?origin=FR-UMM-ABOUMM\">L\u2019\u00e9quipe de Marie de Nazareth<\/a><\/p>\n<\/div>\n<\/div>\n<\/td>\n<\/tr>\n<\/tbody>\n<\/table>\n","protected":false},"excerpt":{"rendered":"<p>&nbsp; \u00c0 Cotignac (Provence, France) le 7 juin 1660, la journ\u00e9e s&rsquo;annonce chaude et un jeune berger proven\u00e7al de 22 ans, Gaspard Ricard, a conduit son troupeau sur le versant est du Bessillon. Vers une heure de l&rsquo;apr\u00e8s-midi la chaleur est intense. Assoiff\u00e9, il s&rsquo;allonge sur le sol rocailleux quand soudain un homme d&rsquo;imposante stature [&hellip;]<\/p>\n","protected":false},"author":1,"featured_media":2382,"comment_status":"closed","ping_status":"open","sticky":false,"template":"","format":"standard","meta":{"ocean_post_layout":"","ocean_both_sidebars_style":"","ocean_both_sidebars_content_width":0,"ocean_both_sidebars_sidebars_width":0,"ocean_sidebar":"0","ocean_second_sidebar":"0","ocean_disable_margins":"enable","ocean_add_body_class":"","ocean_shortcode_before_top_bar":"","ocean_shortcode_after_top_bar":"","ocean_shortcode_before_header":"","ocean_shortcode_after_header":"","ocean_has_shortcode":"","ocean_shortcode_after_title":"","ocean_shortcode_before_footer_widgets":"","ocean_shortcode_after_footer_widgets":"","ocean_shortcode_before_footer_bottom":"","ocean_shortcode_after_footer_bottom":"","ocean_display_top_bar":"default","ocean_display_header":"default","ocean_header_style":"","ocean_center_header_left_menu":"0","ocean_custom_header_template":"0","ocean_custom_logo":0,"ocean_custom_retina_logo":0,"ocean_custom_logo_max_width":0,"ocean_custom_logo_tablet_max_width":0,"ocean_custom_logo_mobile_max_width":0,"ocean_custom_logo_max_height":0,"ocean_custom_logo_tablet_max_height":0,"ocean_custom_logo_mobile_max_height":0,"ocean_header_custom_menu":"0","ocean_menu_typo_font_family":"0","ocean_menu_typo_font_subset":"","ocean_menu_typo_font_size":0,"ocean_menu_typo_font_size_tablet":0,"ocean_menu_typo_font_size_mobile":0,"ocean_menu_typo_font_size_unit":"px","ocean_menu_typo_font_weight":"","ocean_menu_typo_font_weight_tablet":"","ocean_menu_typo_font_weight_mobile":"","ocean_menu_typo_transform":"","ocean_menu_typo_transform_tablet":"","ocean_menu_typo_transform_mobile":"","ocean_menu_typo_line_height":0,"ocean_menu_typo_line_height_tablet":0,"ocean_menu_typo_line_height_mobile":0,"ocean_menu_typo_line_height_unit":"","ocean_menu_typo_spacing":0,"ocean_menu_typo_spacing_tablet":0,"ocean_menu_typo_spacing_mobile":0,"ocean_menu_typo_spacing_unit":"","ocean_menu_link_color":"","ocean_menu_link_color_hover":"","ocean_menu_link_color_active":"","ocean_menu_link_background":"","ocean_menu_link_hover_background":"","ocean_menu_link_active_background":"","ocean_menu_social_links_bg":"","ocean_menu_social_hover_links_bg":"","ocean_menu_social_links_color":"","ocean_menu_social_hover_links_color":"","ocean_disable_title":"default","ocean_disable_heading":"default","ocean_post_title":"","ocean_post_subheading":"","ocean_post_title_style":"","ocean_post_title_background_color":"","ocean_post_title_background":0,"ocean_post_title_bg_image_position":"","ocean_post_title_bg_image_attachment":"","ocean_post_title_bg_image_repeat":"","ocean_post_title_bg_image_size":"","ocean_post_title_height":0,"ocean_post_title_bg_overlay":0.5,"ocean_post_title_bg_overlay_color":"","ocean_disable_breadcrumbs":"default","ocean_breadcrumbs_color":"","ocean_breadcrumbs_separator_color":"","ocean_breadcrumbs_links_color":"","ocean_breadcrumbs_links_hover_color":"","ocean_display_footer_widgets":"default","ocean_display_footer_bottom":"default","ocean_custom_footer_template":"0","ocean_post_oembed":"","ocean_post_self_hosted_media":"","ocean_post_video_embed":"","ocean_link_format":"","ocean_link_format_target":"self","ocean_quote_format":"","ocean_quote_format_link":"post","ocean_gallery_link_images":"on","ocean_gallery_id":[],"footnotes":""},"categories":[45],"tags":[],"class_list":["post-2381","post","type-post","status-publish","format-standard","has-post-thumbnail","hentry","category-autres-lieux-dapparitions","entry","has-media"],"yoast_head":"<!-- This site is optimized with the Yoast SEO plugin v27.4 - https:\/\/yoast.com\/product\/yoast-seo-wordpress\/ -->\n<title>Tout pr\u00e8s de Notre Dame de Gr\u00e2ce, saint Joseph appara\u00eet - Communion des refuges du Coeur Immacul\u00e9 de Marie<\/title>\n<meta name=\"description\" content=\"Ici est mis en lumi\u00e8re le r\u00f4le puissant d&#039;intercession de saint Joseph, uni \u00e0 la Vierge Marie dans le plan \u00e9ternel de la Providence divine, que Dieu veut voir associ\u00e9 \u00e0 son \u00e9pouse dans la pri\u00e8re et le c\u0153ur des chr\u00e9tiens\" \/>\n<meta name=\"robots\" content=\"index, follow, max-snippet:-1, max-image-preview:large, max-video-preview:-1\" \/>\n<link rel=\"canonical\" href=\"https:\/\/refugesdemarie.fr\/index.php\/2025\/08\/08\/tout-pres-de-notre-dame-de-grace-saint-joseph-apparait\/\" \/>\n<meta property=\"og:locale\" content=\"fr_FR\" \/>\n<meta property=\"og:type\" content=\"article\" \/>\n<meta property=\"og:title\" content=\"Tout pr\u00e8s de Notre Dame de Gr\u00e2ce, saint Joseph appara\u00eet - Communion des refuges du Coeur Immacul\u00e9 de Marie\" \/>\n<meta property=\"og:description\" content=\"Ici est mis en lumi\u00e8re le r\u00f4le puissant d&#039;intercession de saint Joseph, uni \u00e0 la Vierge Marie dans le plan \u00e9ternel de la Providence divine, que Dieu veut voir associ\u00e9 \u00e0 son \u00e9pouse dans la pri\u00e8re et le c\u0153ur des chr\u00e9tiens\" \/>\n<meta property=\"og:url\" content=\"https:\/\/refugesdemarie.fr\/index.php\/2025\/08\/08\/tout-pres-de-notre-dame-de-grace-saint-joseph-apparait\/\" \/>\n<meta property=\"og:site_name\" content=\"Communion des refuges du Coeur Immacul\u00e9 de Marie\" \/>\n<meta property=\"article:publisher\" content=\"https:\/\/www.facebook.com\/profile.php?id=100089561384328\" \/>\n<meta property=\"article:author\" content=\"https:\/\/www.facebook.com\/profile.php?id=100089561384328\" \/>\n<meta property=\"article:published_time\" content=\"2025-08-08T15:40:17+00:00\" \/>\n<meta property=\"article:modified_time\" content=\"2026-01-06T16:04:26+00:00\" \/>\n<meta property=\"og:image\" content=\"https:\/\/refugesdemarie.fr\/wp-content\/uploads\/2025\/06\/cotignac.jpg\" \/>\n\t<meta property=\"og:image:width\" content=\"842\" \/>\n\t<meta property=\"og:image:height\" content=\"504\" \/>\n\t<meta property=\"og:image:type\" content=\"image\/jpeg\" \/>\n<meta name=\"author\" content=\"refugesdemarie@gmail.com\" \/>\n<meta name=\"twitter:card\" content=\"summary_large_image\" \/>\n<meta name=\"twitter:label1\" content=\"\u00c9crit par\" \/>\n\t<meta name=\"twitter:data1\" content=\"refugesdemarie@gmail.com\" \/>\n\t<meta name=\"twitter:label2\" content=\"Dur\u00e9e de lecture estim\u00e9e\" \/>\n\t<meta name=\"twitter:data2\" content=\"2 minutes\" \/>\n<script type=\"application\/ld+json\" class=\"yoast-schema-graph\">{\"@context\":\"https:\\\/\\\/schema.org\",\"@graph\":[{\"@type\":\"Article\",\"@id\":\"https:\\\/\\\/refugesdemarie.fr\\\/index.php\\\/2025\\\/08\\\/08\\\/tout-pres-de-notre-dame-de-grace-saint-joseph-apparait\\\/#article\",\"isPartOf\":{\"@id\":\"https:\\\/\\\/refugesdemarie.fr\\\/index.php\\\/2025\\\/08\\\/08\\\/tout-pres-de-notre-dame-de-grace-saint-joseph-apparait\\\/\"},\"author\":{\"name\":\"refugesdemarie@gmail.com\",\"@id\":\"https:\\\/\\\/refugesdemarie.fr\\\/#\\\/schema\\\/person\\\/3bda0c49569f70f4dcfbe78b7e174b11\"},\"headline\":\"Tout pr\u00e8s de Notre Dame de Gr\u00e2ce, saint Joseph appara\u00eet\",\"datePublished\":\"2025-08-08T15:40:17+00:00\",\"dateModified\":\"2026-01-06T16:04:26+00:00\",\"mainEntityOfPage\":{\"@id\":\"https:\\\/\\\/refugesdemarie.fr\\\/index.php\\\/2025\\\/08\\\/08\\\/tout-pres-de-notre-dame-de-grace-saint-joseph-apparait\\\/\"},\"wordCount\":355,\"publisher\":{\"@id\":\"https:\\\/\\\/refugesdemarie.fr\\\/#organization\"},\"image\":{\"@id\":\"https:\\\/\\\/refugesdemarie.fr\\\/index.php\\\/2025\\\/08\\\/08\\\/tout-pres-de-notre-dame-de-grace-saint-joseph-apparait\\\/#primaryimage\"},\"thumbnailUrl\":\"https:\\\/\\\/refugesdemarie.fr\\\/wp-content\\\/uploads\\\/2025\\\/06\\\/cotignac.jpg\",\"articleSection\":[\"Autres lieux d'apparitions\"],\"inLanguage\":\"fr-FR\"},{\"@type\":\"WebPage\",\"@id\":\"https:\\\/\\\/refugesdemarie.fr\\\/index.php\\\/2025\\\/08\\\/08\\\/tout-pres-de-notre-dame-de-grace-saint-joseph-apparait\\\/\",\"url\":\"https:\\\/\\\/refugesdemarie.fr\\\/index.php\\\/2025\\\/08\\\/08\\\/tout-pres-de-notre-dame-de-grace-saint-joseph-apparait\\\/\",\"name\":\"Tout pr\u00e8s de Notre Dame de Gr\u00e2ce, saint Joseph appara\u00eet - Communion des refuges du Coeur Immacul\u00e9 de Marie\",\"isPartOf\":{\"@id\":\"https:\\\/\\\/refugesdemarie.fr\\\/#website\"},\"primaryImageOfPage\":{\"@id\":\"https:\\\/\\\/refugesdemarie.fr\\\/index.php\\\/2025\\\/08\\\/08\\\/tout-pres-de-notre-dame-de-grace-saint-joseph-apparait\\\/#primaryimage\"},\"image\":{\"@id\":\"https:\\\/\\\/refugesdemarie.fr\\\/index.php\\\/2025\\\/08\\\/08\\\/tout-pres-de-notre-dame-de-grace-saint-joseph-apparait\\\/#primaryimage\"},\"thumbnailUrl\":\"https:\\\/\\\/refugesdemarie.fr\\\/wp-content\\\/uploads\\\/2025\\\/06\\\/cotignac.jpg\",\"datePublished\":\"2025-08-08T15:40:17+00:00\",\"dateModified\":\"2026-01-06T16:04:26+00:00\",\"description\":\"Ici est mis en lumi\u00e8re le r\u00f4le puissant d'intercession de saint Joseph, uni \u00e0 la Vierge Marie dans le plan \u00e9ternel de la Providence divine, que Dieu veut voir associ\u00e9 \u00e0 son \u00e9pouse dans la pri\u00e8re et le c\u0153ur des chr\u00e9tiens\",\"breadcrumb\":{\"@id\":\"https:\\\/\\\/refugesdemarie.fr\\\/index.php\\\/2025\\\/08\\\/08\\\/tout-pres-de-notre-dame-de-grace-saint-joseph-apparait\\\/#breadcrumb\"},\"inLanguage\":\"fr-FR\",\"potentialAction\":[{\"@type\":\"ReadAction\",\"target\":[\"https:\\\/\\\/refugesdemarie.fr\\\/index.php\\\/2025\\\/08\\\/08\\\/tout-pres-de-notre-dame-de-grace-saint-joseph-apparait\\\/\"]}]},{\"@type\":\"ImageObject\",\"inLanguage\":\"fr-FR\",\"@id\":\"https:\\\/\\\/refugesdemarie.fr\\\/index.php\\\/2025\\\/08\\\/08\\\/tout-pres-de-notre-dame-de-grace-saint-joseph-apparait\\\/#primaryimage\",\"url\":\"https:\\\/\\\/refugesdemarie.fr\\\/wp-content\\\/uploads\\\/2025\\\/06\\\/cotignac.jpg\",\"contentUrl\":\"https:\\\/\\\/refugesdemarie.fr\\\/wp-content\\\/uploads\\\/2025\\\/06\\\/cotignac.jpg\",\"width\":842,\"height\":504},{\"@type\":\"BreadcrumbList\",\"@id\":\"https:\\\/\\\/refugesdemarie.fr\\\/index.php\\\/2025\\\/08\\\/08\\\/tout-pres-de-notre-dame-de-grace-saint-joseph-apparait\\\/#breadcrumb\",\"itemListElement\":[{\"@type\":\"ListItem\",\"position\":1,\"name\":\"Accueil\",\"item\":\"https:\\\/\\\/refugesdemarie.fr\\\/\"},{\"@type\":\"ListItem\",\"position\":2,\"name\":\"Tout pr\u00e8s de Notre Dame de Gr\u00e2ce, saint Joseph appara\u00eet\"}]},{\"@type\":\"WebSite\",\"@id\":\"https:\\\/\\\/refugesdemarie.fr\\\/#website\",\"url\":\"https:\\\/\\\/refugesdemarie.fr\\\/\",\"name\":\"Communion des refuges du Coeur Immacul\u00e9 de Marie\",\"description\":\"\",\"publisher\":{\"@id\":\"https:\\\/\\\/refugesdemarie.fr\\\/#organization\"},\"potentialAction\":[{\"@type\":\"SearchAction\",\"target\":{\"@type\":\"EntryPoint\",\"urlTemplate\":\"https:\\\/\\\/refugesdemarie.fr\\\/?s={search_term_string}\"},\"query-input\":{\"@type\":\"PropertyValueSpecification\",\"valueRequired\":true,\"valueName\":\"search_term_string\"}}],\"inLanguage\":\"fr-FR\"},{\"@type\":\"Organization\",\"@id\":\"https:\\\/\\\/refugesdemarie.fr\\\/#organization\",\"name\":\"Communion des refuges du Coeur Immacul\u00e9 de Marie\",\"url\":\"https:\\\/\\\/refugesdemarie.fr\\\/\",\"logo\":{\"@type\":\"ImageObject\",\"inLanguage\":\"fr-FR\",\"@id\":\"https:\\\/\\\/refugesdemarie.fr\\\/#\\\/schema\\\/logo\\\/image\\\/\",\"url\":\"https:\\\/\\\/refugesdemarie.fr\\\/wp-content\\\/uploads\\\/2023\\\/01\\\/cropped-Logo-Communion-des-Refuges-6.jpg\",\"contentUrl\":\"https:\\\/\\\/refugesdemarie.fr\\\/wp-content\\\/uploads\\\/2023\\\/01\\\/cropped-Logo-Communion-des-Refuges-6.jpg\",\"width\":1199,\"height\":377,\"caption\":\"Communion des refuges du Coeur Immacul\u00e9 de Marie\"},\"image\":{\"@id\":\"https:\\\/\\\/refugesdemarie.fr\\\/#\\\/schema\\\/logo\\\/image\\\/\"},\"sameAs\":[\"https:\\\/\\\/www.facebook.com\\\/profile.php?id=100089561384328\"]},{\"@type\":\"Person\",\"@id\":\"https:\\\/\\\/refugesdemarie.fr\\\/#\\\/schema\\\/person\\\/3bda0c49569f70f4dcfbe78b7e174b11\",\"name\":\"refugesdemarie@gmail.com\",\"image\":{\"@type\":\"ImageObject\",\"inLanguage\":\"fr-FR\",\"@id\":\"https:\\\/\\\/secure.gravatar.com\\\/avatar\\\/43491e46ee54b6706285b166679fe98aa620b1849d376153f6bc028852c019f7?s=96&d=mm&r=g\",\"url\":\"https:\\\/\\\/secure.gravatar.com\\\/avatar\\\/43491e46ee54b6706285b166679fe98aa620b1849d376153f6bc028852c019f7?s=96&d=mm&r=g\",\"contentUrl\":\"https:\\\/\\\/secure.gravatar.com\\\/avatar\\\/43491e46ee54b6706285b166679fe98aa620b1849d376153f6bc028852c019f7?s=96&d=mm&r=g\",\"caption\":\"refugesdemarie@gmail.com\"},\"sameAs\":[\"https:\\\/\\\/refugesdemarie.fr\",\"https:\\\/\\\/www.facebook.com\\\/profile.php?id=100089561384328\",\"https:\\\/\\\/www.youtube.com\\\/channel\\\/UCXOznkQcnNvuMDGDg11ZPfg\"],\"url\":\"https:\\\/\\\/refugesdemarie.fr\\\/index.php\\\/author\\\/com-coeur-immaculegmail-com\\\/\"}]}<\/script>\n<!-- \/ Yoast SEO plugin. -->","yoast_head_json":{"title":"Tout pr\u00e8s de Notre Dame de Gr\u00e2ce, saint Joseph appara\u00eet - Communion des refuges du Coeur Immacul\u00e9 de Marie","description":"Ici est mis en lumi\u00e8re le r\u00f4le puissant d'intercession de saint Joseph, uni \u00e0 la Vierge Marie dans le plan \u00e9ternel de la Providence divine, que Dieu veut voir associ\u00e9 \u00e0 son \u00e9pouse dans la pri\u00e8re et le c\u0153ur des chr\u00e9tiens","robots":{"index":"index","follow":"follow","max-snippet":"max-snippet:-1","max-image-preview":"max-image-preview:large","max-video-preview":"max-video-preview:-1"},"canonical":"https:\/\/refugesdemarie.fr\/index.php\/2025\/08\/08\/tout-pres-de-notre-dame-de-grace-saint-joseph-apparait\/","og_locale":"fr_FR","og_type":"article","og_title":"Tout pr\u00e8s de Notre Dame de Gr\u00e2ce, saint Joseph appara\u00eet - Communion des refuges du Coeur Immacul\u00e9 de Marie","og_description":"Ici est mis en lumi\u00e8re le r\u00f4le puissant d'intercession de saint Joseph, uni \u00e0 la Vierge Marie dans le plan \u00e9ternel de la Providence divine, que Dieu veut voir associ\u00e9 \u00e0 son \u00e9pouse dans la pri\u00e8re et le c\u0153ur des chr\u00e9tiens","og_url":"https:\/\/refugesdemarie.fr\/index.php\/2025\/08\/08\/tout-pres-de-notre-dame-de-grace-saint-joseph-apparait\/","og_site_name":"Communion des refuges du Coeur Immacul\u00e9 de Marie","article_publisher":"https:\/\/www.facebook.com\/profile.php?id=100089561384328","article_author":"https:\/\/www.facebook.com\/profile.php?id=100089561384328","article_published_time":"2025-08-08T15:40:17+00:00","article_modified_time":"2026-01-06T16:04:26+00:00","og_image":[{"width":842,"height":504,"url":"https:\/\/refugesdemarie.fr\/wp-content\/uploads\/2025\/06\/cotignac.jpg","type":"image\/jpeg"}],"author":"refugesdemarie@gmail.com","twitter_card":"summary_large_image","twitter_misc":{"\u00c9crit par":"refugesdemarie@gmail.com","Dur\u00e9e de lecture estim\u00e9e":"2 minutes"},"schema":{"@context":"https:\/\/schema.org","@graph":[{"@type":"Article","@id":"https:\/\/refugesdemarie.fr\/index.php\/2025\/08\/08\/tout-pres-de-notre-dame-de-grace-saint-joseph-apparait\/#article","isPartOf":{"@id":"https:\/\/refugesdemarie.fr\/index.php\/2025\/08\/08\/tout-pres-de-notre-dame-de-grace-saint-joseph-apparait\/"},"author":{"name":"refugesdemarie@gmail.com","@id":"https:\/\/refugesdemarie.fr\/#\/schema\/person\/3bda0c49569f70f4dcfbe78b7e174b11"},"headline":"Tout pr\u00e8s de Notre Dame de Gr\u00e2ce, saint Joseph appara\u00eet","datePublished":"2025-08-08T15:40:17+00:00","dateModified":"2026-01-06T16:04:26+00:00","mainEntityOfPage":{"@id":"https:\/\/refugesdemarie.fr\/index.php\/2025\/08\/08\/tout-pres-de-notre-dame-de-grace-saint-joseph-apparait\/"},"wordCount":355,"publisher":{"@id":"https:\/\/refugesdemarie.fr\/#organization"},"image":{"@id":"https:\/\/refugesdemarie.fr\/index.php\/2025\/08\/08\/tout-pres-de-notre-dame-de-grace-saint-joseph-apparait\/#primaryimage"},"thumbnailUrl":"https:\/\/refugesdemarie.fr\/wp-content\/uploads\/2025\/06\/cotignac.jpg","articleSection":["Autres lieux d'apparitions"],"inLanguage":"fr-FR"},{"@type":"WebPage","@id":"https:\/\/refugesdemarie.fr\/index.php\/2025\/08\/08\/tout-pres-de-notre-dame-de-grace-saint-joseph-apparait\/","url":"https:\/\/refugesdemarie.fr\/index.php\/2025\/08\/08\/tout-pres-de-notre-dame-de-grace-saint-joseph-apparait\/","name":"Tout pr\u00e8s de Notre Dame de Gr\u00e2ce, saint Joseph appara\u00eet - Communion des refuges du Coeur Immacul\u00e9 de Marie","isPartOf":{"@id":"https:\/\/refugesdemarie.fr\/#website"},"primaryImageOfPage":{"@id":"https:\/\/refugesdemarie.fr\/index.php\/2025\/08\/08\/tout-pres-de-notre-dame-de-grace-saint-joseph-apparait\/#primaryimage"},"image":{"@id":"https:\/\/refugesdemarie.fr\/index.php\/2025\/08\/08\/tout-pres-de-notre-dame-de-grace-saint-joseph-apparait\/#primaryimage"},"thumbnailUrl":"https:\/\/refugesdemarie.fr\/wp-content\/uploads\/2025\/06\/cotignac.jpg","datePublished":"2025-08-08T15:40:17+00:00","dateModified":"2026-01-06T16:04:26+00:00","description":"Ici est mis en lumi\u00e8re le r\u00f4le puissant d'intercession de saint Joseph, uni \u00e0 la Vierge Marie dans le plan \u00e9ternel de la Providence divine, que Dieu veut voir associ\u00e9 \u00e0 son \u00e9pouse dans la pri\u00e8re et le c\u0153ur des chr\u00e9tiens","breadcrumb":{"@id":"https:\/\/refugesdemarie.fr\/index.php\/2025\/08\/08\/tout-pres-de-notre-dame-de-grace-saint-joseph-apparait\/#breadcrumb"},"inLanguage":"fr-FR","potentialAction":[{"@type":"ReadAction","target":["https:\/\/refugesdemarie.fr\/index.php\/2025\/08\/08\/tout-pres-de-notre-dame-de-grace-saint-joseph-apparait\/"]}]},{"@type":"ImageObject","inLanguage":"fr-FR","@id":"https:\/\/refugesdemarie.fr\/index.php\/2025\/08\/08\/tout-pres-de-notre-dame-de-grace-saint-joseph-apparait\/#primaryimage","url":"https:\/\/refugesdemarie.fr\/wp-content\/uploads\/2025\/06\/cotignac.jpg","contentUrl":"https:\/\/refugesdemarie.fr\/wp-content\/uploads\/2025\/06\/cotignac.jpg","width":842,"height":504},{"@type":"BreadcrumbList","@id":"https:\/\/refugesdemarie.fr\/index.php\/2025\/08\/08\/tout-pres-de-notre-dame-de-grace-saint-joseph-apparait\/#breadcrumb","itemListElement":[{"@type":"ListItem","position":1,"name":"Accueil","item":"https:\/\/refugesdemarie.fr\/"},{"@type":"ListItem","position":2,"name":"Tout pr\u00e8s de Notre Dame de Gr\u00e2ce, saint Joseph appara\u00eet"}]},{"@type":"WebSite","@id":"https:\/\/refugesdemarie.fr\/#website","url":"https:\/\/refugesdemarie.fr\/","name":"Communion des refuges du Coeur Immacul\u00e9 de Marie","description":"","publisher":{"@id":"https:\/\/refugesdemarie.fr\/#organization"},"potentialAction":[{"@type":"SearchAction","target":{"@type":"EntryPoint","urlTemplate":"https:\/\/refugesdemarie.fr\/?s={search_term_string}"},"query-input":{"@type":"PropertyValueSpecification","valueRequired":true,"valueName":"search_term_string"}}],"inLanguage":"fr-FR"},{"@type":"Organization","@id":"https:\/\/refugesdemarie.fr\/#organization","name":"Communion des refuges du Coeur Immacul\u00e9 de Marie","url":"https:\/\/refugesdemarie.fr\/","logo":{"@type":"ImageObject","inLanguage":"fr-FR","@id":"https:\/\/refugesdemarie.fr\/#\/schema\/logo\/image\/","url":"https:\/\/refugesdemarie.fr\/wp-content\/uploads\/2023\/01\/cropped-Logo-Communion-des-Refuges-6.jpg","contentUrl":"https:\/\/refugesdemarie.fr\/wp-content\/uploads\/2023\/01\/cropped-Logo-Communion-des-Refuges-6.jpg","width":1199,"height":377,"caption":"Communion des refuges du Coeur Immacul\u00e9 de Marie"},"image":{"@id":"https:\/\/refugesdemarie.fr\/#\/schema\/logo\/image\/"},"sameAs":["https:\/\/www.facebook.com\/profile.php?id=100089561384328"]},{"@type":"Person","@id":"https:\/\/refugesdemarie.fr\/#\/schema\/person\/3bda0c49569f70f4dcfbe78b7e174b11","name":"refugesdemarie@gmail.com","image":{"@type":"ImageObject","inLanguage":"fr-FR","@id":"https:\/\/secure.gravatar.com\/avatar\/43491e46ee54b6706285b166679fe98aa620b1849d376153f6bc028852c019f7?s=96&d=mm&r=g","url":"https:\/\/secure.gravatar.com\/avatar\/43491e46ee54b6706285b166679fe98aa620b1849d376153f6bc028852c019f7?s=96&d=mm&r=g","contentUrl":"https:\/\/secure.gravatar.com\/avatar\/43491e46ee54b6706285b166679fe98aa620b1849d376153f6bc028852c019f7?s=96&d=mm&r=g","caption":"refugesdemarie@gmail.com"},"sameAs":["https:\/\/refugesdemarie.fr","https:\/\/www.facebook.com\/profile.php?id=100089561384328","https:\/\/www.youtube.com\/channel\/UCXOznkQcnNvuMDGDg11ZPfg"],"url":"https:\/\/refugesdemarie.fr\/index.php\/author\/com-coeur-immaculegmail-com\/"}]}},"_links":{"self":[{"href":"https:\/\/refugesdemarie.fr\/index.php\/wp-json\/wp\/v2\/posts\/2381","targetHints":{"allow":["GET"]}}],"collection":[{"href":"https:\/\/refugesdemarie.fr\/index.php\/wp-json\/wp\/v2\/posts"}],"about":[{"href":"https:\/\/refugesdemarie.fr\/index.php\/wp-json\/wp\/v2\/types\/post"}],"author":[{"embeddable":true,"href":"https:\/\/refugesdemarie.fr\/index.php\/wp-json\/wp\/v2\/users\/1"}],"replies":[{"embeddable":true,"href":"https:\/\/refugesdemarie.fr\/index.php\/wp-json\/wp\/v2\/comments?post=2381"}],"version-history":[{"count":1,"href":"https:\/\/refugesdemarie.fr\/index.php\/wp-json\/wp\/v2\/posts\/2381\/revisions"}],"predecessor-version":[{"id":2384,"href":"https:\/\/refugesdemarie.fr\/index.php\/wp-json\/wp\/v2\/posts\/2381\/revisions\/2384"}],"wp:featuredmedia":[{"embeddable":true,"href":"https:\/\/refugesdemarie.fr\/index.php\/wp-json\/wp\/v2\/media\/2382"}],"wp:attachment":[{"href":"https:\/\/refugesdemarie.fr\/index.php\/wp-json\/wp\/v2\/media?parent=2381"}],"wp:term":[{"taxonomy":"category","embeddable":true,"href":"https:\/\/refugesdemarie.fr\/index.php\/wp-json\/wp\/v2\/categories?post=2381"},{"taxonomy":"post_tag","embeddable":true,"href":"https:\/\/refugesdemarie.fr\/index.php\/wp-json\/wp\/v2\/tags?post=2381"}],"curies":[{"name":"wp","href":"https:\/\/api.w.org\/{rel}","templated":true}]}}