{"id":2405,"date":"2025-07-18T15:45:58","date_gmt":"2025-07-18T15:45:58","guid":{"rendered":"https:\/\/refugesdemarie.fr\/?p=2405"},"modified":"2026-01-06T16:04:26","modified_gmt":"2026-01-06T16:04:26","slug":"vianney-apres-la-vie-dartiste-la-vie-dermite","status":"publish","type":"post","link":"https:\/\/refugesdemarie.fr\/index.php\/2025\/07\/18\/vianney-apres-la-vie-dartiste-la-vie-dermite\/","title":{"rendered":"Vianney, apr\u00e8s la vie d\u2019artiste, la vie d\u2019ermite"},"content":{"rendered":"<div class=\"pdfprnt-buttons pdfprnt-buttons-post pdfprnt-top-right\"><a href=\"https:\/\/refugesdemarie.fr\/index.php\/wp-json\/wp\/v2\/posts\/2405?print=print\" class=\"pdfprnt-button pdfprnt-button-print\" target=\"_blank\" ><img decoding=\"async\" src=\"https:\/\/refugesdemarie.fr\/wp-content\/plugins\/pdf-print\/images\/print.png\" alt=\"image_print\" title=\"Contenu imprim\u00e9\" \/><\/a><\/div><p>Source : <a href=\"https:\/\/fr.aleteia.org\/2025\/06\/24\/vianney-apres-la-vie-dartiste-la-vie-dermite\/?utm_medium=email&amp;utm_source=sendgrid&amp;utm_campaign=EM-FR-Newsletter-WeeklySunday-&amp;utm_content=Newsletter&amp;utm_term=20250629\">Aleteia<\/a><\/p>\n<div class=\"Authors_container__Hos5Z\"><a class=\"Authors_link__i66Pa\" href=\"https:\/\/fr.aleteia.org\/author\/marguerite-droulle\/\">Marguerite Droull\u00e9<\/a> &#8211; publi\u00e9 le 24\/06\/25<\/div>\n<div><\/div>\n<div class=\"\">\n<p>Peut-\u00eatre qu\u2019il faut que je sois charpentier pour r\u00e9apprendre \u00e0 devenir chanteur\u00a0\u00bb, a affirm\u00e9 Vianney, le coach de The Voice, \u00e0 ses fans sur son compte <a title=\"\" href=\"https:\/\/www.instagram.com\/reel\/DLP4hq2tKfk\/?utm_source=ig_web_copy_link&amp;igsh=MzRlODBiNWFlZA==\" target=\"_blank\" rel=\"noopener\">Instagram<\/a> ce 23\u00a0juin\u2026 Un petit clin d&rsquo;\u0153il \u00e0 saint Joseph\u00a0? Le chanteur de vari\u00e9t\u00e9 fran\u00e7aise prend une d\u00e9cision radicale. Apr\u00e8s s\u2019\u00eatre produit dans de nombreux projets, il a besoin de calme, de se retirer du monde et de la sc\u00e8ne musicale pour se retrouver et puiser son inspiration en pleine nature.<\/p>\n<\/div>\n<div class=\"Ad_wrapper__B_hxA Ad_inread__uIRMY\">\n<div id=\"infeed_1_desktop\" class=\"adslot\" data-google-query-id=\"CP_k5av_oI4DFW1D9ggdYsEz8g\"><\/div>\n<\/div>\n<p><iframe id=\"instagram-embed-0\" class=\"instagram-media instagram-media-rendered\" src=\"https:\/\/www.instagram.com\/p\/DLP4hq2tKfk\/embed\/?cr=1&amp;v=2&amp;wp=620&amp;rd=https%3A%2F%2Ffr.aleteia.org&amp;rp=%2F2025%2F06%2F24%2Fvianney-apres-la-vie-dartiste-la-vie-dermite%2F%3Futm_medium%3Demail%26utm_source%3Dsendgrid%26utm_campaign%3DEM-FR-Newsletter-WeeklySunday-%26utm_content%3DNewsletter%26utm_term%3D20250629#%7B%22ci%22%3A0%2C%22os%22%3A3969%2C%22ls%22%3A449%2C%22le%22%3A2176%7D\" height=\"983\" frameborder=\"0\" scrolling=\"no\" allowfullscreen=\"allowfullscreen\" data-instgrm-payload-id=\"instagram-media-payload-0\" data-mce-fragment=\"1\"><\/iframe><\/p>\n<div class=\"\">\n<p>\u00ab\u00a0Je veux construire une cabane, un refuge, un endroit o\u00f9 je puisse mettre un piano, un lit, une table que je construise de mes mains surtout\u00a0\u00bb. Un retour aux choses simples pour se concentrer sur l\u2019essentiel et pour retrouver le sens du concret, pour \u00ab\u00a0non plus produire mais construire\u00a0\u00bb. Bien qu\u2019il affirme ne pas y conna\u00eetre grand-chose en construction, c\u2019est pour lui une nouvelle aventure, cette fois-ci plus int\u00e9rieure et spirituelle. Peut-\u00eatre un hommage \u00e0 son grand-p\u00e8re qu\u2019il admirait beaucoup et qu\u2019il \u00e9voque dans une de ses chansons lorsqu\u2019il \u00e9crit \u00ab\u00a0serr\u00e9 tes mains de travailleur\u00a0\u00bb.<\/p>\n<\/div>\n<div class=\"\">\n<p>Revirement inattendu pour le chanteur, qui avait d\u00e9j\u00e0 surpris ses fans, il y a deux ans, lorsqu\u2019il avait annonc\u00e9 qu\u2019il ne se produirait plus en concert pour privil\u00e9gier sa famille. Apr\u00e8s le chant, il a fait quelques pas dans l\u2019univers de la mode, en cr\u00e9ant sa marque de v\u00eatements <em>Vrai. <\/em>\u00c0 pr\u00e9sent, les poutres et les clous deviennent ses nouveaux instruments. Un musicien et p\u00e8re de famille qui a d\u00e9cid\u00e9ment plusieurs cordes \u00e0 sa guitare\u00a0!<\/p>\n<\/div>\n","protected":false},"excerpt":{"rendered":"<p>Source : Aleteia Marguerite Droull\u00e9 &#8211; publi\u00e9 le 24\/06\/25 Peut-\u00eatre qu\u2019il faut que je sois charpentier pour r\u00e9apprendre \u00e0 devenir chanteur\u00a0\u00bb, a affirm\u00e9 Vianney, le coach de The Voice, \u00e0 ses fans sur son compte Instagram ce 23\u00a0juin\u2026 Un petit clin d&rsquo;\u0153il \u00e0 saint Joseph\u00a0? Le chanteur de vari\u00e9t\u00e9 fran\u00e7aise prend une d\u00e9cision radicale. Apr\u00e8s [&hellip;]<\/p>\n","protected":false},"author":1,"featured_media":2406,"comment_status":"closed","ping_status":"open","sticky":false,"template":"","format":"standard","meta":{"ocean_post_layout":"","ocean_both_sidebars_style":"","ocean_both_sidebars_content_width":0,"ocean_both_sidebars_sidebars_width":0,"ocean_sidebar":"0","ocean_second_sidebar":"0","ocean_disable_margins":"enable","ocean_add_body_class":"","ocean_shortcode_before_top_bar":"","ocean_shortcode_after_top_bar":"","ocean_shortcode_before_header":"","ocean_shortcode_after_header":"","ocean_has_shortcode":"","ocean_shortcode_after_title":"","ocean_shortcode_before_footer_widgets":"","ocean_shortcode_after_footer_widgets":"","ocean_shortcode_before_footer_bottom":"","ocean_shortcode_after_footer_bottom":"","ocean_display_top_bar":"default","ocean_display_header":"default","ocean_header_style":"","ocean_center_header_left_menu":"0","ocean_custom_header_template":"0","ocean_custom_logo":0,"ocean_custom_retina_logo":0,"ocean_custom_logo_max_width":0,"ocean_custom_logo_tablet_max_width":0,"ocean_custom_logo_mobile_max_width":0,"ocean_custom_logo_max_height":0,"ocean_custom_logo_tablet_max_height":0,"ocean_custom_logo_mobile_max_height":0,"ocean_header_custom_menu":"0","ocean_menu_typo_font_family":"0","ocean_menu_typo_font_subset":"","ocean_menu_typo_font_size":0,"ocean_menu_typo_font_size_tablet":0,"ocean_menu_typo_font_size_mobile":0,"ocean_menu_typo_font_size_unit":"px","ocean_menu_typo_font_weight":"","ocean_menu_typo_font_weight_tablet":"","ocean_menu_typo_font_weight_mobile":"","ocean_menu_typo_transform":"","ocean_menu_typo_transform_tablet":"","ocean_menu_typo_transform_mobile":"","ocean_menu_typo_line_height":0,"ocean_menu_typo_line_height_tablet":0,"ocean_menu_typo_line_height_mobile":0,"ocean_menu_typo_line_height_unit":"","ocean_menu_typo_spacing":0,"ocean_menu_typo_spacing_tablet":0,"ocean_menu_typo_spacing_mobile":0,"ocean_menu_typo_spacing_unit":"","ocean_menu_link_color":"","ocean_menu_link_color_hover":"","ocean_menu_link_color_active":"","ocean_menu_link_background":"","ocean_menu_link_hover_background":"","ocean_menu_link_active_background":"","ocean_menu_social_links_bg":"","ocean_menu_social_hover_links_bg":"","ocean_menu_social_links_color":"","ocean_menu_social_hover_links_color":"","ocean_disable_title":"default","ocean_disable_heading":"default","ocean_post_title":"","ocean_post_subheading":"","ocean_post_title_style":"","ocean_post_title_background_color":"","ocean_post_title_background":0,"ocean_post_title_bg_image_position":"","ocean_post_title_bg_image_attachment":"","ocean_post_title_bg_image_repeat":"","ocean_post_title_bg_image_size":"","ocean_post_title_height":0,"ocean_post_title_bg_overlay":0.5,"ocean_post_title_bg_overlay_color":"","ocean_disable_breadcrumbs":"default","ocean_breadcrumbs_color":"","ocean_breadcrumbs_separator_color":"","ocean_breadcrumbs_links_color":"","ocean_breadcrumbs_links_hover_color":"","ocean_display_footer_widgets":"default","ocean_display_footer_bottom":"default","ocean_custom_footer_template":"0","ocean_post_oembed":"","ocean_post_self_hosted_media":"","ocean_post_video_embed":"","ocean_link_format":"","ocean_link_format_target":"self","ocean_quote_format":"","ocean_quote_format_link":"post","ocean_gallery_link_images":"on","ocean_gallery_id":[],"footnotes":""},"categories":[1,4],"tags":[],"class_list":["post-2405","post","type-post","status-publish","format-standard","has-post-thumbnail","hentry","category-accueil","category-signes-des-temps","entry","has-media"],"yoast_head":"<!-- This site is optimized with the Yoast SEO plugin v27.4 - https:\/\/yoast.com\/product\/yoast-seo-wordpress\/ -->\n<title>Vianney, apr\u00e8s la vie d\u2019artiste, la vie d\u2019ermite - Communion des refuges du Coeur Immacul\u00e9 de Marie<\/title>\n<meta name=\"description\" content=\"Fini les projecteurs et les paillettes pour Vianney. Apr\u00e8s la vie d\u2019artiste, la vie d\u2019ermite. Le chanteur a annonc\u00e9 qu\u2019il allait construire une cabane dans la for\u00eat, seul et en silence.\" \/>\n<meta name=\"robots\" content=\"index, follow, max-snippet:-1, max-image-preview:large, max-video-preview:-1\" \/>\n<link rel=\"canonical\" href=\"https:\/\/refugesdemarie.fr\/index.php\/2025\/07\/18\/vianney-apres-la-vie-dartiste-la-vie-dermite\/\" \/>\n<meta property=\"og:locale\" content=\"fr_FR\" \/>\n<meta property=\"og:type\" content=\"article\" \/>\n<meta property=\"og:title\" content=\"Vianney, apr\u00e8s la vie d\u2019artiste, la vie d\u2019ermite - Communion des refuges du Coeur Immacul\u00e9 de Marie\" \/>\n<meta property=\"og:description\" content=\"Fini les projecteurs et les paillettes pour Vianney. Apr\u00e8s la vie d\u2019artiste, la vie d\u2019ermite. Le chanteur a annonc\u00e9 qu\u2019il allait construire une cabane dans la for\u00eat, seul et en silence.\" \/>\n<meta property=\"og:url\" content=\"https:\/\/refugesdemarie.fr\/index.php\/2025\/07\/18\/vianney-apres-la-vie-dartiste-la-vie-dermite\/\" \/>\n<meta property=\"og:site_name\" content=\"Communion des refuges du Coeur Immacul\u00e9 de Marie\" \/>\n<meta property=\"article:publisher\" content=\"https:\/\/www.facebook.com\/profile.php?id=100089561384328\" \/>\n<meta property=\"article:author\" content=\"https:\/\/www.facebook.com\/profile.php?id=100089561384328\" \/>\n<meta property=\"article:published_time\" content=\"2025-07-18T15:45:58+00:00\" \/>\n<meta property=\"article:modified_time\" content=\"2026-01-06T16:04:26+00:00\" \/>\n<meta property=\"og:image\" content=\"https:\/\/refugesdemarie.fr\/wp-content\/uploads\/2025\/07\/CHANTEUR-VIANNEY-MUSIQUE.webp\" \/>\n\t<meta property=\"og:image:width\" content=\"620\" \/>\n\t<meta property=\"og:image:height\" content=\"350\" \/>\n\t<meta property=\"og:image:type\" content=\"image\/webp\" \/>\n<meta name=\"author\" content=\"refugesdemarie@gmail.com\" \/>\n<meta name=\"twitter:card\" content=\"summary_large_image\" \/>\n<meta name=\"twitter:label1\" content=\"\u00c9crit par\" \/>\n\t<meta name=\"twitter:data1\" content=\"refugesdemarie@gmail.com\" \/>\n\t<meta name=\"twitter:label2\" content=\"Dur\u00e9e de lecture estim\u00e9e\" \/>\n\t<meta name=\"twitter:data2\" content=\"2 minutes\" \/>\n<script type=\"application\/ld+json\" class=\"yoast-schema-graph\">{\"@context\":\"https:\\\/\\\/schema.org\",\"@graph\":[{\"@type\":\"Article\",\"@id\":\"https:\\\/\\\/refugesdemarie.fr\\\/index.php\\\/2025\\\/07\\\/18\\\/vianney-apres-la-vie-dartiste-la-vie-dermite\\\/#article\",\"isPartOf\":{\"@id\":\"https:\\\/\\\/refugesdemarie.fr\\\/index.php\\\/2025\\\/07\\\/18\\\/vianney-apres-la-vie-dartiste-la-vie-dermite\\\/\"},\"author\":{\"name\":\"refugesdemarie@gmail.com\",\"@id\":\"https:\\\/\\\/refugesdemarie.fr\\\/#\\\/schema\\\/person\\\/3bda0c49569f70f4dcfbe78b7e174b11\"},\"headline\":\"Vianney, apr\u00e8s la vie d\u2019artiste, la vie d\u2019ermite\",\"datePublished\":\"2025-07-18T15:45:58+00:00\",\"dateModified\":\"2026-01-06T16:04:26+00:00\",\"mainEntityOfPage\":{\"@id\":\"https:\\\/\\\/refugesdemarie.fr\\\/index.php\\\/2025\\\/07\\\/18\\\/vianney-apres-la-vie-dartiste-la-vie-dermite\\\/\"},\"wordCount\":291,\"publisher\":{\"@id\":\"https:\\\/\\\/refugesdemarie.fr\\\/#organization\"},\"image\":{\"@id\":\"https:\\\/\\\/refugesdemarie.fr\\\/index.php\\\/2025\\\/07\\\/18\\\/vianney-apres-la-vie-dartiste-la-vie-dermite\\\/#primaryimage\"},\"thumbnailUrl\":\"https:\\\/\\\/refugesdemarie.fr\\\/wp-content\\\/uploads\\\/2025\\\/07\\\/CHANTEUR-VIANNEY-MUSIQUE.webp\",\"articleSection\":[\"Accueil\",\"Signes des temps\"],\"inLanguage\":\"fr-FR\"},{\"@type\":\"WebPage\",\"@id\":\"https:\\\/\\\/refugesdemarie.fr\\\/index.php\\\/2025\\\/07\\\/18\\\/vianney-apres-la-vie-dartiste-la-vie-dermite\\\/\",\"url\":\"https:\\\/\\\/refugesdemarie.fr\\\/index.php\\\/2025\\\/07\\\/18\\\/vianney-apres-la-vie-dartiste-la-vie-dermite\\\/\",\"name\":\"Vianney, apr\u00e8s la vie d\u2019artiste, la vie d\u2019ermite - Communion des refuges du Coeur Immacul\u00e9 de Marie\",\"isPartOf\":{\"@id\":\"https:\\\/\\\/refugesdemarie.fr\\\/#website\"},\"primaryImageOfPage\":{\"@id\":\"https:\\\/\\\/refugesdemarie.fr\\\/index.php\\\/2025\\\/07\\\/18\\\/vianney-apres-la-vie-dartiste-la-vie-dermite\\\/#primaryimage\"},\"image\":{\"@id\":\"https:\\\/\\\/refugesdemarie.fr\\\/index.php\\\/2025\\\/07\\\/18\\\/vianney-apres-la-vie-dartiste-la-vie-dermite\\\/#primaryimage\"},\"thumbnailUrl\":\"https:\\\/\\\/refugesdemarie.fr\\\/wp-content\\\/uploads\\\/2025\\\/07\\\/CHANTEUR-VIANNEY-MUSIQUE.webp\",\"datePublished\":\"2025-07-18T15:45:58+00:00\",\"dateModified\":\"2026-01-06T16:04:26+00:00\",\"description\":\"Fini les projecteurs et les paillettes pour Vianney. Apr\u00e8s la vie d\u2019artiste, la vie d\u2019ermite. Le chanteur a annonc\u00e9 qu\u2019il allait construire une cabane dans la for\u00eat, seul et en silence.\",\"breadcrumb\":{\"@id\":\"https:\\\/\\\/refugesdemarie.fr\\\/index.php\\\/2025\\\/07\\\/18\\\/vianney-apres-la-vie-dartiste-la-vie-dermite\\\/#breadcrumb\"},\"inLanguage\":\"fr-FR\",\"potentialAction\":[{\"@type\":\"ReadAction\",\"target\":[\"https:\\\/\\\/refugesdemarie.fr\\\/index.php\\\/2025\\\/07\\\/18\\\/vianney-apres-la-vie-dartiste-la-vie-dermite\\\/\"]}]},{\"@type\":\"ImageObject\",\"inLanguage\":\"fr-FR\",\"@id\":\"https:\\\/\\\/refugesdemarie.fr\\\/index.php\\\/2025\\\/07\\\/18\\\/vianney-apres-la-vie-dartiste-la-vie-dermite\\\/#primaryimage\",\"url\":\"https:\\\/\\\/refugesdemarie.fr\\\/wp-content\\\/uploads\\\/2025\\\/07\\\/CHANTEUR-VIANNEY-MUSIQUE.webp\",\"contentUrl\":\"https:\\\/\\\/refugesdemarie.fr\\\/wp-content\\\/uploads\\\/2025\\\/07\\\/CHANTEUR-VIANNEY-MUSIQUE.webp\",\"width\":620,\"height\":350},{\"@type\":\"BreadcrumbList\",\"@id\":\"https:\\\/\\\/refugesdemarie.fr\\\/index.php\\\/2025\\\/07\\\/18\\\/vianney-apres-la-vie-dartiste-la-vie-dermite\\\/#breadcrumb\",\"itemListElement\":[{\"@type\":\"ListItem\",\"position\":1,\"name\":\"Accueil\",\"item\":\"https:\\\/\\\/refugesdemarie.fr\\\/\"},{\"@type\":\"ListItem\",\"position\":2,\"name\":\"Vianney, apr\u00e8s la vie d\u2019artiste, la vie d\u2019ermite\"}]},{\"@type\":\"WebSite\",\"@id\":\"https:\\\/\\\/refugesdemarie.fr\\\/#website\",\"url\":\"https:\\\/\\\/refugesdemarie.fr\\\/\",\"name\":\"Communion des refuges du Coeur Immacul\u00e9 de Marie\",\"description\":\"\",\"publisher\":{\"@id\":\"https:\\\/\\\/refugesdemarie.fr\\\/#organization\"},\"potentialAction\":[{\"@type\":\"SearchAction\",\"target\":{\"@type\":\"EntryPoint\",\"urlTemplate\":\"https:\\\/\\\/refugesdemarie.fr\\\/?s={search_term_string}\"},\"query-input\":{\"@type\":\"PropertyValueSpecification\",\"valueRequired\":true,\"valueName\":\"search_term_string\"}}],\"inLanguage\":\"fr-FR\"},{\"@type\":\"Organization\",\"@id\":\"https:\\\/\\\/refugesdemarie.fr\\\/#organization\",\"name\":\"Communion des refuges du Coeur Immacul\u00e9 de Marie\",\"url\":\"https:\\\/\\\/refugesdemarie.fr\\\/\",\"logo\":{\"@type\":\"ImageObject\",\"inLanguage\":\"fr-FR\",\"@id\":\"https:\\\/\\\/refugesdemarie.fr\\\/#\\\/schema\\\/logo\\\/image\\\/\",\"url\":\"https:\\\/\\\/refugesdemarie.fr\\\/wp-content\\\/uploads\\\/2023\\\/01\\\/cropped-Logo-Communion-des-Refuges-6.jpg\",\"contentUrl\":\"https:\\\/\\\/refugesdemarie.fr\\\/wp-content\\\/uploads\\\/2023\\\/01\\\/cropped-Logo-Communion-des-Refuges-6.jpg\",\"width\":1199,\"height\":377,\"caption\":\"Communion des refuges du Coeur Immacul\u00e9 de Marie\"},\"image\":{\"@id\":\"https:\\\/\\\/refugesdemarie.fr\\\/#\\\/schema\\\/logo\\\/image\\\/\"},\"sameAs\":[\"https:\\\/\\\/www.facebook.com\\\/profile.php?id=100089561384328\"]},{\"@type\":\"Person\",\"@id\":\"https:\\\/\\\/refugesdemarie.fr\\\/#\\\/schema\\\/person\\\/3bda0c49569f70f4dcfbe78b7e174b11\",\"name\":\"refugesdemarie@gmail.com\",\"image\":{\"@type\":\"ImageObject\",\"inLanguage\":\"fr-FR\",\"@id\":\"https:\\\/\\\/secure.gravatar.com\\\/avatar\\\/43491e46ee54b6706285b166679fe98aa620b1849d376153f6bc028852c019f7?s=96&d=mm&r=g\",\"url\":\"https:\\\/\\\/secure.gravatar.com\\\/avatar\\\/43491e46ee54b6706285b166679fe98aa620b1849d376153f6bc028852c019f7?s=96&d=mm&r=g\",\"contentUrl\":\"https:\\\/\\\/secure.gravatar.com\\\/avatar\\\/43491e46ee54b6706285b166679fe98aa620b1849d376153f6bc028852c019f7?s=96&d=mm&r=g\",\"caption\":\"refugesdemarie@gmail.com\"},\"sameAs\":[\"https:\\\/\\\/refugesdemarie.fr\",\"https:\\\/\\\/www.facebook.com\\\/profile.php?id=100089561384328\",\"https:\\\/\\\/www.youtube.com\\\/channel\\\/UCXOznkQcnNvuMDGDg11ZPfg\"],\"url\":\"https:\\\/\\\/refugesdemarie.fr\\\/index.php\\\/author\\\/com-coeur-immaculegmail-com\\\/\"}]}<\/script>\n<!-- \/ Yoast SEO plugin. -->","yoast_head_json":{"title":"Vianney, apr\u00e8s la vie d\u2019artiste, la vie d\u2019ermite - Communion des refuges du Coeur Immacul\u00e9 de Marie","description":"Fini les projecteurs et les paillettes pour Vianney. Apr\u00e8s la vie d\u2019artiste, la vie d\u2019ermite. Le chanteur a annonc\u00e9 qu\u2019il allait construire une cabane dans la for\u00eat, seul et en silence.","robots":{"index":"index","follow":"follow","max-snippet":"max-snippet:-1","max-image-preview":"max-image-preview:large","max-video-preview":"max-video-preview:-1"},"canonical":"https:\/\/refugesdemarie.fr\/index.php\/2025\/07\/18\/vianney-apres-la-vie-dartiste-la-vie-dermite\/","og_locale":"fr_FR","og_type":"article","og_title":"Vianney, apr\u00e8s la vie d\u2019artiste, la vie d\u2019ermite - Communion des refuges du Coeur Immacul\u00e9 de Marie","og_description":"Fini les projecteurs et les paillettes pour Vianney. Apr\u00e8s la vie d\u2019artiste, la vie d\u2019ermite. Le chanteur a annonc\u00e9 qu\u2019il allait construire une cabane dans la for\u00eat, seul et en silence.","og_url":"https:\/\/refugesdemarie.fr\/index.php\/2025\/07\/18\/vianney-apres-la-vie-dartiste-la-vie-dermite\/","og_site_name":"Communion des refuges du Coeur Immacul\u00e9 de Marie","article_publisher":"https:\/\/www.facebook.com\/profile.php?id=100089561384328","article_author":"https:\/\/www.facebook.com\/profile.php?id=100089561384328","article_published_time":"2025-07-18T15:45:58+00:00","article_modified_time":"2026-01-06T16:04:26+00:00","og_image":[{"width":620,"height":350,"url":"https:\/\/refugesdemarie.fr\/wp-content\/uploads\/2025\/07\/CHANTEUR-VIANNEY-MUSIQUE.webp","type":"image\/webp"}],"author":"refugesdemarie@gmail.com","twitter_card":"summary_large_image","twitter_misc":{"\u00c9crit par":"refugesdemarie@gmail.com","Dur\u00e9e de lecture estim\u00e9e":"2 minutes"},"schema":{"@context":"https:\/\/schema.org","@graph":[{"@type":"Article","@id":"https:\/\/refugesdemarie.fr\/index.php\/2025\/07\/18\/vianney-apres-la-vie-dartiste-la-vie-dermite\/#article","isPartOf":{"@id":"https:\/\/refugesdemarie.fr\/index.php\/2025\/07\/18\/vianney-apres-la-vie-dartiste-la-vie-dermite\/"},"author":{"name":"refugesdemarie@gmail.com","@id":"https:\/\/refugesdemarie.fr\/#\/schema\/person\/3bda0c49569f70f4dcfbe78b7e174b11"},"headline":"Vianney, apr\u00e8s la vie d\u2019artiste, la vie d\u2019ermite","datePublished":"2025-07-18T15:45:58+00:00","dateModified":"2026-01-06T16:04:26+00:00","mainEntityOfPage":{"@id":"https:\/\/refugesdemarie.fr\/index.php\/2025\/07\/18\/vianney-apres-la-vie-dartiste-la-vie-dermite\/"},"wordCount":291,"publisher":{"@id":"https:\/\/refugesdemarie.fr\/#organization"},"image":{"@id":"https:\/\/refugesdemarie.fr\/index.php\/2025\/07\/18\/vianney-apres-la-vie-dartiste-la-vie-dermite\/#primaryimage"},"thumbnailUrl":"https:\/\/refugesdemarie.fr\/wp-content\/uploads\/2025\/07\/CHANTEUR-VIANNEY-MUSIQUE.webp","articleSection":["Accueil","Signes des temps"],"inLanguage":"fr-FR"},{"@type":"WebPage","@id":"https:\/\/refugesdemarie.fr\/index.php\/2025\/07\/18\/vianney-apres-la-vie-dartiste-la-vie-dermite\/","url":"https:\/\/refugesdemarie.fr\/index.php\/2025\/07\/18\/vianney-apres-la-vie-dartiste-la-vie-dermite\/","name":"Vianney, apr\u00e8s la vie d\u2019artiste, la vie d\u2019ermite - Communion des refuges du Coeur Immacul\u00e9 de Marie","isPartOf":{"@id":"https:\/\/refugesdemarie.fr\/#website"},"primaryImageOfPage":{"@id":"https:\/\/refugesdemarie.fr\/index.php\/2025\/07\/18\/vianney-apres-la-vie-dartiste-la-vie-dermite\/#primaryimage"},"image":{"@id":"https:\/\/refugesdemarie.fr\/index.php\/2025\/07\/18\/vianney-apres-la-vie-dartiste-la-vie-dermite\/#primaryimage"},"thumbnailUrl":"https:\/\/refugesdemarie.fr\/wp-content\/uploads\/2025\/07\/CHANTEUR-VIANNEY-MUSIQUE.webp","datePublished":"2025-07-18T15:45:58+00:00","dateModified":"2026-01-06T16:04:26+00:00","description":"Fini les projecteurs et les paillettes pour Vianney. Apr\u00e8s la vie d\u2019artiste, la vie d\u2019ermite. Le chanteur a annonc\u00e9 qu\u2019il allait construire une cabane dans la for\u00eat, seul et en silence.","breadcrumb":{"@id":"https:\/\/refugesdemarie.fr\/index.php\/2025\/07\/18\/vianney-apres-la-vie-dartiste-la-vie-dermite\/#breadcrumb"},"inLanguage":"fr-FR","potentialAction":[{"@type":"ReadAction","target":["https:\/\/refugesdemarie.fr\/index.php\/2025\/07\/18\/vianney-apres-la-vie-dartiste-la-vie-dermite\/"]}]},{"@type":"ImageObject","inLanguage":"fr-FR","@id":"https:\/\/refugesdemarie.fr\/index.php\/2025\/07\/18\/vianney-apres-la-vie-dartiste-la-vie-dermite\/#primaryimage","url":"https:\/\/refugesdemarie.fr\/wp-content\/uploads\/2025\/07\/CHANTEUR-VIANNEY-MUSIQUE.webp","contentUrl":"https:\/\/refugesdemarie.fr\/wp-content\/uploads\/2025\/07\/CHANTEUR-VIANNEY-MUSIQUE.webp","width":620,"height":350},{"@type":"BreadcrumbList","@id":"https:\/\/refugesdemarie.fr\/index.php\/2025\/07\/18\/vianney-apres-la-vie-dartiste-la-vie-dermite\/#breadcrumb","itemListElement":[{"@type":"ListItem","position":1,"name":"Accueil","item":"https:\/\/refugesdemarie.fr\/"},{"@type":"ListItem","position":2,"name":"Vianney, apr\u00e8s la vie d\u2019artiste, la vie d\u2019ermite"}]},{"@type":"WebSite","@id":"https:\/\/refugesdemarie.fr\/#website","url":"https:\/\/refugesdemarie.fr\/","name":"Communion des refuges du Coeur Immacul\u00e9 de Marie","description":"","publisher":{"@id":"https:\/\/refugesdemarie.fr\/#organization"},"potentialAction":[{"@type":"SearchAction","target":{"@type":"EntryPoint","urlTemplate":"https:\/\/refugesdemarie.fr\/?s={search_term_string}"},"query-input":{"@type":"PropertyValueSpecification","valueRequired":true,"valueName":"search_term_string"}}],"inLanguage":"fr-FR"},{"@type":"Organization","@id":"https:\/\/refugesdemarie.fr\/#organization","name":"Communion des refuges du Coeur Immacul\u00e9 de Marie","url":"https:\/\/refugesdemarie.fr\/","logo":{"@type":"ImageObject","inLanguage":"fr-FR","@id":"https:\/\/refugesdemarie.fr\/#\/schema\/logo\/image\/","url":"https:\/\/refugesdemarie.fr\/wp-content\/uploads\/2023\/01\/cropped-Logo-Communion-des-Refuges-6.jpg","contentUrl":"https:\/\/refugesdemarie.fr\/wp-content\/uploads\/2023\/01\/cropped-Logo-Communion-des-Refuges-6.jpg","width":1199,"height":377,"caption":"Communion des refuges du Coeur Immacul\u00e9 de Marie"},"image":{"@id":"https:\/\/refugesdemarie.fr\/#\/schema\/logo\/image\/"},"sameAs":["https:\/\/www.facebook.com\/profile.php?id=100089561384328"]},{"@type":"Person","@id":"https:\/\/refugesdemarie.fr\/#\/schema\/person\/3bda0c49569f70f4dcfbe78b7e174b11","name":"refugesdemarie@gmail.com","image":{"@type":"ImageObject","inLanguage":"fr-FR","@id":"https:\/\/secure.gravatar.com\/avatar\/43491e46ee54b6706285b166679fe98aa620b1849d376153f6bc028852c019f7?s=96&d=mm&r=g","url":"https:\/\/secure.gravatar.com\/avatar\/43491e46ee54b6706285b166679fe98aa620b1849d376153f6bc028852c019f7?s=96&d=mm&r=g","contentUrl":"https:\/\/secure.gravatar.com\/avatar\/43491e46ee54b6706285b166679fe98aa620b1849d376153f6bc028852c019f7?s=96&d=mm&r=g","caption":"refugesdemarie@gmail.com"},"sameAs":["https:\/\/refugesdemarie.fr","https:\/\/www.facebook.com\/profile.php?id=100089561384328","https:\/\/www.youtube.com\/channel\/UCXOznkQcnNvuMDGDg11ZPfg"],"url":"https:\/\/refugesdemarie.fr\/index.php\/author\/com-coeur-immaculegmail-com\/"}]}},"_links":{"self":[{"href":"https:\/\/refugesdemarie.fr\/index.php\/wp-json\/wp\/v2\/posts\/2405","targetHints":{"allow":["GET"]}}],"collection":[{"href":"https:\/\/refugesdemarie.fr\/index.php\/wp-json\/wp\/v2\/posts"}],"about":[{"href":"https:\/\/refugesdemarie.fr\/index.php\/wp-json\/wp\/v2\/types\/post"}],"author":[{"embeddable":true,"href":"https:\/\/refugesdemarie.fr\/index.php\/wp-json\/wp\/v2\/users\/1"}],"replies":[{"embeddable":true,"href":"https:\/\/refugesdemarie.fr\/index.php\/wp-json\/wp\/v2\/comments?post=2405"}],"version-history":[{"count":1,"href":"https:\/\/refugesdemarie.fr\/index.php\/wp-json\/wp\/v2\/posts\/2405\/revisions"}],"predecessor-version":[{"id":2407,"href":"https:\/\/refugesdemarie.fr\/index.php\/wp-json\/wp\/v2\/posts\/2405\/revisions\/2407"}],"wp:featuredmedia":[{"embeddable":true,"href":"https:\/\/refugesdemarie.fr\/index.php\/wp-json\/wp\/v2\/media\/2406"}],"wp:attachment":[{"href":"https:\/\/refugesdemarie.fr\/index.php\/wp-json\/wp\/v2\/media?parent=2405"}],"wp:term":[{"taxonomy":"category","embeddable":true,"href":"https:\/\/refugesdemarie.fr\/index.php\/wp-json\/wp\/v2\/categories?post=2405"},{"taxonomy":"post_tag","embeddable":true,"href":"https:\/\/refugesdemarie.fr\/index.php\/wp-json\/wp\/v2\/tags?post=2405"}],"curies":[{"name":"wp","href":"https:\/\/api.w.org\/{rel}","templated":true}]}}