{"id":2605,"date":"2025-10-10T15:40:46","date_gmt":"2025-10-10T15:40:46","guid":{"rendered":"https:\/\/refugesdemarie.fr\/?p=2605"},"modified":"2026-01-06T16:03:59","modified_gmt":"2026-01-06T16:03:59","slug":"le-president-donald-trump-marque-la-fete-de-saint-michel-archange-par-un-message-solennel","status":"publish","type":"post","link":"https:\/\/refugesdemarie.fr\/index.php\/2025\/10\/10\/le-president-donald-trump-marque-la-fete-de-saint-michel-archange-par-un-message-solennel\/","title":{"rendered":"Le pr\u00e9sident Donald Trump marque la f\u00eate de Saint Michel Archange par un message solennel"},"content":{"rendered":"<div class=\"pdfprnt-buttons pdfprnt-buttons-post pdfprnt-top-right\"><a href=\"https:\/\/refugesdemarie.fr\/index.php\/wp-json\/wp\/v2\/posts\/2605?print=print\" class=\"pdfprnt-button pdfprnt-button-print\" target=\"_blank\" ><img decoding=\"async\" src=\"https:\/\/refugesdemarie.fr\/wp-content\/plugins\/pdf-print\/images\/print.png\" alt=\"image_print\" title=\"Contenu imprim\u00e9\" \/><\/a><\/div><p>Source : <a href=\"https:\/\/tribunechretienne.com\/le-president-donald-trump-marque-la-fete-de-saint-michel-archange-par-un-message-solennel\/\">Tribune chr\u00e9tienne<\/a><\/p>\n<div class=\"has_eae_slider elementor-element elementor-element-f5d1c1c e-con-full e-flex e-con e-child\" data-eae-slider=\"22463\" data-id=\"f5d1c1c\" data-element_type=\"container\" data-settings=\"{&quot;background_background&quot;:&quot;classic&quot;}\">\n<div class=\"has_eae_slider elementor-element elementor-element-664bdc8b e-con-full e-flex e-con e-child\" data-eae-slider=\"82099\" data-id=\"664bdc8b\" data-element_type=\"container\" data-settings=\"{&quot;background_background&quot;:&quot;classic&quot;}\">\n<div class=\"elementor-element elementor-element-eeae7a1 elementor-widget elementor-widget-theme-post-excerpt\" data-id=\"eeae7a1\" data-element_type=\"widget\" data-widget_type=\"theme-post-excerpt.default\">\n<div class=\"elementor-widget-container\">En choisissant de mettre en avant la pri\u00e8re \u00e0 saint Michel, le pr\u00e9sident Donald Trump manifeste une volont\u00e9 claire de rappeler le r\u00f4le central de la foi chr\u00e9tienne dans la vie publique am\u00e9ricaine<\/div>\n<\/div>\n<div class=\"elementor-element elementor-element-761904b9 elementor-widget elementor-widget-theme-post-content\" data-id=\"761904b9\" data-element_type=\"widget\" data-widget_type=\"theme-post-content.default\">\n<div class=\"elementor-widget-container\">\n<p>\u00c0 l\u2019occasion de la f\u00eate de Saint Michel Archange, c\u00e9l\u00e9br\u00e9e le 29 septembre, le pr\u00e9sident des \u00c9tats-Unis, Donald Trump, a adress\u00e9 un message fort aux chr\u00e9tiens am\u00e9ricains et au monde entier. Dans une publication diffus\u00e9e sur ses r\u00e9seaux, il a salu\u00e9 <em>\u00ab les millions de croyants chr\u00e9tiens aux \u00c9tats-Unis et \u00e0 travers le monde qui observent la f\u00eate de Saint Michel Archange \u00bb. <\/em>Le pr\u00e9sident Trump a repris l\u2019une des pri\u00e8res les plus c\u00e9l\u00e8bres de la tradition catholique, la pri\u00e8re \u00e0 Saint Michel, invoquant la protection du Prince des arm\u00e9es c\u00e9lestes contre les forces du mal :<\/p>\n<blockquote class=\"wp-block-quote is-layout-flow wp-block-quote-is-layout-flow\"><p><em>\u00ab Saint Michel Archange, d\u00e9fendez-nous dans le combat. Soyez notre secours contre la malice et les emb\u00fbches du d\u00e9mon. Que Dieu exerce sur lui son empire, nous le demandons en suppliant. Et vous, Prince de la milice c\u00e9leste, repoussez en enfer, par la force divine, Satan et les autres esprits mauvais qui r\u00f4dent dans le monde pour la perte des \u00e2mes. Amen. \u00bb<\/em><\/p>\n<figure class=\"wp-block-image aligncenter size-full is-resized\"><img fetchpriority=\"high\" decoding=\"async\" class=\"wp-image-91950 entered lazyloaded\" src=\"https:\/\/tribunechretienne.com\/wp-content\/uploads\/2025\/09\/image-71.png\" sizes=\"(max-width: 646px) 100vw, 646px\" srcset=\"https:\/\/tribunechretienne.com\/wp-content\/uploads\/2025\/09\/image-71.png 646w, https:\/\/tribunechretienne.com\/wp-content\/uploads\/2025\/09\/image-71-300x300.png 300w, https:\/\/tribunechretienne.com\/wp-content\/uploads\/2025\/09\/image-71-150x150.png 150w\" alt=\"\" width=\"646\" height=\"646\" data-lazy-srcset=\"https:\/\/tribunechretienne.com\/wp-content\/uploads\/2025\/09\/image-71.png 646w, https:\/\/tribunechretienne.com\/wp-content\/uploads\/2025\/09\/image-71-300x300.png 300w, https:\/\/tribunechretienne.com\/wp-content\/uploads\/2025\/09\/image-71-150x150.png 150w\" data-lazy-sizes=\"(max-width: 646px) 100vw, 646px\" data-lazy-src=\"https:\/\/tribunechretienne.com\/wp-content\/uploads\/2025\/09\/image-71.png\" data-ll-status=\"loaded\" \/><figcaption class=\"wp-element-caption\">Message de Donald Trump<\/figcaption><\/figure>\n<\/blockquote>\n<p>Cette pri\u00e8re, compos\u00e9e au XIXe si\u00e8cle par le pape L\u00e9on XIII, occupe une place particuli\u00e8re dans la spiritualit\u00e9 catholique, en raison de son caract\u00e8re combatif et de son appel direct \u00e0 l\u2019intercession de l\u2019archange Michel.<\/p>\n<p>Saint Michel est l\u2019un des trois archanges mentionn\u00e9s dans la Bible, avec Gabriel et Rapha\u00ebl. Son nom signifie <em>\u00ab Qui est comme Dieu ? \u00bb<\/em>, une question qui exprime sa fid\u00e9lit\u00e9 absolue au Cr\u00e9ateur face \u00e0 la r\u00e9bellion de Lucifer. Saint Michel est d\u00e9crit dans l\u2019Apocalypse comme le chef des arm\u00e9es c\u00e9lestes qui combat le dragon, c\u2019est-\u00e0-dire Satan, et le pr\u00e9cipite hors du ciel (Ap 12, 7-9).Il est reconnu par l\u2019\u00c9glise comme protecteur du peuple de Dieu, d\u00e9fenseur de la v\u00e9rit\u00e9 et de la justice, et vainqueur des forces des t\u00e9n\u00e8bres. Patron des policiers, des militaires et de tous ceux qui luttent contre le mal, il est invoqu\u00e9 pour la protection de l\u2019\u00c9glise et des fid\u00e8les face aux attaques spirituelles.<\/p>\n<div class=\"code-block code-block-3\">En choisissant de mettre en avant la pri\u00e8re \u00e0 saint Michel, le pr\u00e9sident Donald Trump manifeste une volont\u00e9 claire de rappeler le r\u00f4le central de la foi chr\u00e9tienne dans la vie publique am\u00e9ricaine. Ce geste symbolique fort souligne l\u2019importance des racines spirituelles de la nation et l\u2019appel \u00e0 d\u00e9fendre les valeurs fondamentales face aux menaces spirituelles et id\u00e9ologiques.L\u2019invocation de saint Michel d\u00e9passe le cadre politique pour s\u2019inscrire dans une perspective universelle. Elle rappelle que la bataille contre le mal est avant tout spirituelle et concerne l\u2019humanit\u00e9 enti\u00e8re.En r\u00e9affirmant publiquement cette pri\u00e8re, Donald Trump invite les fid\u00e8les \u00e0 s\u2019unir dans la foi et la pri\u00e8re, rappelant que la v\u00e9ritable victoire ne se gagne pas seulement par la force des institutions humaines, mais avant tout par la puissance de Dieu et l\u2019intercession des saints protecteurs.<\/div>\n<\/div>\n<\/div>\n<\/div>\n<\/div>\n","protected":false},"excerpt":{"rendered":"<p>Source : Tribune chr\u00e9tienne En choisissant de mettre en avant la pri\u00e8re \u00e0 saint Michel, le pr\u00e9sident Donald Trump manifeste une volont\u00e9 claire de rappeler le r\u00f4le central de la foi chr\u00e9tienne dans la vie publique am\u00e9ricaine \u00c0 l\u2019occasion de la f\u00eate de Saint Michel Archange, c\u00e9l\u00e9br\u00e9e le 29 septembre, le pr\u00e9sident des \u00c9tats-Unis, Donald [&hellip;]<\/p>\n","protected":false},"author":1,"featured_media":2606,"comment_status":"closed","ping_status":"open","sticky":false,"template":"","format":"standard","meta":{"ocean_post_layout":"","ocean_both_sidebars_style":"","ocean_both_sidebars_content_width":0,"ocean_both_sidebars_sidebars_width":0,"ocean_sidebar":"0","ocean_second_sidebar":"0","ocean_disable_margins":"enable","ocean_add_body_class":"","ocean_shortcode_before_top_bar":"","ocean_shortcode_after_top_bar":"","ocean_shortcode_before_header":"","ocean_shortcode_after_header":"","ocean_has_shortcode":"","ocean_shortcode_after_title":"","ocean_shortcode_before_footer_widgets":"","ocean_shortcode_after_footer_widgets":"","ocean_shortcode_before_footer_bottom":"","ocean_shortcode_after_footer_bottom":"","ocean_display_top_bar":"default","ocean_display_header":"default","ocean_header_style":"","ocean_center_header_left_menu":"0","ocean_custom_header_template":"0","ocean_custom_logo":0,"ocean_custom_retina_logo":0,"ocean_custom_logo_max_width":0,"ocean_custom_logo_tablet_max_width":0,"ocean_custom_logo_mobile_max_width":0,"ocean_custom_logo_max_height":0,"ocean_custom_logo_tablet_max_height":0,"ocean_custom_logo_mobile_max_height":0,"ocean_header_custom_menu":"0","ocean_menu_typo_font_family":"0","ocean_menu_typo_font_subset":"","ocean_menu_typo_font_size":0,"ocean_menu_typo_font_size_tablet":0,"ocean_menu_typo_font_size_mobile":0,"ocean_menu_typo_font_size_unit":"px","ocean_menu_typo_font_weight":"","ocean_menu_typo_font_weight_tablet":"","ocean_menu_typo_font_weight_mobile":"","ocean_menu_typo_transform":"","ocean_menu_typo_transform_tablet":"","ocean_menu_typo_transform_mobile":"","ocean_menu_typo_line_height":0,"ocean_menu_typo_line_height_tablet":0,"ocean_menu_typo_line_height_mobile":0,"ocean_menu_typo_line_height_unit":"","ocean_menu_typo_spacing":0,"ocean_menu_typo_spacing_tablet":0,"ocean_menu_typo_spacing_mobile":0,"ocean_menu_typo_spacing_unit":"","ocean_menu_link_color":"","ocean_menu_link_color_hover":"","ocean_menu_link_color_active":"","ocean_menu_link_background":"","ocean_menu_link_hover_background":"","ocean_menu_link_active_background":"","ocean_menu_social_links_bg":"","ocean_menu_social_hover_links_bg":"","ocean_menu_social_links_color":"","ocean_menu_social_hover_links_color":"","ocean_disable_title":"default","ocean_disable_heading":"default","ocean_post_title":"","ocean_post_subheading":"","ocean_post_title_style":"","ocean_post_title_background_color":"","ocean_post_title_background":0,"ocean_post_title_bg_image_position":"","ocean_post_title_bg_image_attachment":"","ocean_post_title_bg_image_repeat":"","ocean_post_title_bg_image_size":"","ocean_post_title_height":0,"ocean_post_title_bg_overlay":0.5,"ocean_post_title_bg_overlay_color":"","ocean_disable_breadcrumbs":"default","ocean_breadcrumbs_color":"","ocean_breadcrumbs_separator_color":"","ocean_breadcrumbs_links_color":"","ocean_breadcrumbs_links_hover_color":"","ocean_display_footer_widgets":"default","ocean_display_footer_bottom":"default","ocean_custom_footer_template":"0","ocean_post_oembed":"","ocean_post_self_hosted_media":"","ocean_post_video_embed":"","ocean_link_format":"","ocean_link_format_target":"self","ocean_quote_format":"","ocean_quote_format_link":"post","ocean_gallery_link_images":"on","ocean_gallery_id":[],"footnotes":""},"categories":[4],"tags":[],"class_list":["post-2605","post","type-post","status-publish","format-standard","has-post-thumbnail","hentry","category-signes-des-temps","entry","has-media"],"yoast_head":"<!-- This site is optimized with the Yoast SEO plugin v27.4 - https:\/\/yoast.com\/product\/yoast-seo-wordpress\/ -->\n<title>Le pr\u00e9sident Donald Trump marque la f\u00eate de Saint Michel Archange par un message solennel - Communion des refuges du Coeur Immacul\u00e9 de Marie<\/title>\n<meta name=\"description\" content=\"\u00c0 l\u2019occasion de la f\u00eate de Saint Michel Archange, Donald Trump, a adress\u00e9 un message fort aux chr\u00e9tiens am\u00e9ricains et au monde entier.\" \/>\n<meta name=\"robots\" content=\"index, follow, max-snippet:-1, max-image-preview:large, max-video-preview:-1\" \/>\n<link rel=\"canonical\" href=\"https:\/\/refugesdemarie.fr\/index.php\/2025\/10\/10\/le-president-donald-trump-marque-la-fete-de-saint-michel-archange-par-un-message-solennel\/\" \/>\n<meta property=\"og:locale\" content=\"fr_FR\" \/>\n<meta property=\"og:type\" content=\"article\" \/>\n<meta property=\"og:title\" content=\"Le pr\u00e9sident Donald Trump marque la f\u00eate de Saint Michel Archange par un message solennel - Communion des refuges du Coeur Immacul\u00e9 de Marie\" \/>\n<meta property=\"og:description\" content=\"\u00c0 l\u2019occasion de la f\u00eate de Saint Michel Archange, Donald Trump, a adress\u00e9 un message fort aux chr\u00e9tiens am\u00e9ricains et au monde entier.\" \/>\n<meta property=\"og:url\" content=\"https:\/\/refugesdemarie.fr\/index.php\/2025\/10\/10\/le-president-donald-trump-marque-la-fete-de-saint-michel-archange-par-un-message-solennel\/\" \/>\n<meta property=\"og:site_name\" content=\"Communion des refuges du Coeur Immacul\u00e9 de Marie\" \/>\n<meta property=\"article:publisher\" content=\"https:\/\/www.facebook.com\/profile.php?id=100089561384328\" \/>\n<meta property=\"article:author\" content=\"https:\/\/www.facebook.com\/profile.php?id=100089561384328\" \/>\n<meta property=\"article:published_time\" content=\"2025-10-10T15:40:46+00:00\" \/>\n<meta property=\"article:modified_time\" content=\"2026-01-06T16:03:59+00:00\" \/>\n<meta property=\"og:image\" content=\"https:\/\/refugesdemarie.fr\/wp-content\/uploads\/2025\/10\/DT-1-1024x726.png\" \/>\n\t<meta property=\"og:image:width\" content=\"1024\" \/>\n\t<meta property=\"og:image:height\" content=\"726\" \/>\n\t<meta property=\"og:image:type\" content=\"image\/png\" \/>\n<meta name=\"author\" content=\"refugesdemarie@gmail.com\" \/>\n<meta name=\"twitter:card\" content=\"summary_large_image\" \/>\n<meta name=\"twitter:label1\" content=\"\u00c9crit par\" \/>\n\t<meta name=\"twitter:data1\" content=\"refugesdemarie@gmail.com\" \/>\n\t<meta name=\"twitter:label2\" content=\"Dur\u00e9e de lecture estim\u00e9e\" \/>\n\t<meta name=\"twitter:data2\" content=\"3 minutes\" \/>\n<script type=\"application\/ld+json\" class=\"yoast-schema-graph\">{\"@context\":\"https:\\\/\\\/schema.org\",\"@graph\":[{\"@type\":\"Article\",\"@id\":\"https:\\\/\\\/refugesdemarie.fr\\\/index.php\\\/2025\\\/10\\\/10\\\/le-president-donald-trump-marque-la-fete-de-saint-michel-archange-par-un-message-solennel\\\/#article\",\"isPartOf\":{\"@id\":\"https:\\\/\\\/refugesdemarie.fr\\\/index.php\\\/2025\\\/10\\\/10\\\/le-president-donald-trump-marque-la-fete-de-saint-michel-archange-par-un-message-solennel\\\/\"},\"author\":{\"name\":\"refugesdemarie@gmail.com\",\"@id\":\"https:\\\/\\\/refugesdemarie.fr\\\/#\\\/schema\\\/person\\\/3bda0c49569f70f4dcfbe78b7e174b11\"},\"headline\":\"Le pr\u00e9sident Donald Trump marque la f\u00eate de Saint Michel Archange par un message solennel\",\"datePublished\":\"2025-10-10T15:40:46+00:00\",\"dateModified\":\"2026-01-06T16:03:59+00:00\",\"mainEntityOfPage\":{\"@id\":\"https:\\\/\\\/refugesdemarie.fr\\\/index.php\\\/2025\\\/10\\\/10\\\/le-president-donald-trump-marque-la-fete-de-saint-michel-archange-par-un-message-solennel\\\/\"},\"wordCount\":569,\"publisher\":{\"@id\":\"https:\\\/\\\/refugesdemarie.fr\\\/#organization\"},\"image\":{\"@id\":\"https:\\\/\\\/refugesdemarie.fr\\\/index.php\\\/2025\\\/10\\\/10\\\/le-president-donald-trump-marque-la-fete-de-saint-michel-archange-par-un-message-solennel\\\/#primaryimage\"},\"thumbnailUrl\":\"https:\\\/\\\/refugesdemarie.fr\\\/wp-content\\\/uploads\\\/2025\\\/10\\\/DT-1.png\",\"articleSection\":[\"Signes des temps\"],\"inLanguage\":\"fr-FR\"},{\"@type\":\"WebPage\",\"@id\":\"https:\\\/\\\/refugesdemarie.fr\\\/index.php\\\/2025\\\/10\\\/10\\\/le-president-donald-trump-marque-la-fete-de-saint-michel-archange-par-un-message-solennel\\\/\",\"url\":\"https:\\\/\\\/refugesdemarie.fr\\\/index.php\\\/2025\\\/10\\\/10\\\/le-president-donald-trump-marque-la-fete-de-saint-michel-archange-par-un-message-solennel\\\/\",\"name\":\"Le pr\u00e9sident Donald Trump marque la f\u00eate de Saint Michel Archange par un message solennel - Communion des refuges du Coeur Immacul\u00e9 de Marie\",\"isPartOf\":{\"@id\":\"https:\\\/\\\/refugesdemarie.fr\\\/#website\"},\"primaryImageOfPage\":{\"@id\":\"https:\\\/\\\/refugesdemarie.fr\\\/index.php\\\/2025\\\/10\\\/10\\\/le-president-donald-trump-marque-la-fete-de-saint-michel-archange-par-un-message-solennel\\\/#primaryimage\"},\"image\":{\"@id\":\"https:\\\/\\\/refugesdemarie.fr\\\/index.php\\\/2025\\\/10\\\/10\\\/le-president-donald-trump-marque-la-fete-de-saint-michel-archange-par-un-message-solennel\\\/#primaryimage\"},\"thumbnailUrl\":\"https:\\\/\\\/refugesdemarie.fr\\\/wp-content\\\/uploads\\\/2025\\\/10\\\/DT-1.png\",\"datePublished\":\"2025-10-10T15:40:46+00:00\",\"dateModified\":\"2026-01-06T16:03:59+00:00\",\"description\":\"\u00c0 l\u2019occasion de la f\u00eate de Saint Michel Archange, Donald Trump, a adress\u00e9 un message fort aux chr\u00e9tiens am\u00e9ricains et au monde entier.\",\"breadcrumb\":{\"@id\":\"https:\\\/\\\/refugesdemarie.fr\\\/index.php\\\/2025\\\/10\\\/10\\\/le-president-donald-trump-marque-la-fete-de-saint-michel-archange-par-un-message-solennel\\\/#breadcrumb\"},\"inLanguage\":\"fr-FR\",\"potentialAction\":[{\"@type\":\"ReadAction\",\"target\":[\"https:\\\/\\\/refugesdemarie.fr\\\/index.php\\\/2025\\\/10\\\/10\\\/le-president-donald-trump-marque-la-fete-de-saint-michel-archange-par-un-message-solennel\\\/\"]}]},{\"@type\":\"ImageObject\",\"inLanguage\":\"fr-FR\",\"@id\":\"https:\\\/\\\/refugesdemarie.fr\\\/index.php\\\/2025\\\/10\\\/10\\\/le-president-donald-trump-marque-la-fete-de-saint-michel-archange-par-un-message-solennel\\\/#primaryimage\",\"url\":\"https:\\\/\\\/refugesdemarie.fr\\\/wp-content\\\/uploads\\\/2025\\\/10\\\/DT-1.png\",\"contentUrl\":\"https:\\\/\\\/refugesdemarie.fr\\\/wp-content\\\/uploads\\\/2025\\\/10\\\/DT-1.png\",\"width\":1748,\"height\":1240},{\"@type\":\"BreadcrumbList\",\"@id\":\"https:\\\/\\\/refugesdemarie.fr\\\/index.php\\\/2025\\\/10\\\/10\\\/le-president-donald-trump-marque-la-fete-de-saint-michel-archange-par-un-message-solennel\\\/#breadcrumb\",\"itemListElement\":[{\"@type\":\"ListItem\",\"position\":1,\"name\":\"Accueil\",\"item\":\"https:\\\/\\\/refugesdemarie.fr\\\/\"},{\"@type\":\"ListItem\",\"position\":2,\"name\":\"Le pr\u00e9sident Donald Trump marque la f\u00eate de Saint Michel Archange par un message solennel\"}]},{\"@type\":\"WebSite\",\"@id\":\"https:\\\/\\\/refugesdemarie.fr\\\/#website\",\"url\":\"https:\\\/\\\/refugesdemarie.fr\\\/\",\"name\":\"Communion des refuges du Coeur Immacul\u00e9 de Marie\",\"description\":\"\",\"publisher\":{\"@id\":\"https:\\\/\\\/refugesdemarie.fr\\\/#organization\"},\"potentialAction\":[{\"@type\":\"SearchAction\",\"target\":{\"@type\":\"EntryPoint\",\"urlTemplate\":\"https:\\\/\\\/refugesdemarie.fr\\\/?s={search_term_string}\"},\"query-input\":{\"@type\":\"PropertyValueSpecification\",\"valueRequired\":true,\"valueName\":\"search_term_string\"}}],\"inLanguage\":\"fr-FR\"},{\"@type\":\"Organization\",\"@id\":\"https:\\\/\\\/refugesdemarie.fr\\\/#organization\",\"name\":\"Communion des refuges du Coeur Immacul\u00e9 de Marie\",\"url\":\"https:\\\/\\\/refugesdemarie.fr\\\/\",\"logo\":{\"@type\":\"ImageObject\",\"inLanguage\":\"fr-FR\",\"@id\":\"https:\\\/\\\/refugesdemarie.fr\\\/#\\\/schema\\\/logo\\\/image\\\/\",\"url\":\"https:\\\/\\\/refugesdemarie.fr\\\/wp-content\\\/uploads\\\/2023\\\/01\\\/cropped-Logo-Communion-des-Refuges-6.jpg\",\"contentUrl\":\"https:\\\/\\\/refugesdemarie.fr\\\/wp-content\\\/uploads\\\/2023\\\/01\\\/cropped-Logo-Communion-des-Refuges-6.jpg\",\"width\":1199,\"height\":377,\"caption\":\"Communion des refuges du Coeur Immacul\u00e9 de Marie\"},\"image\":{\"@id\":\"https:\\\/\\\/refugesdemarie.fr\\\/#\\\/schema\\\/logo\\\/image\\\/\"},\"sameAs\":[\"https:\\\/\\\/www.facebook.com\\\/profile.php?id=100089561384328\"]},{\"@type\":\"Person\",\"@id\":\"https:\\\/\\\/refugesdemarie.fr\\\/#\\\/schema\\\/person\\\/3bda0c49569f70f4dcfbe78b7e174b11\",\"name\":\"refugesdemarie@gmail.com\",\"image\":{\"@type\":\"ImageObject\",\"inLanguage\":\"fr-FR\",\"@id\":\"https:\\\/\\\/secure.gravatar.com\\\/avatar\\\/43491e46ee54b6706285b166679fe98aa620b1849d376153f6bc028852c019f7?s=96&d=mm&r=g\",\"url\":\"https:\\\/\\\/secure.gravatar.com\\\/avatar\\\/43491e46ee54b6706285b166679fe98aa620b1849d376153f6bc028852c019f7?s=96&d=mm&r=g\",\"contentUrl\":\"https:\\\/\\\/secure.gravatar.com\\\/avatar\\\/43491e46ee54b6706285b166679fe98aa620b1849d376153f6bc028852c019f7?s=96&d=mm&r=g\",\"caption\":\"refugesdemarie@gmail.com\"},\"sameAs\":[\"https:\\\/\\\/refugesdemarie.fr\",\"https:\\\/\\\/www.facebook.com\\\/profile.php?id=100089561384328\",\"https:\\\/\\\/www.youtube.com\\\/channel\\\/UCXOznkQcnNvuMDGDg11ZPfg\"],\"url\":\"https:\\\/\\\/refugesdemarie.fr\\\/index.php\\\/author\\\/com-coeur-immaculegmail-com\\\/\"}]}<\/script>\n<!-- \/ Yoast SEO plugin. -->","yoast_head_json":{"title":"Le pr\u00e9sident Donald Trump marque la f\u00eate de Saint Michel Archange par un message solennel - Communion des refuges du Coeur Immacul\u00e9 de Marie","description":"\u00c0 l\u2019occasion de la f\u00eate de Saint Michel Archange, Donald Trump, a adress\u00e9 un message fort aux chr\u00e9tiens am\u00e9ricains et au monde entier.","robots":{"index":"index","follow":"follow","max-snippet":"max-snippet:-1","max-image-preview":"max-image-preview:large","max-video-preview":"max-video-preview:-1"},"canonical":"https:\/\/refugesdemarie.fr\/index.php\/2025\/10\/10\/le-president-donald-trump-marque-la-fete-de-saint-michel-archange-par-un-message-solennel\/","og_locale":"fr_FR","og_type":"article","og_title":"Le pr\u00e9sident Donald Trump marque la f\u00eate de Saint Michel Archange par un message solennel - Communion des refuges du Coeur Immacul\u00e9 de Marie","og_description":"\u00c0 l\u2019occasion de la f\u00eate de Saint Michel Archange, Donald Trump, a adress\u00e9 un message fort aux chr\u00e9tiens am\u00e9ricains et au monde entier.","og_url":"https:\/\/refugesdemarie.fr\/index.php\/2025\/10\/10\/le-president-donald-trump-marque-la-fete-de-saint-michel-archange-par-un-message-solennel\/","og_site_name":"Communion des refuges du Coeur Immacul\u00e9 de Marie","article_publisher":"https:\/\/www.facebook.com\/profile.php?id=100089561384328","article_author":"https:\/\/www.facebook.com\/profile.php?id=100089561384328","article_published_time":"2025-10-10T15:40:46+00:00","article_modified_time":"2026-01-06T16:03:59+00:00","og_image":[{"width":1024,"height":726,"url":"https:\/\/refugesdemarie.fr\/wp-content\/uploads\/2025\/10\/DT-1-1024x726.png","type":"image\/png"}],"author":"refugesdemarie@gmail.com","twitter_card":"summary_large_image","twitter_misc":{"\u00c9crit par":"refugesdemarie@gmail.com","Dur\u00e9e de lecture estim\u00e9e":"3 minutes"},"schema":{"@context":"https:\/\/schema.org","@graph":[{"@type":"Article","@id":"https:\/\/refugesdemarie.fr\/index.php\/2025\/10\/10\/le-president-donald-trump-marque-la-fete-de-saint-michel-archange-par-un-message-solennel\/#article","isPartOf":{"@id":"https:\/\/refugesdemarie.fr\/index.php\/2025\/10\/10\/le-president-donald-trump-marque-la-fete-de-saint-michel-archange-par-un-message-solennel\/"},"author":{"name":"refugesdemarie@gmail.com","@id":"https:\/\/refugesdemarie.fr\/#\/schema\/person\/3bda0c49569f70f4dcfbe78b7e174b11"},"headline":"Le pr\u00e9sident Donald Trump marque la f\u00eate de Saint Michel Archange par un message solennel","datePublished":"2025-10-10T15:40:46+00:00","dateModified":"2026-01-06T16:03:59+00:00","mainEntityOfPage":{"@id":"https:\/\/refugesdemarie.fr\/index.php\/2025\/10\/10\/le-president-donald-trump-marque-la-fete-de-saint-michel-archange-par-un-message-solennel\/"},"wordCount":569,"publisher":{"@id":"https:\/\/refugesdemarie.fr\/#organization"},"image":{"@id":"https:\/\/refugesdemarie.fr\/index.php\/2025\/10\/10\/le-president-donald-trump-marque-la-fete-de-saint-michel-archange-par-un-message-solennel\/#primaryimage"},"thumbnailUrl":"https:\/\/refugesdemarie.fr\/wp-content\/uploads\/2025\/10\/DT-1.png","articleSection":["Signes des temps"],"inLanguage":"fr-FR"},{"@type":"WebPage","@id":"https:\/\/refugesdemarie.fr\/index.php\/2025\/10\/10\/le-president-donald-trump-marque-la-fete-de-saint-michel-archange-par-un-message-solennel\/","url":"https:\/\/refugesdemarie.fr\/index.php\/2025\/10\/10\/le-president-donald-trump-marque-la-fete-de-saint-michel-archange-par-un-message-solennel\/","name":"Le pr\u00e9sident Donald Trump marque la f\u00eate de Saint Michel Archange par un message solennel - Communion des refuges du Coeur Immacul\u00e9 de Marie","isPartOf":{"@id":"https:\/\/refugesdemarie.fr\/#website"},"primaryImageOfPage":{"@id":"https:\/\/refugesdemarie.fr\/index.php\/2025\/10\/10\/le-president-donald-trump-marque-la-fete-de-saint-michel-archange-par-un-message-solennel\/#primaryimage"},"image":{"@id":"https:\/\/refugesdemarie.fr\/index.php\/2025\/10\/10\/le-president-donald-trump-marque-la-fete-de-saint-michel-archange-par-un-message-solennel\/#primaryimage"},"thumbnailUrl":"https:\/\/refugesdemarie.fr\/wp-content\/uploads\/2025\/10\/DT-1.png","datePublished":"2025-10-10T15:40:46+00:00","dateModified":"2026-01-06T16:03:59+00:00","description":"\u00c0 l\u2019occasion de la f\u00eate de Saint Michel Archange, Donald Trump, a adress\u00e9 un message fort aux chr\u00e9tiens am\u00e9ricains et au monde entier.","breadcrumb":{"@id":"https:\/\/refugesdemarie.fr\/index.php\/2025\/10\/10\/le-president-donald-trump-marque-la-fete-de-saint-michel-archange-par-un-message-solennel\/#breadcrumb"},"inLanguage":"fr-FR","potentialAction":[{"@type":"ReadAction","target":["https:\/\/refugesdemarie.fr\/index.php\/2025\/10\/10\/le-president-donald-trump-marque-la-fete-de-saint-michel-archange-par-un-message-solennel\/"]}]},{"@type":"ImageObject","inLanguage":"fr-FR","@id":"https:\/\/refugesdemarie.fr\/index.php\/2025\/10\/10\/le-president-donald-trump-marque-la-fete-de-saint-michel-archange-par-un-message-solennel\/#primaryimage","url":"https:\/\/refugesdemarie.fr\/wp-content\/uploads\/2025\/10\/DT-1.png","contentUrl":"https:\/\/refugesdemarie.fr\/wp-content\/uploads\/2025\/10\/DT-1.png","width":1748,"height":1240},{"@type":"BreadcrumbList","@id":"https:\/\/refugesdemarie.fr\/index.php\/2025\/10\/10\/le-president-donald-trump-marque-la-fete-de-saint-michel-archange-par-un-message-solennel\/#breadcrumb","itemListElement":[{"@type":"ListItem","position":1,"name":"Accueil","item":"https:\/\/refugesdemarie.fr\/"},{"@type":"ListItem","position":2,"name":"Le pr\u00e9sident Donald Trump marque la f\u00eate de Saint Michel Archange par un message solennel"}]},{"@type":"WebSite","@id":"https:\/\/refugesdemarie.fr\/#website","url":"https:\/\/refugesdemarie.fr\/","name":"Communion des refuges du Coeur Immacul\u00e9 de Marie","description":"","publisher":{"@id":"https:\/\/refugesdemarie.fr\/#organization"},"potentialAction":[{"@type":"SearchAction","target":{"@type":"EntryPoint","urlTemplate":"https:\/\/refugesdemarie.fr\/?s={search_term_string}"},"query-input":{"@type":"PropertyValueSpecification","valueRequired":true,"valueName":"search_term_string"}}],"inLanguage":"fr-FR"},{"@type":"Organization","@id":"https:\/\/refugesdemarie.fr\/#organization","name":"Communion des refuges du Coeur Immacul\u00e9 de Marie","url":"https:\/\/refugesdemarie.fr\/","logo":{"@type":"ImageObject","inLanguage":"fr-FR","@id":"https:\/\/refugesdemarie.fr\/#\/schema\/logo\/image\/","url":"https:\/\/refugesdemarie.fr\/wp-content\/uploads\/2023\/01\/cropped-Logo-Communion-des-Refuges-6.jpg","contentUrl":"https:\/\/refugesdemarie.fr\/wp-content\/uploads\/2023\/01\/cropped-Logo-Communion-des-Refuges-6.jpg","width":1199,"height":377,"caption":"Communion des refuges du Coeur Immacul\u00e9 de Marie"},"image":{"@id":"https:\/\/refugesdemarie.fr\/#\/schema\/logo\/image\/"},"sameAs":["https:\/\/www.facebook.com\/profile.php?id=100089561384328"]},{"@type":"Person","@id":"https:\/\/refugesdemarie.fr\/#\/schema\/person\/3bda0c49569f70f4dcfbe78b7e174b11","name":"refugesdemarie@gmail.com","image":{"@type":"ImageObject","inLanguage":"fr-FR","@id":"https:\/\/secure.gravatar.com\/avatar\/43491e46ee54b6706285b166679fe98aa620b1849d376153f6bc028852c019f7?s=96&d=mm&r=g","url":"https:\/\/secure.gravatar.com\/avatar\/43491e46ee54b6706285b166679fe98aa620b1849d376153f6bc028852c019f7?s=96&d=mm&r=g","contentUrl":"https:\/\/secure.gravatar.com\/avatar\/43491e46ee54b6706285b166679fe98aa620b1849d376153f6bc028852c019f7?s=96&d=mm&r=g","caption":"refugesdemarie@gmail.com"},"sameAs":["https:\/\/refugesdemarie.fr","https:\/\/www.facebook.com\/profile.php?id=100089561384328","https:\/\/www.youtube.com\/channel\/UCXOznkQcnNvuMDGDg11ZPfg"],"url":"https:\/\/refugesdemarie.fr\/index.php\/author\/com-coeur-immaculegmail-com\/"}]}},"_links":{"self":[{"href":"https:\/\/refugesdemarie.fr\/index.php\/wp-json\/wp\/v2\/posts\/2605","targetHints":{"allow":["GET"]}}],"collection":[{"href":"https:\/\/refugesdemarie.fr\/index.php\/wp-json\/wp\/v2\/posts"}],"about":[{"href":"https:\/\/refugesdemarie.fr\/index.php\/wp-json\/wp\/v2\/types\/post"}],"author":[{"embeddable":true,"href":"https:\/\/refugesdemarie.fr\/index.php\/wp-json\/wp\/v2\/users\/1"}],"replies":[{"embeddable":true,"href":"https:\/\/refugesdemarie.fr\/index.php\/wp-json\/wp\/v2\/comments?post=2605"}],"version-history":[{"count":2,"href":"https:\/\/refugesdemarie.fr\/index.php\/wp-json\/wp\/v2\/posts\/2605\/revisions"}],"predecessor-version":[{"id":2608,"href":"https:\/\/refugesdemarie.fr\/index.php\/wp-json\/wp\/v2\/posts\/2605\/revisions\/2608"}],"wp:featuredmedia":[{"embeddable":true,"href":"https:\/\/refugesdemarie.fr\/index.php\/wp-json\/wp\/v2\/media\/2606"}],"wp:attachment":[{"href":"https:\/\/refugesdemarie.fr\/index.php\/wp-json\/wp\/v2\/media?parent=2605"}],"wp:term":[{"taxonomy":"category","embeddable":true,"href":"https:\/\/refugesdemarie.fr\/index.php\/wp-json\/wp\/v2\/categories?post=2605"},{"taxonomy":"post_tag","embeddable":true,"href":"https:\/\/refugesdemarie.fr\/index.php\/wp-json\/wp\/v2\/tags?post=2605"}],"curies":[{"name":"wp","href":"https:\/\/api.w.org\/{rel}","templated":true}]}}