{"id":2609,"date":"2025-10-10T15:55:14","date_gmt":"2025-10-10T15:55:14","guid":{"rendered":"https:\/\/refugesdemarie.fr\/?p=2609"},"modified":"2026-01-06T16:03:59","modified_gmt":"2026-01-06T16:03:59","slug":"lui-ouvrir-des-quil-viendra","status":"publish","type":"post","link":"https:\/\/refugesdemarie.fr\/index.php\/2025\/10\/10\/lui-ouvrir-des-quil-viendra\/","title":{"rendered":"\u00ab\u00a0Lui ouvrir d\u00e8s qu\u2019il viendra\u00a0!\u00a0\u00bb"},"content":{"rendered":"<div class=\"pdfprnt-buttons pdfprnt-buttons-post pdfprnt-top-right\"><a href=\"https:\/\/refugesdemarie.fr\/index.php\/wp-json\/wp\/v2\/posts\/2609?print=print\" class=\"pdfprnt-button pdfprnt-button-print\" target=\"_blank\" ><img decoding=\"async\" src=\"https:\/\/refugesdemarie.fr\/wp-content\/plugins\/pdf-print\/images\/print.png\" alt=\"image_print\" title=\"Contenu imprim\u00e9\" \/><\/a><\/div><p style=\"text-align: center;\"><strong>\u00ab Soyez semblables \u00e0 des gens qui attendent leur Ma\u00eetre \u00e0 son retour de noces,<\/strong><\/p>\n<p style=\"text-align: center;\"><strong>afin de lui ouvrir d\u00e8s qu\u2019il viendra et frappera ! <\/strong><\/p>\n<p style=\"text-align: center;\"><strong>Heureux ces serviteurs <\/strong><\/p>\n<p style=\"text-align: center;\"><strong>que le Ma\u00eetre, \u00e0 son arriv\u00e9e, trouvera fid\u00e8les \u00e0 veiller ! \u00bb (Luc 12,36-37)<\/strong><\/p>\n<p><strong>\u00a0\u00a0\u00a0\u00a0 <\/strong>Dans les temps qui sont les n\u00f4tres, revenons d\u2019urgence aux Evangiles des temps de la fin. Il ne s\u2019agit pas d\u2019une fuite vers l\u2019avant\u2026\u00a0 mais d\u2019une foi \u00a0habit\u00e9e par le r\u00e9alisme eschatologique de la Parole de Dieu\u00a0: \u00ab\u00a0Veillez donc, car vous ne savez pas quel jour va venir votre Ma\u00eetre\u00a0!\u00a0\u00bb (Mt24,42). Car selon l\u2019Evangile, la \u00ab\u00a0Source\u00a0\u00bb de l\u2019Amour r\u00e9sonne \u00e0 travers deux appels qui viennent frapper \u00e0 notre porte : d\u2019abord, l\u2019appel au silence du c\u0153ur pour laisser r\u00e9sonner \u00ab\u00a0le cri\u00a0\u00bb de l\u2019incessante pri\u00e8re vers la Pr\u00e9sence cach\u00e9e, myst\u00e9rieuse, mais non moins r\u00e9elle du Seigneur ressuscit\u00e9. N\u2019a-t-il pas affirm\u00e9 avant de monter vers le P\u00e8re\u00a0: \u00ab\u00a0Je suis avec vous tous les jours, jusqu\u2019\u00e0 la fin des temps\u00a0!&#8230;\u00a0\u00bb (Mt 28,20). \u00ab\u00a0Veillez et priez en tout temps\u00a0!\u00a0\u00bb (Lc 21,36). Et aussi cet autre appel, indissociable du premier, o\u00f9 s\u2019accomplit la pl\u00e9nitude de l\u2019amour de Dieu : \u00ab Celui qui n\u2019aime pas son fr\u00e8re, qu\u2019il voit, ne saurait aimer Dieu qu\u2019il ne voit pas\u00a0!&#8230; Si Dieu nous a tant aim\u00e9s, nous devons nous aimer les uns les autres\u00a0! (1 Jn 4,20 et 11) Telle est la Parole de Dieu qui nous interpelle, puisque proclam\u00e9e par le plus contemplatif des Ap\u00f4tres\u00a0!<\/p>\n<p>Ainsi, \u00e0 la suite des Ap\u00f4tres et des premiers chr\u00e9tiens, les Saints et les Saintes de tous les temps sont les t\u00e9moins lumineux de ces deux absolus de l\u2019Evangile. Ils furent tous de grands priants d\u00e9bordants de charit\u00e9 fraternelle\u00a0! Mais la vie de certains a mis plus en relief l\u2019un ou l\u2019autre appel\u00a0: pensons \u00e0 Saint Bruno, fondateur des Chartreux, qui, par toute sa vie, a t\u00e9moign\u00e9 de cette vocation contemplative o\u00f9, dans la solitude du d\u00e9sert, Dieu r\u00e9v\u00e8le son Visage\u2026 Dans un appel au silence fond\u00e9 sur l\u2019Evangile, n\u2019\u00e9crivait-il pas \u00e0 son meilleur ami\u00a0:<\/p>\n<p>\u00ab\u00a0Quelle utilit\u00e9, quelle joie divine la solitude et le silence du d\u00e9sert apportent \u00e0 qui les aime, ceux-l\u00e0 seuls le savent qui en ont fait l\u2019exp\u00e9rience\u2026 Ici, on s\u2019efforce d\u2019acqu\u00e9rir cet \u0153il dont le clair regard blesse l\u2019Epoux d\u2019amour et dont la puret\u00e9 donne de voir Dieu\u00a0! Ici, on jouit d\u2019un loisir sans oisivet\u00e9, on se repose dans une action tranquille. Ici, pour le labeur du combat, Dieu donne \u00e0 ses athl\u00e8tes la r\u00e9compense d\u00e9sir\u00e9e\u00a0: une paix que le monde ignore et la joie dans l\u2019Esprit-Saint. Telle est la meilleure part que Marie a choisie (Lc 10,42) et qui ne sera pas enlev\u00e9e<a href=\"#_ftn1\" name=\"_ftnref1\">[1]<\/a>\u00a0!\u00a0\u00bb<\/p>\n<p>Ecoutons maintenant un Saint Vincent de Paul qui f\u00fbt pour les plus pauvres ce merveilleux visage du Christ\u00a0: \u00ab\u00a0Les \u00e2mes humbles, simples et charitables sur la terre, sont des soleils que Dieu dans le Ciel montrent aux bienheureux qui l\u2019entourent\u2026 car dans l\u2019autre monde, ce seront les pauvres qui ouvriront les portes \u00e0 leurs bienfaiteurs<a href=\"#_ftn2\" name=\"_ftnref2\">[2]<\/a>\u00a0!\u00a0\u00bb<\/p>\n<p>Quelles merveilles a fait na\u00eetre l\u2019Evangile pour nous tous dans l\u2019histoire de l\u2019Eglise\u00a0! Et il nous faut retrouver d\u2019urgence cette indicible joie de veiller dans la pri\u00e8re et dans l\u2019amour\u2026 avec ce bonheur d\u2019attendre avec patience\u00a0car nous n\u2019avons qu\u2019une vie pour dire \u00e0 Dieu\u00a0: \u00ab\u00a0Je t\u2019aime plus que tout\u00a0!\u00a0\u00bb N\u2019est-il pas notre Cr\u00e9ateur et notre Sauveur\u00a0? Les Saintes et les Saints l\u2019ont proclam\u00e9 par toute leur vie\u00a0: la pers\u00e9v\u00e9rance dans \u00ab\u00a0l\u2019attente joyeuse\u00a0\u00bb est le signe lumineux de la gr\u00e2ce et de l\u2019\u00e9lection\u00a0! Cela vient contredire avec force \u00ab\u00a0l\u2019imm\u00e9diatet\u00e9\u00a0\u00bb consommatrice de notre civilisation d\u00e9cadente\u2026 car Il y a un \u00ab\u00a0bonheur de la patience\u00a0\u00bb fond\u00e9 sur la force de l\u2019humilit\u00e9 qui vient nous d\u00e9livrer de l\u2019orgueil de vouloir dominer toujours et partout\u00a0! Dans une entreprise comme dans une vie, ceux et celles qui ne voient que la performance deviennent inhumains\u2026 ils sont devenus incapables de cette \u00ab\u00a0\u00e9coute mis\u00e9ricordieuse\u00a0\u00bb qu\u2019a eu le Christ avec les pauvres et les p\u00e9cheurs que nous sommes tous\u00a0!<\/p>\n<p>Je pense ici \u00e0 une remarque de sagesse sur la mission de Saint Jean Chrysostome qui affirmait\u00a0:<\/p>\n<p>\u00ab\u00a0Dieu ne nous demande pas de r\u00e9ussir mais de travailler\u00a0!\u00a0Or, notre travail ne sera pas moins r\u00e9compens\u00e9 parce qu\u2019on ne nous aura pas \u00e9cout\u00e9s\u2026 Le Christ savait bien que Judas ne se convertirait pas et pourtant jusqu\u2019\u00e0 la fin il essayait de le convertir, en lui reprochant sa faute dans les termes les plus touchants\u00a0: \u00ab\u00a0Ami, pourquoi es-tu venu\u00a0?\u00a0\u00bb (Mt 26,50). Or, si le Christ, le mod\u00e8le des pasteurs a travaill\u00e9 jusqu\u2019\u00e0 la fin \u00e0 la conversion d\u2019un homme d\u00e9sesp\u00e9r\u00e9, que ne devons-nous pas faire pour ceux envers qui il nous est ordonn\u00e9 de toujours esp\u00e9rer<a href=\"#_ftn3\" name=\"_ftnref3\">[3]<\/a>\u00a0!\u00a0\u00bb<\/p>\n<p>Cet \u00e9lan de gratuit\u00e9 des \u00ab\u00a0pauvres de c\u0153ur\u00a0\u00bb est d\u00e9j\u00e0 l\u2019\u0153uvre de l\u2019esp\u00e9rance\u00a0: ils d\u00e9sirent sans cesse la victoire de la Lumi\u00e8re et de l\u2019Amour\u2026 mais ils sont libres face \u00e0 \u00a0l\u2019imm\u00e9diatet\u00e9 de l\u2019issue et de la r\u00e9ussite que Dieu seul donnera par des chemins qui nous \u00e9chappent\u00a0! Cela vaut autant pour la mission que pour la conversion\u00a0: l\u2019important n\u2019est pas de r\u00e9ussir mais de se battre jusqu\u2019au bout\u00a0! La Tradition de l\u2019Eglise appelle ce tr\u00e9sor le don de la \u00ab\u00a0pers\u00e9v\u00e9rance finale\u00a0\u00bb. Cela implique que notre c\u0153ur soit habit\u00e9 par \u00ab\u00a0un incessant d\u00e9sir\u00a0\u00bb qui soul\u00e8ve notre pri\u00e8re\u00a0! Car \u00ab\u00a0le c\u0153ur qui crie\u00a0\u00bb br\u00fble d\u2019un amour d\u00e9j\u00e0 \u00e9ternel comme l\u2019a admirablement d\u00e9couvert Saint Augustin\u00a0:<\/p>\n<p>\u00ab\u00a0Tout mon d\u00e9sir est devant Toi\u00a0!\u00a0\u00bb (Ps 37,10). Non pas devant les hommes qui ne sauraient voir le c\u0153ur\u00a0; mais c\u2019est \u00ab\u00a0sous tes yeux que sont mes d\u00e9sirs&#8230;\u00a0Et mon P\u00e8re qui voit dans le secret te le rendra\u00a0!\u00a0\u00bb(Mt 6,6). Car ton d\u00e9sir, c\u2019est ta pri\u00e8re\u00a0; et si ton d\u00e9sir est continuel, ta pri\u00e8re est continuelle. Aussi, n\u2019est-ce pas en vain que l\u2019Ap\u00f4tre a dit\u00a0: \u00ab\u00a0Priez sans cesse\u00a0!\u00a0\u00bb (1 Th 5,17)\u2026 mais je ne crois pas que nous puissions le faire sans rel\u00e2che. \u00a0Il est cependant dans l\u2019\u00e2me une autre pri\u00e8re incessante, qui est le d\u00e9sir. Quoi que tu fasses, tu ne cesses point de prier, si tu d\u00e9sires le repos du Ciel. Si donc tu ne veux pas interrompre ta pri\u00e8re, n\u2019interromps pas ton d\u00e9sir. Un d\u00e9sir incessant est une voix continuelle. Te taire, ce serait ne plus aimer. Qui donc se sont tus\u00a0? Ceux dont il est dit\u00a0: \u00ab\u00a0Et comme l\u2019iniquit\u00e9 se multiplie, la charit\u00e9 de beaucoup se refroidira\u00a0!\u00a0\u00bb (Mt 24,12). La charit\u00e9 qui se refroidit, c\u2019est le silence du c\u0153ur\u00a0; la flamme de la charit\u00e9 au contraire est le cri du c\u0153ur\u00a0! Si ta charit\u00e9 demeure fervente, tu cries toujours\u00a0; si tu cries sans cesse, tu d\u00e9sires toujours<a href=\"#_ftn4\" name=\"_ftnref4\">[4]<\/a>\u00a0!\u00a0\u00bb<\/p>\n<p>Ainsi, comme l\u2019affirme Saint Paul\u00a0: \u00ab\u00a0Esp\u00e9rer ce que nous ne voyons pas, c\u2019est l\u2019attendre avec constance\u00a0!\u00a0\u00bb (Ro 8,25). Et c\u2019est sans aucun doute l\u2019\u0153uvre myst\u00e9rieuse de l\u2019Esprit au plus profond de notre c\u0153ur\u00a0: \u00ab\u00a0L\u2019Esprit vient au secours de notre faiblesse\u00a0; car nous ne savons pas prier comme il faut\u00a0; mais l\u2019Esprit lui-m\u00eame interc\u00e8de pour nous en des g\u00e9missements ineffables\u2026 et Celui qui sonde les c\u0153urs sait quel est le d\u00e9sir de l\u2019Esprit et que son intercession pour les saints correspond aux vues de Dieu\u00a0!\u00a0\u00bb (Ro 8,26-27).<\/p>\n<p style=\"text-align: right;\">\u00a0\u00a0\u00a0\u00a0\u00a0\u00a0\u00a0\u00a0\u00a0\u00a0\u00a0\u00a0\u00a0\u00a0\u00a0\u00a0\u00a0\u00a0\u00a0\u00a0\u00a0\u00a0\u00a0\u00a0\u00a0\u00a0\u00a0\u00a0\u00a0\u00a0\u00a0\u00a0\u00a0\u00a0\u00a0\u00a0\u00a0\u00a0\u00a0\u00a0\u00a0\u00a0\u00a0\u00a0\u00a0\u00a0\u00a0\u00a0\u00a0\u00a0\u00a0\u00a0\u00a0\u00a0\u00a0\u00a0\u00a0\u00a0\u00a0\u00a0\u00a0\u00a0\u00a0 \u00a0\u00a0\u00a0\u00a0\u00a0\u00a0\u00a0\u00a0\u00a0\u00a0\u00a0\u00a0\u00a0\u00a0\u00a0\u00a0\u00a0\u00a0\u00a0\u00a0\u00a0\u00a0\u00a0\u00a0\u00a0\u00a0+Marie-Micka\u00ebl<\/p>\n<p>&nbsp;<\/p>\n<p><a href=\"#_ftnref1\" name=\"_ftn1\">[1]<\/a> Lettre \u00e0 Raoul le Verd, <em>Sources Chr\u00e9tiennes<\/em>, n\u00b0 88, p.71.<\/p>\n<p><a href=\"#_ftnref2\" name=\"_ftn2\">[2]<\/a> Maximes spirituelles, 1576.<\/p>\n<p><a href=\"#_ftnref3\" name=\"_ftn3\">[3]<\/a> Saint Jean Chrysostome (345-407), Commentaire Evangile de Saint Matthieu.<\/p>\n<p><a href=\"#_ftnref4\" name=\"_ftn4\">[4]<\/a> Saint Augustin, <em>Discours sur les psaumes, <\/em>Psaume 37, n\u00b0 14, Tome1, Sagesses chr\u00e9tiennes, Cerf 2007, p.553.<\/p>\n","protected":false},"excerpt":{"rendered":"<p>\u00ab Soyez semblables \u00e0 des gens qui attendent leur Ma\u00eetre \u00e0 son retour de noces, afin de lui ouvrir d\u00e8s qu\u2019il viendra et frappera ! Heureux ces serviteurs que le Ma\u00eetre, \u00e0 son arriv\u00e9e, trouvera fid\u00e8les \u00e0 veiller ! \u00bb (Luc 12,36-37) \u00a0\u00a0\u00a0\u00a0 Dans les temps qui sont les n\u00f4tres, revenons d\u2019urgence aux Evangiles des [&hellip;]<\/p>\n","protected":false},"author":1,"featured_media":2611,"comment_status":"closed","ping_status":"open","sticky":false,"template":"","format":"standard","meta":{"ocean_post_layout":"","ocean_both_sidebars_style":"","ocean_both_sidebars_content_width":0,"ocean_both_sidebars_sidebars_width":0,"ocean_sidebar":"0","ocean_second_sidebar":"0","ocean_disable_margins":"enable","ocean_add_body_class":"","ocean_shortcode_before_top_bar":"","ocean_shortcode_after_top_bar":"","ocean_shortcode_before_header":"","ocean_shortcode_after_header":"","ocean_has_shortcode":"","ocean_shortcode_after_title":"","ocean_shortcode_before_footer_widgets":"","ocean_shortcode_after_footer_widgets":"","ocean_shortcode_before_footer_bottom":"","ocean_shortcode_after_footer_bottom":"","ocean_display_top_bar":"default","ocean_display_header":"default","ocean_header_style":"","ocean_center_header_left_menu":"0","ocean_custom_header_template":"0","ocean_custom_logo":0,"ocean_custom_retina_logo":0,"ocean_custom_logo_max_width":0,"ocean_custom_logo_tablet_max_width":0,"ocean_custom_logo_mobile_max_width":0,"ocean_custom_logo_max_height":0,"ocean_custom_logo_tablet_max_height":0,"ocean_custom_logo_mobile_max_height":0,"ocean_header_custom_menu":"0","ocean_menu_typo_font_family":"0","ocean_menu_typo_font_subset":"","ocean_menu_typo_font_size":0,"ocean_menu_typo_font_size_tablet":0,"ocean_menu_typo_font_size_mobile":0,"ocean_menu_typo_font_size_unit":"px","ocean_menu_typo_font_weight":"","ocean_menu_typo_font_weight_tablet":"","ocean_menu_typo_font_weight_mobile":"","ocean_menu_typo_transform":"","ocean_menu_typo_transform_tablet":"","ocean_menu_typo_transform_mobile":"","ocean_menu_typo_line_height":0,"ocean_menu_typo_line_height_tablet":0,"ocean_menu_typo_line_height_mobile":0,"ocean_menu_typo_line_height_unit":"","ocean_menu_typo_spacing":0,"ocean_menu_typo_spacing_tablet":0,"ocean_menu_typo_spacing_mobile":0,"ocean_menu_typo_spacing_unit":"","ocean_menu_link_color":"","ocean_menu_link_color_hover":"","ocean_menu_link_color_active":"","ocean_menu_link_background":"","ocean_menu_link_hover_background":"","ocean_menu_link_active_background":"","ocean_menu_social_links_bg":"","ocean_menu_social_hover_links_bg":"","ocean_menu_social_links_color":"","ocean_menu_social_hover_links_color":"","ocean_disable_title":"default","ocean_disable_heading":"default","ocean_post_title":"","ocean_post_subheading":"","ocean_post_title_style":"","ocean_post_title_background_color":"","ocean_post_title_background":0,"ocean_post_title_bg_image_position":"","ocean_post_title_bg_image_attachment":"","ocean_post_title_bg_image_repeat":"","ocean_post_title_bg_image_size":"","ocean_post_title_height":0,"ocean_post_title_bg_overlay":0.5,"ocean_post_title_bg_overlay_color":"","ocean_disable_breadcrumbs":"default","ocean_breadcrumbs_color":"","ocean_breadcrumbs_separator_color":"","ocean_breadcrumbs_links_color":"","ocean_breadcrumbs_links_hover_color":"","ocean_display_footer_widgets":"default","ocean_display_footer_bottom":"default","ocean_custom_footer_template":"0","ocean_post_oembed":"","ocean_post_self_hosted_media":"","ocean_post_video_embed":"","ocean_link_format":"","ocean_link_format_target":"self","ocean_quote_format":"","ocean_quote_format_link":"post","ocean_gallery_link_images":"on","ocean_gallery_id":[],"footnotes":""},"categories":[13,46,24],"tags":[],"class_list":["post-2609","post","type-post","status-publish","format-standard","has-post-thumbnail","hentry","category-a-lecoute-de-la-parole","category-articles-de-marie-mickael","category-evangile-selon-saint-luc","entry","has-media"],"yoast_head":"<!-- This site is optimized with the Yoast SEO plugin v27.4 - https:\/\/yoast.com\/product\/yoast-seo-wordpress\/ -->\n<title>\u00ab\u00a0Lui ouvrir d\u00e8s qu\u2019il viendra\u00a0!\u00a0\u00bb - Communion des refuges du Coeur Immacul\u00e9 de Marie<\/title>\n<meta name=\"description\" content=\"Soyez semblables \u00e0 des gens qui attendent leur Ma\u00eetre \u00e0 son retour de noces, afin de lui ouvrir d\u00e8s qu\u2019il viendra et frappera !\" \/>\n<meta name=\"robots\" content=\"index, follow, max-snippet:-1, max-image-preview:large, max-video-preview:-1\" \/>\n<link rel=\"canonical\" href=\"https:\/\/refugesdemarie.fr\/index.php\/2025\/10\/10\/lui-ouvrir-des-quil-viendra\/\" \/>\n<meta property=\"og:locale\" content=\"fr_FR\" \/>\n<meta property=\"og:type\" content=\"article\" \/>\n<meta property=\"og:title\" content=\"\u00ab\u00a0Lui ouvrir d\u00e8s qu\u2019il viendra\u00a0!\u00a0\u00bb - Communion des refuges du Coeur Immacul\u00e9 de Marie\" \/>\n<meta property=\"og:description\" content=\"Soyez semblables \u00e0 des gens qui attendent leur Ma\u00eetre \u00e0 son retour de noces, afin de lui ouvrir d\u00e8s qu\u2019il viendra et frappera !\" \/>\n<meta property=\"og:url\" content=\"https:\/\/refugesdemarie.fr\/index.php\/2025\/10\/10\/lui-ouvrir-des-quil-viendra\/\" \/>\n<meta property=\"og:site_name\" content=\"Communion des refuges du Coeur Immacul\u00e9 de Marie\" \/>\n<meta property=\"article:publisher\" content=\"https:\/\/www.facebook.com\/profile.php?id=100089561384328\" \/>\n<meta property=\"article:author\" content=\"https:\/\/www.facebook.com\/profile.php?id=100089561384328\" \/>\n<meta property=\"article:published_time\" content=\"2025-10-10T15:55:14+00:00\" \/>\n<meta property=\"article:modified_time\" content=\"2026-01-06T16:03:59+00:00\" \/>\n<meta property=\"og:image\" content=\"https:\/\/refugesdemarie.fr\/wp-content\/uploads\/2025\/10\/Parousie.png\" \/>\n\t<meta property=\"og:image:width\" content=\"1000\" \/>\n\t<meta property=\"og:image:height\" content=\"1000\" \/>\n\t<meta property=\"og:image:type\" content=\"image\/png\" \/>\n<meta name=\"author\" content=\"refugesdemarie@gmail.com\" \/>\n<meta name=\"twitter:card\" content=\"summary_large_image\" \/>\n<meta name=\"twitter:label1\" content=\"\u00c9crit par\" \/>\n\t<meta name=\"twitter:data1\" content=\"refugesdemarie@gmail.com\" \/>\n\t<meta name=\"twitter:label2\" content=\"Dur\u00e9e de lecture estim\u00e9e\" \/>\n\t<meta name=\"twitter:data2\" content=\"7 minutes\" \/>\n<script type=\"application\/ld+json\" class=\"yoast-schema-graph\">{\"@context\":\"https:\\\/\\\/schema.org\",\"@graph\":[{\"@type\":\"Article\",\"@id\":\"https:\\\/\\\/refugesdemarie.fr\\\/index.php\\\/2025\\\/10\\\/10\\\/lui-ouvrir-des-quil-viendra\\\/#article\",\"isPartOf\":{\"@id\":\"https:\\\/\\\/refugesdemarie.fr\\\/index.php\\\/2025\\\/10\\\/10\\\/lui-ouvrir-des-quil-viendra\\\/\"},\"author\":{\"name\":\"refugesdemarie@gmail.com\",\"@id\":\"https:\\\/\\\/refugesdemarie.fr\\\/#\\\/schema\\\/person\\\/3bda0c49569f70f4dcfbe78b7e174b11\"},\"headline\":\"\u00ab\u00a0Lui ouvrir d\u00e8s qu\u2019il viendra\u00a0!\u00a0\u00bb\",\"datePublished\":\"2025-10-10T15:55:14+00:00\",\"dateModified\":\"2026-01-06T16:03:59+00:00\",\"mainEntityOfPage\":{\"@id\":\"https:\\\/\\\/refugesdemarie.fr\\\/index.php\\\/2025\\\/10\\\/10\\\/lui-ouvrir-des-quil-viendra\\\/\"},\"wordCount\":1358,\"publisher\":{\"@id\":\"https:\\\/\\\/refugesdemarie.fr\\\/#organization\"},\"image\":{\"@id\":\"https:\\\/\\\/refugesdemarie.fr\\\/index.php\\\/2025\\\/10\\\/10\\\/lui-ouvrir-des-quil-viendra\\\/#primaryimage\"},\"thumbnailUrl\":\"https:\\\/\\\/refugesdemarie.fr\\\/wp-content\\\/uploads\\\/2025\\\/10\\\/Parousie.png\",\"articleSection\":[\"A l'\u00e9coute de la Parole\",\"Articles de Marie-Micka\u00ebl\",\"Evangile selon Saint Luc\"],\"inLanguage\":\"fr-FR\"},{\"@type\":\"WebPage\",\"@id\":\"https:\\\/\\\/refugesdemarie.fr\\\/index.php\\\/2025\\\/10\\\/10\\\/lui-ouvrir-des-quil-viendra\\\/\",\"url\":\"https:\\\/\\\/refugesdemarie.fr\\\/index.php\\\/2025\\\/10\\\/10\\\/lui-ouvrir-des-quil-viendra\\\/\",\"name\":\"\u00ab\u00a0Lui ouvrir d\u00e8s qu\u2019il viendra\u00a0!\u00a0\u00bb - Communion des refuges du Coeur Immacul\u00e9 de Marie\",\"isPartOf\":{\"@id\":\"https:\\\/\\\/refugesdemarie.fr\\\/#website\"},\"primaryImageOfPage\":{\"@id\":\"https:\\\/\\\/refugesdemarie.fr\\\/index.php\\\/2025\\\/10\\\/10\\\/lui-ouvrir-des-quil-viendra\\\/#primaryimage\"},\"image\":{\"@id\":\"https:\\\/\\\/refugesdemarie.fr\\\/index.php\\\/2025\\\/10\\\/10\\\/lui-ouvrir-des-quil-viendra\\\/#primaryimage\"},\"thumbnailUrl\":\"https:\\\/\\\/refugesdemarie.fr\\\/wp-content\\\/uploads\\\/2025\\\/10\\\/Parousie.png\",\"datePublished\":\"2025-10-10T15:55:14+00:00\",\"dateModified\":\"2026-01-06T16:03:59+00:00\",\"description\":\"Soyez semblables \u00e0 des gens qui attendent leur Ma\u00eetre \u00e0 son retour de noces, afin de lui ouvrir d\u00e8s qu\u2019il viendra et frappera !\",\"breadcrumb\":{\"@id\":\"https:\\\/\\\/refugesdemarie.fr\\\/index.php\\\/2025\\\/10\\\/10\\\/lui-ouvrir-des-quil-viendra\\\/#breadcrumb\"},\"inLanguage\":\"fr-FR\",\"potentialAction\":[{\"@type\":\"ReadAction\",\"target\":[\"https:\\\/\\\/refugesdemarie.fr\\\/index.php\\\/2025\\\/10\\\/10\\\/lui-ouvrir-des-quil-viendra\\\/\"]}]},{\"@type\":\"ImageObject\",\"inLanguage\":\"fr-FR\",\"@id\":\"https:\\\/\\\/refugesdemarie.fr\\\/index.php\\\/2025\\\/10\\\/10\\\/lui-ouvrir-des-quil-viendra\\\/#primaryimage\",\"url\":\"https:\\\/\\\/refugesdemarie.fr\\\/wp-content\\\/uploads\\\/2025\\\/10\\\/Parousie.png\",\"contentUrl\":\"https:\\\/\\\/refugesdemarie.fr\\\/wp-content\\\/uploads\\\/2025\\\/10\\\/Parousie.png\",\"width\":1000,\"height\":1000},{\"@type\":\"BreadcrumbList\",\"@id\":\"https:\\\/\\\/refugesdemarie.fr\\\/index.php\\\/2025\\\/10\\\/10\\\/lui-ouvrir-des-quil-viendra\\\/#breadcrumb\",\"itemListElement\":[{\"@type\":\"ListItem\",\"position\":1,\"name\":\"Accueil\",\"item\":\"https:\\\/\\\/refugesdemarie.fr\\\/\"},{\"@type\":\"ListItem\",\"position\":2,\"name\":\"\u00ab\u00a0Lui ouvrir d\u00e8s qu\u2019il viendra\u00a0!\u00a0\u00bb\"}]},{\"@type\":\"WebSite\",\"@id\":\"https:\\\/\\\/refugesdemarie.fr\\\/#website\",\"url\":\"https:\\\/\\\/refugesdemarie.fr\\\/\",\"name\":\"Communion des refuges du Coeur Immacul\u00e9 de Marie\",\"description\":\"\",\"publisher\":{\"@id\":\"https:\\\/\\\/refugesdemarie.fr\\\/#organization\"},\"potentialAction\":[{\"@type\":\"SearchAction\",\"target\":{\"@type\":\"EntryPoint\",\"urlTemplate\":\"https:\\\/\\\/refugesdemarie.fr\\\/?s={search_term_string}\"},\"query-input\":{\"@type\":\"PropertyValueSpecification\",\"valueRequired\":true,\"valueName\":\"search_term_string\"}}],\"inLanguage\":\"fr-FR\"},{\"@type\":\"Organization\",\"@id\":\"https:\\\/\\\/refugesdemarie.fr\\\/#organization\",\"name\":\"Communion des refuges du Coeur Immacul\u00e9 de Marie\",\"url\":\"https:\\\/\\\/refugesdemarie.fr\\\/\",\"logo\":{\"@type\":\"ImageObject\",\"inLanguage\":\"fr-FR\",\"@id\":\"https:\\\/\\\/refugesdemarie.fr\\\/#\\\/schema\\\/logo\\\/image\\\/\",\"url\":\"https:\\\/\\\/refugesdemarie.fr\\\/wp-content\\\/uploads\\\/2023\\\/01\\\/cropped-Logo-Communion-des-Refuges-6.jpg\",\"contentUrl\":\"https:\\\/\\\/refugesdemarie.fr\\\/wp-content\\\/uploads\\\/2023\\\/01\\\/cropped-Logo-Communion-des-Refuges-6.jpg\",\"width\":1199,\"height\":377,\"caption\":\"Communion des refuges du Coeur Immacul\u00e9 de Marie\"},\"image\":{\"@id\":\"https:\\\/\\\/refugesdemarie.fr\\\/#\\\/schema\\\/logo\\\/image\\\/\"},\"sameAs\":[\"https:\\\/\\\/www.facebook.com\\\/profile.php?id=100089561384328\"]},{\"@type\":\"Person\",\"@id\":\"https:\\\/\\\/refugesdemarie.fr\\\/#\\\/schema\\\/person\\\/3bda0c49569f70f4dcfbe78b7e174b11\",\"name\":\"refugesdemarie@gmail.com\",\"image\":{\"@type\":\"ImageObject\",\"inLanguage\":\"fr-FR\",\"@id\":\"https:\\\/\\\/secure.gravatar.com\\\/avatar\\\/43491e46ee54b6706285b166679fe98aa620b1849d376153f6bc028852c019f7?s=96&d=mm&r=g\",\"url\":\"https:\\\/\\\/secure.gravatar.com\\\/avatar\\\/43491e46ee54b6706285b166679fe98aa620b1849d376153f6bc028852c019f7?s=96&d=mm&r=g\",\"contentUrl\":\"https:\\\/\\\/secure.gravatar.com\\\/avatar\\\/43491e46ee54b6706285b166679fe98aa620b1849d376153f6bc028852c019f7?s=96&d=mm&r=g\",\"caption\":\"refugesdemarie@gmail.com\"},\"sameAs\":[\"https:\\\/\\\/refugesdemarie.fr\",\"https:\\\/\\\/www.facebook.com\\\/profile.php?id=100089561384328\",\"https:\\\/\\\/www.youtube.com\\\/channel\\\/UCXOznkQcnNvuMDGDg11ZPfg\"],\"url\":\"https:\\\/\\\/refugesdemarie.fr\\\/index.php\\\/author\\\/com-coeur-immaculegmail-com\\\/\"}]}<\/script>\n<!-- \/ Yoast SEO plugin. -->","yoast_head_json":{"title":"\u00ab\u00a0Lui ouvrir d\u00e8s qu\u2019il viendra\u00a0!\u00a0\u00bb - Communion des refuges du Coeur Immacul\u00e9 de Marie","description":"Soyez semblables \u00e0 des gens qui attendent leur Ma\u00eetre \u00e0 son retour de noces, afin de lui ouvrir d\u00e8s qu\u2019il viendra et frappera !","robots":{"index":"index","follow":"follow","max-snippet":"max-snippet:-1","max-image-preview":"max-image-preview:large","max-video-preview":"max-video-preview:-1"},"canonical":"https:\/\/refugesdemarie.fr\/index.php\/2025\/10\/10\/lui-ouvrir-des-quil-viendra\/","og_locale":"fr_FR","og_type":"article","og_title":"\u00ab\u00a0Lui ouvrir d\u00e8s qu\u2019il viendra\u00a0!\u00a0\u00bb - Communion des refuges du Coeur Immacul\u00e9 de Marie","og_description":"Soyez semblables \u00e0 des gens qui attendent leur Ma\u00eetre \u00e0 son retour de noces, afin de lui ouvrir d\u00e8s qu\u2019il viendra et frappera !","og_url":"https:\/\/refugesdemarie.fr\/index.php\/2025\/10\/10\/lui-ouvrir-des-quil-viendra\/","og_site_name":"Communion des refuges du Coeur Immacul\u00e9 de Marie","article_publisher":"https:\/\/www.facebook.com\/profile.php?id=100089561384328","article_author":"https:\/\/www.facebook.com\/profile.php?id=100089561384328","article_published_time":"2025-10-10T15:55:14+00:00","article_modified_time":"2026-01-06T16:03:59+00:00","og_image":[{"width":1000,"height":1000,"url":"https:\/\/refugesdemarie.fr\/wp-content\/uploads\/2025\/10\/Parousie.png","type":"image\/png"}],"author":"refugesdemarie@gmail.com","twitter_card":"summary_large_image","twitter_misc":{"\u00c9crit par":"refugesdemarie@gmail.com","Dur\u00e9e de lecture estim\u00e9e":"7 minutes"},"schema":{"@context":"https:\/\/schema.org","@graph":[{"@type":"Article","@id":"https:\/\/refugesdemarie.fr\/index.php\/2025\/10\/10\/lui-ouvrir-des-quil-viendra\/#article","isPartOf":{"@id":"https:\/\/refugesdemarie.fr\/index.php\/2025\/10\/10\/lui-ouvrir-des-quil-viendra\/"},"author":{"name":"refugesdemarie@gmail.com","@id":"https:\/\/refugesdemarie.fr\/#\/schema\/person\/3bda0c49569f70f4dcfbe78b7e174b11"},"headline":"\u00ab\u00a0Lui ouvrir d\u00e8s qu\u2019il viendra\u00a0!\u00a0\u00bb","datePublished":"2025-10-10T15:55:14+00:00","dateModified":"2026-01-06T16:03:59+00:00","mainEntityOfPage":{"@id":"https:\/\/refugesdemarie.fr\/index.php\/2025\/10\/10\/lui-ouvrir-des-quil-viendra\/"},"wordCount":1358,"publisher":{"@id":"https:\/\/refugesdemarie.fr\/#organization"},"image":{"@id":"https:\/\/refugesdemarie.fr\/index.php\/2025\/10\/10\/lui-ouvrir-des-quil-viendra\/#primaryimage"},"thumbnailUrl":"https:\/\/refugesdemarie.fr\/wp-content\/uploads\/2025\/10\/Parousie.png","articleSection":["A l'\u00e9coute de la Parole","Articles de Marie-Micka\u00ebl","Evangile selon Saint Luc"],"inLanguage":"fr-FR"},{"@type":"WebPage","@id":"https:\/\/refugesdemarie.fr\/index.php\/2025\/10\/10\/lui-ouvrir-des-quil-viendra\/","url":"https:\/\/refugesdemarie.fr\/index.php\/2025\/10\/10\/lui-ouvrir-des-quil-viendra\/","name":"\u00ab\u00a0Lui ouvrir d\u00e8s qu\u2019il viendra\u00a0!\u00a0\u00bb - Communion des refuges du Coeur Immacul\u00e9 de Marie","isPartOf":{"@id":"https:\/\/refugesdemarie.fr\/#website"},"primaryImageOfPage":{"@id":"https:\/\/refugesdemarie.fr\/index.php\/2025\/10\/10\/lui-ouvrir-des-quil-viendra\/#primaryimage"},"image":{"@id":"https:\/\/refugesdemarie.fr\/index.php\/2025\/10\/10\/lui-ouvrir-des-quil-viendra\/#primaryimage"},"thumbnailUrl":"https:\/\/refugesdemarie.fr\/wp-content\/uploads\/2025\/10\/Parousie.png","datePublished":"2025-10-10T15:55:14+00:00","dateModified":"2026-01-06T16:03:59+00:00","description":"Soyez semblables \u00e0 des gens qui attendent leur Ma\u00eetre \u00e0 son retour de noces, afin de lui ouvrir d\u00e8s qu\u2019il viendra et frappera !","breadcrumb":{"@id":"https:\/\/refugesdemarie.fr\/index.php\/2025\/10\/10\/lui-ouvrir-des-quil-viendra\/#breadcrumb"},"inLanguage":"fr-FR","potentialAction":[{"@type":"ReadAction","target":["https:\/\/refugesdemarie.fr\/index.php\/2025\/10\/10\/lui-ouvrir-des-quil-viendra\/"]}]},{"@type":"ImageObject","inLanguage":"fr-FR","@id":"https:\/\/refugesdemarie.fr\/index.php\/2025\/10\/10\/lui-ouvrir-des-quil-viendra\/#primaryimage","url":"https:\/\/refugesdemarie.fr\/wp-content\/uploads\/2025\/10\/Parousie.png","contentUrl":"https:\/\/refugesdemarie.fr\/wp-content\/uploads\/2025\/10\/Parousie.png","width":1000,"height":1000},{"@type":"BreadcrumbList","@id":"https:\/\/refugesdemarie.fr\/index.php\/2025\/10\/10\/lui-ouvrir-des-quil-viendra\/#breadcrumb","itemListElement":[{"@type":"ListItem","position":1,"name":"Accueil","item":"https:\/\/refugesdemarie.fr\/"},{"@type":"ListItem","position":2,"name":"\u00ab\u00a0Lui ouvrir d\u00e8s qu\u2019il viendra\u00a0!\u00a0\u00bb"}]},{"@type":"WebSite","@id":"https:\/\/refugesdemarie.fr\/#website","url":"https:\/\/refugesdemarie.fr\/","name":"Communion des refuges du Coeur Immacul\u00e9 de Marie","description":"","publisher":{"@id":"https:\/\/refugesdemarie.fr\/#organization"},"potentialAction":[{"@type":"SearchAction","target":{"@type":"EntryPoint","urlTemplate":"https:\/\/refugesdemarie.fr\/?s={search_term_string}"},"query-input":{"@type":"PropertyValueSpecification","valueRequired":true,"valueName":"search_term_string"}}],"inLanguage":"fr-FR"},{"@type":"Organization","@id":"https:\/\/refugesdemarie.fr\/#organization","name":"Communion des refuges du Coeur Immacul\u00e9 de Marie","url":"https:\/\/refugesdemarie.fr\/","logo":{"@type":"ImageObject","inLanguage":"fr-FR","@id":"https:\/\/refugesdemarie.fr\/#\/schema\/logo\/image\/","url":"https:\/\/refugesdemarie.fr\/wp-content\/uploads\/2023\/01\/cropped-Logo-Communion-des-Refuges-6.jpg","contentUrl":"https:\/\/refugesdemarie.fr\/wp-content\/uploads\/2023\/01\/cropped-Logo-Communion-des-Refuges-6.jpg","width":1199,"height":377,"caption":"Communion des refuges du Coeur Immacul\u00e9 de Marie"},"image":{"@id":"https:\/\/refugesdemarie.fr\/#\/schema\/logo\/image\/"},"sameAs":["https:\/\/www.facebook.com\/profile.php?id=100089561384328"]},{"@type":"Person","@id":"https:\/\/refugesdemarie.fr\/#\/schema\/person\/3bda0c49569f70f4dcfbe78b7e174b11","name":"refugesdemarie@gmail.com","image":{"@type":"ImageObject","inLanguage":"fr-FR","@id":"https:\/\/secure.gravatar.com\/avatar\/43491e46ee54b6706285b166679fe98aa620b1849d376153f6bc028852c019f7?s=96&d=mm&r=g","url":"https:\/\/secure.gravatar.com\/avatar\/43491e46ee54b6706285b166679fe98aa620b1849d376153f6bc028852c019f7?s=96&d=mm&r=g","contentUrl":"https:\/\/secure.gravatar.com\/avatar\/43491e46ee54b6706285b166679fe98aa620b1849d376153f6bc028852c019f7?s=96&d=mm&r=g","caption":"refugesdemarie@gmail.com"},"sameAs":["https:\/\/refugesdemarie.fr","https:\/\/www.facebook.com\/profile.php?id=100089561384328","https:\/\/www.youtube.com\/channel\/UCXOznkQcnNvuMDGDg11ZPfg"],"url":"https:\/\/refugesdemarie.fr\/index.php\/author\/com-coeur-immaculegmail-com\/"}]}},"_links":{"self":[{"href":"https:\/\/refugesdemarie.fr\/index.php\/wp-json\/wp\/v2\/posts\/2609","targetHints":{"allow":["GET"]}}],"collection":[{"href":"https:\/\/refugesdemarie.fr\/index.php\/wp-json\/wp\/v2\/posts"}],"about":[{"href":"https:\/\/refugesdemarie.fr\/index.php\/wp-json\/wp\/v2\/types\/post"}],"author":[{"embeddable":true,"href":"https:\/\/refugesdemarie.fr\/index.php\/wp-json\/wp\/v2\/users\/1"}],"replies":[{"embeddable":true,"href":"https:\/\/refugesdemarie.fr\/index.php\/wp-json\/wp\/v2\/comments?post=2609"}],"version-history":[{"count":1,"href":"https:\/\/refugesdemarie.fr\/index.php\/wp-json\/wp\/v2\/posts\/2609\/revisions"}],"predecessor-version":[{"id":2610,"href":"https:\/\/refugesdemarie.fr\/index.php\/wp-json\/wp\/v2\/posts\/2609\/revisions\/2610"}],"wp:featuredmedia":[{"embeddable":true,"href":"https:\/\/refugesdemarie.fr\/index.php\/wp-json\/wp\/v2\/media\/2611"}],"wp:attachment":[{"href":"https:\/\/refugesdemarie.fr\/index.php\/wp-json\/wp\/v2\/media?parent=2609"}],"wp:term":[{"taxonomy":"category","embeddable":true,"href":"https:\/\/refugesdemarie.fr\/index.php\/wp-json\/wp\/v2\/categories?post=2609"},{"taxonomy":"post_tag","embeddable":true,"href":"https:\/\/refugesdemarie.fr\/index.php\/wp-json\/wp\/v2\/tags?post=2609"}],"curies":[{"name":"wp","href":"https:\/\/api.w.org\/{rel}","templated":true}]}}