{"id":2612,"date":"2025-10-10T15:35:08","date_gmt":"2025-10-10T15:35:08","guid":{"rendered":"https:\/\/refugesdemarie.fr\/?p=2612"},"modified":"2026-01-06T16:03:59","modified_gmt":"2026-01-06T16:03:59","slug":"messages-donnes-a-luz-de-maria-en-septembre-2025","status":"publish","type":"post","link":"https:\/\/refugesdemarie.fr\/index.php\/2025\/10\/10\/messages-donnes-a-luz-de-maria-en-septembre-2025\/","title":{"rendered":"Messages donn\u00e9s \u00e0 Luz de Maria en septembre 2025"},"content":{"rendered":"<div class=\"pdfprnt-buttons pdfprnt-buttons-post pdfprnt-top-right\"><a href=\"https:\/\/refugesdemarie.fr\/index.php\/wp-json\/wp\/v2\/posts\/2612?print=print\" class=\"pdfprnt-button pdfprnt-button-print\" target=\"_blank\" ><img decoding=\"async\" src=\"https:\/\/refugesdemarie.fr\/wp-content\/plugins\/pdf-print\/images\/print.png\" alt=\"image_print\" title=\"Contenu imprim\u00e9\" \/><\/a><\/div><h2 style=\"text-align: left;\" align=\"center\"><strong>MESSAGE DE SAINT MICHEL ARCHANGE<\/strong><br \/>\n<strong>\u00c0 LUZ DE MARIA<\/strong><br \/>\n<strong>22 SEPTEMBRE 2025<\/strong><\/h2>\n<p style=\"text-align: left;\" align=\"center\"><img decoding=\"async\" src=\"http:\/\/www.revelacionesmarianas.com\/images\/00_MIGUEL.png\" alt=\"\" \/><\/p>\n<p style=\"text-align: left;\" align=\"center\"><strong>JE VIENS \u00c0 VOUS PAR ORDRE DE LA TRINIT\u00c9.<\/strong><\/p>\n<p style=\"text-align: left;\">Bien-aim\u00e9s enfants de Dieu :<\/p>\n<p style=\"text-align: left;\" align=\"center\"><strong>VOUS CONTINUEZ \u00c0 NE PAS COMPRENDRE L&rsquo;\u0152UVRE DU MAL <\/strong><strong>SUR LE PEUPLE FID\u00c8LE \u00c0 LA TR\u00c8S SAINTE TRINIT\u00c9 ET FID\u00c8LE<\/strong><strong>\u00a0\u00c0 NOTRE REINE ET M\u00c8RE !<\/strong><\/p>\n<p style=\"text-align: left;\">Comme des enfants en bas \u00e2ge, vous \u00eates conduits par ceux qui veulent vous diviser en tant qu&rsquo;enfants de la Tr\u00e8s Sainte Trinit\u00e9 et enfants de Notre Reine et M\u00e8re, afin de vous affaiblir (cf. Rm 16, 17-20 ; 1 Co 1, 10). Allez de l&rsquo;avant, Peuple de Dieu, sans pr\u00eater l\u2019oreille aux banalit\u00e9s ni \u00e0 ceux qui veulent vous faire du mal !<\/p>\n<p style=\"text-align: left;\" align=\"center\"><strong>LE DIABLE VEUT DIVISER LES ENFANTS DE DIEU POUR TENTER <\/strong><br \/>\n<strong>DE LES VAINCRE (cf. Mt 12, 25-30).<\/strong><\/p>\n<p style=\"text-align: left;\" align=\"center\"><strong>CONTINUEZ SANS CRAINTE, CONTINUEZ \u00c0 AVANCER, CAR MOI, <\/strong><strong>SAINT MICHEL ARCHANGE, AVEC MES L\u00c9GIONS C\u00c9LESTES,<\/strong><strong>\u00a0J&rsquo;AI RE\u00c7U L&rsquo;ORDRE DIVIN DE VOUS PROT\u00c9GER, DE POURVOIR \u00c0 VOS BESOINS ET DE MAINTENIR VOTRE C\u0152UR DE CHAIR DANS UNE PLUS GRANDE FID\u00c9LIT\u00c9 \u00c0 DIEU ET \u00c0 NOTRE REINE ET M\u00c8RE.<\/strong><\/p>\n<p style=\"text-align: left;\" align=\"center\">Continuez \u00e0 avancer sans vous arr\u00eater, soyez fid\u00e8les \u00e0 Dieu et la foi ne faiblira jamais. En ce moment, tant de cr\u00e9atures humaines vivent par routine \u00e0 cause de la possession que Satan et les esprits mal\u00e9fiques exercent sur elles, car elles se tiennent \u00e9loign\u00e9es de la Tr\u00e8s Sainte Trinit\u00e9 et de Notre Reine et M\u00e8re.<\/p>\n<p style=\"text-align: left;\">Le manque de d\u00e9sir de vivre ne vient pas de Dieu&#8230;<br \/>\nLe d\u00e9sir de vivre dans les conflits ne vient pas de Dieu&#8230;<br \/>\nLe fait de s&rsquo;opposer \u00e0 ses fr\u00e8res et s\u0153urs ne vient pas de Dieu&#8230;<br \/>\nLa critique incessante ne vient pas de Dieu&#8230;<br \/>\nL&rsquo;incapacit\u00e9 \u00e0 demander pardon ne vient pas de Dieu&#8230;<br \/>\nLe fait de martyriser ses fr\u00e8res et s\u0153urs ne vient pas de Dieu&#8230;<br \/>\nLa col\u00e8re ne vient pas de Dieu&#8230;<br \/>\nLe d\u00e9sir de mortifier ses fr\u00e8res et s\u0153urs ne vient pas de Dieu&#8230;<br \/>\nLe fait de se sentir sup\u00e9rieur ne vient pas de Dieu&#8230;<br \/>\nLe langage inappropri\u00e9 ne vient pas de Dieu&#8230;<br \/>\nLes addictions ne viennent pas de Dieu&#8230;<br \/>\nNe pas reconna\u00eetre ses propres erreurs ne vient pas de Dieu&#8230;<br \/>\nLe refus de la conversion ne vient pas de Dieu&#8230;<br \/>\nLes calomnies et les diffamations ne viennent pas de Dieu&#8230;<br \/>\n\u00catre possessif ne vient pas de Dieu&#8230; (cf. Mc 7, 20-23)<\/p>\n<p style=\"text-align: left;\">Enfants de Notre Roi et Seigneur J\u00e9sus-Christ :<\/p>\n<p style=\"text-align: left;\" align=\"center\"><strong>ATTENTION ! LES MALADIES CR\u00c9\u00c9ES DANS LES LABORATOIRES <\/strong><strong>ET PROPAG\u00c9ES PAR L&rsquo;AIR, SONT ARRIV\u00c9ES.<\/strong><\/p>\n<p style=\"text-align: left;\">Restez attentifs aux signes d&rsquo;alt\u00e9rations dans votre corps. L&rsquo;humanit\u00e9 est actuellement en guerre, non seulement une guerre arm\u00e9e, mais aussi une guerre bact\u00e9riologique, virale et nucl\u00e9aire.\u00a0 C&rsquo;est ce \u00e0 quoi aboutissent ceux qui travaillent dans les uns et les autres camps ; la vie n&rsquo;a pas d&rsquo;importance pour eux, oubliant que la vie est don de Dieu.<\/p>\n<p style=\"text-align: left;\">Peuple aim\u00e9 de Dieu :<\/p>\n<p style=\"text-align: left;\">Je vous alerte par Volont\u00e9 Trinitaire, vous devez rester unis \u00e0 la Tr\u00e8s Sainte Trinit\u00e9, \u00e0 Notre Reine et M\u00e8re et \u00e0 nous, les Messagers de Dieu.<\/p>\n<p style=\"text-align: left;\" align=\"center\"><strong>LE TEMPS S&rsquo;EST ACC\u00c9L\u00c9R\u00c9 <\/strong><strong>ET RARES SONT CEUX QUI L&rsquo;ONT REMARQU\u00c9&#8230;<\/strong><\/p>\n<p style=\"text-align: left;\">L&rsquo;astre solaire reste actif, envoyant vers la Terre de grandes \u00e9ruptions solaires et entra\u00eenant de graves cons\u00e9quences pour la technologie mondiale.<\/p>\n<p style=\"text-align: left;\">Bien-aim\u00e9s de Dieu :<\/p>\n<p style=\"text-align: left;\" align=\"center\"><strong>C&rsquo;EST LE MOMENT DE LA PURIFICATION, ET LA R\u00c9PONSE DES ENFANTS DE DIEU EST LA FOI, LA PR\u00c9PARATION SPIRITUELLE ET MAT\u00c9RIELLE.<\/strong><\/p>\n<p style=\"text-align: left;\">Bien-aim\u00e9s de Dieu, vous serez stup\u00e9faits devant tout ce que vous avez ignor\u00e9, lorsque la terreur vous envahira en voyant l\u00e0-haut ce que vous ne connaissez pas et qui vous a \u00e9t\u00e9 annonc\u00e9 auparavant.<\/p>\n<p style=\"text-align: left;\" align=\"center\">Priez, enfants de Dieu, revenez sur le chemin s\u00fbr afin de ne pas d\u00e9sesp\u00e9rer.<\/p>\n<p style=\"text-align: left;\">Bien-aim\u00e9s, retournez \u00e0 Dieu, ne vivez pas loin de Dieu, revenez \u00e0 Dieu. Notre Reine et M\u00e8re vous attend pour vous garder \u00e0 l\u2019abri et dans Sa Main b\u00e9nie.<\/p>\n<p style=\"text-align: left;\">Bien-aim\u00e9s, maintenez \u00e9lev\u00e9es les d\u00e9fenses de votre corps pour votre plus grand bien-\u00eatre.<\/p>\n<p style=\"text-align: left;\">Continuez \u00e0 prier, en gardant la foi \u00e9lev\u00e9e, pour vos fr\u00e8res et s\u0153urs qui ne se sont pas convertis.<\/p>\n<p style=\"text-align: left;\">Nous vous prot\u00e9geons.<\/p>\n<p style=\"text-align: left;\" align=\"center\">Saint Michel Archange et Mes L\u00e9gions C\u00e9lestes.<\/p>\n<h2 style=\"text-align: left;\" align=\"center\"><strong>MESSAGE DE DIEU LE P\u00c8RE<\/strong><br \/>\n<strong>\u00c0 LUZ DE MARIA<\/strong><br \/>\n<strong>13 SEPTEMBRE 2025<\/strong><\/h2>\n<p style=\"text-align: left;\" align=\"center\">Mes enfants bien-aim\u00e9s,<\/p>\n<p><strong>VOUS \u00caTES LA PRUNELLE DE MES YEUX (cf. Dt 32, 10)\u2026<\/strong><strong>JE VOUS OBSERVE O\u00d9 QUE VOUS SOYEZ.<\/strong><\/p>\n<p style=\"text-align: left;\" align=\"center\"><strong>VOUS NE VOUS \u00c9LOIGNEZ JAMAIS SUFFISAMMENT DE MA VUE <\/strong><strong>POUR QUE JE CESSE DE VOUS OBSERVER DANS VOS ACTIONS <\/strong><strong>OU VOS COMPORTEMENTS.<\/strong><\/p>\n<p style=\"text-align: left;\">Il est impossible \u00e0 Mes enfants de se cacher de Moi&#8230;<br \/>\nJe vous appelle sans cesse, Je vous offre diverses opportunit\u00e9s pour que vous reveniez \u00e0 Moi.<\/p>\n<p style=\"text-align: left;\" align=\"center\"><strong>JE VOUS AI ACCORD\u00c9 UN MOMENT DE MIS\u00c9RICORDE <\/strong><strong>ET JE VOUS DONNE L&rsquo;OPPORTUNIT\u00c9 DE REVENIR \u00c0 MOI <\/strong><strong>COMME SI C&rsquo;\u00c9TAIT LA PREMI\u00c8RE FOIS.<\/strong><\/p>\n<p style=\"text-align: left;\">Repentez-vous dans le moment pr\u00e9sent que vous vivez !<br \/>\nRepentez-vous avant qu&rsquo;il ne soit trop tard !<\/p>\n<p style=\"text-align: left;\">En tant que P\u00e8re, J&rsquo;aime chacun de Mes enfants, c&rsquo;est pourquoi J&rsquo;\u00e9tends Ma Mis\u00e9ricorde \u00e0 ceux qui se sont \u00e9loign\u00e9s de Moi afin qu&rsquo;ils reviennent \u00e0 Moi.<\/p>\n<p style=\"text-align: left;\">Enfants bien-aim\u00e9s, Je souhaite que tous soient sauv\u00e9s et parviennent \u00e0 la connaissance de Ma v\u00e9rit\u00e9 (cf. 1 Tm 2, 4).<\/p>\n<p style=\"text-align: left;\">Vous vivez dans ce \u00ab MAINTENANT \u00bb dans lequel vous demeurez&#8230;<\/p>\n<p style=\"text-align: left;\">Dans ce \u00ab MAINTENANT \u00bb de l&rsquo;accomplissement de tout ce que Je vous ai annonc\u00e9, et pourtant vous ne souhaitez pas changer de vie ; vous continuez \u00e0 \u00eatre obstin\u00e9s, rebelles, orgueilleux, d\u00e9sob\u00e9issants, vous vous rebellez en permettant que votre moi humain vous domine.<\/p>\n<p>Vous vivez dans l&rsquo;habitude et dans la stupidit\u00e9 ; vous \u00eates les m\u00eames, vous vous nourrissez des miettes de Ma Table alors que vous pourriez vivre de la pl\u00e9nitude de Mon Amour en \u00e9tant des cr\u00e9atures de foi et d&rsquo;ob\u00e9issance (cf. Lc 15, 11-32).<\/p>\n<p style=\"text-align: left;\">Enfants, pour changer, il ne suffit pas de prononcer des mots, mais il est n\u00e9cessaire que vous vous transformiez en des cr\u00e9atures diff\u00e9rentes qui se d\u00e9barrassent des cha\u00eenes qui vous lient aux vices du p\u00e9ch\u00e9 (cf. Mt 7, 21-27).<\/p>\n<p style=\"text-align: left;\">Cette g\u00e9n\u00e9ration continue et continuera \u00e0 \u00eatre purifi\u00e9e jusqu&rsquo;\u00e0 ce qu&rsquo;elle habite la Terre Nouvelle et que vous, enfants, soyez des cr\u00e9atures renouvel\u00e9es.<\/p>\n<p style=\"text-align: left;\">De profonds changements se produisent sur la Terre, les mouvements sismiques sont et seront plus intenses que par le pass\u00e9. L&rsquo;eau, le feu, la terre et l&rsquo;air n&rsquo;agissent plus maintenant comme avant, mais d\u00e9cha\u00eenent toute leur fureur, vous rappelant \u00e0 quel point vous \u00eates \u00e9loign\u00e9s de Ma Maison.<\/p>\n<p style=\"text-align: left;\">Vous passerez par des transformations de la Terre elle-m\u00eame, modifiant sa g\u00e9ographie de tous les continents. Si vous recherchez la s\u00e9curit\u00e9, convertissez-vous d\u00e8s maintenant\u00a0!<\/p>\n<p style=\"text-align: left;\">Les tremblements de terre seront bient\u00f4t violents, l&rsquo;eau des mers tiendra Mes enfants en alerte, ceux-ci devront chercher des endroits \u00e9lev\u00e9s en raison des tr\u00e8s fortes vagues.<\/p>\n<p style=\"text-align: left;\">Les villes p\u00e9cheresses dispara\u00eetront ; Mes fid\u00e8les seront sauv\u00e9s par Mes Anges.<\/p>\n<p style=\"text-align: left;\">L&rsquo;eau aux \u00c9tats-Unis, en Chine et en France sera contamin\u00e9e par la radioactivit\u00e9.<\/p>\n<p style=\"text-align: left;\">Je vous ai appel\u00e9s \u00e0 stocker de l&rsquo;eau, il en sera de m\u00eame pour la Russie, le Japon, l&rsquo;Inde, la Cor\u00e9e du Sud et l&rsquo;Ukraine. Combien cela M&rsquo;attriste !<\/p>\n<p style=\"text-align: left;\">Le feu tombera du ciel lorsque les Corps C\u00e9lestes p\u00e9n\u00e9treront l&rsquo;atmosph\u00e8re de la Terre.<\/p>\n<p style=\"text-align: left;\">En tant que P\u00e8re, Je vous invite \u00e0 vous convertir en cr\u00e9atures de paix, de respect, d&rsquo;amour, d&rsquo;ob\u00e9issance, accomplissant Ma Volont\u00e9, sans attendre le creuset pour \u00eatre diff\u00e9rents.<\/p>\n<p style=\"text-align: left;\">Le temps sera le non-temps, il sera oubli\u00e9 dans les moments les plus cruciaux de la purification.<\/p>\n<p style=\"text-align: left;\">Bien-aim\u00e9s :<\/p>\n<p style=\"text-align: left;\"><strong>MA VOLONT\u00c9 EST ARRIV\u00c9E POUR \u00caTRE ACCOMPLIE SUR LA TERRE (Cf. Mt 6, 6-13).<\/strong> C&rsquo;est pourquoi les cr\u00e9atures humaines se jettent les unes contre les autres, pouss\u00e9es par le m\u00eame d\u00e9sespoir du p\u00e9ch\u00e9 qui les ronge de l&rsquo;int\u00e9rieur, et les insinuations du Diable les incitent \u00e0 se rebeller contre Moi.<\/p>\n<p style=\"text-align: left;\">Mes enfants, Je vous aime, pr\u00e9parez-vous pour affronter l&rsquo;Avertissement, il viendra sans que vous vous y attendiez.<\/p>\n<p style=\"text-align: left;\"><strong>MES ANGES PROT\u00c8GENT CEUX QUI LUTTENT QUOTIDIENNEMENT CONTRE LES MAUVAIS PENCHANTS ET LES D\u00c9SIRS PERVERS \u00c0 L&rsquo;\u00c9GARD DE LEURS FR\u00c8RES ET S\u0152URS.<\/strong><\/p>\n<p style=\"text-align: left;\">Trop nombreux sont ceux qui croient faire le bien et Je les jugerai pour avoir agi en mal contre leurs fr\u00e8res et s\u0153urs.<\/p>\n<p>N&rsquo;ayez pas peur, vous \u00eates Mes enfants, Je ne vous donnerai pas des pierres \u00e0 la place du pain.<\/p>\n<p style=\"text-align: left;\" align=\"center\">Votre P\u00e8re<\/p>\n<h2 style=\"text-align: left;\" align=\"center\"><strong>MESSAGE DE SAINT MICHEL ARCHANGE<\/strong><br \/>\n<strong>\u00c0 LUZ DE MARIA<\/strong><br \/>\n<strong>3 SEPTEMBRE 2025<\/strong><\/h2>\n<p style=\"text-align: left;\" align=\"center\"><img decoding=\"async\" src=\"http:\/\/www.revelacionesmarianas.com\/images\/00_MIGUEL.png\" alt=\"\" \/><\/p>\n<p style=\"text-align: left;\" align=\"center\">Enfants de Notre Roi et Seigneur J\u00e9sus-Christ, Je viens \u00e0 vous par Volont\u00e9 Divine.<\/p>\n<p style=\"text-align: left;\">En tant que Chef des Arm\u00e9es C\u00e9lestes :<\/p>\n<p style=\"text-align: left;\" align=\"center\"><strong>JE VOUS ASSURE DE LA PROTECTION DE TOUTES LES L\u00c9GIONS C\u00c9LESTES SI VOUS \u00caTES DES CR\u00c9ATURES D&rsquo;AMOUR ET \u0152UVREZ ET AGISSEZ COMME DE V\u00c9RITABLES ENFANTS DE NOTRE ROI ET SEIGNEUR J\u00c9SUS-CHRIST. <\/strong>(cf. Ep. 5)<\/p>\n<p style=\"text-align: left;\">Vous vivez un moment de Mis\u00e9ricorde Divine pour vous rapprocher de Notre Roi et Seigneur J\u00e9sus-Christ, de Notre Reine et M\u00e8re, et vous pr\u00e9parer \u00e0 \u00eatre des cr\u00e9atures renouvel\u00e9es.<\/p>\n<p style=\"text-align: left;\">Vous \u00eates aim\u00e9s de la Maison Paternelle et le D\u00e9sir Divin est qu&rsquo;aucune \u00e2me ne se perde (cf. 1 Tm 2, 4-6). Consacrez-vous \u00e0 vous donner \u00e0 Notre Roi et Seigneur J\u00e9sus-Christ et \u00e0 aimer Notre Reine et M\u00e8re. Gardez la Foi ferme, l\u2019Esp\u00e9rance comme une flamme ardente et la Charit\u00e9 comme \u00e9tendard \u00e0 chaque pas de votre vie (cf. 1 Co 13).<\/p>\n<p style=\"text-align: left;\">Bien-aim\u00e9s de Notre Roi et Seigneur J\u00e9sus-Christ :<\/p>\n<p style=\"text-align: left;\" align=\"center\"><strong>LA NATURE FAIT TREMBLER LA CEINTURE DE FEU ET ACTIVE D&rsquo;AUTRES FAILLES TECTONIQUES SUR LA TERRE.<\/strong><\/p>\n<p style=\"text-align: left;\" align=\"center\"><strong>ENFANTS, PR\u00c9PAREZ-VOUS ET PRIEZ !<\/strong><\/p>\n<p style=\"text-align: left;\" align=\"center\">Priez, enfants de Notre Roi et Seigneur J\u00e9sus-Christ, priez, la Terre tremble ici et l\u00e0.<\/p>\n<p style=\"text-align: left;\" align=\"center\">Priez pour le Canada, enfants de Notre Roi et Seigneur J\u00e9sus-Christ, priez, priez, priez.<\/p>\n<p style=\"text-align: left;\" align=\"center\">Priez pour les \u00c9tats-Unis, enfants de Notre Roi et Seigneur J\u00e9sus-Christ, priez, priez, priez.<\/p>\n<p style=\"text-align: left;\" align=\"center\">Priez pour le Mexique, enfants de Notre Roi et Seigneur J\u00e9sus-Christ, priez, priez.<\/p>\n<p style=\"text-align: left;\" align=\"center\">Priez pour l&rsquo;Am\u00e9rique Centrale, enfants de Notre Roi et Seigneur J\u00e9sus-Christ, priez fort.<\/p>\n<p style=\"text-align: left;\" align=\"center\">Priez pour l&rsquo;Am\u00e9rique du Sud, enfants de Notre Roi et Seigneur J\u00e9sus-Christ, priez, priez.<\/p>\n<p style=\"text-align: left;\" align=\"center\">Priez pour le Japon, enfants de Notre Roi et Seigneur J\u00e9sus-Christ, priez, priez, priez.<\/p>\n<p style=\"text-align: left;\" align=\"center\">Priez pour les Philippines, enfants de Notre Roi et Seigneur J\u00e9sus-Christ, priez, priez, priez.<\/p>\n<p style=\"text-align: left;\" align=\"center\">Priez, enfants de Notre Roi et Seigneur J\u00e9sus-Christ, priez, priez pour l&rsquo;Indon\u00e9sie.<\/p>\n<p style=\"text-align: left;\" align=\"center\">Priez, enfants de Notre Roi et Seigneur J\u00e9sus-Christ, priez pour la Nouvelle-Z\u00e9lande.<\/p>\n<p style=\"text-align: left;\" align=\"center\">Priez, les volcans s&rsquo;activent, enfants de Notre Roi et Seigneur J\u00e9sus-Christ.<\/p>\n<p style=\"text-align: left;\" align=\"center\">Je vous convoque \u00e0 la pri\u00e8re, enfants de Notre Roi et Seigneur J\u00e9sus-Christ, priez, priez, priez.<\/p>\n<p style=\"text-align: left;\" align=\"center\"><strong>CE N&rsquo;EST PAS UN APPEL DE PLUS&#8230;<\/strong><br \/>\n<strong>C&rsquo;EST UN APPEL !<\/strong><\/p>\n<p style=\"text-align: left;\" align=\"center\"><strong>VOUS L\u00c8VEREZ LES YEUX ET VOUS SEREZ SURPRIS, <\/strong><strong>NE PERDEZ PAS LA FOI.<\/strong><\/p>\n<p style=\"text-align: left;\">Je vous appelle \u00e0 garder la foi en La Tr\u00e8s Sainte Trinit\u00e9, l&rsquo;amour et la v\u00e9n\u00e9ration envers Notre Reine et M\u00e8re.<\/p>\n<p style=\"text-align: left;\">Souvenez-vous que la lune se teindra de rouge symbolisant le sang, anticipant la guerre et acc\u00e9l\u00e9rant les mouvements tectoniques sur la Terre.<\/p>\n<p style=\"text-align: left;\">Je vous b\u00e9nis,<\/p>\n<p style=\"text-align: left;\" align=\"center\"><strong>VOUS N&rsquo;\u00caTES PAS SEULS, POURQUOI CRAIGNEZ-VOUS ?<\/strong><\/p>\n<p style=\"text-align: left;\" align=\"center\">Saint Michel Archange<\/p>\n<p align=\"center\">\n","protected":false},"excerpt":{"rendered":"<p>MESSAGE DE SAINT MICHEL ARCHANGE \u00c0 LUZ DE MARIA 22 SEPTEMBRE 2025 JE VIENS \u00c0 VOUS PAR ORDRE DE LA TRINIT\u00c9. Bien-aim\u00e9s enfants de Dieu : VOUS CONTINUEZ \u00c0 NE PAS COMPRENDRE L&rsquo;\u0152UVRE DU MAL SUR LE PEUPLE FID\u00c8LE \u00c0 LA TR\u00c8S SAINTE TRINIT\u00c9 ET FID\u00c8LE\u00a0\u00c0 NOTRE REINE ET M\u00c8RE ! Comme des enfants en [&hellip;]<\/p>\n","protected":false},"author":1,"featured_media":322,"comment_status":"closed","ping_status":"open","sticky":false,"template":"","format":"standard","meta":{"ocean_post_layout":"","ocean_both_sidebars_style":"","ocean_both_sidebars_content_width":0,"ocean_both_sidebars_sidebars_width":0,"ocean_sidebar":"0","ocean_second_sidebar":"0","ocean_disable_margins":"enable","ocean_add_body_class":"","ocean_shortcode_before_top_bar":"","ocean_shortcode_after_top_bar":"","ocean_shortcode_before_header":"","ocean_shortcode_after_header":"","ocean_has_shortcode":"","ocean_shortcode_after_title":"","ocean_shortcode_before_footer_widgets":"","ocean_shortcode_after_footer_widgets":"","ocean_shortcode_before_footer_bottom":"","ocean_shortcode_after_footer_bottom":"","ocean_display_top_bar":"default","ocean_display_header":"default","ocean_header_style":"","ocean_center_header_left_menu":"0","ocean_custom_header_template":"0","ocean_custom_logo":0,"ocean_custom_retina_logo":0,"ocean_custom_logo_max_width":0,"ocean_custom_logo_tablet_max_width":0,"ocean_custom_logo_mobile_max_width":0,"ocean_custom_logo_max_height":0,"ocean_custom_logo_tablet_max_height":0,"ocean_custom_logo_mobile_max_height":0,"ocean_header_custom_menu":"0","ocean_menu_typo_font_family":"0","ocean_menu_typo_font_subset":"","ocean_menu_typo_font_size":0,"ocean_menu_typo_font_size_tablet":0,"ocean_menu_typo_font_size_mobile":0,"ocean_menu_typo_font_size_unit":"px","ocean_menu_typo_font_weight":"","ocean_menu_typo_font_weight_tablet":"","ocean_menu_typo_font_weight_mobile":"","ocean_menu_typo_transform":"","ocean_menu_typo_transform_tablet":"","ocean_menu_typo_transform_mobile":"","ocean_menu_typo_line_height":0,"ocean_menu_typo_line_height_tablet":0,"ocean_menu_typo_line_height_mobile":0,"ocean_menu_typo_line_height_unit":"","ocean_menu_typo_spacing":0,"ocean_menu_typo_spacing_tablet":0,"ocean_menu_typo_spacing_mobile":0,"ocean_menu_typo_spacing_unit":"","ocean_menu_link_color":"","ocean_menu_link_color_hover":"","ocean_menu_link_color_active":"","ocean_menu_link_background":"","ocean_menu_link_hover_background":"","ocean_menu_link_active_background":"","ocean_menu_social_links_bg":"","ocean_menu_social_hover_links_bg":"","ocean_menu_social_links_color":"","ocean_menu_social_hover_links_color":"","ocean_disable_title":"default","ocean_disable_heading":"default","ocean_post_title":"","ocean_post_subheading":"","ocean_post_title_style":"","ocean_post_title_background_color":"","ocean_post_title_background":0,"ocean_post_title_bg_image_position":"","ocean_post_title_bg_image_attachment":"","ocean_post_title_bg_image_repeat":"","ocean_post_title_bg_image_size":"","ocean_post_title_height":0,"ocean_post_title_bg_overlay":0.5,"ocean_post_title_bg_overlay_color":"","ocean_disable_breadcrumbs":"default","ocean_breadcrumbs_color":"","ocean_breadcrumbs_separator_color":"","ocean_breadcrumbs_links_color":"","ocean_breadcrumbs_links_hover_color":"","ocean_display_footer_widgets":"default","ocean_display_footer_bottom":"default","ocean_custom_footer_template":"0","ocean_post_oembed":"","ocean_post_self_hosted_media":"","ocean_post_video_embed":"","ocean_link_format":"","ocean_link_format_target":"self","ocean_quote_format":"","ocean_quote_format_link":"post","ocean_gallery_link_images":"on","ocean_gallery_id":[],"footnotes":""},"categories":[39],"tags":[],"class_list":["post-2612","post","type-post","status-publish","format-standard","has-post-thumbnail","hentry","category-luz-de-maria","entry","has-media"],"yoast_head":"<!-- This site is optimized with the Yoast SEO plugin v27.4 - https:\/\/yoast.com\/product\/yoast-seo-wordpress\/ -->\n<title>Messages donn\u00e9s \u00e0 Luz de Maria en septembre 2025 - Communion des refuges du Coeur Immacul\u00e9 de Marie<\/title>\n<meta name=\"description\" content=\"Messages donn\u00e9s par Le P\u00e8re et par Saint Michel Archange \u00e0 Luz de Maria durant le mois de septembre 2025.\" \/>\n<meta name=\"robots\" content=\"index, follow, max-snippet:-1, max-image-preview:large, max-video-preview:-1\" \/>\n<link rel=\"canonical\" href=\"https:\/\/refugesdemarie.fr\/index.php\/2025\/10\/10\/messages-donnes-a-luz-de-maria-en-septembre-2025\/\" \/>\n<meta property=\"og:locale\" content=\"fr_FR\" \/>\n<meta property=\"og:type\" content=\"article\" \/>\n<meta property=\"og:title\" content=\"Messages donn\u00e9s \u00e0 Luz de Maria en septembre 2025 - Communion des refuges du Coeur Immacul\u00e9 de Marie\" \/>\n<meta property=\"og:description\" content=\"Messages donn\u00e9s par Le P\u00e8re et par Saint Michel Archange \u00e0 Luz de Maria durant le mois de septembre 2025.\" \/>\n<meta property=\"og:url\" content=\"https:\/\/refugesdemarie.fr\/index.php\/2025\/10\/10\/messages-donnes-a-luz-de-maria-en-septembre-2025\/\" \/>\n<meta property=\"og:site_name\" content=\"Communion des refuges du Coeur Immacul\u00e9 de Marie\" \/>\n<meta property=\"article:publisher\" content=\"https:\/\/www.facebook.com\/profile.php?id=100089561384328\" \/>\n<meta property=\"article:author\" content=\"https:\/\/www.facebook.com\/profile.php?id=100089561384328\" \/>\n<meta property=\"article:published_time\" content=\"2025-10-10T15:35:08+00:00\" \/>\n<meta property=\"article:modified_time\" content=\"2026-01-06T16:03:59+00:00\" \/>\n<meta property=\"og:image\" content=\"https:\/\/refugesdemarie.fr\/wp-content\/uploads\/2023\/05\/luz-maria-bonilla-770x495-1.jpg\" \/>\n\t<meta property=\"og:image:width\" content=\"770\" \/>\n\t<meta property=\"og:image:height\" content=\"495\" \/>\n\t<meta property=\"og:image:type\" content=\"image\/jpeg\" \/>\n<meta name=\"author\" content=\"refugesdemarie@gmail.com\" \/>\n<meta name=\"twitter:card\" content=\"summary_large_image\" \/>\n<meta name=\"twitter:label1\" content=\"\u00c9crit par\" \/>\n\t<meta name=\"twitter:data1\" content=\"refugesdemarie@gmail.com\" \/>\n\t<meta name=\"twitter:label2\" content=\"Dur\u00e9e de lecture estim\u00e9e\" \/>\n\t<meta name=\"twitter:data2\" content=\"10 minutes\" \/>\n<script type=\"application\/ld+json\" class=\"yoast-schema-graph\">{\"@context\":\"https:\\\/\\\/schema.org\",\"@graph\":[{\"@type\":\"Article\",\"@id\":\"https:\\\/\\\/refugesdemarie.fr\\\/index.php\\\/2025\\\/10\\\/10\\\/messages-donnes-a-luz-de-maria-en-septembre-2025\\\/#article\",\"isPartOf\":{\"@id\":\"https:\\\/\\\/refugesdemarie.fr\\\/index.php\\\/2025\\\/10\\\/10\\\/messages-donnes-a-luz-de-maria-en-septembre-2025\\\/\"},\"author\":{\"name\":\"refugesdemarie@gmail.com\",\"@id\":\"https:\\\/\\\/refugesdemarie.fr\\\/#\\\/schema\\\/person\\\/3bda0c49569f70f4dcfbe78b7e174b11\"},\"headline\":\"Messages donn\u00e9s \u00e0 Luz de Maria en septembre 2025\",\"datePublished\":\"2025-10-10T15:35:08+00:00\",\"dateModified\":\"2026-01-06T16:03:59+00:00\",\"mainEntityOfPage\":{\"@id\":\"https:\\\/\\\/refugesdemarie.fr\\\/index.php\\\/2025\\\/10\\\/10\\\/messages-donnes-a-luz-de-maria-en-septembre-2025\\\/\"},\"wordCount\":1948,\"publisher\":{\"@id\":\"https:\\\/\\\/refugesdemarie.fr\\\/#organization\"},\"image\":{\"@id\":\"https:\\\/\\\/refugesdemarie.fr\\\/index.php\\\/2025\\\/10\\\/10\\\/messages-donnes-a-luz-de-maria-en-septembre-2025\\\/#primaryimage\"},\"thumbnailUrl\":\"https:\\\/\\\/refugesdemarie.fr\\\/wp-content\\\/uploads\\\/2023\\\/05\\\/luz-maria-bonilla-770x495-1.jpg\",\"articleSection\":[\"Luz de Maria\"],\"inLanguage\":\"fr-FR\"},{\"@type\":\"WebPage\",\"@id\":\"https:\\\/\\\/refugesdemarie.fr\\\/index.php\\\/2025\\\/10\\\/10\\\/messages-donnes-a-luz-de-maria-en-septembre-2025\\\/\",\"url\":\"https:\\\/\\\/refugesdemarie.fr\\\/index.php\\\/2025\\\/10\\\/10\\\/messages-donnes-a-luz-de-maria-en-septembre-2025\\\/\",\"name\":\"Messages donn\u00e9s \u00e0 Luz de Maria en septembre 2025 - Communion des refuges du Coeur Immacul\u00e9 de Marie\",\"isPartOf\":{\"@id\":\"https:\\\/\\\/refugesdemarie.fr\\\/#website\"},\"primaryImageOfPage\":{\"@id\":\"https:\\\/\\\/refugesdemarie.fr\\\/index.php\\\/2025\\\/10\\\/10\\\/messages-donnes-a-luz-de-maria-en-septembre-2025\\\/#primaryimage\"},\"image\":{\"@id\":\"https:\\\/\\\/refugesdemarie.fr\\\/index.php\\\/2025\\\/10\\\/10\\\/messages-donnes-a-luz-de-maria-en-septembre-2025\\\/#primaryimage\"},\"thumbnailUrl\":\"https:\\\/\\\/refugesdemarie.fr\\\/wp-content\\\/uploads\\\/2023\\\/05\\\/luz-maria-bonilla-770x495-1.jpg\",\"datePublished\":\"2025-10-10T15:35:08+00:00\",\"dateModified\":\"2026-01-06T16:03:59+00:00\",\"description\":\"Messages donn\u00e9s par Le P\u00e8re et par Saint Michel Archange \u00e0 Luz de Maria durant le mois de septembre 2025.\",\"breadcrumb\":{\"@id\":\"https:\\\/\\\/refugesdemarie.fr\\\/index.php\\\/2025\\\/10\\\/10\\\/messages-donnes-a-luz-de-maria-en-septembre-2025\\\/#breadcrumb\"},\"inLanguage\":\"fr-FR\",\"potentialAction\":[{\"@type\":\"ReadAction\",\"target\":[\"https:\\\/\\\/refugesdemarie.fr\\\/index.php\\\/2025\\\/10\\\/10\\\/messages-donnes-a-luz-de-maria-en-septembre-2025\\\/\"]}]},{\"@type\":\"ImageObject\",\"inLanguage\":\"fr-FR\",\"@id\":\"https:\\\/\\\/refugesdemarie.fr\\\/index.php\\\/2025\\\/10\\\/10\\\/messages-donnes-a-luz-de-maria-en-septembre-2025\\\/#primaryimage\",\"url\":\"https:\\\/\\\/refugesdemarie.fr\\\/wp-content\\\/uploads\\\/2023\\\/05\\\/luz-maria-bonilla-770x495-1.jpg\",\"contentUrl\":\"https:\\\/\\\/refugesdemarie.fr\\\/wp-content\\\/uploads\\\/2023\\\/05\\\/luz-maria-bonilla-770x495-1.jpg\",\"width\":770,\"height\":495},{\"@type\":\"BreadcrumbList\",\"@id\":\"https:\\\/\\\/refugesdemarie.fr\\\/index.php\\\/2025\\\/10\\\/10\\\/messages-donnes-a-luz-de-maria-en-septembre-2025\\\/#breadcrumb\",\"itemListElement\":[{\"@type\":\"ListItem\",\"position\":1,\"name\":\"Accueil\",\"item\":\"https:\\\/\\\/refugesdemarie.fr\\\/\"},{\"@type\":\"ListItem\",\"position\":2,\"name\":\"Messages donn\u00e9s \u00e0 Luz de Maria en septembre 2025\"}]},{\"@type\":\"WebSite\",\"@id\":\"https:\\\/\\\/refugesdemarie.fr\\\/#website\",\"url\":\"https:\\\/\\\/refugesdemarie.fr\\\/\",\"name\":\"Communion des refuges du Coeur Immacul\u00e9 de Marie\",\"description\":\"\",\"publisher\":{\"@id\":\"https:\\\/\\\/refugesdemarie.fr\\\/#organization\"},\"potentialAction\":[{\"@type\":\"SearchAction\",\"target\":{\"@type\":\"EntryPoint\",\"urlTemplate\":\"https:\\\/\\\/refugesdemarie.fr\\\/?s={search_term_string}\"},\"query-input\":{\"@type\":\"PropertyValueSpecification\",\"valueRequired\":true,\"valueName\":\"search_term_string\"}}],\"inLanguage\":\"fr-FR\"},{\"@type\":\"Organization\",\"@id\":\"https:\\\/\\\/refugesdemarie.fr\\\/#organization\",\"name\":\"Communion des refuges du Coeur Immacul\u00e9 de Marie\",\"url\":\"https:\\\/\\\/refugesdemarie.fr\\\/\",\"logo\":{\"@type\":\"ImageObject\",\"inLanguage\":\"fr-FR\",\"@id\":\"https:\\\/\\\/refugesdemarie.fr\\\/#\\\/schema\\\/logo\\\/image\\\/\",\"url\":\"https:\\\/\\\/refugesdemarie.fr\\\/wp-content\\\/uploads\\\/2023\\\/01\\\/cropped-Logo-Communion-des-Refuges-6.jpg\",\"contentUrl\":\"https:\\\/\\\/refugesdemarie.fr\\\/wp-content\\\/uploads\\\/2023\\\/01\\\/cropped-Logo-Communion-des-Refuges-6.jpg\",\"width\":1199,\"height\":377,\"caption\":\"Communion des refuges du Coeur Immacul\u00e9 de Marie\"},\"image\":{\"@id\":\"https:\\\/\\\/refugesdemarie.fr\\\/#\\\/schema\\\/logo\\\/image\\\/\"},\"sameAs\":[\"https:\\\/\\\/www.facebook.com\\\/profile.php?id=100089561384328\"]},{\"@type\":\"Person\",\"@id\":\"https:\\\/\\\/refugesdemarie.fr\\\/#\\\/schema\\\/person\\\/3bda0c49569f70f4dcfbe78b7e174b11\",\"name\":\"refugesdemarie@gmail.com\",\"image\":{\"@type\":\"ImageObject\",\"inLanguage\":\"fr-FR\",\"@id\":\"https:\\\/\\\/secure.gravatar.com\\\/avatar\\\/43491e46ee54b6706285b166679fe98aa620b1849d376153f6bc028852c019f7?s=96&d=mm&r=g\",\"url\":\"https:\\\/\\\/secure.gravatar.com\\\/avatar\\\/43491e46ee54b6706285b166679fe98aa620b1849d376153f6bc028852c019f7?s=96&d=mm&r=g\",\"contentUrl\":\"https:\\\/\\\/secure.gravatar.com\\\/avatar\\\/43491e46ee54b6706285b166679fe98aa620b1849d376153f6bc028852c019f7?s=96&d=mm&r=g\",\"caption\":\"refugesdemarie@gmail.com\"},\"sameAs\":[\"https:\\\/\\\/refugesdemarie.fr\",\"https:\\\/\\\/www.facebook.com\\\/profile.php?id=100089561384328\",\"https:\\\/\\\/www.youtube.com\\\/channel\\\/UCXOznkQcnNvuMDGDg11ZPfg\"],\"url\":\"https:\\\/\\\/refugesdemarie.fr\\\/index.php\\\/author\\\/com-coeur-immaculegmail-com\\\/\"}]}<\/script>\n<!-- \/ Yoast SEO plugin. -->","yoast_head_json":{"title":"Messages donn\u00e9s \u00e0 Luz de Maria en septembre 2025 - Communion des refuges du Coeur Immacul\u00e9 de Marie","description":"Messages donn\u00e9s par Le P\u00e8re et par Saint Michel Archange \u00e0 Luz de Maria durant le mois de septembre 2025.","robots":{"index":"index","follow":"follow","max-snippet":"max-snippet:-1","max-image-preview":"max-image-preview:large","max-video-preview":"max-video-preview:-1"},"canonical":"https:\/\/refugesdemarie.fr\/index.php\/2025\/10\/10\/messages-donnes-a-luz-de-maria-en-septembre-2025\/","og_locale":"fr_FR","og_type":"article","og_title":"Messages donn\u00e9s \u00e0 Luz de Maria en septembre 2025 - Communion des refuges du Coeur Immacul\u00e9 de Marie","og_description":"Messages donn\u00e9s par Le P\u00e8re et par Saint Michel Archange \u00e0 Luz de Maria durant le mois de septembre 2025.","og_url":"https:\/\/refugesdemarie.fr\/index.php\/2025\/10\/10\/messages-donnes-a-luz-de-maria-en-septembre-2025\/","og_site_name":"Communion des refuges du Coeur Immacul\u00e9 de Marie","article_publisher":"https:\/\/www.facebook.com\/profile.php?id=100089561384328","article_author":"https:\/\/www.facebook.com\/profile.php?id=100089561384328","article_published_time":"2025-10-10T15:35:08+00:00","article_modified_time":"2026-01-06T16:03:59+00:00","og_image":[{"width":770,"height":495,"url":"https:\/\/refugesdemarie.fr\/wp-content\/uploads\/2023\/05\/luz-maria-bonilla-770x495-1.jpg","type":"image\/jpeg"}],"author":"refugesdemarie@gmail.com","twitter_card":"summary_large_image","twitter_misc":{"\u00c9crit par":"refugesdemarie@gmail.com","Dur\u00e9e de lecture estim\u00e9e":"10 minutes"},"schema":{"@context":"https:\/\/schema.org","@graph":[{"@type":"Article","@id":"https:\/\/refugesdemarie.fr\/index.php\/2025\/10\/10\/messages-donnes-a-luz-de-maria-en-septembre-2025\/#article","isPartOf":{"@id":"https:\/\/refugesdemarie.fr\/index.php\/2025\/10\/10\/messages-donnes-a-luz-de-maria-en-septembre-2025\/"},"author":{"name":"refugesdemarie@gmail.com","@id":"https:\/\/refugesdemarie.fr\/#\/schema\/person\/3bda0c49569f70f4dcfbe78b7e174b11"},"headline":"Messages donn\u00e9s \u00e0 Luz de Maria en septembre 2025","datePublished":"2025-10-10T15:35:08+00:00","dateModified":"2026-01-06T16:03:59+00:00","mainEntityOfPage":{"@id":"https:\/\/refugesdemarie.fr\/index.php\/2025\/10\/10\/messages-donnes-a-luz-de-maria-en-septembre-2025\/"},"wordCount":1948,"publisher":{"@id":"https:\/\/refugesdemarie.fr\/#organization"},"image":{"@id":"https:\/\/refugesdemarie.fr\/index.php\/2025\/10\/10\/messages-donnes-a-luz-de-maria-en-septembre-2025\/#primaryimage"},"thumbnailUrl":"https:\/\/refugesdemarie.fr\/wp-content\/uploads\/2023\/05\/luz-maria-bonilla-770x495-1.jpg","articleSection":["Luz de Maria"],"inLanguage":"fr-FR"},{"@type":"WebPage","@id":"https:\/\/refugesdemarie.fr\/index.php\/2025\/10\/10\/messages-donnes-a-luz-de-maria-en-septembre-2025\/","url":"https:\/\/refugesdemarie.fr\/index.php\/2025\/10\/10\/messages-donnes-a-luz-de-maria-en-septembre-2025\/","name":"Messages donn\u00e9s \u00e0 Luz de Maria en septembre 2025 - Communion des refuges du Coeur Immacul\u00e9 de Marie","isPartOf":{"@id":"https:\/\/refugesdemarie.fr\/#website"},"primaryImageOfPage":{"@id":"https:\/\/refugesdemarie.fr\/index.php\/2025\/10\/10\/messages-donnes-a-luz-de-maria-en-septembre-2025\/#primaryimage"},"image":{"@id":"https:\/\/refugesdemarie.fr\/index.php\/2025\/10\/10\/messages-donnes-a-luz-de-maria-en-septembre-2025\/#primaryimage"},"thumbnailUrl":"https:\/\/refugesdemarie.fr\/wp-content\/uploads\/2023\/05\/luz-maria-bonilla-770x495-1.jpg","datePublished":"2025-10-10T15:35:08+00:00","dateModified":"2026-01-06T16:03:59+00:00","description":"Messages donn\u00e9s par Le P\u00e8re et par Saint Michel Archange \u00e0 Luz de Maria durant le mois de septembre 2025.","breadcrumb":{"@id":"https:\/\/refugesdemarie.fr\/index.php\/2025\/10\/10\/messages-donnes-a-luz-de-maria-en-septembre-2025\/#breadcrumb"},"inLanguage":"fr-FR","potentialAction":[{"@type":"ReadAction","target":["https:\/\/refugesdemarie.fr\/index.php\/2025\/10\/10\/messages-donnes-a-luz-de-maria-en-septembre-2025\/"]}]},{"@type":"ImageObject","inLanguage":"fr-FR","@id":"https:\/\/refugesdemarie.fr\/index.php\/2025\/10\/10\/messages-donnes-a-luz-de-maria-en-septembre-2025\/#primaryimage","url":"https:\/\/refugesdemarie.fr\/wp-content\/uploads\/2023\/05\/luz-maria-bonilla-770x495-1.jpg","contentUrl":"https:\/\/refugesdemarie.fr\/wp-content\/uploads\/2023\/05\/luz-maria-bonilla-770x495-1.jpg","width":770,"height":495},{"@type":"BreadcrumbList","@id":"https:\/\/refugesdemarie.fr\/index.php\/2025\/10\/10\/messages-donnes-a-luz-de-maria-en-septembre-2025\/#breadcrumb","itemListElement":[{"@type":"ListItem","position":1,"name":"Accueil","item":"https:\/\/refugesdemarie.fr\/"},{"@type":"ListItem","position":2,"name":"Messages donn\u00e9s \u00e0 Luz de Maria en septembre 2025"}]},{"@type":"WebSite","@id":"https:\/\/refugesdemarie.fr\/#website","url":"https:\/\/refugesdemarie.fr\/","name":"Communion des refuges du Coeur Immacul\u00e9 de Marie","description":"","publisher":{"@id":"https:\/\/refugesdemarie.fr\/#organization"},"potentialAction":[{"@type":"SearchAction","target":{"@type":"EntryPoint","urlTemplate":"https:\/\/refugesdemarie.fr\/?s={search_term_string}"},"query-input":{"@type":"PropertyValueSpecification","valueRequired":true,"valueName":"search_term_string"}}],"inLanguage":"fr-FR"},{"@type":"Organization","@id":"https:\/\/refugesdemarie.fr\/#organization","name":"Communion des refuges du Coeur Immacul\u00e9 de Marie","url":"https:\/\/refugesdemarie.fr\/","logo":{"@type":"ImageObject","inLanguage":"fr-FR","@id":"https:\/\/refugesdemarie.fr\/#\/schema\/logo\/image\/","url":"https:\/\/refugesdemarie.fr\/wp-content\/uploads\/2023\/01\/cropped-Logo-Communion-des-Refuges-6.jpg","contentUrl":"https:\/\/refugesdemarie.fr\/wp-content\/uploads\/2023\/01\/cropped-Logo-Communion-des-Refuges-6.jpg","width":1199,"height":377,"caption":"Communion des refuges du Coeur Immacul\u00e9 de Marie"},"image":{"@id":"https:\/\/refugesdemarie.fr\/#\/schema\/logo\/image\/"},"sameAs":["https:\/\/www.facebook.com\/profile.php?id=100089561384328"]},{"@type":"Person","@id":"https:\/\/refugesdemarie.fr\/#\/schema\/person\/3bda0c49569f70f4dcfbe78b7e174b11","name":"refugesdemarie@gmail.com","image":{"@type":"ImageObject","inLanguage":"fr-FR","@id":"https:\/\/secure.gravatar.com\/avatar\/43491e46ee54b6706285b166679fe98aa620b1849d376153f6bc028852c019f7?s=96&d=mm&r=g","url":"https:\/\/secure.gravatar.com\/avatar\/43491e46ee54b6706285b166679fe98aa620b1849d376153f6bc028852c019f7?s=96&d=mm&r=g","contentUrl":"https:\/\/secure.gravatar.com\/avatar\/43491e46ee54b6706285b166679fe98aa620b1849d376153f6bc028852c019f7?s=96&d=mm&r=g","caption":"refugesdemarie@gmail.com"},"sameAs":["https:\/\/refugesdemarie.fr","https:\/\/www.facebook.com\/profile.php?id=100089561384328","https:\/\/www.youtube.com\/channel\/UCXOznkQcnNvuMDGDg11ZPfg"],"url":"https:\/\/refugesdemarie.fr\/index.php\/author\/com-coeur-immaculegmail-com\/"}]}},"_links":{"self":[{"href":"https:\/\/refugesdemarie.fr\/index.php\/wp-json\/wp\/v2\/posts\/2612","targetHints":{"allow":["GET"]}}],"collection":[{"href":"https:\/\/refugesdemarie.fr\/index.php\/wp-json\/wp\/v2\/posts"}],"about":[{"href":"https:\/\/refugesdemarie.fr\/index.php\/wp-json\/wp\/v2\/types\/post"}],"author":[{"embeddable":true,"href":"https:\/\/refugesdemarie.fr\/index.php\/wp-json\/wp\/v2\/users\/1"}],"replies":[{"embeddable":true,"href":"https:\/\/refugesdemarie.fr\/index.php\/wp-json\/wp\/v2\/comments?post=2612"}],"version-history":[{"count":4,"href":"https:\/\/refugesdemarie.fr\/index.php\/wp-json\/wp\/v2\/posts\/2612\/revisions"}],"predecessor-version":[{"id":2616,"href":"https:\/\/refugesdemarie.fr\/index.php\/wp-json\/wp\/v2\/posts\/2612\/revisions\/2616"}],"wp:featuredmedia":[{"embeddable":true,"href":"https:\/\/refugesdemarie.fr\/index.php\/wp-json\/wp\/v2\/media\/322"}],"wp:attachment":[{"href":"https:\/\/refugesdemarie.fr\/index.php\/wp-json\/wp\/v2\/media?parent=2612"}],"wp:term":[{"taxonomy":"category","embeddable":true,"href":"https:\/\/refugesdemarie.fr\/index.php\/wp-json\/wp\/v2\/categories?post=2612"},{"taxonomy":"post_tag","embeddable":true,"href":"https:\/\/refugesdemarie.fr\/index.php\/wp-json\/wp\/v2\/tags?post=2612"}],"curies":[{"name":"wp","href":"https:\/\/api.w.org\/{rel}","templated":true}]}}