{"id":2772,"date":"2025-12-12T15:40:26","date_gmt":"2025-12-12T15:40:26","guid":{"rendered":"https:\/\/refugesdemarie.fr\/?p=2772"},"modified":"2026-01-06T16:03:58","modified_gmt":"2026-01-06T16:03:58","slug":"messages-donnes-a-luz-de-maria-en-novembre-2025","status":"publish","type":"post","link":"https:\/\/refugesdemarie.fr\/index.php\/2025\/12\/12\/messages-donnes-a-luz-de-maria-en-novembre-2025\/","title":{"rendered":"Messages donn\u00e9s \u00e0 Luz de Maria en novembre 2025"},"content":{"rendered":"<div class=\"pdfprnt-buttons pdfprnt-buttons-post pdfprnt-top-right\"><a href=\"https:\/\/refugesdemarie.fr\/index.php\/wp-json\/wp\/v2\/posts\/2772?print=print\" class=\"pdfprnt-button pdfprnt-button-print\" target=\"_blank\" ><img decoding=\"async\" src=\"https:\/\/refugesdemarie.fr\/wp-content\/plugins\/pdf-print\/images\/print.png\" alt=\"image_print\" title=\"Contenu imprim\u00e9\" \/><\/a><\/div><h2 align=\"center\"><strong>MESSAGE DE NOTRE SEIGNEUR J\u00c9SUS-CHRIST<\/strong><br \/>\n<strong>\u00c0 LUZ DE MARIA<\/strong><br \/>\n<strong>25 NOVEMBRE 2025<\/strong><\/h2>\n<p align=\"center\"><img decoding=\"async\" src=\"http:\/\/www.revelacionesmarianas.com\/images\/00_JESUS.png\" alt=\"\" \/><\/p>\n<p>&nbsp;<\/p>\n<p align=\"center\">Mes enfants bien-aim\u00e9s :<\/p>\n<p align=\"center\"><strong>MA B\u00c9N\u00c9DICTION EST POUR TOUS UNE SOURCE D&rsquo;AMOUR, DE PAIX ET DE SAGESSE.<\/strong><br \/>\n<strong>CHAQUE B\u00c9N\u00c9DICTION QUE JE VOUS ACCORDE IMPLIQUE MA PROTECTION.<\/strong><\/p>\n<p>Mes bien-aim\u00e9s, vous devez garder la foi en Ma Mis\u00e9ricorde et consid\u00e9rer chaque nouveau lever du soleil comme une nouvelle opportunit\u00e9 de vous convertir et de rester ainsi aupr\u00e8s de Moi (cf. Rm 12, 2), sans oublier d&rsquo;accomplir Ma Volont\u00e9, en Me recevant chaque jour dans Mon Corps et Mon Sang.<\/p>\n<p>Chacun doit \u00eatre plus conscient de ce que signifie faire des pas vers la vie \u00e9ternelle, de ce que signifie s&rsquo;immerger dans Mon Amour ; ce qui est tr\u00e8s diff\u00e9rent de dire : \u00ab J&rsquo;aime un fr\u00e8re, je lui pardonne \u00bb et de toujours garder en soi ce qui ne permet pas un v\u00e9ritable pardon, mais un pardon dissimul\u00e9 et conditionnel.<\/p>\n<p align=\"center\"><strong>VOUS VIVEZ ENCORE DANS L&rsquo;ATTENTE DES DATES POUR<\/strong> <strong>CHANGER OU NE PAS CHANGER SPIRITUELLEMENT.<\/strong><br \/>\n<strong>LES DATES VONT VOUS CONFONDRE ET VOUS AMENER <\/strong><strong>\u00c0 PERDRE LA FOI.<\/strong><\/p>\n<p>J&rsquo;insiste pour que vous changiez spirituellement, car celui qui change spirituellement change dans tous les aspects de sa vie. Le d\u00e9passement spirituel vous conduit \u00e0 un changement radical pour \u00eatre de meilleurs \u00eatres humains, de meilleurs fr\u00e8res, de meilleurs enfants, de meilleurs membres de la soci\u00e9t\u00e9, de meilleurs travailleurs, de meilleurs compagnons, car l&rsquo;esprit commence \u00e0 r\u00e9gner sur les instincts humains domin\u00e9s par l&rsquo;\u00ab ego \u00bb (cf. Ga 5, 16-26).\u00a0 Ce n&rsquo;est pas que l&rsquo;ego soit mauvais, petits enfants, mais vous devez \u00e9liminer toute la contamination avec laquelle l&rsquo;ego humain s&rsquo;est permis de cro\u00eetre, s&rsquo;est nourri du \u00ab je suis, je veux, je commande, moi, moi \u00bb.<\/p>\n<p>Vous devez faire le premier pas, Mes enfants, et \u00eatre davantage bienveillants, ne pas causer de crainte \u00e0 vos semblables, ni \u00eatre motif qu\u2019ils vous m\u00e9prisent pour votre orgueil, ni \u00eatre ind\u00e9sirable par votre arrogance\u00a0; au contraire, vous devez \u00eatre dociles, aimables, coop\u00e9ratifs et donner le meilleur de vous-m\u00eames \u00e0 vos semblables. C&rsquo;est seulement ainsi que vous parviendrez \u00e0 \u00eatre \u00e0 Ma Ressemblance. Abandonnez vos attachements, abandonnez les choses mondaines et soyez authentiques (cf. Mt 11, 29-30).<\/p>\n<p>Mes enfants, la vie en commun sera de plus en plus difficile : ceux qui ne M&rsquo;aiment pas pers\u00e9cutent Mes Pr\u00eatres ; ils leur enl\u00e8vent la vie parce qu&rsquo;ils Me sont fid\u00e8les et parce qu&rsquo;ils sont les enfants pr\u00e9f\u00e9r\u00e9s de Ma Tr\u00e8s Sainte M\u00e8re. Mes enfants la\u00efcs sont cruellement assassin\u00e9s ; c&rsquo;est la pers\u00e9cution qui a commenc\u00e9 et qui s&rsquo;intensifiera d\u00e8s que l&rsquo;\u00e9lite mondiale prendra davantage de pouvoir.<\/p>\n<p>Soyez fid\u00e8les \u00e0 la Tradition de Mon \u00c9glise, soyez des cr\u00e9atures de foi et continuez \u00e0 \u00eatre amour sans h\u00e9siter, en Me regardant afin de ne pas tomber dans la tentation ni \u00eatre la proie de la peur, avec laquelle le Diable souhaite vous intimider.<\/p>\n<p>Enfants, on vous tient en haleine avec la guerre ; celle-ci aura lieu du fait d\u2019une grande imprudence.<\/p>\n<p align=\"center\"><strong>SACHEZ QUE LA PRI\u00c8RE ACCOMPLIT DES MIRACLES <\/strong><strong>LORSQU&rsquo;ELLE EST FAITE AVEC AMOUR, FOI, D\u00c9VOTION <\/strong><strong>ET QU&rsquo;ELLE EST V\u00c9CUE DU FOND DU C\u0152UR<\/strong> (cf. Lc 18, 1-8).<\/p>\n<p align=\"center\"><strong>VOUS DEVEZ \u00caTRE DES \u00c2MES PRIANTES QUI S&rsquo;UNISSENT <\/strong><strong>\u00c0 LA CHA\u00ceNE DE PRI\u00c8RE DE QUARANTE JOURS.<\/strong><\/p>\n<p>Les s\u00e9ismes continuent de secouer la Terre en divers endroits et, avec cela, la terre s&rsquo;ouvre, les mers s&rsquo;agitent et les volcans entrent en \u00e9ruption, comme cela vous a d\u00e9j\u00e0 \u00e9t\u00e9 annonc\u00e9.<\/p>\n<p>Pr\u00e9parez-vous \u00e0 affronter le froid extr\u00eame et les fortes chutes de neige dans les pays o\u00f9 l&rsquo;hiver arrive, et dans les pays o\u00f9 il ne faisait pas si froid, vous souffrirez du froid.<\/p>\n<p>Mes bien-aim\u00e9s, vous souffrez de l&rsquo;influence de la com\u00e8te qui retient l&rsquo;attention de ceux qui n&rsquo;ont pas acc\u00e8s \u00e0 l&rsquo;information r\u00e9elle car ils sont \u00e9trangers \u00e0 la sph\u00e8re mondiale, et les nations qui dirigent une partie de l&rsquo;humanit\u00e9 gardent secrets les d\u00e9tails concernant la com\u00e8te et souhaitent vous surprendre.<\/p>\n<p>La purification vous arrive et en m\u00eame temps, Je vous envoie de grandes b\u00e9n\u00e9dictions.<\/p>\n<p align=\"center\"><strong>LE FAIT D&rsquo;AVOIR LA GR\u00c2CE DE VOUS D\u00c9CIDER POUR MA MAISON <\/strong><strong>VOUS PERMETTRA DE MULTIPLIER VOTRE FOI, AINSI VOUS SEREZ FORTIFI\u00c9S PAR MON SAINT-ESPRIT ET VOTRE FOI AUGMENTERA.<\/strong><\/p>\n<p align=\"center\"><strong>VOUS VERREZ MES ANGES COMME UN SIGNAL QUE VOUS N&rsquo;\u00caTES PAS SEULS. MA M\u00c8RE APPARA\u00ceTRA DE MANI\u00c8RE \u00c0 CE QUE VOUS NE PUISSIEZ LA CONFONDRE AVEC QUELQUE CHOSE CR\u00c9\u00c9 PAR L&rsquo;HOMME.<\/strong><\/p>\n<p>Ne perdez pas la foi, celui qui M&rsquo;aime sait ce que c&rsquo;est que d&rsquo;\u00eatre Mon enfant par-dessus tout !<br \/>\nVenez \u00e0 Moi et aimez Ma M\u00e8re, Elle ne vous abandonnera pas.<\/p>\n<p>Je vous aime et vous b\u00e9nis.<\/p>\n<p align=\"center\">Christ, Roi de l&rsquo;Univers<\/p>\n<p align=\"center\">\n<h2 align=\"center\"><strong>MESSAGE DE DIEU LE P\u00c8RE<\/strong><br \/>\n<strong>\u00c0 LUZ DE MARIA<\/strong><br \/>\n<strong>17 NOVEMBRE 2025<\/strong><\/h2>\n<p align=\"center\">\u202f\u00c0 Mes enfants, de la part de votre P\u00e8re :<\/p>\n<p align=\"center\"><strong>COMBIEN JE VOUS AIME !<\/strong><br \/>\n<strong>\u00c0 TEL POINT QUE J&rsquo;AI ENVOY\u00c9 MON FILS LIVRER SA PROPRE VIE SUR LA CROIX AFIN QUE CHACUN DE MES ENFANTS PUISSE SE R\u00c9CONCILIER AVEC CE P\u00c8RE POUR LA VIE \u00c9TERNELLE (cf. Jn 3, 16<\/strong>).<\/p>\n<p>Face \u00e0 la d\u00e9sob\u00e9issance, racine de tous les maux, vous avez refus\u00e9 d&rsquo;accueillir un si grand Acte de Mon Amour pour l&rsquo;humanit\u00e9 et vous continuez d&rsquo;\u00eatre la proie du p\u00e9ch\u00e9.<\/p>\n<p>Les g\u00e9n\u00e9rations se sont succ\u00e9d\u00e9 et le p\u00e9ch\u00e9 s&rsquo;est accru avec elles. C&rsquo;est pr\u00e9cis\u00e9ment \u00e0 cette g\u00e9n\u00e9ration que J&rsquo;ai donn\u00e9 l\u2019opportunit\u00e9 de monter dans l&rsquo;Arche du Salut : Ma Fille de Pr\u00e9dilection, M\u00e8re de Mon Divin Fils et Temple de Dieu l\u2019Esprit Saint, afin que, berc\u00e9s par Ma Fille Vierge et M\u00e8re, vous soyez ob\u00e9issants et, comme Ma Fille, puissiez accomplir ce Fiat Personnel que chacun doit prononcer.<\/p>\n<p>Pourquoi, Mes enfants, craignez-vous tant de dire : \u00ab <em>Que Ta Volont\u00e9 soit faite sur la Terre comme au Ciel<\/em> \u00bb (cf. Mt 6, 10) ?<\/p>\n<p>Ma Volont\u00e9 est le bien du genre humain, c&rsquo;est la d\u00e9livrance des griffes du mal et c\u2019est que chacun puisse choisir sa place \u00e0 Mon Banquet C\u00e9leste.<\/p>\n<p>Je vous aime, enfants, et quelle a \u00e9t\u00e9 la r\u00e9ponse de l&rsquo;humanit\u00e9 ?<\/p>\n<p>Cr\u00e9er une Tour de Babel comme cela s&rsquo;est produit \u00e0 chaque g\u00e9n\u00e9ration, celle-ci \u00e9tant aujourd&rsquo;hui l&rsquo;\u00e9lite qui croit passer outre Ma Volont\u00e9 en \u00e9radiquant les valeurs, en allant \u00e0 l&rsquo;encontre des limites dans tous les aspects de la vie, en tuant des innocents et en g\u00e9n\u00e9rant la mort au moment o\u00f9 chacun le souhaite, et en souillant l&rsquo;esprit de Mes innocents afin qu&rsquo;ils soient pr\u00e9par\u00e9s pour l&rsquo;arriv\u00e9e publique de l&rsquo;Antichrist, pers\u00e9cuteur de Mes enfants et terreur pour toute l&rsquo;humanit\u00e9.<\/p>\n<p>Ceux qui croient Me surpasser, Moi, le Tout-Puissant, Je les ferai tomber par leur propre libre arbitre.<\/p>\n<p>L&rsquo;\u00e9nergie nucl\u00e9aire ne sera pas arr\u00eat\u00e9e par une ville souterraine, elle sera arr\u00eat\u00e9e en pronon\u00e7ant le Fiat Personnel, en \u00e9tant Mes enfants ob\u00e9issants, d\u00e9vou\u00e9s \u00e0 servir selon les Commandements que J&rsquo;ai donn\u00e9s \u00e0 Mo\u00efse pour \u00eatre accomplis par toutes les g\u00e9n\u00e9rations jusqu&rsquo;\u00e0 la fin des temps (cf. Ex 20, 3-17 ; Mt. 22, 36-40).<\/p>\n<p>Celui qui confesse \u00eatre Mon enfant doit respecter Ma Loi, recevoir Mon Divin Fils et confesser \u00eatre porteur de l&rsquo;Esprit Divin.<\/p>\n<p>Je n&rsquo;ai pas une Loi pour les uns et une autre pour les autres ; J&rsquo;ai donn\u00e9 \u00e0 Mo\u00efse la Loi pour tous les temps, toutes les races, toutes les nations, toutes les langues, et pour les pauvres et pour les riches.<\/p>\n<p>En ce moment, Notre Tr\u00e8s Sainte Trinit\u00e9 souffre devant tant d&rsquo;offenses re\u00e7ues de la part de ceux qui se sont livr\u00e9s \u00e0 Satan par tant de d\u00e9sob\u00e9issance, par la d\u00e9formation des Sacrements et par l&rsquo;invasion de la fum\u00e9e de Satan qui a p\u00e9n\u00e9tr\u00e9 dans l&rsquo;\u00c9glise de Mon Fils.<\/p>\n<p>Enfants, Je ne veux pas la souffrance de l&rsquo;humanit\u00e9, la douleur de l&rsquo;humanit\u00e9 c\u2019est vous qui l\u2019avez cr\u00e9\u00e9e et vous en souffrirez, vous continuerez sans parvenir \u00e0 arr\u00eater le ch\u00e2timent que vous avez g\u00e9n\u00e9r\u00e9, seuls Mes innocents ne seront pas la proie de la douleur qu\u2019exp\u00e9rimentera la grande majorit\u00e9 de Mes enfants.<\/p>\n<p>La g\u00e9ographie changera sur certains continents, elle ne sera plus la m\u00eame, la force des s\u00e9ismes et des tsunamis, ainsi que les volcans, transformeront la Terre.<\/p>\n<p>L\u00e0 o\u00f9 r\u00e8gne le p\u00e9ch\u00e9 avec toute sa d\u00e9bauche, cette terre et ses habitants seront purifi\u00e9s, \u00e0 moins qu&rsquo;ils offrent une cha\u00eene de pri\u00e8re de quarante jours cons\u00e9cutifs et que leur repentir soit sinc\u00e8re et dans un \u00e9tat de gr\u00e2ce.<\/p>\n<p>L\u00e0 o\u00f9 Satan a \u00e9t\u00e9 accueilli et l\u00e0 o\u00f9 J\u2019ai \u00e9t\u00e9 d\u00e9sob\u00e9i par la majorit\u00e9, ces lieux seront purifi\u00e9s et la terre s&rsquo;ouvrira, causant une grande destruction.<\/p>\n<p>Vous verrez tomber le feu du ciel, et de l\u2019univers arrivera la peur qui vous maintiendra dans l&rsquo;angoisse. Des m\u00e9t\u00e9orites s&rsquo;approcheront de la Terre et certaines p\u00e9n\u00e9treront jusqu&rsquo;\u00e0 tomber en mer et sur la terre\u00a0; les nuages changeront de couleur, pr\u00e9sageant que la douleur approche.<\/p>\n<p>Le froid arrivera sur la Terre, un froid inconnu, un froid qui p\u00e9n\u00e8tre jusqu&rsquo;aux os et avec lui des maladies inconnues, sans respecter ni l&rsquo;\u00e2ge, ni le rang, ni le statut ; c&rsquo;est pourquoi Ma Maison vous a fait conna\u00eetre les plantes m\u00e9dicinales qui servent \u00e0 arr\u00eater ces maladies.<\/p>\n<p>Mes enfants bien-aim\u00e9s, de m\u00eame que le mal a pers\u00e9cut\u00e9 Mes enfants fid\u00e8les et ceux qui se repentent, de m\u00eame Mes enfants fid\u00e8les seront prot\u00e9g\u00e9s par les L\u00e9gions que m\u00e8ne Saint Michel Archange et que commande Ma Fille Vierge et M\u00e8re de l&rsquo;Humanit\u00e9.<\/p>\n<p>Ne perdez pas la foi, car elle est un grand tr\u00e9sor dans le cheminement spirituel.<\/p>\n<p>Venez recevoir Mon Divin Fils d\u00fbment pr\u00e9par\u00e9s.<\/p>\n<p>Utilisez les Sacramentaux avec foi, sinon ils ne vous prot\u00e9geront pas.<\/p>\n<p>Conservez un petit autel dans votre maison avec les Saintes \u00c9critures, un Crucifix, de l&rsquo;eau b\u00e9nite, le Rosaire et le Scapulaire, l&rsquo;image de Notre Trinit\u00e9 et l&rsquo;image de Votre Reine et M\u00e8re. Placez tout cela sur l&rsquo;autel et, sous l&rsquo;autel, placez ce qui est du ressort de la d\u00e9votion de chacun.<\/p>\n<p>Le moment approche o\u00f9 vous ne pourrez plus communiquer les uns avec les autres ; sans perdre la foi, maintenez le silence int\u00e9rieur, et Mes Anges vous feront savoir ce qu\u2019il est n\u00e9cessaire que vous compreniez, tout comme Je donnerai des Dons sp\u00e9ciaux \u00e0 certains de Mes enfants \u00e0 ce moment-l\u00e0.<\/p>\n<p>Ceux d\u2019entre vous qui doivent rester dans un pays \u00e9tranger, loin de chez vous, restez calmes et continuez dans la foi. Sans vous interroger si vous devez ou non voyager, sollicitez le discernement \u00e0 ce moment-l\u00e0.<\/p>\n<p>Mes instruments prient et je\u00fbnent pour toute l&rsquo;humanit\u00e9. Sans vous interroger sur les dates, vivez dans la foi et renforcez-la chaque jour davantage, soyez plus spirituels afin que vos sens se purifient et que vous puissiez vous \u00e9lever.<\/p>\n<p>L&rsquo;humanit\u00e9 n&rsquo;a jamais souffert auparavant comme elle va souffrir maintenant.<\/p>\n<p>L&rsquo;humanit\u00e9 verra appara\u00eetre Ma Fille Vierge et M\u00e8re en plusieurs occasions dans le manteau c\u00e9leste de la vo\u00fbte du Ciel. Elle verra Mon fid\u00e8le Saint Michel Archange, Saint Rapha\u00ebl Archange et Saint Gabriel Archange. Mes Anges iront de Ma Maison \u00e0 la Terre et de la Terre \u00e0 Ma Maison, \u00e0 tel point que Je vous ferai ressentir Ma Mis\u00e9ricorde comme un baume d&rsquo;eau rafra\u00eechissante.<\/p>\n<p align=\"center\"><strong>Priez, Mes enfants, priez le Saint Rosaire, le Credo, recherchez le Sacrement <\/strong><strong>de la R\u00e9conciliation, soyez amour, assistez \u00e0 la C\u00e9l\u00e9bration Eucharistique et fortifiez-vous avec le Corps et le Sang de Mon Divin Fils ; il est important de <\/strong><strong>vous aider les uns les autres.<\/strong><\/p>\n<p align=\"center\">La guerre est imminente et ses cons\u00e9quences se feront sentir sur toute la Terre, c&rsquo;est pourquoi Je vous appelle maintenant \u00e0 vous pr\u00e9parer et \u00e0 \u00eatre g\u00e9n\u00e9reux envers vos fr\u00e8res et s\u0153urs.<\/p>\n<p>Sans nourrir de ranc\u0153ur envers ceux qui vous ont fait du mal, purifiez-vous et vivez pr\u00e8s de Moi. Gardez pr\u00e9sent \u00e0 l&rsquo;esprit que Mon Divin Fils vous a l\u00e9gu\u00e9 la Loi de l&rsquo;Amour (cf. Jn 13, 34) et vous devez la faire grandir en chacun de vous.<\/p>\n<p>En tant que P\u00e8re, Je vous prot\u00e8ge \u00e0 tout moment. Sans laisser les peurs vous envahir et avec confiance en Moi, continuez \u00e0 ob\u00e9ir. Sans laisser l\u2019esprit vous conduire \u00e0 penser au pire, vous, enfants, ayez confiance en Notre Trinit\u00e9, en votre Tr\u00e8s Sainte M\u00e8re et en Saint Michel Archange.<\/p>\n<p>Quand Mon Peuple souffre, Ma consolation est grande afin qu\u2019il se maintienne sans tomber, conscient que sans la foi, il ne parviendra pas \u00e0 passer le moment de l&rsquo;\u00e9preuve.<\/p>\n<p>Gardez la paix, l&rsquo;\u00e9quanimit\u00e9, sans d\u00e9sesp\u00e9rer ni vivre \u00e0 moiti\u00e9 face \u00e0 la peur. Ayez la certitude que Notre Trinit\u00e9 ne vous abandonne pas.<\/p>\n<p>Allez de l&rsquo;avant, Mes enfants, avancez sur le chemin sans crainte, mais assur\u00e9s de Ma Protection !<\/p>\n<p align=\"center\">Votre P\u00e8re C\u00e9leste<\/p>\n<p align=\"center\">\n<h2 align=\"center\"><strong>MESSAGE DE SAINT MICHEL ARCHANGE<\/strong><br \/>\n<strong>\u00c0 LUZ DE MARIA<\/strong><br \/>\n<strong>13 NOVEMBRE 2025<\/strong><\/h2>\n<p align=\"center\">\n<p align=\"center\"><img decoding=\"async\" src=\"http:\/\/www.revelacionesmarianas.com\/images\/00_MIGUEL.png\" alt=\"\" \/><\/p>\n<p>&nbsp;<\/p>\n<p align=\"center\">Enfants bien-aim\u00e9s de la Tr\u00e8s Sainte Trinit\u00e9\u00a0:<\/p>\n<p>Je viens \u00e0 vous par la Volont\u00e9 de la Tr\u00e8s Sainte Trinit\u00e9.<\/p>\n<p>Je viens vous apporter l&rsquo;Amour Divin avec le d\u00e9sir infini que vous parveniez tous \u00e0 vivre dans la V\u00e9rit\u00e9, totalement unis \u00e0 La Tr\u00e8s Sainte Trinit\u00e9, apr\u00e8s avoir surmont\u00e9 les obstacles que chacun de vous a plac\u00e9s pour que l&rsquo;ego humain ne se spiritualise pas.<\/p>\n<p>Les enfants de Notre Roi et Seigneur J\u00e9sus-Christ continuent \u00e0 lutter contre eux-m\u00eames pour s&rsquo;\u00e9lever, mais celui qui croit lutter, sans amour pour le prochain, sans charit\u00e9 pour le prochain, sans humilit\u00e9, ne s&rsquo;\u00e9l\u00e8vera pas rapidement vers Notre Roi et Seigneur J\u00e9sus-Christ, mais seulement lorsque l&rsquo;amour sera tout en chacun de vous (cf. 1 Co 13, 4-7).<\/p>\n<p align=\"center\"><strong>VOUS COMPRENDREZ QUE VOUS N\u2019ACQUERREZ LA VRAIE VIE QU&rsquo;EN VIVANT UNIS \u00c0 NOTRE ROI ET SEIGNEUR J\u00c9SUS-CHRIST ET EN SOLLICITANT L&rsquo;INTERCESSION DE NOTRE REINE ET M\u00c8RE.<\/strong><\/p>\n<p>Gardez \u00e0 l&rsquo;esprit que la pri\u00e8re est nourriture, elle est l\u2019eau, elle est la respiration, elle est le souffle, elle est la paix, elle est la charit\u00e9 et elle est l\u2019esp\u00e9rance des enfants de Notre Roi et Seigneur J\u00e9sus-Christ. La pri\u00e8re conduit les enfants de Dieu \u00e0 appr\u00e9cier davantage les affaires du Ciel que celles de la Terre. C&rsquo;est pourquoi vous devez prier en \u00e9tant conscients de chaque mot, de chaque sentiment, de chaque promesse que vous exprimez dans la pri\u00e8re (cf. Lc 18, 1 ; Mt 26, 41).<\/p>\n<p>Enfants de Notre Roi et Seigneur J\u00e9sus-Christ :<\/p>\n<p><strong>SOYEZ PR\u00caTS \u00c0 AFFRONTER LES EFFETS DES PUISSANTS \u00c9V\u00c9NEMENTS SISMIQUES PROVOQU\u00c9S PAR LA FORCE AVEC LAQUELLE LE SOLEIL \u00c9MET SES RAYONNEMENTS <\/strong><em>(litt\u00e9ralement ses flammes)<\/em><strong> VERS LA TERRE. <\/strong>Des pays o\u00f9 la Terre ne tremblait pas, subiront des tremblements de terre\u00a0; la plupart des pays seront touch\u00e9s par de nombreux s\u00e9ismes, les tsunamis causeront des ravages dans certains pays c\u00f4tiers et sur certaines \u00eeles.<\/p>\n<p><strong>L&rsquo;HUMANIT\u00c9 DOIT MAINTENIR L\u2019\u00c9TAT SPIRITUEL APPROPRI\u00c9<\/strong> pour faire face aux changements qui vont se succ\u00e9der dans tous les domaines : social, religieux et les changements caus\u00e9s par les s\u00e9ismes de grande magnitude qui se produiront sur la Terre. Les fortes \u00e9manations solaires perturbent le noyau de la Terre, ce qui modifie les failles tectoniques provoquant le tremblement de la surface terrestre. Les volcans inactifs s&rsquo;activent et les volcans marins \u00e9mettent de grandes quantit\u00e9s de vapeurs et de magma. Cette g\u00e9n\u00e9ration sera confront\u00e9e \u00e0 ce qu\u2019elle n\u2019a jamais connu.<\/p>\n<p>Enfants de Notre Roi et Seigneur J\u00e9sus-Christ :<\/p>\n<p align=\"center\"><strong>CONVERTISSEZ-VOUS PROMPTEMENT, C&rsquo;EST AFFAIRE DE SALUT,<\/strong> <strong>DE VIE \u00c9TERNELLE, SAUVEZ L\u2019\u00c2ME <\/strong>(cf. Mt. 16, 25-26).<\/p>\n<p>Au milieu d\u2019une telle purification qui vous attend, la Divine Providence permet que Notre Reine et M\u00e8re continue \u00e0 Se rendre pr\u00e9sente \u00e0 Ses enfants, qui se maintiennent dans le bon \u00e9tat spirituel et \u00e0 ceux qui luttent pour rester des enfants qui, s\u2019ils tombent, se rel\u00e8vent, des enfants qui s&rsquo;efforcent de rester debout le plus longtemps possible.<\/p>\n<p align=\"center\"><strong>POUR \u00caTRE MARQU\u00c9S DU SCEAU D\u2019ENFANTS DE DIEU, VOUS DEVEZ VOUS D\u00c9TOURNER DE L&rsquo;INIQUIT\u00c9 ET VOUS DEVEZ VIVRE DANS L&rsquo;OB\u00c9ISSANCE.<\/strong><\/p>\n<p>Enfants de Notre Roi et Seigneur J\u00e9sus-Christ, priez pour vos fr\u00e8res, priez les uns pour les autres ; c&rsquo;est une charit\u00e9 chr\u00e9tienne que d&rsquo;\u00eatre solidaires avec les fr\u00e8res en priant et, si le fr\u00e8re le permet, en l&rsquo;alertant sur ce qui va arriver. Si vous priez les uns pour les autres, unis, vous marchez sur le bon chemin et vous maintenez surtout une plus grande d\u00e9fense spirituelle et une plus grande protection contre le mal.<\/p>\n<p>L&rsquo;humanit\u00e9 ferme les yeux pour ne pas voir, ferme les oreilles pour ne pas entendre, ferme la bouche pour ne pas parler, car si elle ouvre ses sens spirituels (3), elle doit s&rsquo;\u00e9loigner du mondain, du p\u00e9ch\u00e9 et du mal qui, en ce moment, enveloppe un grand nombre d\u2019enfants de Notre Roi et Seigneur J\u00e9sus-Christ qui s&rsquo;\u00e9loignent de Lui.<\/p>\n<p>La lutte entre le bien et le mal est acharn\u00e9e (cf. Rm 12, 21 ; Ep 6, 12-17). Le mal se rapproche tellement des enfants de Dieu qu&rsquo;il repr\u00e9sente un grand danger pour ceux qui croient \u00eatre des cr\u00e9atures spirituellement \u00e9lev\u00e9es et qui traversent la vie en acceptant les concepts erron\u00e9s de ceux qui sont \u00e9loign\u00e9s de la Tr\u00e8s Sainte Trinit\u00e9 et qui font passer des id\u00e9es d\u00e9viantes avant l&rsquo;essence de la Toute-Puissance de la Tr\u00e8s Sainte Trinit\u00e9. Ces pauvres cr\u00e9atures ne sont ni froides ni chaudes (cf. Ap 3, 15-16), m\u00e9prisant les Saintes \u00c9critures et ne faisant pas cas de l&rsquo;accomplissement de la Loi de Dieu.<\/p>\n<p align=\"center\"><strong>R\u00c9VEILLEZ-VOUS, ENFANTS, <\/strong><br \/>\n<strong>R\u00c9VEILLEZ-VOUS AVANT QU&rsquo;IL NE SOIT TROP TARD !<\/strong><\/p>\n<p>L\u2019obscurit\u00e9 approche et tant de cr\u00e9atures humaines ne savent pas \u00e0 quel point elle est proche, car elles restent dans le monde, ne se pr\u00e9parent pas et sont ignorantes par choix.<\/p>\n<p>Enfants de Notre Roi et Seigneur J\u00e9sus-Christ, maintenez-vous fermement dans la Vraie Tradition de l&rsquo;\u00c9glise, soyez fermes dans la foi.<\/p>\n<p>Vous, enfants de Notre Roi et Seigneur J\u00e9sus-Christ, continuez \u00e0 marcher sous le soleil, sous la pluie, sous l&rsquo;Amour intense de la Tr\u00e8s Sainte Trinit\u00e9 et de Notre Reine et M\u00e8re.<\/p>\n<p align=\"center\">Priez, enfants de Notre Roi et Seigneur J\u00e9sus-Christ, priez les uns pour les autres.<\/p>\n<p align=\"center\">Priez, enfants de Notre Roi et Seigneur J\u00e9sus-Christ, priez pour tous les pays.<\/p>\n<p align=\"center\">Priez, enfants de Notre Roi et Seigneur J\u00e9sus-Christ, priez pour ce moment, priez pour vous-m\u00eames.<\/p>\n<p>Je vous b\u00e9nis au Nom de la Tr\u00e8s Sainte Trinit\u00e9.<\/p>\n<p>Je Me tiens avec Mes L\u00e9gions C\u00e9lestes, pr\u00eats \u00e0 vous prot\u00e9ger.<\/p>\n<p align=\"center\">Saint Michel Archange et Mes L\u00e9gions<\/p>\n<p align=\"center\">\n<h2 align=\"center\"><strong>MESSAGE DE LA TR\u00c8S SAINTE VIERGE MARIE<\/strong><br \/>\n<strong>\u00c0 LUZ DE MARIA<\/strong><br \/>\n<strong>4 NOVEMBRE 2025<\/strong><\/h2>\n<p align=\"center\">\n<p align=\"center\"><img decoding=\"async\" src=\"http:\/\/www.revelacionesmarianas.com\/images\/00_VIRGEN.png\" alt=\"\" \/><\/p>\n<p>&nbsp;<\/p>\n<p align=\"center\">Enfants bien-aim\u00e9s de Mon C\u0153ur Immacul\u00e9\u00a0:<\/p>\n<p align=\"center\">Je vous porte dans Mon C\u0153ur Immacul\u00e9, Je vous b\u00e9nis, enfants, Je vous b\u00e9nis.<\/p>\n<p align=\"center\"><strong>JE VIENS VOUS DEMANDER LA CONVERSION&#8230;<\/strong><br \/>\n<strong>JE RENCONTRE BEAUCOUP DE MES ENFANTS QUI NE SE CONVERTISSENT PAS ET S&rsquo;\u00c9LOIGNENT DE PLUS EN PLUS DE MON DIVIN FILS.<\/strong><\/p>\n<p align=\"center\"><strong>JE VIENS POUR CES ENFANTS AVEC DES C\u0152URS DE PIERRE DANS LESQUELS M\u00caME LA RAISON NE PEUT P\u00c9N\u00c9TRER .<\/strong><\/p>\n<p>Je rencontre des enfants satur\u00e9s d&rsquo;orgueil, plong\u00e9s dans une profonde et grave fiert\u00e9, des enfants nageant dans l&rsquo;autosuffisance et avec un d\u00e9sir d\u00e9mesur\u00e9 de surpasser leurs fr\u00e8res et s\u0153urs.<\/p>\n<p>Il est urgent, enfants, que la direction de votre cheminement spirituel soit celle de Mon Divin Fils, afin que la foi vous maintienne fermes face aux moments que vous devez affronter.<\/p>\n<p>Vous vous trouvez \u00e0 un moment o\u00f9 la guerre s&rsquo;\u00e9tend \u00e0 l&rsquo;\u00e9chelle mondiale.<\/p>\n<p>Les \u00e9l\u00e9ments se sont retourn\u00e9s contre Mes enfants, agissant de plus en plus fortement, les flagellant encore et encore pour tant de d\u00e9sob\u00e9issance (cf. Jn 14, 23). Cette action ne s&rsquo;arr\u00eatera pas encore, mais se poursuivra et toute l&rsquo;humanit\u00e9 en souffrira.<\/p>\n<p>Enfants de Mon Divin Fils, en tant que membres de cette g\u00e9n\u00e9ration, vous vivez en ce moment des changements dans tous les domaines et l&rsquo;humanit\u00e9 va \u00eatre mise \u00e0 l&rsquo;\u00e9preuve et en m\u00eame temps d\u00e9sorient\u00e9e afin qu&rsquo;elle perde la foi.<\/p>\n<p>Les changements s&rsquo;annoncent devant vous, les uns apr\u00e8s les autres et avec fracas, afin de vous d\u00e9sorienter et de vous d\u00e9tourner du droit chemin ; apr\u00e8s le fracas et la confusion, ceux qui persisteront obstin\u00e9ment \u00e0 chercher Dieu dans ce qui n&rsquo;est pas de Dieu, se retrouveront dans un silence absolu.<\/p>\n<p>Recherchez la conversion ! Il est n\u00e9cessaire que vous soyez des cr\u00e9atures de bien, la pri\u00e8re est \u00e0 tout moment une alli\u00e9e de tous Mes enfants.<\/p>\n<p align=\"center\"><strong>CONTINUEZ SANS CRAINTE, MAIS AU CONTRAIRE, EN D\u00c9CLARANT QUE DIEU EST DIEU ET QUE VOUS \u00caTES SES ENFANTS (cf. 1 Jn 3, 2 ; Ps 100, 3).<\/strong><\/p>\n<p align=\"center\"><strong>VOUS DEVEZ D\u00c9CLARER QUE VOUS \u00caTES LES ENFANTS <\/strong><strong>DE MON DIVIN FILS, D\u00c9CLAREZ-LE CONSTAMMENT !<\/strong><\/p>\n<p>Enfants, vivez en priant pour vos familles et pour le monde entier afin qu&rsquo;\u00e0 un moment donn\u00e9, ils reviennent au bercail et retrouvent la foi. C&rsquo;est ce que vous devez faire : prier pour ceux qui ne croient pas, ne prient pas et n&rsquo;adorent pas. Semez la graine et laissez Mon Divin Fils et cette M\u00e8re arroser la terre afin que les graines poussent.<\/p>\n<p>Enfants bien-aim\u00e9s :<\/p>\n<p><strong>VOUS DEVEZ METTRE DE C\u00d4T\u00c9 CET EGO HUMAIN AUQUEL VOUS AVEZ DONN\u00c9 LA PERMISSION D\u2019\u0152UVRER ET D\u2019AGIR SANS RAISONNER<\/strong>. L&rsquo;ego humain n&rsquo;est pas la base de la recherche du bonheur, il ne vous m\u00e8nera jamais \u00e0 d\u00e9couvrir le vrai bonheur. Ne placez pas vos objectifs dans l&rsquo;ego humain tant que vous ne l&rsquo;avez pas dompt\u00e9 et qu&rsquo;il bafoue la raison plac\u00e9e en Dieu, Un et Trine.<\/p>\n<p>Enfants bien-aim\u00e9s de Mon Divin Fils :<\/p>\n<p align=\"center\"><strong>NE SOUFFREZ PAS POUR MOI, JE GARDE TOUT DANS LE SECRET DE MON C\u0152UR (cf. Lc 2, 19) ET JE L&rsquo;OFFRE POUR TOUTE L&rsquo;HUMANIT\u00c9.<\/strong><\/p>\n<p align=\"center\">Priez, petits enfants, priez, la Terre souffre de violents tremblements de terre.<\/p>\n<p align=\"center\">Priez, petits enfants, priez, l&rsquo;Am\u00e9rique Latine souffre de violents tremblements de terre, les \u00eeles et certaines c\u00f4tes sont frapp\u00e9es par des ouragans.<\/p>\n<p align=\"center\">Priez, petits enfants, priez, la r\u00e9bellion grandit dans plusieurs pays qui semblaient auparavant endormis.<\/p>\n<p align=\"center\">Priez, petits enfants, priez, le Liban souffre \u00e0 cause de la nature et d&rsquo;un pays fr\u00e8re.<\/p>\n<p align=\"center\">Priez, petits enfants, priez, le Japon souffre \u00e0 cause de la nature, la Tha\u00eflande est en proie \u00e0 la nature.<\/p>\n<p align=\"center\">Priez, petits enfants, priez pour vous-m\u00eames.<\/p>\n<p align=\"center\">Priez, petits enfants, priez pour l&rsquo;Am\u00e9rique du Sud, la purification arrive de pays en pays.<\/p>\n<p align=\"center\"><strong>PRIEZ, PETITS ENFANTS, PRIEZ, LE TRIOMPHE DE MON C\u0152UR IMMACUL\u00c9 DANS LEQUEL SE TROUVENT TOUS MES ENFANTS, ARRIVE.<\/strong><\/p>\n<p>Enfants bien-aim\u00e9s, demeurez vigilants, les s\u00e9ismes sont fr\u00e9quents et violents.<\/p>\n<p align=\"center\"><strong>N\u2019AYEZ PAS PEUR\u00a0!<\/strong><br \/>\n<strong>NE SUIS-JE PAS L\u00c0, MOI QUI SUIS VOTRE M\u00c8RE ?<\/strong><\/p>\n<p>Venez \u00e0 Moi, Je vous prends par la main et Je vous conduis vers Mon Divin Fils. Les anges vous prot\u00e8gent, soyez des cr\u00e9atures d&rsquo;amour.<\/p>\n<p align=\"center\"><strong>PETITS ENFANTS, N\u2019AYEZ PAS PEUR, RESTEZ FERMES.<\/strong><\/p>\n<p>Enfants bien-aim\u00e9s de Mon Divin Fils :<\/p>\n<p>En ces temps d&rsquo;incompr\u00e9hension, demeurez dans la foi, ne vous d\u00e9couragez pas, recherchez \u00e0 tout moment Mon Divin Fils, \u00ab Roi des rois et Seigneur des seigneurs \u00bb, \u00e0 qui appartiennent l&rsquo;Honneur, la Puissance et la Gloire pour les si\u00e8cles des si\u00e8cles, amen.<\/p>\n<p>Je vous b\u00e9nis.<\/p>\n<p align=\"center\">Maman Marie<\/p>\n<p align=\"center\">\n","protected":false},"excerpt":{"rendered":"<p>MESSAGE DE NOTRE SEIGNEUR J\u00c9SUS-CHRIST \u00c0 LUZ DE MARIA 25 NOVEMBRE 2025 &nbsp; Mes enfants bien-aim\u00e9s : MA B\u00c9N\u00c9DICTION EST POUR TOUS UNE SOURCE D&rsquo;AMOUR, DE PAIX ET DE SAGESSE. CHAQUE B\u00c9N\u00c9DICTION QUE JE VOUS ACCORDE IMPLIQUE MA PROTECTION. Mes bien-aim\u00e9s, vous devez garder la foi en Ma Mis\u00e9ricorde et consid\u00e9rer chaque nouveau lever du [&hellip;]<\/p>\n","protected":false},"author":1,"featured_media":322,"comment_status":"closed","ping_status":"open","sticky":false,"template":"","format":"standard","meta":{"ocean_post_layout":"","ocean_both_sidebars_style":"","ocean_both_sidebars_content_width":0,"ocean_both_sidebars_sidebars_width":0,"ocean_sidebar":"0","ocean_second_sidebar":"0","ocean_disable_margins":"enable","ocean_add_body_class":"","ocean_shortcode_before_top_bar":"","ocean_shortcode_after_top_bar":"","ocean_shortcode_before_header":"","ocean_shortcode_after_header":"","ocean_has_shortcode":"","ocean_shortcode_after_title":"","ocean_shortcode_before_footer_widgets":"","ocean_shortcode_after_footer_widgets":"","ocean_shortcode_before_footer_bottom":"","ocean_shortcode_after_footer_bottom":"","ocean_display_top_bar":"default","ocean_display_header":"default","ocean_header_style":"","ocean_center_header_left_menu":"0","ocean_custom_header_template":"0","ocean_custom_logo":0,"ocean_custom_retina_logo":0,"ocean_custom_logo_max_width":0,"ocean_custom_logo_tablet_max_width":0,"ocean_custom_logo_mobile_max_width":0,"ocean_custom_logo_max_height":0,"ocean_custom_logo_tablet_max_height":0,"ocean_custom_logo_mobile_max_height":0,"ocean_header_custom_menu":"0","ocean_menu_typo_font_family":"0","ocean_menu_typo_font_subset":"","ocean_menu_typo_font_size":0,"ocean_menu_typo_font_size_tablet":0,"ocean_menu_typo_font_size_mobile":0,"ocean_menu_typo_font_size_unit":"px","ocean_menu_typo_font_weight":"","ocean_menu_typo_font_weight_tablet":"","ocean_menu_typo_font_weight_mobile":"","ocean_menu_typo_transform":"","ocean_menu_typo_transform_tablet":"","ocean_menu_typo_transform_mobile":"","ocean_menu_typo_line_height":0,"ocean_menu_typo_line_height_tablet":0,"ocean_menu_typo_line_height_mobile":0,"ocean_menu_typo_line_height_unit":"","ocean_menu_typo_spacing":0,"ocean_menu_typo_spacing_tablet":0,"ocean_menu_typo_spacing_mobile":0,"ocean_menu_typo_spacing_unit":"","ocean_menu_link_color":"","ocean_menu_link_color_hover":"","ocean_menu_link_color_active":"","ocean_menu_link_background":"","ocean_menu_link_hover_background":"","ocean_menu_link_active_background":"","ocean_menu_social_links_bg":"","ocean_menu_social_hover_links_bg":"","ocean_menu_social_links_color":"","ocean_menu_social_hover_links_color":"","ocean_disable_title":"default","ocean_disable_heading":"default","ocean_post_title":"","ocean_post_subheading":"","ocean_post_title_style":"","ocean_post_title_background_color":"","ocean_post_title_background":0,"ocean_post_title_bg_image_position":"","ocean_post_title_bg_image_attachment":"","ocean_post_title_bg_image_repeat":"","ocean_post_title_bg_image_size":"","ocean_post_title_height":0,"ocean_post_title_bg_overlay":0.5,"ocean_post_title_bg_overlay_color":"","ocean_disable_breadcrumbs":"default","ocean_breadcrumbs_color":"","ocean_breadcrumbs_separator_color":"","ocean_breadcrumbs_links_color":"","ocean_breadcrumbs_links_hover_color":"","ocean_display_footer_widgets":"default","ocean_display_footer_bottom":"default","ocean_custom_footer_template":"0","ocean_post_oembed":"","ocean_post_self_hosted_media":"","ocean_post_video_embed":"","ocean_link_format":"","ocean_link_format_target":"self","ocean_quote_format":"","ocean_quote_format_link":"post","ocean_gallery_link_images":"on","ocean_gallery_id":[],"footnotes":""},"categories":[39],"tags":[],"class_list":["post-2772","post","type-post","status-publish","format-standard","has-post-thumbnail","hentry","category-luz-de-maria","entry","has-media"],"yoast_head":"<!-- This site is optimized with the Yoast SEO plugin v27.4 - https:\/\/yoast.com\/product\/yoast-seo-wordpress\/ -->\n<title>Messages donn\u00e9s \u00e0 Luz de Maria en novembre 2025 - Communion des refuges du Coeur Immacul\u00e9 de Marie<\/title>\n<meta name=\"description\" content=\"N\u2019AYEZ PAS PEUR\u00a0!NE SUIS-JE PAS L\u00c0, MOI QUI SUIS VOTRE M\u00c8RE ? Venez \u00e0 Moi, Je vous prends par la main et Je vous conduis vers Mon Divin Fils.\" \/>\n<meta name=\"robots\" content=\"index, follow, max-snippet:-1, max-image-preview:large, max-video-preview:-1\" \/>\n<link rel=\"canonical\" href=\"https:\/\/refugesdemarie.fr\/index.php\/2025\/12\/12\/messages-donnes-a-luz-de-maria-en-novembre-2025\/\" \/>\n<meta property=\"og:locale\" content=\"fr_FR\" \/>\n<meta property=\"og:type\" content=\"article\" \/>\n<meta property=\"og:title\" content=\"Messages donn\u00e9s \u00e0 Luz de Maria en novembre 2025 - Communion des refuges du Coeur Immacul\u00e9 de Marie\" \/>\n<meta property=\"og:description\" content=\"N\u2019AYEZ PAS PEUR\u00a0!NE SUIS-JE PAS L\u00c0, MOI QUI SUIS VOTRE M\u00c8RE ? Venez \u00e0 Moi, Je vous prends par la main et Je vous conduis vers Mon Divin Fils.\" \/>\n<meta property=\"og:url\" content=\"https:\/\/refugesdemarie.fr\/index.php\/2025\/12\/12\/messages-donnes-a-luz-de-maria-en-novembre-2025\/\" \/>\n<meta property=\"og:site_name\" content=\"Communion des refuges du Coeur Immacul\u00e9 de Marie\" \/>\n<meta property=\"article:publisher\" content=\"https:\/\/www.facebook.com\/profile.php?id=100089561384328\" \/>\n<meta property=\"article:author\" content=\"https:\/\/www.facebook.com\/profile.php?id=100089561384328\" \/>\n<meta property=\"article:published_time\" content=\"2025-12-12T15:40:26+00:00\" \/>\n<meta property=\"article:modified_time\" content=\"2026-01-06T16:03:58+00:00\" \/>\n<meta property=\"og:image\" content=\"https:\/\/refugesdemarie.fr\/wp-content\/uploads\/2023\/05\/luz-maria-bonilla-770x495-1.jpg\" \/>\n\t<meta property=\"og:image:width\" content=\"770\" \/>\n\t<meta property=\"og:image:height\" content=\"495\" \/>\n\t<meta property=\"og:image:type\" content=\"image\/jpeg\" \/>\n<meta name=\"author\" content=\"refugesdemarie@gmail.com\" \/>\n<meta name=\"twitter:card\" content=\"summary_large_image\" \/>\n<meta name=\"twitter:label1\" content=\"\u00c9crit par\" \/>\n\t<meta name=\"twitter:data1\" content=\"refugesdemarie@gmail.com\" \/>\n\t<meta name=\"twitter:label2\" content=\"Dur\u00e9e de lecture estim\u00e9e\" \/>\n\t<meta name=\"twitter:data2\" content=\"20 minutes\" \/>\n<script type=\"application\/ld+json\" class=\"yoast-schema-graph\">{\"@context\":\"https:\\\/\\\/schema.org\",\"@graph\":[{\"@type\":\"Article\",\"@id\":\"https:\\\/\\\/refugesdemarie.fr\\\/index.php\\\/2025\\\/12\\\/12\\\/messages-donnes-a-luz-de-maria-en-novembre-2025\\\/#article\",\"isPartOf\":{\"@id\":\"https:\\\/\\\/refugesdemarie.fr\\\/index.php\\\/2025\\\/12\\\/12\\\/messages-donnes-a-luz-de-maria-en-novembre-2025\\\/\"},\"author\":{\"name\":\"refugesdemarie@gmail.com\",\"@id\":\"https:\\\/\\\/refugesdemarie.fr\\\/#\\\/schema\\\/person\\\/3bda0c49569f70f4dcfbe78b7e174b11\"},\"headline\":\"Messages donn\u00e9s \u00e0 Luz de Maria en novembre 2025\",\"datePublished\":\"2025-12-12T15:40:26+00:00\",\"dateModified\":\"2026-01-06T16:03:58+00:00\",\"mainEntityOfPage\":{\"@id\":\"https:\\\/\\\/refugesdemarie.fr\\\/index.php\\\/2025\\\/12\\\/12\\\/messages-donnes-a-luz-de-maria-en-novembre-2025\\\/\"},\"wordCount\":4098,\"publisher\":{\"@id\":\"https:\\\/\\\/refugesdemarie.fr\\\/#organization\"},\"image\":{\"@id\":\"https:\\\/\\\/refugesdemarie.fr\\\/index.php\\\/2025\\\/12\\\/12\\\/messages-donnes-a-luz-de-maria-en-novembre-2025\\\/#primaryimage\"},\"thumbnailUrl\":\"https:\\\/\\\/refugesdemarie.fr\\\/wp-content\\\/uploads\\\/2023\\\/05\\\/luz-maria-bonilla-770x495-1.jpg\",\"articleSection\":[\"Luz de Maria\"],\"inLanguage\":\"fr-FR\"},{\"@type\":\"WebPage\",\"@id\":\"https:\\\/\\\/refugesdemarie.fr\\\/index.php\\\/2025\\\/12\\\/12\\\/messages-donnes-a-luz-de-maria-en-novembre-2025\\\/\",\"url\":\"https:\\\/\\\/refugesdemarie.fr\\\/index.php\\\/2025\\\/12\\\/12\\\/messages-donnes-a-luz-de-maria-en-novembre-2025\\\/\",\"name\":\"Messages donn\u00e9s \u00e0 Luz de Maria en novembre 2025 - Communion des refuges du Coeur Immacul\u00e9 de Marie\",\"isPartOf\":{\"@id\":\"https:\\\/\\\/refugesdemarie.fr\\\/#website\"},\"primaryImageOfPage\":{\"@id\":\"https:\\\/\\\/refugesdemarie.fr\\\/index.php\\\/2025\\\/12\\\/12\\\/messages-donnes-a-luz-de-maria-en-novembre-2025\\\/#primaryimage\"},\"image\":{\"@id\":\"https:\\\/\\\/refugesdemarie.fr\\\/index.php\\\/2025\\\/12\\\/12\\\/messages-donnes-a-luz-de-maria-en-novembre-2025\\\/#primaryimage\"},\"thumbnailUrl\":\"https:\\\/\\\/refugesdemarie.fr\\\/wp-content\\\/uploads\\\/2023\\\/05\\\/luz-maria-bonilla-770x495-1.jpg\",\"datePublished\":\"2025-12-12T15:40:26+00:00\",\"dateModified\":\"2026-01-06T16:03:58+00:00\",\"description\":\"N\u2019AYEZ PAS PEUR\u00a0!NE SUIS-JE PAS L\u00c0, MOI QUI SUIS VOTRE M\u00c8RE ? Venez \u00e0 Moi, Je vous prends par la main et Je vous conduis vers Mon Divin Fils.\",\"breadcrumb\":{\"@id\":\"https:\\\/\\\/refugesdemarie.fr\\\/index.php\\\/2025\\\/12\\\/12\\\/messages-donnes-a-luz-de-maria-en-novembre-2025\\\/#breadcrumb\"},\"inLanguage\":\"fr-FR\",\"potentialAction\":[{\"@type\":\"ReadAction\",\"target\":[\"https:\\\/\\\/refugesdemarie.fr\\\/index.php\\\/2025\\\/12\\\/12\\\/messages-donnes-a-luz-de-maria-en-novembre-2025\\\/\"]}]},{\"@type\":\"ImageObject\",\"inLanguage\":\"fr-FR\",\"@id\":\"https:\\\/\\\/refugesdemarie.fr\\\/index.php\\\/2025\\\/12\\\/12\\\/messages-donnes-a-luz-de-maria-en-novembre-2025\\\/#primaryimage\",\"url\":\"https:\\\/\\\/refugesdemarie.fr\\\/wp-content\\\/uploads\\\/2023\\\/05\\\/luz-maria-bonilla-770x495-1.jpg\",\"contentUrl\":\"https:\\\/\\\/refugesdemarie.fr\\\/wp-content\\\/uploads\\\/2023\\\/05\\\/luz-maria-bonilla-770x495-1.jpg\",\"width\":770,\"height\":495},{\"@type\":\"BreadcrumbList\",\"@id\":\"https:\\\/\\\/refugesdemarie.fr\\\/index.php\\\/2025\\\/12\\\/12\\\/messages-donnes-a-luz-de-maria-en-novembre-2025\\\/#breadcrumb\",\"itemListElement\":[{\"@type\":\"ListItem\",\"position\":1,\"name\":\"Accueil\",\"item\":\"https:\\\/\\\/refugesdemarie.fr\\\/\"},{\"@type\":\"ListItem\",\"position\":2,\"name\":\"Messages donn\u00e9s \u00e0 Luz de Maria en novembre 2025\"}]},{\"@type\":\"WebSite\",\"@id\":\"https:\\\/\\\/refugesdemarie.fr\\\/#website\",\"url\":\"https:\\\/\\\/refugesdemarie.fr\\\/\",\"name\":\"Communion des refuges du Coeur Immacul\u00e9 de Marie\",\"description\":\"\",\"publisher\":{\"@id\":\"https:\\\/\\\/refugesdemarie.fr\\\/#organization\"},\"potentialAction\":[{\"@type\":\"SearchAction\",\"target\":{\"@type\":\"EntryPoint\",\"urlTemplate\":\"https:\\\/\\\/refugesdemarie.fr\\\/?s={search_term_string}\"},\"query-input\":{\"@type\":\"PropertyValueSpecification\",\"valueRequired\":true,\"valueName\":\"search_term_string\"}}],\"inLanguage\":\"fr-FR\"},{\"@type\":\"Organization\",\"@id\":\"https:\\\/\\\/refugesdemarie.fr\\\/#organization\",\"name\":\"Communion des refuges du Coeur Immacul\u00e9 de Marie\",\"url\":\"https:\\\/\\\/refugesdemarie.fr\\\/\",\"logo\":{\"@type\":\"ImageObject\",\"inLanguage\":\"fr-FR\",\"@id\":\"https:\\\/\\\/refugesdemarie.fr\\\/#\\\/schema\\\/logo\\\/image\\\/\",\"url\":\"https:\\\/\\\/refugesdemarie.fr\\\/wp-content\\\/uploads\\\/2023\\\/01\\\/cropped-Logo-Communion-des-Refuges-6.jpg\",\"contentUrl\":\"https:\\\/\\\/refugesdemarie.fr\\\/wp-content\\\/uploads\\\/2023\\\/01\\\/cropped-Logo-Communion-des-Refuges-6.jpg\",\"width\":1199,\"height\":377,\"caption\":\"Communion des refuges du Coeur Immacul\u00e9 de Marie\"},\"image\":{\"@id\":\"https:\\\/\\\/refugesdemarie.fr\\\/#\\\/schema\\\/logo\\\/image\\\/\"},\"sameAs\":[\"https:\\\/\\\/www.facebook.com\\\/profile.php?id=100089561384328\"]},{\"@type\":\"Person\",\"@id\":\"https:\\\/\\\/refugesdemarie.fr\\\/#\\\/schema\\\/person\\\/3bda0c49569f70f4dcfbe78b7e174b11\",\"name\":\"refugesdemarie@gmail.com\",\"image\":{\"@type\":\"ImageObject\",\"inLanguage\":\"fr-FR\",\"@id\":\"https:\\\/\\\/secure.gravatar.com\\\/avatar\\\/43491e46ee54b6706285b166679fe98aa620b1849d376153f6bc028852c019f7?s=96&d=mm&r=g\",\"url\":\"https:\\\/\\\/secure.gravatar.com\\\/avatar\\\/43491e46ee54b6706285b166679fe98aa620b1849d376153f6bc028852c019f7?s=96&d=mm&r=g\",\"contentUrl\":\"https:\\\/\\\/secure.gravatar.com\\\/avatar\\\/43491e46ee54b6706285b166679fe98aa620b1849d376153f6bc028852c019f7?s=96&d=mm&r=g\",\"caption\":\"refugesdemarie@gmail.com\"},\"sameAs\":[\"https:\\\/\\\/refugesdemarie.fr\",\"https:\\\/\\\/www.facebook.com\\\/profile.php?id=100089561384328\",\"https:\\\/\\\/www.youtube.com\\\/channel\\\/UCXOznkQcnNvuMDGDg11ZPfg\"],\"url\":\"https:\\\/\\\/refugesdemarie.fr\\\/index.php\\\/author\\\/com-coeur-immaculegmail-com\\\/\"}]}<\/script>\n<!-- \/ Yoast SEO plugin. -->","yoast_head_json":{"title":"Messages donn\u00e9s \u00e0 Luz de Maria en novembre 2025 - Communion des refuges du Coeur Immacul\u00e9 de Marie","description":"N\u2019AYEZ PAS PEUR\u00a0!NE SUIS-JE PAS L\u00c0, MOI QUI SUIS VOTRE M\u00c8RE ? Venez \u00e0 Moi, Je vous prends par la main et Je vous conduis vers Mon Divin Fils.","robots":{"index":"index","follow":"follow","max-snippet":"max-snippet:-1","max-image-preview":"max-image-preview:large","max-video-preview":"max-video-preview:-1"},"canonical":"https:\/\/refugesdemarie.fr\/index.php\/2025\/12\/12\/messages-donnes-a-luz-de-maria-en-novembre-2025\/","og_locale":"fr_FR","og_type":"article","og_title":"Messages donn\u00e9s \u00e0 Luz de Maria en novembre 2025 - Communion des refuges du Coeur Immacul\u00e9 de Marie","og_description":"N\u2019AYEZ PAS PEUR\u00a0!NE SUIS-JE PAS L\u00c0, MOI QUI SUIS VOTRE M\u00c8RE ? Venez \u00e0 Moi, Je vous prends par la main et Je vous conduis vers Mon Divin Fils.","og_url":"https:\/\/refugesdemarie.fr\/index.php\/2025\/12\/12\/messages-donnes-a-luz-de-maria-en-novembre-2025\/","og_site_name":"Communion des refuges du Coeur Immacul\u00e9 de Marie","article_publisher":"https:\/\/www.facebook.com\/profile.php?id=100089561384328","article_author":"https:\/\/www.facebook.com\/profile.php?id=100089561384328","article_published_time":"2025-12-12T15:40:26+00:00","article_modified_time":"2026-01-06T16:03:58+00:00","og_image":[{"width":770,"height":495,"url":"https:\/\/refugesdemarie.fr\/wp-content\/uploads\/2023\/05\/luz-maria-bonilla-770x495-1.jpg","type":"image\/jpeg"}],"author":"refugesdemarie@gmail.com","twitter_card":"summary_large_image","twitter_misc":{"\u00c9crit par":"refugesdemarie@gmail.com","Dur\u00e9e de lecture estim\u00e9e":"20 minutes"},"schema":{"@context":"https:\/\/schema.org","@graph":[{"@type":"Article","@id":"https:\/\/refugesdemarie.fr\/index.php\/2025\/12\/12\/messages-donnes-a-luz-de-maria-en-novembre-2025\/#article","isPartOf":{"@id":"https:\/\/refugesdemarie.fr\/index.php\/2025\/12\/12\/messages-donnes-a-luz-de-maria-en-novembre-2025\/"},"author":{"name":"refugesdemarie@gmail.com","@id":"https:\/\/refugesdemarie.fr\/#\/schema\/person\/3bda0c49569f70f4dcfbe78b7e174b11"},"headline":"Messages donn\u00e9s \u00e0 Luz de Maria en novembre 2025","datePublished":"2025-12-12T15:40:26+00:00","dateModified":"2026-01-06T16:03:58+00:00","mainEntityOfPage":{"@id":"https:\/\/refugesdemarie.fr\/index.php\/2025\/12\/12\/messages-donnes-a-luz-de-maria-en-novembre-2025\/"},"wordCount":4098,"publisher":{"@id":"https:\/\/refugesdemarie.fr\/#organization"},"image":{"@id":"https:\/\/refugesdemarie.fr\/index.php\/2025\/12\/12\/messages-donnes-a-luz-de-maria-en-novembre-2025\/#primaryimage"},"thumbnailUrl":"https:\/\/refugesdemarie.fr\/wp-content\/uploads\/2023\/05\/luz-maria-bonilla-770x495-1.jpg","articleSection":["Luz de Maria"],"inLanguage":"fr-FR"},{"@type":"WebPage","@id":"https:\/\/refugesdemarie.fr\/index.php\/2025\/12\/12\/messages-donnes-a-luz-de-maria-en-novembre-2025\/","url":"https:\/\/refugesdemarie.fr\/index.php\/2025\/12\/12\/messages-donnes-a-luz-de-maria-en-novembre-2025\/","name":"Messages donn\u00e9s \u00e0 Luz de Maria en novembre 2025 - Communion des refuges du Coeur Immacul\u00e9 de Marie","isPartOf":{"@id":"https:\/\/refugesdemarie.fr\/#website"},"primaryImageOfPage":{"@id":"https:\/\/refugesdemarie.fr\/index.php\/2025\/12\/12\/messages-donnes-a-luz-de-maria-en-novembre-2025\/#primaryimage"},"image":{"@id":"https:\/\/refugesdemarie.fr\/index.php\/2025\/12\/12\/messages-donnes-a-luz-de-maria-en-novembre-2025\/#primaryimage"},"thumbnailUrl":"https:\/\/refugesdemarie.fr\/wp-content\/uploads\/2023\/05\/luz-maria-bonilla-770x495-1.jpg","datePublished":"2025-12-12T15:40:26+00:00","dateModified":"2026-01-06T16:03:58+00:00","description":"N\u2019AYEZ PAS PEUR\u00a0!NE SUIS-JE PAS L\u00c0, MOI QUI SUIS VOTRE M\u00c8RE ? Venez \u00e0 Moi, Je vous prends par la main et Je vous conduis vers Mon Divin Fils.","breadcrumb":{"@id":"https:\/\/refugesdemarie.fr\/index.php\/2025\/12\/12\/messages-donnes-a-luz-de-maria-en-novembre-2025\/#breadcrumb"},"inLanguage":"fr-FR","potentialAction":[{"@type":"ReadAction","target":["https:\/\/refugesdemarie.fr\/index.php\/2025\/12\/12\/messages-donnes-a-luz-de-maria-en-novembre-2025\/"]}]},{"@type":"ImageObject","inLanguage":"fr-FR","@id":"https:\/\/refugesdemarie.fr\/index.php\/2025\/12\/12\/messages-donnes-a-luz-de-maria-en-novembre-2025\/#primaryimage","url":"https:\/\/refugesdemarie.fr\/wp-content\/uploads\/2023\/05\/luz-maria-bonilla-770x495-1.jpg","contentUrl":"https:\/\/refugesdemarie.fr\/wp-content\/uploads\/2023\/05\/luz-maria-bonilla-770x495-1.jpg","width":770,"height":495},{"@type":"BreadcrumbList","@id":"https:\/\/refugesdemarie.fr\/index.php\/2025\/12\/12\/messages-donnes-a-luz-de-maria-en-novembre-2025\/#breadcrumb","itemListElement":[{"@type":"ListItem","position":1,"name":"Accueil","item":"https:\/\/refugesdemarie.fr\/"},{"@type":"ListItem","position":2,"name":"Messages donn\u00e9s \u00e0 Luz de Maria en novembre 2025"}]},{"@type":"WebSite","@id":"https:\/\/refugesdemarie.fr\/#website","url":"https:\/\/refugesdemarie.fr\/","name":"Communion des refuges du Coeur Immacul\u00e9 de Marie","description":"","publisher":{"@id":"https:\/\/refugesdemarie.fr\/#organization"},"potentialAction":[{"@type":"SearchAction","target":{"@type":"EntryPoint","urlTemplate":"https:\/\/refugesdemarie.fr\/?s={search_term_string}"},"query-input":{"@type":"PropertyValueSpecification","valueRequired":true,"valueName":"search_term_string"}}],"inLanguage":"fr-FR"},{"@type":"Organization","@id":"https:\/\/refugesdemarie.fr\/#organization","name":"Communion des refuges du Coeur Immacul\u00e9 de Marie","url":"https:\/\/refugesdemarie.fr\/","logo":{"@type":"ImageObject","inLanguage":"fr-FR","@id":"https:\/\/refugesdemarie.fr\/#\/schema\/logo\/image\/","url":"https:\/\/refugesdemarie.fr\/wp-content\/uploads\/2023\/01\/cropped-Logo-Communion-des-Refuges-6.jpg","contentUrl":"https:\/\/refugesdemarie.fr\/wp-content\/uploads\/2023\/01\/cropped-Logo-Communion-des-Refuges-6.jpg","width":1199,"height":377,"caption":"Communion des refuges du Coeur Immacul\u00e9 de Marie"},"image":{"@id":"https:\/\/refugesdemarie.fr\/#\/schema\/logo\/image\/"},"sameAs":["https:\/\/www.facebook.com\/profile.php?id=100089561384328"]},{"@type":"Person","@id":"https:\/\/refugesdemarie.fr\/#\/schema\/person\/3bda0c49569f70f4dcfbe78b7e174b11","name":"refugesdemarie@gmail.com","image":{"@type":"ImageObject","inLanguage":"fr-FR","@id":"https:\/\/secure.gravatar.com\/avatar\/43491e46ee54b6706285b166679fe98aa620b1849d376153f6bc028852c019f7?s=96&d=mm&r=g","url":"https:\/\/secure.gravatar.com\/avatar\/43491e46ee54b6706285b166679fe98aa620b1849d376153f6bc028852c019f7?s=96&d=mm&r=g","contentUrl":"https:\/\/secure.gravatar.com\/avatar\/43491e46ee54b6706285b166679fe98aa620b1849d376153f6bc028852c019f7?s=96&d=mm&r=g","caption":"refugesdemarie@gmail.com"},"sameAs":["https:\/\/refugesdemarie.fr","https:\/\/www.facebook.com\/profile.php?id=100089561384328","https:\/\/www.youtube.com\/channel\/UCXOznkQcnNvuMDGDg11ZPfg"],"url":"https:\/\/refugesdemarie.fr\/index.php\/author\/com-coeur-immaculegmail-com\/"}]}},"_links":{"self":[{"href":"https:\/\/refugesdemarie.fr\/index.php\/wp-json\/wp\/v2\/posts\/2772","targetHints":{"allow":["GET"]}}],"collection":[{"href":"https:\/\/refugesdemarie.fr\/index.php\/wp-json\/wp\/v2\/posts"}],"about":[{"href":"https:\/\/refugesdemarie.fr\/index.php\/wp-json\/wp\/v2\/types\/post"}],"author":[{"embeddable":true,"href":"https:\/\/refugesdemarie.fr\/index.php\/wp-json\/wp\/v2\/users\/1"}],"replies":[{"embeddable":true,"href":"https:\/\/refugesdemarie.fr\/index.php\/wp-json\/wp\/v2\/comments?post=2772"}],"version-history":[{"count":1,"href":"https:\/\/refugesdemarie.fr\/index.php\/wp-json\/wp\/v2\/posts\/2772\/revisions"}],"predecessor-version":[{"id":2773,"href":"https:\/\/refugesdemarie.fr\/index.php\/wp-json\/wp\/v2\/posts\/2772\/revisions\/2773"}],"wp:featuredmedia":[{"embeddable":true,"href":"https:\/\/refugesdemarie.fr\/index.php\/wp-json\/wp\/v2\/media\/322"}],"wp:attachment":[{"href":"https:\/\/refugesdemarie.fr\/index.php\/wp-json\/wp\/v2\/media?parent=2772"}],"wp:term":[{"taxonomy":"category","embeddable":true,"href":"https:\/\/refugesdemarie.fr\/index.php\/wp-json\/wp\/v2\/categories?post=2772"},{"taxonomy":"post_tag","embeddable":true,"href":"https:\/\/refugesdemarie.fr\/index.php\/wp-json\/wp\/v2\/tags?post=2772"}],"curies":[{"name":"wp","href":"https:\/\/api.w.org\/{rel}","templated":true}]}}