{"id":2774,"date":"2025-12-12T15:50:58","date_gmt":"2025-12-12T15:50:58","guid":{"rendered":"https:\/\/refugesdemarie.fr\/?p=2774"},"modified":"2026-01-06T16:03:58","modified_gmt":"2026-01-06T16:03:58","slug":"le-seigneur-attend-la-porte-cette-porte-cest-marie","status":"publish","type":"post","link":"https:\/\/refugesdemarie.fr\/index.php\/2025\/12\/12\/le-seigneur-attend-la-porte-cette-porte-cest-marie\/","title":{"rendered":"Elle est Vierge et elle est M\u00e8re, que n&rsquo;est-elle pas d\u00e8s lors ?"},"content":{"rendered":"<div class=\"pdfprnt-buttons pdfprnt-buttons-post pdfprnt-top-right\"><a href=\"https:\/\/refugesdemarie.fr\/index.php\/wp-json\/wp\/v2\/posts\/2774?print=print\" class=\"pdfprnt-button pdfprnt-button-print\" target=\"_blank\" ><img decoding=\"async\" src=\"https:\/\/refugesdemarie.fr\/wp-content\/plugins\/pdf-print\/images\/print.png\" alt=\"image_print\" title=\"Contenu imprim\u00e9\" \/><\/a><\/div><p><strong>\u00ab\u00a0La Vierge a enfant\u00e9 son Fils en conservant sa virginit\u00e9, elle a allait\u00e9 Celui qui nourrit les nations, dans son sein immacul\u00e9 elle a port\u00e9 Celui qui porte l&rsquo;univers dans sa main. <\/strong><\/p>\n<p><strong>Elle est Vierge et elle est M\u00e8re, que n&rsquo;est-elle pas d\u00e8s lors ? <\/strong><\/p>\n<p><strong>Sainte de corps, toute belle d&rsquo;\u00e2me, pure d&rsquo;esprit, droite d&rsquo;intelligence, parfaite de sentiments, chaste et fid\u00e8le, pure de c\u0153ur et remplie de toute vertu. <\/strong><\/p>\n<p><strong>Qu&rsquo;en Marie se r\u00e9jouissent les c\u0153urs vierges, puisque d&rsquo;elle est n\u00e9 Celui qui a lib\u00e9r\u00e9 le genre humain livr\u00e9 \u00e0 un esclavage terrible. <\/strong><\/p>\n<p><strong>Qu&rsquo;en Marie se r\u00e9jouisse le vieil Adam, bless\u00e9 par le serpent ; Marie donne \u00e0 Adam une descendance qui lui permet d&rsquo;\u00e9craser le serpent maudit et qui le gu\u00e9rit de sa blessure mortelle (Gn 3, 15). <\/strong><\/p>\n<p><strong>Que les pr\u00eatres se r\u00e9jouissent en la Vierge b\u00e9nie ; elle a mis au monde le Grand Pr\u00eatre qui s&rsquo;est fait Lui-m\u00eame victime, mettant fin aux sacrifices de l&rsquo;ancienne alliance. <\/strong><\/p>\n<p><strong>Qu&rsquo;en Marie se r\u00e9jouissent tous les proph\u00e8tes, puisqu&rsquo;en elle se sont accomplies leurs visions, se sont r\u00e9alis\u00e9es leurs proph\u00e9ties, se sont confirm\u00e9s leurs oracles. <\/strong><\/p>\n<p><strong>Qu&rsquo;en Marie se r\u00e9jouissent tous les patriarches, car elle a re\u00e7u la b\u00e9n\u00e9diction qui leur a \u00e9t\u00e9 promise, elle qui, en son Fils, les a rendus parfaits. <\/strong><\/p>\n<p><strong>Marie est le nouvel arbre de vie, qui donne aux hommes au lieu du fruit amer cueilli par \u00c8ve, un Fruit tr\u00e8s doux dont se nourrit le monde entier. <\/strong><\/p>\n<p><strong>Amen. \u00bb<\/strong><\/p>\n<p>Saint Ephrem le Syriaque (306-373)<\/p>\n<p><img fetchpriority=\"high\" decoding=\"async\" class=\"alignnone size-full wp-image-2791\" src=\"https:\/\/refugesdemarie.fr\/wp-content\/uploads\/2025\/12\/ephrem_the_syrian_mosaic.webp\" alt=\"\" width=\"620\" height=\"350\" srcset=\"https:\/\/refugesdemarie.fr\/wp-content\/uploads\/2025\/12\/ephrem_the_syrian_mosaic.webp 620w, https:\/\/refugesdemarie.fr\/wp-content\/uploads\/2025\/12\/ephrem_the_syrian_mosaic-300x169.webp 300w\" sizes=\"(max-width: 620px) 100vw, 620px\" \/><\/p>\n<p><em>N\u00e9 vers 306 \u00e0 Nisibe (Turquie) et mort en 373 \u00e0 \u00c9desse (Turquie), Ephrem \u00e9tait un diacre de langue syriaque et un th\u00e9ologien du IVe si\u00e8cle dans la r\u00e9gion de l&rsquo;Assyrie. Plusieurs d\u00e9nominations chr\u00e9tiennes, dont les \u00c9glises orthodoxes et catholique, le v\u00e9n\u00e8rent en tant que saint, P\u00e8re de l&rsquo;Eglise et il est reconnu depuis 1920 en tant que Docteur de l&rsquo;\u00c9glise par l&rsquo;\u00c9glise catholique. Il est l\u2019auteur de plusieurs hymnes et po\u00e8mes.<\/em><\/p>\n","protected":false},"excerpt":{"rendered":"<p>\u00ab\u00a0La Vierge a enfant\u00e9 son Fils en conservant sa virginit\u00e9, elle a allait\u00e9 Celui qui nourrit les nations, dans son sein immacul\u00e9 elle a port\u00e9 Celui qui porte l&rsquo;univers dans sa main. Elle est Vierge et elle est M\u00e8re, que n&rsquo;est-elle pas d\u00e8s lors ? Sainte de corps, toute belle d&rsquo;\u00e2me, pure d&rsquo;esprit, droite d&rsquo;intelligence, [&hellip;]<\/p>\n","protected":false},"author":1,"featured_media":2792,"comment_status":"closed","ping_status":"open","sticky":false,"template":"","format":"standard","meta":{"ocean_post_layout":"","ocean_both_sidebars_style":"","ocean_both_sidebars_content_width":0,"ocean_both_sidebars_sidebars_width":0,"ocean_sidebar":"0","ocean_second_sidebar":"0","ocean_disable_margins":"enable","ocean_add_body_class":"","ocean_shortcode_before_top_bar":"","ocean_shortcode_after_top_bar":"","ocean_shortcode_before_header":"","ocean_shortcode_after_header":"","ocean_has_shortcode":"","ocean_shortcode_after_title":"","ocean_shortcode_before_footer_widgets":"","ocean_shortcode_after_footer_widgets":"","ocean_shortcode_before_footer_bottom":"","ocean_shortcode_after_footer_bottom":"","ocean_display_top_bar":"default","ocean_display_header":"default","ocean_header_style":"","ocean_center_header_left_menu":"0","ocean_custom_header_template":"0","ocean_custom_logo":0,"ocean_custom_retina_logo":0,"ocean_custom_logo_max_width":0,"ocean_custom_logo_tablet_max_width":0,"ocean_custom_logo_mobile_max_width":0,"ocean_custom_logo_max_height":0,"ocean_custom_logo_tablet_max_height":0,"ocean_custom_logo_mobile_max_height":0,"ocean_header_custom_menu":"0","ocean_menu_typo_font_family":"0","ocean_menu_typo_font_subset":"","ocean_menu_typo_font_size":0,"ocean_menu_typo_font_size_tablet":0,"ocean_menu_typo_font_size_mobile":0,"ocean_menu_typo_font_size_unit":"px","ocean_menu_typo_font_weight":"","ocean_menu_typo_font_weight_tablet":"","ocean_menu_typo_font_weight_mobile":"","ocean_menu_typo_transform":"","ocean_menu_typo_transform_tablet":"","ocean_menu_typo_transform_mobile":"","ocean_menu_typo_line_height":0,"ocean_menu_typo_line_height_tablet":0,"ocean_menu_typo_line_height_mobile":0,"ocean_menu_typo_line_height_unit":"","ocean_menu_typo_spacing":0,"ocean_menu_typo_spacing_tablet":0,"ocean_menu_typo_spacing_mobile":0,"ocean_menu_typo_spacing_unit":"","ocean_menu_link_color":"","ocean_menu_link_color_hover":"","ocean_menu_link_color_active":"","ocean_menu_link_background":"","ocean_menu_link_hover_background":"","ocean_menu_link_active_background":"","ocean_menu_social_links_bg":"","ocean_menu_social_hover_links_bg":"","ocean_menu_social_links_color":"","ocean_menu_social_hover_links_color":"","ocean_disable_title":"default","ocean_disable_heading":"default","ocean_post_title":"","ocean_post_subheading":"","ocean_post_title_style":"","ocean_post_title_background_color":"","ocean_post_title_background":0,"ocean_post_title_bg_image_position":"","ocean_post_title_bg_image_attachment":"","ocean_post_title_bg_image_repeat":"","ocean_post_title_bg_image_size":"","ocean_post_title_height":0,"ocean_post_title_bg_overlay":0.5,"ocean_post_title_bg_overlay_color":"","ocean_disable_breadcrumbs":"default","ocean_breadcrumbs_color":"","ocean_breadcrumbs_separator_color":"","ocean_breadcrumbs_links_color":"","ocean_breadcrumbs_links_hover_color":"","ocean_display_footer_widgets":"default","ocean_display_footer_bottom":"default","ocean_custom_footer_template":"0","ocean_post_oembed":"","ocean_post_self_hosted_media":"","ocean_post_video_embed":"","ocean_link_format":"","ocean_link_format_target":"self","ocean_quote_format":"","ocean_quote_format_link":"post","ocean_gallery_link_images":"on","ocean_gallery_id":[],"footnotes":""},"categories":[47,49],"tags":[],"class_list":["post-2774","post","type-post","status-publish","format-standard","has-post-thumbnail","hentry","category-articles-de-marie-jacinta","category-pensee-mariale-de-la-semaine","entry","has-media"],"yoast_head":"<!-- This site is optimized with the Yoast SEO plugin v27.4 - https:\/\/yoast.com\/product\/yoast-seo-wordpress\/ -->\n<title>Elle est Vierge et elle est M\u00e8re, que n&#039;est-elle pas d\u00e8s lors ? - Communion des refuges du Coeur Immacul\u00e9 de Marie<\/title>\n<meta name=\"description\" content=\"&quot;Elle est Vierge et elle est M\u00e8re, que n&#039;est-elle pas d\u00e8s lors ? Sainte de corps, toute belle d&#039;\u00e2me...&quot; Saint Ephrem le Syrien\" \/>\n<meta name=\"robots\" content=\"index, follow, max-snippet:-1, max-image-preview:large, max-video-preview:-1\" \/>\n<link rel=\"canonical\" href=\"https:\/\/refugesdemarie.fr\/index.php\/2025\/12\/12\/le-seigneur-attend-la-porte-cette-porte-cest-marie\/\" \/>\n<meta property=\"og:locale\" content=\"fr_FR\" \/>\n<meta property=\"og:type\" content=\"article\" \/>\n<meta property=\"og:title\" content=\"Elle est Vierge et elle est M\u00e8re, que n&#039;est-elle pas d\u00e8s lors ? - Communion des refuges du Coeur Immacul\u00e9 de Marie\" \/>\n<meta property=\"og:description\" content=\"&quot;Elle est Vierge et elle est M\u00e8re, que n&#039;est-elle pas d\u00e8s lors ? Sainte de corps, toute belle d&#039;\u00e2me...&quot; Saint Ephrem le Syrien\" \/>\n<meta property=\"og:url\" content=\"https:\/\/refugesdemarie.fr\/index.php\/2025\/12\/12\/le-seigneur-attend-la-porte-cette-porte-cest-marie\/\" \/>\n<meta property=\"og:site_name\" content=\"Communion des refuges du Coeur Immacul\u00e9 de Marie\" \/>\n<meta property=\"article:publisher\" content=\"https:\/\/www.facebook.com\/profile.php?id=100089561384328\" \/>\n<meta property=\"article:author\" content=\"https:\/\/www.facebook.com\/profile.php?id=100089561384328\" \/>\n<meta property=\"article:published_time\" content=\"2025-12-12T15:50:58+00:00\" \/>\n<meta property=\"article:modified_time\" content=\"2026-01-06T16:03:58+00:00\" \/>\n<meta property=\"og:image\" content=\"https:\/\/refugesdemarie.fr\/wp-content\/uploads\/2025\/12\/web-mary-with-child-icon-joanna-kotas.webp\" \/>\n\t<meta property=\"og:image:width\" content=\"646\" \/>\n\t<meta property=\"og:image:height\" content=\"850\" \/>\n\t<meta property=\"og:image:type\" content=\"image\/webp\" \/>\n<meta name=\"author\" content=\"refugesdemarie@gmail.com\" \/>\n<meta name=\"twitter:card\" content=\"summary_large_image\" \/>\n<meta name=\"twitter:label1\" content=\"\u00c9crit par\" \/>\n\t<meta name=\"twitter:data1\" content=\"refugesdemarie@gmail.com\" \/>\n\t<meta name=\"twitter:label2\" content=\"Dur\u00e9e de lecture estim\u00e9e\" \/>\n\t<meta name=\"twitter:data2\" content=\"3 minutes\" \/>\n<script type=\"application\/ld+json\" class=\"yoast-schema-graph\">{\"@context\":\"https:\\\/\\\/schema.org\",\"@graph\":[{\"@type\":\"Article\",\"@id\":\"https:\\\/\\\/refugesdemarie.fr\\\/index.php\\\/2025\\\/12\\\/12\\\/le-seigneur-attend-la-porte-cette-porte-cest-marie\\\/#article\",\"isPartOf\":{\"@id\":\"https:\\\/\\\/refugesdemarie.fr\\\/index.php\\\/2025\\\/12\\\/12\\\/le-seigneur-attend-la-porte-cette-porte-cest-marie\\\/\"},\"author\":{\"name\":\"refugesdemarie@gmail.com\",\"@id\":\"https:\\\/\\\/refugesdemarie.fr\\\/#\\\/schema\\\/person\\\/3bda0c49569f70f4dcfbe78b7e174b11\"},\"headline\":\"Elle est Vierge et elle est M\u00e8re, que n&rsquo;est-elle pas d\u00e8s lors ?\",\"datePublished\":\"2025-12-12T15:50:58+00:00\",\"dateModified\":\"2026-01-06T16:03:58+00:00\",\"mainEntityOfPage\":{\"@id\":\"https:\\\/\\\/refugesdemarie.fr\\\/index.php\\\/2025\\\/12\\\/12\\\/le-seigneur-attend-la-porte-cette-porte-cest-marie\\\/\"},\"wordCount\":372,\"publisher\":{\"@id\":\"https:\\\/\\\/refugesdemarie.fr\\\/#organization\"},\"image\":{\"@id\":\"https:\\\/\\\/refugesdemarie.fr\\\/index.php\\\/2025\\\/12\\\/12\\\/le-seigneur-attend-la-porte-cette-porte-cest-marie\\\/#primaryimage\"},\"thumbnailUrl\":\"https:\\\/\\\/refugesdemarie.fr\\\/wp-content\\\/uploads\\\/2025\\\/12\\\/web-mary-with-child-icon-joanna-kotas.webp\",\"articleSection\":[\"Articles de Marie-Jacinta\",\"Pens\u00e9e mariale de la semaine\"],\"inLanguage\":\"fr-FR\"},{\"@type\":\"WebPage\",\"@id\":\"https:\\\/\\\/refugesdemarie.fr\\\/index.php\\\/2025\\\/12\\\/12\\\/le-seigneur-attend-la-porte-cette-porte-cest-marie\\\/\",\"url\":\"https:\\\/\\\/refugesdemarie.fr\\\/index.php\\\/2025\\\/12\\\/12\\\/le-seigneur-attend-la-porte-cette-porte-cest-marie\\\/\",\"name\":\"Elle est Vierge et elle est M\u00e8re, que n'est-elle pas d\u00e8s lors ? - Communion des refuges du Coeur Immacul\u00e9 de Marie\",\"isPartOf\":{\"@id\":\"https:\\\/\\\/refugesdemarie.fr\\\/#website\"},\"primaryImageOfPage\":{\"@id\":\"https:\\\/\\\/refugesdemarie.fr\\\/index.php\\\/2025\\\/12\\\/12\\\/le-seigneur-attend-la-porte-cette-porte-cest-marie\\\/#primaryimage\"},\"image\":{\"@id\":\"https:\\\/\\\/refugesdemarie.fr\\\/index.php\\\/2025\\\/12\\\/12\\\/le-seigneur-attend-la-porte-cette-porte-cest-marie\\\/#primaryimage\"},\"thumbnailUrl\":\"https:\\\/\\\/refugesdemarie.fr\\\/wp-content\\\/uploads\\\/2025\\\/12\\\/web-mary-with-child-icon-joanna-kotas.webp\",\"datePublished\":\"2025-12-12T15:50:58+00:00\",\"dateModified\":\"2026-01-06T16:03:58+00:00\",\"description\":\"\\\"Elle est Vierge et elle est M\u00e8re, que n'est-elle pas d\u00e8s lors ? Sainte de corps, toute belle d'\u00e2me...\\\" Saint Ephrem le Syrien\",\"breadcrumb\":{\"@id\":\"https:\\\/\\\/refugesdemarie.fr\\\/index.php\\\/2025\\\/12\\\/12\\\/le-seigneur-attend-la-porte-cette-porte-cest-marie\\\/#breadcrumb\"},\"inLanguage\":\"fr-FR\",\"potentialAction\":[{\"@type\":\"ReadAction\",\"target\":[\"https:\\\/\\\/refugesdemarie.fr\\\/index.php\\\/2025\\\/12\\\/12\\\/le-seigneur-attend-la-porte-cette-porte-cest-marie\\\/\"]}]},{\"@type\":\"ImageObject\",\"inLanguage\":\"fr-FR\",\"@id\":\"https:\\\/\\\/refugesdemarie.fr\\\/index.php\\\/2025\\\/12\\\/12\\\/le-seigneur-attend-la-porte-cette-porte-cest-marie\\\/#primaryimage\",\"url\":\"https:\\\/\\\/refugesdemarie.fr\\\/wp-content\\\/uploads\\\/2025\\\/12\\\/web-mary-with-child-icon-joanna-kotas.webp\",\"contentUrl\":\"https:\\\/\\\/refugesdemarie.fr\\\/wp-content\\\/uploads\\\/2025\\\/12\\\/web-mary-with-child-icon-joanna-kotas.webp\",\"width\":646,\"height\":850},{\"@type\":\"BreadcrumbList\",\"@id\":\"https:\\\/\\\/refugesdemarie.fr\\\/index.php\\\/2025\\\/12\\\/12\\\/le-seigneur-attend-la-porte-cette-porte-cest-marie\\\/#breadcrumb\",\"itemListElement\":[{\"@type\":\"ListItem\",\"position\":1,\"name\":\"Accueil\",\"item\":\"https:\\\/\\\/refugesdemarie.fr\\\/\"},{\"@type\":\"ListItem\",\"position\":2,\"name\":\"Elle est Vierge et elle est M\u00e8re, que n&rsquo;est-elle pas d\u00e8s lors ?\"}]},{\"@type\":\"WebSite\",\"@id\":\"https:\\\/\\\/refugesdemarie.fr\\\/#website\",\"url\":\"https:\\\/\\\/refugesdemarie.fr\\\/\",\"name\":\"Communion des refuges du Coeur Immacul\u00e9 de Marie\",\"description\":\"\",\"publisher\":{\"@id\":\"https:\\\/\\\/refugesdemarie.fr\\\/#organization\"},\"potentialAction\":[{\"@type\":\"SearchAction\",\"target\":{\"@type\":\"EntryPoint\",\"urlTemplate\":\"https:\\\/\\\/refugesdemarie.fr\\\/?s={search_term_string}\"},\"query-input\":{\"@type\":\"PropertyValueSpecification\",\"valueRequired\":true,\"valueName\":\"search_term_string\"}}],\"inLanguage\":\"fr-FR\"},{\"@type\":\"Organization\",\"@id\":\"https:\\\/\\\/refugesdemarie.fr\\\/#organization\",\"name\":\"Communion des refuges du Coeur Immacul\u00e9 de Marie\",\"url\":\"https:\\\/\\\/refugesdemarie.fr\\\/\",\"logo\":{\"@type\":\"ImageObject\",\"inLanguage\":\"fr-FR\",\"@id\":\"https:\\\/\\\/refugesdemarie.fr\\\/#\\\/schema\\\/logo\\\/image\\\/\",\"url\":\"https:\\\/\\\/refugesdemarie.fr\\\/wp-content\\\/uploads\\\/2023\\\/01\\\/cropped-Logo-Communion-des-Refuges-6.jpg\",\"contentUrl\":\"https:\\\/\\\/refugesdemarie.fr\\\/wp-content\\\/uploads\\\/2023\\\/01\\\/cropped-Logo-Communion-des-Refuges-6.jpg\",\"width\":1199,\"height\":377,\"caption\":\"Communion des refuges du Coeur Immacul\u00e9 de Marie\"},\"image\":{\"@id\":\"https:\\\/\\\/refugesdemarie.fr\\\/#\\\/schema\\\/logo\\\/image\\\/\"},\"sameAs\":[\"https:\\\/\\\/www.facebook.com\\\/profile.php?id=100089561384328\"]},{\"@type\":\"Person\",\"@id\":\"https:\\\/\\\/refugesdemarie.fr\\\/#\\\/schema\\\/person\\\/3bda0c49569f70f4dcfbe78b7e174b11\",\"name\":\"refugesdemarie@gmail.com\",\"image\":{\"@type\":\"ImageObject\",\"inLanguage\":\"fr-FR\",\"@id\":\"https:\\\/\\\/secure.gravatar.com\\\/avatar\\\/43491e46ee54b6706285b166679fe98aa620b1849d376153f6bc028852c019f7?s=96&d=mm&r=g\",\"url\":\"https:\\\/\\\/secure.gravatar.com\\\/avatar\\\/43491e46ee54b6706285b166679fe98aa620b1849d376153f6bc028852c019f7?s=96&d=mm&r=g\",\"contentUrl\":\"https:\\\/\\\/secure.gravatar.com\\\/avatar\\\/43491e46ee54b6706285b166679fe98aa620b1849d376153f6bc028852c019f7?s=96&d=mm&r=g\",\"caption\":\"refugesdemarie@gmail.com\"},\"sameAs\":[\"https:\\\/\\\/refugesdemarie.fr\",\"https:\\\/\\\/www.facebook.com\\\/profile.php?id=100089561384328\",\"https:\\\/\\\/www.youtube.com\\\/channel\\\/UCXOznkQcnNvuMDGDg11ZPfg\"],\"url\":\"https:\\\/\\\/refugesdemarie.fr\\\/index.php\\\/author\\\/com-coeur-immaculegmail-com\\\/\"}]}<\/script>\n<!-- \/ Yoast SEO plugin. -->","yoast_head_json":{"title":"Elle est Vierge et elle est M\u00e8re, que n'est-elle pas d\u00e8s lors ? - Communion des refuges du Coeur Immacul\u00e9 de Marie","description":"\"Elle est Vierge et elle est M\u00e8re, que n'est-elle pas d\u00e8s lors ? Sainte de corps, toute belle d'\u00e2me...\" Saint Ephrem le Syrien","robots":{"index":"index","follow":"follow","max-snippet":"max-snippet:-1","max-image-preview":"max-image-preview:large","max-video-preview":"max-video-preview:-1"},"canonical":"https:\/\/refugesdemarie.fr\/index.php\/2025\/12\/12\/le-seigneur-attend-la-porte-cette-porte-cest-marie\/","og_locale":"fr_FR","og_type":"article","og_title":"Elle est Vierge et elle est M\u00e8re, que n'est-elle pas d\u00e8s lors ? - Communion des refuges du Coeur Immacul\u00e9 de Marie","og_description":"\"Elle est Vierge et elle est M\u00e8re, que n'est-elle pas d\u00e8s lors ? Sainte de corps, toute belle d'\u00e2me...\" Saint Ephrem le Syrien","og_url":"https:\/\/refugesdemarie.fr\/index.php\/2025\/12\/12\/le-seigneur-attend-la-porte-cette-porte-cest-marie\/","og_site_name":"Communion des refuges du Coeur Immacul\u00e9 de Marie","article_publisher":"https:\/\/www.facebook.com\/profile.php?id=100089561384328","article_author":"https:\/\/www.facebook.com\/profile.php?id=100089561384328","article_published_time":"2025-12-12T15:50:58+00:00","article_modified_time":"2026-01-06T16:03:58+00:00","og_image":[{"width":646,"height":850,"url":"https:\/\/refugesdemarie.fr\/wp-content\/uploads\/2025\/12\/web-mary-with-child-icon-joanna-kotas.webp","type":"image\/webp"}],"author":"refugesdemarie@gmail.com","twitter_card":"summary_large_image","twitter_misc":{"\u00c9crit par":"refugesdemarie@gmail.com","Dur\u00e9e de lecture estim\u00e9e":"3 minutes"},"schema":{"@context":"https:\/\/schema.org","@graph":[{"@type":"Article","@id":"https:\/\/refugesdemarie.fr\/index.php\/2025\/12\/12\/le-seigneur-attend-la-porte-cette-porte-cest-marie\/#article","isPartOf":{"@id":"https:\/\/refugesdemarie.fr\/index.php\/2025\/12\/12\/le-seigneur-attend-la-porte-cette-porte-cest-marie\/"},"author":{"name":"refugesdemarie@gmail.com","@id":"https:\/\/refugesdemarie.fr\/#\/schema\/person\/3bda0c49569f70f4dcfbe78b7e174b11"},"headline":"Elle est Vierge et elle est M\u00e8re, que n&rsquo;est-elle pas d\u00e8s lors ?","datePublished":"2025-12-12T15:50:58+00:00","dateModified":"2026-01-06T16:03:58+00:00","mainEntityOfPage":{"@id":"https:\/\/refugesdemarie.fr\/index.php\/2025\/12\/12\/le-seigneur-attend-la-porte-cette-porte-cest-marie\/"},"wordCount":372,"publisher":{"@id":"https:\/\/refugesdemarie.fr\/#organization"},"image":{"@id":"https:\/\/refugesdemarie.fr\/index.php\/2025\/12\/12\/le-seigneur-attend-la-porte-cette-porte-cest-marie\/#primaryimage"},"thumbnailUrl":"https:\/\/refugesdemarie.fr\/wp-content\/uploads\/2025\/12\/web-mary-with-child-icon-joanna-kotas.webp","articleSection":["Articles de Marie-Jacinta","Pens\u00e9e mariale de la semaine"],"inLanguage":"fr-FR"},{"@type":"WebPage","@id":"https:\/\/refugesdemarie.fr\/index.php\/2025\/12\/12\/le-seigneur-attend-la-porte-cette-porte-cest-marie\/","url":"https:\/\/refugesdemarie.fr\/index.php\/2025\/12\/12\/le-seigneur-attend-la-porte-cette-porte-cest-marie\/","name":"Elle est Vierge et elle est M\u00e8re, que n'est-elle pas d\u00e8s lors ? - Communion des refuges du Coeur Immacul\u00e9 de Marie","isPartOf":{"@id":"https:\/\/refugesdemarie.fr\/#website"},"primaryImageOfPage":{"@id":"https:\/\/refugesdemarie.fr\/index.php\/2025\/12\/12\/le-seigneur-attend-la-porte-cette-porte-cest-marie\/#primaryimage"},"image":{"@id":"https:\/\/refugesdemarie.fr\/index.php\/2025\/12\/12\/le-seigneur-attend-la-porte-cette-porte-cest-marie\/#primaryimage"},"thumbnailUrl":"https:\/\/refugesdemarie.fr\/wp-content\/uploads\/2025\/12\/web-mary-with-child-icon-joanna-kotas.webp","datePublished":"2025-12-12T15:50:58+00:00","dateModified":"2026-01-06T16:03:58+00:00","description":"\"Elle est Vierge et elle est M\u00e8re, que n'est-elle pas d\u00e8s lors ? Sainte de corps, toute belle d'\u00e2me...\" Saint Ephrem le Syrien","breadcrumb":{"@id":"https:\/\/refugesdemarie.fr\/index.php\/2025\/12\/12\/le-seigneur-attend-la-porte-cette-porte-cest-marie\/#breadcrumb"},"inLanguage":"fr-FR","potentialAction":[{"@type":"ReadAction","target":["https:\/\/refugesdemarie.fr\/index.php\/2025\/12\/12\/le-seigneur-attend-la-porte-cette-porte-cest-marie\/"]}]},{"@type":"ImageObject","inLanguage":"fr-FR","@id":"https:\/\/refugesdemarie.fr\/index.php\/2025\/12\/12\/le-seigneur-attend-la-porte-cette-porte-cest-marie\/#primaryimage","url":"https:\/\/refugesdemarie.fr\/wp-content\/uploads\/2025\/12\/web-mary-with-child-icon-joanna-kotas.webp","contentUrl":"https:\/\/refugesdemarie.fr\/wp-content\/uploads\/2025\/12\/web-mary-with-child-icon-joanna-kotas.webp","width":646,"height":850},{"@type":"BreadcrumbList","@id":"https:\/\/refugesdemarie.fr\/index.php\/2025\/12\/12\/le-seigneur-attend-la-porte-cette-porte-cest-marie\/#breadcrumb","itemListElement":[{"@type":"ListItem","position":1,"name":"Accueil","item":"https:\/\/refugesdemarie.fr\/"},{"@type":"ListItem","position":2,"name":"Elle est Vierge et elle est M\u00e8re, que n&rsquo;est-elle pas d\u00e8s lors ?"}]},{"@type":"WebSite","@id":"https:\/\/refugesdemarie.fr\/#website","url":"https:\/\/refugesdemarie.fr\/","name":"Communion des refuges du Coeur Immacul\u00e9 de Marie","description":"","publisher":{"@id":"https:\/\/refugesdemarie.fr\/#organization"},"potentialAction":[{"@type":"SearchAction","target":{"@type":"EntryPoint","urlTemplate":"https:\/\/refugesdemarie.fr\/?s={search_term_string}"},"query-input":{"@type":"PropertyValueSpecification","valueRequired":true,"valueName":"search_term_string"}}],"inLanguage":"fr-FR"},{"@type":"Organization","@id":"https:\/\/refugesdemarie.fr\/#organization","name":"Communion des refuges du Coeur Immacul\u00e9 de Marie","url":"https:\/\/refugesdemarie.fr\/","logo":{"@type":"ImageObject","inLanguage":"fr-FR","@id":"https:\/\/refugesdemarie.fr\/#\/schema\/logo\/image\/","url":"https:\/\/refugesdemarie.fr\/wp-content\/uploads\/2023\/01\/cropped-Logo-Communion-des-Refuges-6.jpg","contentUrl":"https:\/\/refugesdemarie.fr\/wp-content\/uploads\/2023\/01\/cropped-Logo-Communion-des-Refuges-6.jpg","width":1199,"height":377,"caption":"Communion des refuges du Coeur Immacul\u00e9 de Marie"},"image":{"@id":"https:\/\/refugesdemarie.fr\/#\/schema\/logo\/image\/"},"sameAs":["https:\/\/www.facebook.com\/profile.php?id=100089561384328"]},{"@type":"Person","@id":"https:\/\/refugesdemarie.fr\/#\/schema\/person\/3bda0c49569f70f4dcfbe78b7e174b11","name":"refugesdemarie@gmail.com","image":{"@type":"ImageObject","inLanguage":"fr-FR","@id":"https:\/\/secure.gravatar.com\/avatar\/43491e46ee54b6706285b166679fe98aa620b1849d376153f6bc028852c019f7?s=96&d=mm&r=g","url":"https:\/\/secure.gravatar.com\/avatar\/43491e46ee54b6706285b166679fe98aa620b1849d376153f6bc028852c019f7?s=96&d=mm&r=g","contentUrl":"https:\/\/secure.gravatar.com\/avatar\/43491e46ee54b6706285b166679fe98aa620b1849d376153f6bc028852c019f7?s=96&d=mm&r=g","caption":"refugesdemarie@gmail.com"},"sameAs":["https:\/\/refugesdemarie.fr","https:\/\/www.facebook.com\/profile.php?id=100089561384328","https:\/\/www.youtube.com\/channel\/UCXOznkQcnNvuMDGDg11ZPfg"],"url":"https:\/\/refugesdemarie.fr\/index.php\/author\/com-coeur-immaculegmail-com\/"}]}},"_links":{"self":[{"href":"https:\/\/refugesdemarie.fr\/index.php\/wp-json\/wp\/v2\/posts\/2774","targetHints":{"allow":["GET"]}}],"collection":[{"href":"https:\/\/refugesdemarie.fr\/index.php\/wp-json\/wp\/v2\/posts"}],"about":[{"href":"https:\/\/refugesdemarie.fr\/index.php\/wp-json\/wp\/v2\/types\/post"}],"author":[{"embeddable":true,"href":"https:\/\/refugesdemarie.fr\/index.php\/wp-json\/wp\/v2\/users\/1"}],"replies":[{"embeddable":true,"href":"https:\/\/refugesdemarie.fr\/index.php\/wp-json\/wp\/v2\/comments?post=2774"}],"version-history":[{"count":3,"href":"https:\/\/refugesdemarie.fr\/index.php\/wp-json\/wp\/v2\/posts\/2774\/revisions"}],"predecessor-version":[{"id":2793,"href":"https:\/\/refugesdemarie.fr\/index.php\/wp-json\/wp\/v2\/posts\/2774\/revisions\/2793"}],"wp:featuredmedia":[{"embeddable":true,"href":"https:\/\/refugesdemarie.fr\/index.php\/wp-json\/wp\/v2\/media\/2792"}],"wp:attachment":[{"href":"https:\/\/refugesdemarie.fr\/index.php\/wp-json\/wp\/v2\/media?parent=2774"}],"wp:term":[{"taxonomy":"category","embeddable":true,"href":"https:\/\/refugesdemarie.fr\/index.php\/wp-json\/wp\/v2\/categories?post=2774"},{"taxonomy":"post_tag","embeddable":true,"href":"https:\/\/refugesdemarie.fr\/index.php\/wp-json\/wp\/v2\/tags?post=2774"}],"curies":[{"name":"wp","href":"https:\/\/api.w.org\/{rel}","templated":true}]}}