{"id":2808,"date":"2025-12-12T15:55:49","date_gmt":"2025-12-12T15:55:49","guid":{"rendered":"https:\/\/refugesdemarie.fr\/?p=2808"},"modified":"2026-01-06T16:03:58","modified_gmt":"2026-01-06T16:03:58","slug":"la-vierge-de-la-revelation-a-trois-fontaine","status":"publish","type":"post","link":"https:\/\/refugesdemarie.fr\/index.php\/2025\/12\/12\/la-vierge-de-la-revelation-a-trois-fontaine\/","title":{"rendered":"La Vierge de la R\u00e9v\u00e9lation \u00e0 Trois Fontaine"},"content":{"rendered":"<div class=\"pdfprnt-buttons pdfprnt-buttons-post pdfprnt-top-right\"><a href=\"https:\/\/refugesdemarie.fr\/index.php\/wp-json\/wp\/v2\/posts\/2808?print=print\" class=\"pdfprnt-button pdfprnt-button-print\" target=\"_blank\" ><img decoding=\"async\" src=\"https:\/\/refugesdemarie.fr\/wp-content\/plugins\/pdf-print\/images\/print.png\" alt=\"image_print\" title=\"Contenu imprim\u00e9\" \/><\/a><\/div><h2 style=\"text-align: center;\">La Vierge de la R\u00e9v\u00e9lation \u00e0 Trois Fontaine<\/h2>\n<h3 style=\"text-align: center;\">M\u00e9ditation mariale pour l\u2019Avent au retour d\u2019un p\u00e8lerinage \u00e0 Rome<\/h3>\n<p style=\"text-align: center;\"><strong>\u00ab Je suis celle qui est dans Trinit\u00e9 Sainte ! Je suis la Vierge de la R\u00e9v\u00e9lation\u2026 \u00bb<\/strong><br \/>\n<strong>La Vierge \u00e0 Tre Fontane, 12 avril 1947<\/strong><\/p>\n<p>\u00a0 \u00a0\u00a0\u00a0Telles furent les premi\u00e8res paroles de la M\u00e8re de Dieu \u00e0 Bruno Cornacchiola, dans la grotte de Tre Fontane au sud de Rome. Chauffeur de bus et issu des quartiers populaires, tout le chemin de sa vie en fait un r\u00e9volt\u00e9 : en 1936, il se marie \u00e0 Iolanda, mais partira peu apr\u00e8s faire la guerre d\u2019Espagne avec les communistes. La pri\u00e8re de son \u00e9pouse, tr\u00e8s croyante, sera d\u00e9cisive pour l\u2019avenir\u2026<\/p>\n<p>Il adh\u00e8re ensuite \u00e0 l\u2019Eglise Baptiste, puis \u00e0 l\u2019Eglise Adventiste et devient alors un ennemi acharn\u00e9 de l\u2019Eglise catholique, et donc de la Vierge et du Pape\u00a0! En 1939, alors que commence la terrible seconde guerre mondiale, il fr\u00e9quente des groupes d\u2019extr\u00eame gauche. Des id\u00e9es folles l\u2019habitent et il r\u00eave d\u2019entrer dans l\u2019histoire en posant un geste affreux et inoubliable\u00a0: assassiner le Pape Pie XII\u00a0! Habituellement violent et intol\u00e9rant, il est comme un pr\u00e9curseur de celui qui a failli tuer Saint Jean-Paul II sur la place Saint Pierre\u2026 mais la main de la Vierge \u00e9tait l\u00e0\u00a0! Et Elle va intervenir aussi dans la vie de cet homme au c\u0153ur si endurci\u2026<\/p>\n<h4><strong>La Belle Dame qui serre la Bible sur son C\u0153ur\u2026<\/strong><\/h4>\n<p>Le 12 avril 1947, par un apr\u00e8s-midi de printemps et pendant que ses trois enfants jouent au ballon, Bruno pr\u00e9pare une exhortation pour d\u00e9noncer le dogme de l\u2019Immacul\u00e9e Conception. En bon protestant, il cherche des r\u00e9f\u00e9rences dans la Bible pr\u00eat\u00e9e par des Adventistes. Mais la Sainte Vierge l\u2019attend au virage\u00a0: \u00e0 34 ans, sa vie va basculer \u00e0 travers un \u00e9v\u00e9nement surnaturel impr\u00e9visible\u2026 les enfants perdent leur ballon et s\u2019\u00e9loignent pour le chercher. Occup\u00e9 \u00e0 sa conf\u00e9rence, le p\u00e8re se met finalement \u00e0 les chercher.<\/p>\n<p>Il est 15h30 et la \u00ab\u00a0Belle Dame\u00a0\u00bb appara\u00eet dans la grotte \u00e0 ses trois enfants qui deviennent immobiles et prient les mains jointes\u2026 leur regard \u00e9merveill\u00e9 est fix\u00e9 vers l\u2019obscurit\u00e9 de la grotte. Le P\u00e8re arrive et il est soudain effray\u00e9\u00a0; il pense \u00e0 un sortil\u00e8ge du diable\u2026 jusqu\u2019\u00e0 ce que lui aussi, comme les enfants, sente un intense parfum de fleurs\u2026 et puis, soudain, il voit la silhouette d\u2019une jeune femme\u00a0dans la splendeur d\u2019une lumi\u00e8re dor\u00e9e\u00a0:<\/p>\n<p><strong>\u00ab\u00a0Je vis inopin\u00e9ment deux mains toutes blanches en mouvement vers moi et les sentis m\u2019effleurer le visage\u2026 J\u2019eus la sensation qu\u2019elles m\u2019arrachaient quelque chose des yeux. J\u2019\u00e9prouvais en cet instant une douleur certaine et je restais dans l\u2019obscurit\u00e9 la plus profonde\u2026 Mais, peu \u00e0 peu, le noir s\u2019att\u00e9nua et laissa filtrer une l\u00e9g\u00e8re lumi\u00e8re qui grandit et s\u2019intensifia au point d\u2019illuminer toute la grotte\u2026 A ce moment l\u00e0, je fus saisi d\u2019une joie extraordinaire<a href=\"#_ftn1\" name=\"_ftnref1\">[1]<\/a>\u00a0!\u00a0\u00bb\u00a0 <\/strong><\/p>\n<p><img fetchpriority=\"high\" decoding=\"async\" class=\"wp-image-2812 size-large aligncenter\" src=\"https:\/\/refugesdemarie.fr\/wp-content\/uploads\/2025\/12\/vierge-de-la-revelation-4-1024x485.jpg\" alt=\"\" width=\"1024\" height=\"485\" srcset=\"https:\/\/refugesdemarie.fr\/wp-content\/uploads\/2025\/12\/vierge-de-la-revelation-4-1024x485.jpg 1024w, https:\/\/refugesdemarie.fr\/wp-content\/uploads\/2025\/12\/vierge-de-la-revelation-4-300x142.jpg 300w, https:\/\/refugesdemarie.fr\/wp-content\/uploads\/2025\/12\/vierge-de-la-revelation-4-768x363.jpg 768w, https:\/\/refugesdemarie.fr\/wp-content\/uploads\/2025\/12\/vierge-de-la-revelation-4-1536x727.jpg 1536w, https:\/\/refugesdemarie.fr\/wp-content\/uploads\/2025\/12\/vierge-de-la-revelation-4-2048x969.jpg 2048w, https:\/\/refugesdemarie.fr\/wp-content\/uploads\/2025\/12\/vierge-de-la-revelation-4-1320x625.jpg 1320w\" sizes=\"(max-width: 1024px) 100vw, 1024px\" \/><\/p>\n<p>A la suite de ses enfants, Bruno voit lui aussi la beaut\u00e9 de la \u00ab\u00a0Belle Dame\u00a0\u00bb\u2026 et il la d\u00e9crira ainsi\u00a0:<\/p>\n<p>\u00ab\u00a0Elle a le teint basan\u00e9, des cheveux noirs tir\u00e9s en arri\u00e8re, et une longue robe blanche serr\u00e9e \u00e0 la taille par une ceinture d\u2019\u00e9toffe rose\u00a0; elle porte un grand manteau vert qui la recouvre de la t\u00eate aux pieds\u2026 <strong>et cette \u00ab\u00a0Belle Dame\u00a0\u00bb, debout et pieds nus sur une grosse pierre, a la main gauche pos\u00e9e sur un livre, qu\u2019elle tient avec amour dans sa main droite.<\/strong>\u00a0\u00bb<\/p>\n<p>l\u2019Apparition pose alors un geste qui s\u2019av\u00e8re \u00eatre une r\u00e9ponse d\u00e9cisive face \u00e0 toute les r\u00e9voltes de Bruno\u00a0: \u00ab\u00a0la Belle Dame\u00a0\u00bb lui tend la Bible qu\u2019elle serre sur son C\u0153ur\u2026 puis Elle lui dit\u00a0:<\/p>\n<p><strong>\u00ab\u00a0Je suis Celle qui est dans la Divine Trinit\u00e9. Je suis la Vierge de la R\u00e9v\u00e9lation\u00a0! Tu me pers\u00e9cutes\u00a0: arr\u00eates maintenant\u00a0! Entre dans le troupeau \u00e9lu, cour c\u00e9leste sur la terre. La promesse de Dieu est, et reste immuable\u00a0: les neufs vendredis du Sacr\u00e9-C\u0153ur, que tu as observ\u00e9s pour faire plaisir \u00e0 ton \u00e9pouse, avant de suivre le chemin de l\u2019erreur, t\u2019ont sauv\u00e9\u00a0!\u00a0\u00bb<\/strong><\/p>\n<h4><strong>La pri\u00e8re du Rosaire peut faire des miracles\u00a0!<\/strong><\/h4>\n<p>Ainsi, tout a un sens dans une vie, et par l\u2019influence secr\u00e8te de la pri\u00e8re\u2026 Dieu peut faire des merveilles\u00a0! Et c\u2019est pourquoi la Vierge demande ensuite que les fid\u00e8les r\u00e9citent le Rosaire pour la conversion des p\u00e9cheurs et l\u2019unit\u00e9 des croyants. Puis, elle ajoute cette proph\u00e9tie pleine d\u2019esp\u00e9rance\u00a0: <strong>\u00ab Sur cette terre de p\u00e9ch\u00e9, j\u2019op\u00e8rerai des miracles \u00e9clatants pour la conversion des incroyants<a href=\"#_ftn2\" name=\"_ftnref2\">[2]<\/a>\u00a0!\u00a0\u00bb<\/strong> Alors, quelle invitation pour nous \u00e0 croire \u00e0 la puissance de la pri\u00e8re \u00e0 travers le Rosaire de Notre Dame. Un jour, dans la pleine lumi\u00e8re du Ciel, nous serons plus que surpris en d\u00e9couvrant que chaque pri\u00e8re d\u2019intercession a \u00e9t\u00e9 d\u00e9cisive pour des proches ou des inconnus\u2026 Retenons et m\u00e9ditons ici sur la pri\u00e8re de Iolanda, \u00e9pouse de Bruno le r\u00e9volt\u00e9, qui a fini par ouvrir le Ciel\u00a0!<\/p>\n<p><img decoding=\"async\" class=\"aligncenter wp-image-2811 size-large\" src=\"https:\/\/refugesdemarie.fr\/wp-content\/uploads\/2025\/12\/vierge-de-la-revelation-5-1024x485.jpg\" alt=\"\" width=\"1024\" height=\"485\" srcset=\"https:\/\/refugesdemarie.fr\/wp-content\/uploads\/2025\/12\/vierge-de-la-revelation-5-1024x485.jpg 1024w, https:\/\/refugesdemarie.fr\/wp-content\/uploads\/2025\/12\/vierge-de-la-revelation-5-300x142.jpg 300w, https:\/\/refugesdemarie.fr\/wp-content\/uploads\/2025\/12\/vierge-de-la-revelation-5-768x364.jpg 768w, https:\/\/refugesdemarie.fr\/wp-content\/uploads\/2025\/12\/vierge-de-la-revelation-5-1536x728.jpg 1536w, https:\/\/refugesdemarie.fr\/wp-content\/uploads\/2025\/12\/vierge-de-la-revelation-5-2048x971.jpg 2048w, https:\/\/refugesdemarie.fr\/wp-content\/uploads\/2025\/12\/vierge-de-la-revelation-5-1320x626.jpg 1320w\" sizes=\"(max-width: 1024px) 100vw, 1024px\" \/><\/p>\n<p>Ce 12 avril 1947 est une \u00ab\u00a0naissance \u00bb pour Bruno Cornacchiola o\u00f9 la Vierge de la R\u00e9v\u00e9lation s\u2019entretient avec lui et ses enfants pendant plus d\u2019une heure\u2026 et Elle\u00a0 bouleverse toute sa vie et son approche de la foi\u00a0: en effet, rencontrer la M\u00e8re de Dieu provoque une \u00ab\u00a0conversion\u00a0\u00bb de fond en comble \u00e0 l\u2019Evangile du Sauveur et au myst\u00e8re de l\u2019Eglise\u00a0! Marie ne m\u00e8ne qu\u2019\u00e0 J\u00e9sus\u00a0! Et c\u2019est pourquoi Elle promet de grands miracles pour la conversion des incroyants sur la terre de Tre Fontane\u2026 Ce qui se r\u00e9alisera un peu plus tard.<\/p>\n<p>A Bruno, Elle pr\u00e9dit de dures \u00e9preuves et des pers\u00e9cutions, mais Elle l\u2019invite \u00e0 la fermet\u00e9 dans la foi. Elle parle lentement afin que chaque parole soit comme \u00ab grav\u00e9e \u00bb en son c\u0153ur. Elle lui dit en particulier qu\u2019\u00e0 travers la r\u00e9citation du chapelet <strong>\u00ab\u00a0chaque Ave Maria r\u00e9cit\u00e9 avec foi est comme une fl\u00e8che d\u2019or qui touche le C\u0153ur de J\u00e9sus\u00a0!\u00a0\u00bb<\/strong> Elle l\u2019invite ensuite \u00e0 confier son secret et sa mission \u00e0 un pr\u00eatre. Elle lui confie enfin \u00ab\u00a0un message secret\u00a0\u00bb pour le Pape Pie XII qui fut envoy\u00e9 au Saint Office le 6 mai 1947.<\/p>\n<p>La journ\u00e9e du 12 avril 1947 touche \u00e0 sa fin et Bruno, tout autant boulevers\u00e9 que ses enfants, pose le premier acte de reconnaissance\u00a0: il nettoie avec eux la grotte et grave sur la pierre, avec la clef de sa maison, la date de l\u2019Apparition\u00a0! Puis il d\u00e9cide d\u2019aller prier \u00e0 l\u2019Eglise des moines trappiste qui est proche et sa fille Isola lui sugg\u00e8re l\u2019Ave Maria\u2026 Arriv\u00e9 chez lui, il essaie de cacher l\u2019\u00e9v\u00e9nement, mais sa femme Iolanda se doute de quelque chose en sentant un parfum insolite. Elle tente de demander des explications \u00e0 son \u00e9poux et elle constate qu\u2019il est devenu calme et courtois. Alors, avant de se coucher, Bruno se met \u00e0 genoux et les larmes aux yeux il demande pardon \u00e0 sa femme et lui fait le r\u00e9cit de l\u2019Apparition\u2026 Il lui partage en particulier que <strong>\u00ab\u00a0La Vierge de la R\u00e9v\u00e9lation est d\u2019une telle beaut\u00e9, inconnue du monde, mais on peut aussi lire sur son visage et son regard une expression de tristesse et de compassion extr\u00eame\u2026\u00a0\u00bb<\/strong><\/p>\n<p><img decoding=\"async\" class=\"aligncenter wp-image-2810 size-large\" src=\"https:\/\/refugesdemarie.fr\/wp-content\/uploads\/2025\/12\/Vierge-de-la-revelation-6-Bruno-1024x485.jpg\" alt=\"\" width=\"1024\" height=\"485\" srcset=\"https:\/\/refugesdemarie.fr\/wp-content\/uploads\/2025\/12\/Vierge-de-la-revelation-6-Bruno-1024x485.jpg 1024w, https:\/\/refugesdemarie.fr\/wp-content\/uploads\/2025\/12\/Vierge-de-la-revelation-6-Bruno-300x142.jpg 300w, https:\/\/refugesdemarie.fr\/wp-content\/uploads\/2025\/12\/Vierge-de-la-revelation-6-Bruno-768x363.jpg 768w, https:\/\/refugesdemarie.fr\/wp-content\/uploads\/2025\/12\/Vierge-de-la-revelation-6-Bruno-1536x727.jpg 1536w, https:\/\/refugesdemarie.fr\/wp-content\/uploads\/2025\/12\/Vierge-de-la-revelation-6-Bruno-2048x969.jpg 2048w, https:\/\/refugesdemarie.fr\/wp-content\/uploads\/2025\/12\/Vierge-de-la-revelation-6-Bruno-1320x625.jpg 1320w\" sizes=\"(max-width: 1024px) 100vw, 1024px\" \/><\/p>\n<h4><strong>\u00a0<\/strong><strong>Le retour et la mission dans l\u2019Eglise catholique\u2026<\/strong><\/h4>\n<p><strong>\u00a0\u00a0\u00a0\u00a0 <\/strong>C\u2019est le d\u00e9but d\u2019une nouvelle vie pour Bruno et sa famille\u2026 et il sera guid\u00e9 par la Vierge pour vivre sa vraie foi et rencontrer les personnes importantes pour son cheminement et sa mission en Eglise. Il faut mentionner ici ce qu\u2019il avait grav\u00e9 sur la roche de la grotte apr\u00e8s l\u2019Apparition\u00a0: <strong>\u00ab\u00a0Dans cette grotte m\u2019est apparue la M\u00e8re divine. Elle m\u2019invite amoureusement \u00e0 rentrer dans l\u2019Eglise catholique, apostolique et romaine\u2026\u00a0\u00bb<\/strong><\/p>\n<p><img loading=\"lazy\" decoding=\"async\" class=\"aligncenter wp-image-2813 size-large\" src=\"https:\/\/refugesdemarie.fr\/wp-content\/uploads\/2025\/12\/vierge-de-la-revelation-3-485x1024.jpg\" alt=\"\" width=\"485\" height=\"1024\" srcset=\"https:\/\/refugesdemarie.fr\/wp-content\/uploads\/2025\/12\/vierge-de-la-revelation-3-485x1024.jpg 485w, https:\/\/refugesdemarie.fr\/wp-content\/uploads\/2025\/12\/vierge-de-la-revelation-3-142x300.jpg 142w, https:\/\/refugesdemarie.fr\/wp-content\/uploads\/2025\/12\/vierge-de-la-revelation-3-768x1623.jpg 768w, https:\/\/refugesdemarie.fr\/wp-content\/uploads\/2025\/12\/vierge-de-la-revelation-3-727x1536.jpg 727w, https:\/\/refugesdemarie.fr\/wp-content\/uploads\/2025\/12\/vierge-de-la-revelation-3-969x2048.jpg 969w, https:\/\/refugesdemarie.fr\/wp-content\/uploads\/2025\/12\/vierge-de-la-revelation-3-1320x2789.jpg 1320w, https:\/\/refugesdemarie.fr\/wp-content\/uploads\/2025\/12\/vierge-de-la-revelation-3-scaled.jpg 1211w\" sizes=\"(max-width: 485px) 100vw, 485px\" \/><\/p>\n<p><strong>\u00a0\u00a0\u00a0 <\/strong>Plus tard, le 9 novembre 1949, lors d\u2019une audience accord\u00e9e aux traminots de Rome, Bruno rencontra le Pape Pie XII. Apr\u00e8s la r\u00e9citation du chapelet dans sa chapelle priv\u00e9e, Bruno s\u2019avance vers le Pape et lui dit : \u00ab\u00a0Tr\u00e8s Saint-P\u00e8re, voici la Bible protestante avec laquelle j\u2019ai \u00ab\u00a0tu\u00e9\u00a0\u00bb beaucoup d\u2019\u00e2mes\u00a0!\u00a0\u00bb Puis, les larmes aux yeux, il dit\u00a0: \u00ab\u00a0Voici le poignard, avec l\u2019inscription \u00ab\u00a0mort au Pape\u00a0\u00bb, par lequel je projetais de vous tuer\u00a0! Je viens vous demander pardon\u2026\u00a0\u00bb<\/p>\n<p>Et le Pape lui r\u00e9pondit\u00a0:\u00a0\u00ab\u00a0En me tuant, tu n\u2019aurais fait que donner un nouveau martyr \u00e0 l\u2019Eglise, et au Christ une victoire de l\u2019amour\u00a0; mon fils, le meilleur pardon est le repentir\u2026\u00a0\u00bb<\/p>\n<p>Bien plus tard, en 1978, Bruno rencontrera le Pape Jean-Paul II qui lui dira\u00a0 en particulier\u00a0: <strong>\u00ab\u00a0Tu as vu la M\u00e8re de Dieu, tu dois donc devenir un saint\u00a0!\u00a0\u00bb<\/strong><\/p>\n<p>La premi\u00e8re mission fondamentale de Bruno sera la construction d\u2019une \u00ab\u00a0Maison-Sanctuaire\u00a0\u00bb, sur le lieu de l\u2019Apparition, en l\u2019honneur de la \u00ab\u00a0Vierge de la R\u00e9v\u00e9lation\u00a0\u00bb. Le 23 f\u00e9vrier 1982, la Vierge lui appara\u00eet et lui proph\u00e9tise\u00a0:<\/p>\n<p><strong>\u00a0\u00a0\u00a0 \u00ab\u00a0Viendront prier ici les assoiff\u00e9s, les \u00e9gar\u00e9s\u2026 Ils y trouveront l\u2019amour, la compr\u00e9hension, la consolation\u00a0: le vrai sens de la vie\u00a0! Ici, dans cette grotte o\u00f9 je suis apparue plusieurs fois, ce sera le sanctuaire de l\u2019expiation, comme si c\u2019\u00e9tait le Purgatoire sur terre\u2026 Il y aura une porte au non significatif de \u00ab\u00a0Porte de la Paix\u00a0\u00bb, et tous devront entrer par cette Porte\u00a0!\u00a0\u00bb<\/strong><\/p>\n<p><img loading=\"lazy\" decoding=\"async\" class=\"aligncenter wp-image-2814 size-large\" src=\"https:\/\/refugesdemarie.fr\/wp-content\/uploads\/2025\/12\/vierge-de-la-revelation-2-485x1024.jpg\" alt=\"\" width=\"485\" height=\"1024\" srcset=\"https:\/\/refugesdemarie.fr\/wp-content\/uploads\/2025\/12\/vierge-de-la-revelation-2-485x1024.jpg 485w, https:\/\/refugesdemarie.fr\/wp-content\/uploads\/2025\/12\/vierge-de-la-revelation-2-142x300.jpg 142w, https:\/\/refugesdemarie.fr\/wp-content\/uploads\/2025\/12\/vierge-de-la-revelation-2-768x1623.jpg 768w, https:\/\/refugesdemarie.fr\/wp-content\/uploads\/2025\/12\/vierge-de-la-revelation-2-727x1536.jpg 727w, https:\/\/refugesdemarie.fr\/wp-content\/uploads\/2025\/12\/vierge-de-la-revelation-2-969x2048.jpg 969w, https:\/\/refugesdemarie.fr\/wp-content\/uploads\/2025\/12\/vierge-de-la-revelation-2-1320x2789.jpg 1320w, https:\/\/refugesdemarie.fr\/wp-content\/uploads\/2025\/12\/vierge-de-la-revelation-2-scaled.jpg 1211w\" sizes=\"(max-width: 485px) 100vw, 485px\" \/><\/p>\n<p>Pie XII autorisera le culte public de \u00ab\u00a0la Vierge de la R\u00e9v\u00e9lation\u00a0\u00bb en 1956 et la construction d\u2019un sanctuaire. Le 12 avril 1980, vers 18h, pour le 33\u00b0 anniversaire de l\u2019Apparition\u00a0: des \u00ab\u00a0signes dans le soleil\u00a0\u00bb sont vus par des milliers de personnes, dont Mgr Osvaldo Balducci\u2026 et en 1997, le Pape Jean-Paul II d\u00e9cr\u00e8te le nom du sanctuaire\u00a0: \u00ab\u00a0Notre Dame du Troisi\u00e8me Mill\u00e9naire aux Trois Fontaines\u00a0!\u00a0\u00bb Sa f\u00eate est le 12 avril, et le sanctuaire est gard\u00e9 par les Fr\u00e8res mineurs conventuels.<\/p>\n<p>Enfin, en juin 2017, le dioc\u00e8se de Rome a ouvert la Cause en b\u00e9atification et Canonisation du serviteur de Dieu Bruno Cornacchiola. Comme quoi, \u00ab\u00a0rien n\u2019est impossible \u00e0 Dieu\u00a0\u00bb quand il envoie sa M\u00e8re en mission\u00a0!<\/p>\n<p>En conclusion, Bruno appara\u00eet \u00e0 la fois comme un \u00ab\u00a0\u00e9gar\u00e9 violent\u00a0\u00bb du monde moderne et \u00e9galement un \u00ab\u00a0t\u00e9moin converti\u00a0\u00bb de l\u2019erreur protestante qui rejette en particulier le myst\u00e8re de la M\u00e8re de Dieu\u2026 et quand elle lui appara\u00eet avec ses mains qui serrent la Bible sur son C\u0153ur\u00a0: quelle interpellation pour le monde protestant\u00a0! Elle lui dit, \u00e0 travers Bruno\u00a0: je suis Celle qui a enfant\u00e9 la Parole, le Fils unique de Dieu\u2026 et sans mon \u00ab\u00a0fiat\u00a0\u00bb\u00a0: nulle venue du Sauveur n\u2019aurait \u00e9t\u00e9 possible \u2026 car non seulement je suis la M\u00e8re de Dieu, mais aussi la M\u00e8re de l\u2019Eglise qui va chercher avec force et tendresse les p\u00e9cheurs pour les ramener \u00e0 J\u00e9sus, mon Fils et l\u2019Unique Sauveur\u00a0! Et, comme \u00e0 Lourdes, la Vierge appara\u00eet dans une grotte obscure pour porter la lumi\u00e8re du Christ\u2026<\/p>\n<p style=\"text-align: right;\">\u00a0\u00a0\u00a0\u00a0\u00a0\u00a0\u00a0\u00a0\u00a0\u00a0\u00a0\u00a0\u00a0\u00a0\u00a0\u00a0\u00a0\u00a0\u00a0\u00a0\u00a0\u00a0\u00a0\u00a0\u00a0\u00a0\u00a0\u00a0\u00a0\u00a0\u00a0\u00a0\u00a0\u00a0\u00a0\u00a0\u00a0\u00a0\u00a0\u00a0\u00a0\u00a0\u00a0\u00a0\u00a0\u00a0\u00a0\u00a0\u00a0\u00a0\u00a0\u00a0\u00a0\u00a0\u00a0\u00a0\u00a0\u00a0\u00a0\u00a0\u00a0\u00a0\u00a0\u00a0\u00a0\u00a0\u00a0\u00a0\u00a0\u00a0\u00a0\u00a0\u00a0\u00a0\u00a0\u00a0\u00a0\u00a0\u00a0\u00a0\u00a0\u00a0\u00a0\u00a0\u00a0\u00a0\u00a0\u00a0\u00a0\u00a0\u00a0\u00a0\u00a0\u00a0\u00a0\u00a0\u00a0 <strong>+Marie-Micka\u00ebl <\/strong><\/p>\n<p><img loading=\"lazy\" decoding=\"async\" class=\"aligncenter wp-image-2809 size-full\" src=\"https:\/\/refugesdemarie.fr\/wp-content\/uploads\/2025\/12\/vierge-rc3a9vc3a9lation-trefontane1-1.jpg\" alt=\"\" width=\"597\" height=\"1024\" srcset=\"https:\/\/refugesdemarie.fr\/wp-content\/uploads\/2025\/12\/vierge-rc3a9vc3a9lation-trefontane1-1.jpg 597w, https:\/\/refugesdemarie.fr\/wp-content\/uploads\/2025\/12\/vierge-rc3a9vc3a9lation-trefontane1-1-175x300.jpg 175w\" sizes=\"(max-width: 597px) 100vw, 597px\" \/><\/p>\n<p><a href=\"#_ftnref1\" name=\"_ftn1\">[1]<\/a> \u00ab\u00a0Conversion fulgurante\u00a0: Bruno Cornacchiola, l\u2019homme qui voulait assassiner le Pape\u00a0\u00bb &#8211; Isabelle Cousturi\u00e9 dans Aleteia, 8 ao\u00fbt 2017.<\/p>\n<p><a href=\"#_ftnref2\" name=\"_ftn2\">[2]<\/a> F.Breynaert et l\u2019\u00e9quipe du site internet \u00ab\u00a0Marie de Nazareth\u00a0\u00bb 2025.<\/p>\n","protected":false},"excerpt":{"rendered":"<p>La Vierge de la R\u00e9v\u00e9lation \u00e0 Trois Fontaine M\u00e9ditation mariale pour l\u2019Avent au retour d\u2019un p\u00e8lerinage \u00e0 Rome \u00ab Je suis celle qui est dans Trinit\u00e9 Sainte ! Je suis la Vierge de la R\u00e9v\u00e9lation\u2026 \u00bb La Vierge \u00e0 Tre Fontane, 12 avril 1947 \u00a0 \u00a0\u00a0\u00a0Telles furent les premi\u00e8res paroles de la M\u00e8re de Dieu [&hellip;]<\/p>\n","protected":false},"author":1,"featured_media":2815,"comment_status":"closed","ping_status":"open","sticky":false,"template":"","format":"standard","meta":{"ocean_post_layout":"","ocean_both_sidebars_style":"","ocean_both_sidebars_content_width":0,"ocean_both_sidebars_sidebars_width":0,"ocean_sidebar":"0","ocean_second_sidebar":"0","ocean_disable_margins":"enable","ocean_add_body_class":"","ocean_shortcode_before_top_bar":"","ocean_shortcode_after_top_bar":"","ocean_shortcode_before_header":"","ocean_shortcode_after_header":"","ocean_has_shortcode":"","ocean_shortcode_after_title":"","ocean_shortcode_before_footer_widgets":"","ocean_shortcode_after_footer_widgets":"","ocean_shortcode_before_footer_bottom":"","ocean_shortcode_after_footer_bottom":"","ocean_display_top_bar":"default","ocean_display_header":"default","ocean_header_style":"","ocean_center_header_left_menu":"0","ocean_custom_header_template":"0","ocean_custom_logo":0,"ocean_custom_retina_logo":0,"ocean_custom_logo_max_width":0,"ocean_custom_logo_tablet_max_width":0,"ocean_custom_logo_mobile_max_width":0,"ocean_custom_logo_max_height":0,"ocean_custom_logo_tablet_max_height":0,"ocean_custom_logo_mobile_max_height":0,"ocean_header_custom_menu":"0","ocean_menu_typo_font_family":"0","ocean_menu_typo_font_subset":"","ocean_menu_typo_font_size":0,"ocean_menu_typo_font_size_tablet":0,"ocean_menu_typo_font_size_mobile":0,"ocean_menu_typo_font_size_unit":"px","ocean_menu_typo_font_weight":"","ocean_menu_typo_font_weight_tablet":"","ocean_menu_typo_font_weight_mobile":"","ocean_menu_typo_transform":"","ocean_menu_typo_transform_tablet":"","ocean_menu_typo_transform_mobile":"","ocean_menu_typo_line_height":0,"ocean_menu_typo_line_height_tablet":0,"ocean_menu_typo_line_height_mobile":0,"ocean_menu_typo_line_height_unit":"","ocean_menu_typo_spacing":0,"ocean_menu_typo_spacing_tablet":0,"ocean_menu_typo_spacing_mobile":0,"ocean_menu_typo_spacing_unit":"","ocean_menu_link_color":"","ocean_menu_link_color_hover":"","ocean_menu_link_color_active":"","ocean_menu_link_background":"","ocean_menu_link_hover_background":"","ocean_menu_link_active_background":"","ocean_menu_social_links_bg":"","ocean_menu_social_hover_links_bg":"","ocean_menu_social_links_color":"","ocean_menu_social_hover_links_color":"","ocean_disable_title":"default","ocean_disable_heading":"default","ocean_post_title":"","ocean_post_subheading":"","ocean_post_title_style":"","ocean_post_title_background_color":"","ocean_post_title_background":0,"ocean_post_title_bg_image_position":"","ocean_post_title_bg_image_attachment":"","ocean_post_title_bg_image_repeat":"","ocean_post_title_bg_image_size":"","ocean_post_title_height":0,"ocean_post_title_bg_overlay":0.5,"ocean_post_title_bg_overlay_color":"","ocean_disable_breadcrumbs":"default","ocean_breadcrumbs_color":"","ocean_breadcrumbs_separator_color":"","ocean_breadcrumbs_links_color":"","ocean_breadcrumbs_links_hover_color":"","ocean_display_footer_widgets":"default","ocean_display_footer_bottom":"default","ocean_custom_footer_template":"0","ocean_post_oembed":"","ocean_post_self_hosted_media":"","ocean_post_video_embed":"","ocean_link_format":"","ocean_link_format_target":"self","ocean_quote_format":"","ocean_quote_format_link":"post","ocean_gallery_link_images":"on","ocean_gallery_id":[],"footnotes":""},"categories":[41],"tags":[],"class_list":["post-2808","post","type-post","status-publish","format-standard","has-post-thumbnail","hentry","category-apparitions-du-20eme-siecle","entry","has-media"],"yoast_head":"<!-- This site is optimized with the Yoast SEO plugin v27.4 - https:\/\/yoast.com\/product\/yoast-seo-wordpress\/ -->\n<title>La Vierge de la R\u00e9v\u00e9lation \u00e0 Trois Fontaine - Communion des refuges du Coeur Immacul\u00e9 de Marie<\/title>\n<meta name=\"description\" content=\"\u00ab Je suis celle qui est dans Trinit\u00e9 Sainte ! Je suis la Vierge de la R\u00e9v\u00e9lation\u2026 \u00bb La Vierge \u00e0 Tre Fontane, 12 avril 1947\" \/>\n<meta name=\"robots\" content=\"index, follow, max-snippet:-1, max-image-preview:large, max-video-preview:-1\" \/>\n<link rel=\"canonical\" href=\"https:\/\/refugesdemarie.fr\/index.php\/2025\/12\/12\/la-vierge-de-la-revelation-a-trois-fontaine\/\" \/>\n<meta property=\"og:locale\" content=\"fr_FR\" \/>\n<meta property=\"og:type\" content=\"article\" \/>\n<meta property=\"og:title\" content=\"La Vierge de la R\u00e9v\u00e9lation \u00e0 Trois Fontaine - Communion des refuges du Coeur Immacul\u00e9 de Marie\" \/>\n<meta property=\"og:description\" content=\"\u00ab Je suis celle qui est dans Trinit\u00e9 Sainte ! Je suis la Vierge de la R\u00e9v\u00e9lation\u2026 \u00bb La Vierge \u00e0 Tre Fontane, 12 avril 1947\" \/>\n<meta property=\"og:url\" content=\"https:\/\/refugesdemarie.fr\/index.php\/2025\/12\/12\/la-vierge-de-la-revelation-a-trois-fontaine\/\" \/>\n<meta property=\"og:site_name\" content=\"Communion des refuges du Coeur Immacul\u00e9 de Marie\" \/>\n<meta property=\"article:publisher\" content=\"https:\/\/www.facebook.com\/profile.php?id=100089561384328\" \/>\n<meta property=\"article:author\" content=\"https:\/\/www.facebook.com\/profile.php?id=100089561384328\" \/>\n<meta property=\"article:published_time\" content=\"2025-12-12T15:55:49+00:00\" \/>\n<meta property=\"article:modified_time\" content=\"2026-01-06T16:03:58+00:00\" \/>\n<meta property=\"og:image\" content=\"https:\/\/refugesdemarie.fr\/wp-content\/uploads\/2025\/12\/Vierge-de-la-revelation-1-scaled.jpg\" \/>\n\t<meta property=\"og:image:width\" content=\"1211\" \/>\n\t<meta property=\"og:image:height\" content=\"2560\" \/>\n\t<meta property=\"og:image:type\" content=\"image\/jpeg\" \/>\n<meta name=\"author\" content=\"refugesdemarie@gmail.com\" \/>\n<meta name=\"twitter:card\" content=\"summary_large_image\" \/>\n<meta name=\"twitter:label1\" content=\"\u00c9crit par\" \/>\n\t<meta name=\"twitter:data1\" content=\"refugesdemarie@gmail.com\" \/>\n\t<meta name=\"twitter:label2\" content=\"Dur\u00e9e de lecture estim\u00e9e\" \/>\n\t<meta name=\"twitter:data2\" content=\"11 minutes\" \/>\n<script type=\"application\/ld+json\" class=\"yoast-schema-graph\">{\"@context\":\"https:\\\/\\\/schema.org\",\"@graph\":[{\"@type\":\"Article\",\"@id\":\"https:\\\/\\\/refugesdemarie.fr\\\/index.php\\\/2025\\\/12\\\/12\\\/la-vierge-de-la-revelation-a-trois-fontaine\\\/#article\",\"isPartOf\":{\"@id\":\"https:\\\/\\\/refugesdemarie.fr\\\/index.php\\\/2025\\\/12\\\/12\\\/la-vierge-de-la-revelation-a-trois-fontaine\\\/\"},\"author\":{\"name\":\"refugesdemarie@gmail.com\",\"@id\":\"https:\\\/\\\/refugesdemarie.fr\\\/#\\\/schema\\\/person\\\/3bda0c49569f70f4dcfbe78b7e174b11\"},\"headline\":\"La Vierge de la R\u00e9v\u00e9lation \u00e0 Trois Fontaine\",\"datePublished\":\"2025-12-12T15:55:49+00:00\",\"dateModified\":\"2026-01-06T16:03:58+00:00\",\"mainEntityOfPage\":{\"@id\":\"https:\\\/\\\/refugesdemarie.fr\\\/index.php\\\/2025\\\/12\\\/12\\\/la-vierge-de-la-revelation-a-trois-fontaine\\\/\"},\"wordCount\":1936,\"publisher\":{\"@id\":\"https:\\\/\\\/refugesdemarie.fr\\\/#organization\"},\"image\":{\"@id\":\"https:\\\/\\\/refugesdemarie.fr\\\/index.php\\\/2025\\\/12\\\/12\\\/la-vierge-de-la-revelation-a-trois-fontaine\\\/#primaryimage\"},\"thumbnailUrl\":\"https:\\\/\\\/refugesdemarie.fr\\\/wp-content\\\/uploads\\\/2025\\\/12\\\/Vierge-de-la-revelation-1-scaled.jpg\",\"articleSection\":[\"Apparitions du 20\u00e8me si\u00e8cle\"],\"inLanguage\":\"fr-FR\"},{\"@type\":\"WebPage\",\"@id\":\"https:\\\/\\\/refugesdemarie.fr\\\/index.php\\\/2025\\\/12\\\/12\\\/la-vierge-de-la-revelation-a-trois-fontaine\\\/\",\"url\":\"https:\\\/\\\/refugesdemarie.fr\\\/index.php\\\/2025\\\/12\\\/12\\\/la-vierge-de-la-revelation-a-trois-fontaine\\\/\",\"name\":\"La Vierge de la R\u00e9v\u00e9lation \u00e0 Trois Fontaine - Communion des refuges du Coeur Immacul\u00e9 de Marie\",\"isPartOf\":{\"@id\":\"https:\\\/\\\/refugesdemarie.fr\\\/#website\"},\"primaryImageOfPage\":{\"@id\":\"https:\\\/\\\/refugesdemarie.fr\\\/index.php\\\/2025\\\/12\\\/12\\\/la-vierge-de-la-revelation-a-trois-fontaine\\\/#primaryimage\"},\"image\":{\"@id\":\"https:\\\/\\\/refugesdemarie.fr\\\/index.php\\\/2025\\\/12\\\/12\\\/la-vierge-de-la-revelation-a-trois-fontaine\\\/#primaryimage\"},\"thumbnailUrl\":\"https:\\\/\\\/refugesdemarie.fr\\\/wp-content\\\/uploads\\\/2025\\\/12\\\/Vierge-de-la-revelation-1-scaled.jpg\",\"datePublished\":\"2025-12-12T15:55:49+00:00\",\"dateModified\":\"2026-01-06T16:03:58+00:00\",\"description\":\"\u00ab Je suis celle qui est dans Trinit\u00e9 Sainte ! Je suis la Vierge de la R\u00e9v\u00e9lation\u2026 \u00bb La Vierge \u00e0 Tre Fontane, 12 avril 1947\",\"breadcrumb\":{\"@id\":\"https:\\\/\\\/refugesdemarie.fr\\\/index.php\\\/2025\\\/12\\\/12\\\/la-vierge-de-la-revelation-a-trois-fontaine\\\/#breadcrumb\"},\"inLanguage\":\"fr-FR\",\"potentialAction\":[{\"@type\":\"ReadAction\",\"target\":[\"https:\\\/\\\/refugesdemarie.fr\\\/index.php\\\/2025\\\/12\\\/12\\\/la-vierge-de-la-revelation-a-trois-fontaine\\\/\"]}]},{\"@type\":\"ImageObject\",\"inLanguage\":\"fr-FR\",\"@id\":\"https:\\\/\\\/refugesdemarie.fr\\\/index.php\\\/2025\\\/12\\\/12\\\/la-vierge-de-la-revelation-a-trois-fontaine\\\/#primaryimage\",\"url\":\"https:\\\/\\\/refugesdemarie.fr\\\/wp-content\\\/uploads\\\/2025\\\/12\\\/Vierge-de-la-revelation-1-scaled.jpg\",\"contentUrl\":\"https:\\\/\\\/refugesdemarie.fr\\\/wp-content\\\/uploads\\\/2025\\\/12\\\/Vierge-de-la-revelation-1-scaled.jpg\",\"width\":1211,\"height\":2560},{\"@type\":\"BreadcrumbList\",\"@id\":\"https:\\\/\\\/refugesdemarie.fr\\\/index.php\\\/2025\\\/12\\\/12\\\/la-vierge-de-la-revelation-a-trois-fontaine\\\/#breadcrumb\",\"itemListElement\":[{\"@type\":\"ListItem\",\"position\":1,\"name\":\"Accueil\",\"item\":\"https:\\\/\\\/refugesdemarie.fr\\\/\"},{\"@type\":\"ListItem\",\"position\":2,\"name\":\"La Vierge de la R\u00e9v\u00e9lation \u00e0 Trois Fontaine\"}]},{\"@type\":\"WebSite\",\"@id\":\"https:\\\/\\\/refugesdemarie.fr\\\/#website\",\"url\":\"https:\\\/\\\/refugesdemarie.fr\\\/\",\"name\":\"Communion des refuges du Coeur Immacul\u00e9 de Marie\",\"description\":\"\",\"publisher\":{\"@id\":\"https:\\\/\\\/refugesdemarie.fr\\\/#organization\"},\"potentialAction\":[{\"@type\":\"SearchAction\",\"target\":{\"@type\":\"EntryPoint\",\"urlTemplate\":\"https:\\\/\\\/refugesdemarie.fr\\\/?s={search_term_string}\"},\"query-input\":{\"@type\":\"PropertyValueSpecification\",\"valueRequired\":true,\"valueName\":\"search_term_string\"}}],\"inLanguage\":\"fr-FR\"},{\"@type\":\"Organization\",\"@id\":\"https:\\\/\\\/refugesdemarie.fr\\\/#organization\",\"name\":\"Communion des refuges du Coeur Immacul\u00e9 de Marie\",\"url\":\"https:\\\/\\\/refugesdemarie.fr\\\/\",\"logo\":{\"@type\":\"ImageObject\",\"inLanguage\":\"fr-FR\",\"@id\":\"https:\\\/\\\/refugesdemarie.fr\\\/#\\\/schema\\\/logo\\\/image\\\/\",\"url\":\"https:\\\/\\\/refugesdemarie.fr\\\/wp-content\\\/uploads\\\/2023\\\/01\\\/cropped-Logo-Communion-des-Refuges-6.jpg\",\"contentUrl\":\"https:\\\/\\\/refugesdemarie.fr\\\/wp-content\\\/uploads\\\/2023\\\/01\\\/cropped-Logo-Communion-des-Refuges-6.jpg\",\"width\":1199,\"height\":377,\"caption\":\"Communion des refuges du Coeur Immacul\u00e9 de Marie\"},\"image\":{\"@id\":\"https:\\\/\\\/refugesdemarie.fr\\\/#\\\/schema\\\/logo\\\/image\\\/\"},\"sameAs\":[\"https:\\\/\\\/www.facebook.com\\\/profile.php?id=100089561384328\"]},{\"@type\":\"Person\",\"@id\":\"https:\\\/\\\/refugesdemarie.fr\\\/#\\\/schema\\\/person\\\/3bda0c49569f70f4dcfbe78b7e174b11\",\"name\":\"refugesdemarie@gmail.com\",\"image\":{\"@type\":\"ImageObject\",\"inLanguage\":\"fr-FR\",\"@id\":\"https:\\\/\\\/secure.gravatar.com\\\/avatar\\\/43491e46ee54b6706285b166679fe98aa620b1849d376153f6bc028852c019f7?s=96&d=mm&r=g\",\"url\":\"https:\\\/\\\/secure.gravatar.com\\\/avatar\\\/43491e46ee54b6706285b166679fe98aa620b1849d376153f6bc028852c019f7?s=96&d=mm&r=g\",\"contentUrl\":\"https:\\\/\\\/secure.gravatar.com\\\/avatar\\\/43491e46ee54b6706285b166679fe98aa620b1849d376153f6bc028852c019f7?s=96&d=mm&r=g\",\"caption\":\"refugesdemarie@gmail.com\"},\"sameAs\":[\"https:\\\/\\\/refugesdemarie.fr\",\"https:\\\/\\\/www.facebook.com\\\/profile.php?id=100089561384328\",\"https:\\\/\\\/www.youtube.com\\\/channel\\\/UCXOznkQcnNvuMDGDg11ZPfg\"],\"url\":\"https:\\\/\\\/refugesdemarie.fr\\\/index.php\\\/author\\\/com-coeur-immaculegmail-com\\\/\"}]}<\/script>\n<!-- \/ Yoast SEO plugin. -->","yoast_head_json":{"title":"La Vierge de la R\u00e9v\u00e9lation \u00e0 Trois Fontaine - Communion des refuges du Coeur Immacul\u00e9 de Marie","description":"\u00ab Je suis celle qui est dans Trinit\u00e9 Sainte ! Je suis la Vierge de la R\u00e9v\u00e9lation\u2026 \u00bb La Vierge \u00e0 Tre Fontane, 12 avril 1947","robots":{"index":"index","follow":"follow","max-snippet":"max-snippet:-1","max-image-preview":"max-image-preview:large","max-video-preview":"max-video-preview:-1"},"canonical":"https:\/\/refugesdemarie.fr\/index.php\/2025\/12\/12\/la-vierge-de-la-revelation-a-trois-fontaine\/","og_locale":"fr_FR","og_type":"article","og_title":"La Vierge de la R\u00e9v\u00e9lation \u00e0 Trois Fontaine - Communion des refuges du Coeur Immacul\u00e9 de Marie","og_description":"\u00ab Je suis celle qui est dans Trinit\u00e9 Sainte ! Je suis la Vierge de la R\u00e9v\u00e9lation\u2026 \u00bb La Vierge \u00e0 Tre Fontane, 12 avril 1947","og_url":"https:\/\/refugesdemarie.fr\/index.php\/2025\/12\/12\/la-vierge-de-la-revelation-a-trois-fontaine\/","og_site_name":"Communion des refuges du Coeur Immacul\u00e9 de Marie","article_publisher":"https:\/\/www.facebook.com\/profile.php?id=100089561384328","article_author":"https:\/\/www.facebook.com\/profile.php?id=100089561384328","article_published_time":"2025-12-12T15:55:49+00:00","article_modified_time":"2026-01-06T16:03:58+00:00","og_image":[{"width":1211,"height":2560,"url":"https:\/\/refugesdemarie.fr\/wp-content\/uploads\/2025\/12\/Vierge-de-la-revelation-1-scaled.jpg","type":"image\/jpeg"}],"author":"refugesdemarie@gmail.com","twitter_card":"summary_large_image","twitter_misc":{"\u00c9crit par":"refugesdemarie@gmail.com","Dur\u00e9e de lecture estim\u00e9e":"11 minutes"},"schema":{"@context":"https:\/\/schema.org","@graph":[{"@type":"Article","@id":"https:\/\/refugesdemarie.fr\/index.php\/2025\/12\/12\/la-vierge-de-la-revelation-a-trois-fontaine\/#article","isPartOf":{"@id":"https:\/\/refugesdemarie.fr\/index.php\/2025\/12\/12\/la-vierge-de-la-revelation-a-trois-fontaine\/"},"author":{"name":"refugesdemarie@gmail.com","@id":"https:\/\/refugesdemarie.fr\/#\/schema\/person\/3bda0c49569f70f4dcfbe78b7e174b11"},"headline":"La Vierge de la R\u00e9v\u00e9lation \u00e0 Trois Fontaine","datePublished":"2025-12-12T15:55:49+00:00","dateModified":"2026-01-06T16:03:58+00:00","mainEntityOfPage":{"@id":"https:\/\/refugesdemarie.fr\/index.php\/2025\/12\/12\/la-vierge-de-la-revelation-a-trois-fontaine\/"},"wordCount":1936,"publisher":{"@id":"https:\/\/refugesdemarie.fr\/#organization"},"image":{"@id":"https:\/\/refugesdemarie.fr\/index.php\/2025\/12\/12\/la-vierge-de-la-revelation-a-trois-fontaine\/#primaryimage"},"thumbnailUrl":"https:\/\/refugesdemarie.fr\/wp-content\/uploads\/2025\/12\/Vierge-de-la-revelation-1-scaled.jpg","articleSection":["Apparitions du 20\u00e8me si\u00e8cle"],"inLanguage":"fr-FR"},{"@type":"WebPage","@id":"https:\/\/refugesdemarie.fr\/index.php\/2025\/12\/12\/la-vierge-de-la-revelation-a-trois-fontaine\/","url":"https:\/\/refugesdemarie.fr\/index.php\/2025\/12\/12\/la-vierge-de-la-revelation-a-trois-fontaine\/","name":"La Vierge de la R\u00e9v\u00e9lation \u00e0 Trois Fontaine - Communion des refuges du Coeur Immacul\u00e9 de Marie","isPartOf":{"@id":"https:\/\/refugesdemarie.fr\/#website"},"primaryImageOfPage":{"@id":"https:\/\/refugesdemarie.fr\/index.php\/2025\/12\/12\/la-vierge-de-la-revelation-a-trois-fontaine\/#primaryimage"},"image":{"@id":"https:\/\/refugesdemarie.fr\/index.php\/2025\/12\/12\/la-vierge-de-la-revelation-a-trois-fontaine\/#primaryimage"},"thumbnailUrl":"https:\/\/refugesdemarie.fr\/wp-content\/uploads\/2025\/12\/Vierge-de-la-revelation-1-scaled.jpg","datePublished":"2025-12-12T15:55:49+00:00","dateModified":"2026-01-06T16:03:58+00:00","description":"\u00ab Je suis celle qui est dans Trinit\u00e9 Sainte ! Je suis la Vierge de la R\u00e9v\u00e9lation\u2026 \u00bb La Vierge \u00e0 Tre Fontane, 12 avril 1947","breadcrumb":{"@id":"https:\/\/refugesdemarie.fr\/index.php\/2025\/12\/12\/la-vierge-de-la-revelation-a-trois-fontaine\/#breadcrumb"},"inLanguage":"fr-FR","potentialAction":[{"@type":"ReadAction","target":["https:\/\/refugesdemarie.fr\/index.php\/2025\/12\/12\/la-vierge-de-la-revelation-a-trois-fontaine\/"]}]},{"@type":"ImageObject","inLanguage":"fr-FR","@id":"https:\/\/refugesdemarie.fr\/index.php\/2025\/12\/12\/la-vierge-de-la-revelation-a-trois-fontaine\/#primaryimage","url":"https:\/\/refugesdemarie.fr\/wp-content\/uploads\/2025\/12\/Vierge-de-la-revelation-1-scaled.jpg","contentUrl":"https:\/\/refugesdemarie.fr\/wp-content\/uploads\/2025\/12\/Vierge-de-la-revelation-1-scaled.jpg","width":1211,"height":2560},{"@type":"BreadcrumbList","@id":"https:\/\/refugesdemarie.fr\/index.php\/2025\/12\/12\/la-vierge-de-la-revelation-a-trois-fontaine\/#breadcrumb","itemListElement":[{"@type":"ListItem","position":1,"name":"Accueil","item":"https:\/\/refugesdemarie.fr\/"},{"@type":"ListItem","position":2,"name":"La Vierge de la R\u00e9v\u00e9lation \u00e0 Trois Fontaine"}]},{"@type":"WebSite","@id":"https:\/\/refugesdemarie.fr\/#website","url":"https:\/\/refugesdemarie.fr\/","name":"Communion des refuges du Coeur Immacul\u00e9 de Marie","description":"","publisher":{"@id":"https:\/\/refugesdemarie.fr\/#organization"},"potentialAction":[{"@type":"SearchAction","target":{"@type":"EntryPoint","urlTemplate":"https:\/\/refugesdemarie.fr\/?s={search_term_string}"},"query-input":{"@type":"PropertyValueSpecification","valueRequired":true,"valueName":"search_term_string"}}],"inLanguage":"fr-FR"},{"@type":"Organization","@id":"https:\/\/refugesdemarie.fr\/#organization","name":"Communion des refuges du Coeur Immacul\u00e9 de Marie","url":"https:\/\/refugesdemarie.fr\/","logo":{"@type":"ImageObject","inLanguage":"fr-FR","@id":"https:\/\/refugesdemarie.fr\/#\/schema\/logo\/image\/","url":"https:\/\/refugesdemarie.fr\/wp-content\/uploads\/2023\/01\/cropped-Logo-Communion-des-Refuges-6.jpg","contentUrl":"https:\/\/refugesdemarie.fr\/wp-content\/uploads\/2023\/01\/cropped-Logo-Communion-des-Refuges-6.jpg","width":1199,"height":377,"caption":"Communion des refuges du Coeur Immacul\u00e9 de Marie"},"image":{"@id":"https:\/\/refugesdemarie.fr\/#\/schema\/logo\/image\/"},"sameAs":["https:\/\/www.facebook.com\/profile.php?id=100089561384328"]},{"@type":"Person","@id":"https:\/\/refugesdemarie.fr\/#\/schema\/person\/3bda0c49569f70f4dcfbe78b7e174b11","name":"refugesdemarie@gmail.com","image":{"@type":"ImageObject","inLanguage":"fr-FR","@id":"https:\/\/secure.gravatar.com\/avatar\/43491e46ee54b6706285b166679fe98aa620b1849d376153f6bc028852c019f7?s=96&d=mm&r=g","url":"https:\/\/secure.gravatar.com\/avatar\/43491e46ee54b6706285b166679fe98aa620b1849d376153f6bc028852c019f7?s=96&d=mm&r=g","contentUrl":"https:\/\/secure.gravatar.com\/avatar\/43491e46ee54b6706285b166679fe98aa620b1849d376153f6bc028852c019f7?s=96&d=mm&r=g","caption":"refugesdemarie@gmail.com"},"sameAs":["https:\/\/refugesdemarie.fr","https:\/\/www.facebook.com\/profile.php?id=100089561384328","https:\/\/www.youtube.com\/channel\/UCXOznkQcnNvuMDGDg11ZPfg"],"url":"https:\/\/refugesdemarie.fr\/index.php\/author\/com-coeur-immaculegmail-com\/"}]}},"_links":{"self":[{"href":"https:\/\/refugesdemarie.fr\/index.php\/wp-json\/wp\/v2\/posts\/2808","targetHints":{"allow":["GET"]}}],"collection":[{"href":"https:\/\/refugesdemarie.fr\/index.php\/wp-json\/wp\/v2\/posts"}],"about":[{"href":"https:\/\/refugesdemarie.fr\/index.php\/wp-json\/wp\/v2\/types\/post"}],"author":[{"embeddable":true,"href":"https:\/\/refugesdemarie.fr\/index.php\/wp-json\/wp\/v2\/users\/1"}],"replies":[{"embeddable":true,"href":"https:\/\/refugesdemarie.fr\/index.php\/wp-json\/wp\/v2\/comments?post=2808"}],"version-history":[{"count":3,"href":"https:\/\/refugesdemarie.fr\/index.php\/wp-json\/wp\/v2\/posts\/2808\/revisions"}],"predecessor-version":[{"id":2818,"href":"https:\/\/refugesdemarie.fr\/index.php\/wp-json\/wp\/v2\/posts\/2808\/revisions\/2818"}],"wp:featuredmedia":[{"embeddable":true,"href":"https:\/\/refugesdemarie.fr\/index.php\/wp-json\/wp\/v2\/media\/2815"}],"wp:attachment":[{"href":"https:\/\/refugesdemarie.fr\/index.php\/wp-json\/wp\/v2\/media?parent=2808"}],"wp:term":[{"taxonomy":"category","embeddable":true,"href":"https:\/\/refugesdemarie.fr\/index.php\/wp-json\/wp\/v2\/categories?post=2808"},{"taxonomy":"post_tag","embeddable":true,"href":"https:\/\/refugesdemarie.fr\/index.php\/wp-json\/wp\/v2\/tags?post=2808"}],"curies":[{"name":"wp","href":"https:\/\/api.w.org\/{rel}","templated":true}]}}