{"id":3009,"date":"2026-03-13T15:55:56","date_gmt":"2026-03-13T15:55:56","guid":{"rendered":"https:\/\/refugesdemarie.fr\/?p=3009"},"modified":"2026-03-11T15:35:16","modified_gmt":"2026-03-11T15:35:16","slug":"avertissement-de-lannonciation-finale-entrons-durgence-dans-larche-du-coeur-immacule-de-marie","status":"publish","type":"post","link":"https:\/\/refugesdemarie.fr\/index.php\/2026\/03\/13\/avertissement-de-lannonciation-finale-entrons-durgence-dans-larche-du-coeur-immacule-de-marie\/","title":{"rendered":"Avertissement de l\u2019Annonciation finale : \u00ab Entrons d\u2019urgence dans l\u2019Arche du C\u0153ur Immacul\u00e9 de Marie !"},"content":{"rendered":"<div class=\"pdfprnt-buttons pdfprnt-buttons-post pdfprnt-top-right\"><a href=\"https:\/\/refugesdemarie.fr\/index.php\/wp-json\/wp\/v2\/posts\/3009?print=print\" class=\"pdfprnt-button pdfprnt-button-print\" target=\"_blank\" ><img decoding=\"async\" src=\"https:\/\/refugesdemarie.fr\/wp-content\/plugins\/pdf-print\/images\/print.png\" alt=\"image_print\" title=\"Contenu imprim\u00e9\" \/><\/a><\/div><h1 style=\"text-align: center;\"><strong>Avertissement de l\u2019Annonciation finale\u00a0:<\/strong><\/h1>\n<h1 style=\"text-align: center;\"><strong>\u00ab Entrons d\u2019urgence dans l\u2019Arche du C\u0153ur Immacul\u00e9 de Marie !<\/strong><\/h1>\n<h3 style=\"text-align: center;\">Pour garder nos c\u0153urs \u00e9veill\u00e9s dans <strong>\u00ab\u00a0la lumi\u00e8re de la foi\u00a0\u00bb <\/strong>(Jn 12,46), <strong>J\u00e9sus nous dit \u00ab\u00a0aujourd\u2019hui\u00a0\u00bb comme \u00e0 aucun autre moment de l\u2019histoire de l\u2019Eglise et de l\u2019humanit\u00e9\u00a0: <\/strong><\/h3>\n<h3 style=\"text-align: center;\"><strong>\u00ab Voici ta M\u00e8re ! \u00bb <\/strong>(Jn 19,27).<\/h3>\n<p>Ainsi, Juste avant les grands \u00e9v\u00e8nements<a href=\"#_ftn1\" name=\"_ftnref1\">[1]<\/a> du temps de la fin, nous entrons dans <strong>le temps de pr\u00e9paration des \u00ab\u00a0Refuges du C\u0153ur de Marie\u00a0\u00bb<\/strong>\u00a0! Face \u00e0 l\u2019\u00e9croulement imminent de notre civilisation ultra d\u00e9cadente et agressive qui peut mener \u00e0 l\u2019horreur d\u2019une guerre <strong>\u00ab\u00a0possiblement nucl\u00e9aire\u00a0\u00bb<\/strong>, notre pr\u00e9paration spirituelle et mat\u00e9rielle s\u2019av\u00e8re donc urgente<a href=\"#_ftn2\" name=\"_ftnref2\">[2]<\/a>\u2026<\/p>\n<p>Il faut bien comprendre qu\u2019approche <strong>l\u2019\u00e9croulement<\/strong> de notre civilisation postmoderne follement libertaire et destructrice, et qu\u2019il faut sans tarder se pr\u00e9parer comme l\u2019a fait No\u00e9 : \u00ab\u00a0Pour \u00e9chapper aux eaux du D\u00e9luge, <strong>No\u00e9 entra dans l\u2019Arche<\/strong> et avec lui ses fils, sa femme et les femmes de ses fils\u2026 ainsi que toutes les esp\u00e8ces de b\u00eates\u2026\u00a0\u00bb (Ge 7,7 et 14).<\/p>\n<p><strong>Aujourd\u2019hui, il nous faut entrer\u00a0de toute urgence<\/strong> <strong>\u00ab\u00a0dans l\u2019Arche b\u00e9nie du C\u0153ur Immacul\u00e9 de Marie\u00a0!\u00bb <\/strong>L\u00e0, nous serons en s\u00e9curit\u00e9 entre ses bras maternels\u2026 Elle nous prot\u00e9gera et nous inspirera l\u2019attitude et les choix les plus justes pour ces temps d\u2019\u00e9preuves. N\u2019oublions jamais que ses Apparitions \u00e0 Fatima nous mettent face \u00e0 la r\u00e9alit\u00e9 du p\u00e9ch\u00e9 qui peut nous mener en Enfer\u2026 mais Fatima nous place d\u2019abord et surtout devant la beaut\u00e9 et la tendresse de Marie qui vient du Ciel o\u00f9 Dieu nous veut avec Lui\u00a0!<\/p>\n<p><strong>\u00a0\u00a0 <\/strong>Alors, une fois de plus, et pour notre constance dans la joie,<strong> gardons au plus profond du c\u0153ur la promesse de Notre Dame de Fatima\u00a0: \u00ab\u00a0A la fin, mon C\u0153ur Immacul\u00e9 triomphera\u00a0!\u00a0\u00bb Et n\u2019ayons plus peur de rien\u00a0!\u2026 <\/strong>car si, \u00e0 travers la fid\u00e9lit\u00e9 quotidienne \u00e0 <strong>\u00ab\u00a0son\u00a0\u00bb Rosaire<\/strong>, nous savons que notre douce M\u00e8re veille sur nous \u00e0 chaque instant\u00a0: Elle nous donnera, en nous faisant contempler J\u00e9sus de la Cr\u00e8che \u00e0 la Croix,<strong> la gr\u00e2ce unique de la \u00ab\u00a0Pers\u00e9v\u00e9rance finale\u00a0\u00bb\u00a0de la foi en la Mis\u00e9ricorde du P\u00e8re pour nous et pour tous ! <\/strong>Pour conclure en beaut\u00e9, laissons r\u00e9sonner maintenant et souvent les paroles de l\u2019Ap\u00f4tre Saint Jean qui a si souvent repos\u00e9 sur le C\u0153ur de Dieu (Jn 13,25)<strong> \u00e0 travers le \u00ab\u00a0myst\u00e8re\u00a0\u00bb de la Femme\u00a0:<\/strong><\/p>\n<p><strong>\u00a0 \u00ab\u00a0Pr\u00e8s de la Croix de J\u00e9sus\u2026 Voyant sa M\u00e8re et pr\u00e8s d\u2019elle le disciple qu\u2019il aimait, J\u00e9sus dit \u00e0 sa M\u00e8re\u00a0: \u00ab\u00a0Femme, voici ton fils\u00a0!\u00a0\u00bb Puis il dit au disciple\u00a0:\u00a0\u00ab\u00a0Voici ta M\u00e8re\u00a0!\u00a0\u00bb A partir de cette heure le disciple la prit chez lui.\u00a0\u00bb <\/strong>(Jn 19,25-27)<\/p>\n<p><strong>\u00a0\u00a0\u00a0\u00a0\u00a0\u00a0 Voici donc l\u2019Annonciation finale\u00a0!&#8230; <\/strong>non plus op\u00e9r\u00e9e par l\u2019Ange Gabriel \u00ab\u00a0envoy\u00e9 par Dieu\u00a0\u00bb \u00e0 la Vierge\u2026 mais par Dieu lui-m\u00eame crucifi\u00e9 sur le bois de la Croix\u00a0! <strong>C\u2019est l\u2019Annonciation divine Unique \u00e0 travers une double Parole de Dieu\u00a0: \u00ab\u00a0Femme, voici ton Fils\u00a0!\u00a0\u00bb \u00ab\u00a0Fils, voici ta M\u00e8re\u00a0!\u00a0\u00bb (Jn 19,26-27).<\/strong><\/p>\n<p><strong>Et ce \u00ab\u00a0Voici ta M\u00e8re\u00a0!\u00a0\u00bb r\u00e9sonnera \u00e0 travers les si\u00e8cles au c\u0153ur du monde \u2026 <\/strong>Car Dieu nous offre<strong> \u00ab\u00a0la tendresse de la Femme\u00a0\u00bb lumineuse et douloureuse de l\u2019Apocalypse\u00a0: cette M\u00e8re de l\u2019Agneau qui est devenue \u00ab ma M\u00e8re\u00a0\u00bb\u00a0! <\/strong><\/p>\n<p><strong>\u00a0\u00a0\u00a0\u00a0\u00a0\u00a0 <\/strong>Laissons donc <strong>r\u00e9sonner en notre c\u0153ur<\/strong> cette Parole de Dieu qui nous est offerte pour aujourd\u2019hui comme \u00e0 aucun autre moment de l\u2019histoire\u00a0:<\/p>\n<p><strong>\u00ab\u00a0Un signe grandiose apparut au ciel\u00a0: une Femme, le soleil l\u2019enveloppe, la lune et sous ses pieds et douze \u00e9toiles couronnent sa t\u00eate\u00a0! Elle est enceinte et crie dans les douleurs et le travail de l\u2019enfantement\u00a0! Puis un second signe apparut au ciel\u00a0: un \u00e9norme Dragon rouge-feu\u2026 En arr\u00eat devant la Femme en travail, le Dragon s\u2019appr\u00eate \u00e0 d\u00e9vorer son enfant aussit\u00f4t n\u00e9. Or la Femme mit au monde un Enfant m\u00e2le, celui qui doit mener les nations avec un sceptre de fer\u00a0; et l\u2019Enfant fut enlev\u00e9 jusqu\u2019aupr\u00e8s de Dieu et de son tr\u00f4ne, tandis que la Femme s\u2019enfuyait au d\u00e9sert\u2026<\/strong><\/p>\n<p><strong>\u00a0\u00a0\u00a0\u00a0\u00a0 \u00a0Se voyant rejet\u00e9 sur la terre, le Dragon se lan\u00e7a \u00e0 la poursuite de la Femme, la m\u00e8re de l\u2019Enfant-m\u00e2le. Mais elle re\u00e7ut les deux ailes du grand aigle pour voler au d\u00e9sert jusqu\u2019au refuge o\u00f9, loin du Serpent, elle doit \u00eatre nourrie un temps et des temps et la moiti\u00e9 d\u2019un temps\u2026\u00a0\u00bb <\/strong><strong>\u00a0<\/strong>(Ap 12,1-3-8 \/ 12-14)<\/p>\n<p><strong>\u00a0\u00a0\u00a0\u00a0\u00a0 \u00a0\u00a0\u00a0<\/strong>Ainsi, appuy\u00e9s constamment<strong> sur le C\u0153ur Immacul\u00e9 de notre M\u00e8re, <\/strong>nous deviendrons en Eglise les pauvres et lumineux<strong> proph\u00e8tes de ce \u00ab\u00a0Dieu Amour\u00a0\u00bb qu\u2019a chant\u00e9 Saint Jean de son Evangile \u00e0 l\u2019Apocalypse\u2026 et tout sp\u00e9cialement en finale de sa premi\u00e8re Epitre. <\/strong>Dans les \u00e9preuves des derniers temps qui s\u2019intensifient, repassons souvent en notre c\u0153ur (Lc 2,19) les lumineuses paroles de<strong> celui qui a si souvent \u00ab\u00a0repos\u00e9\u00a0\u00bb sur le C\u0153ur de Dieu\u00a0:<\/strong><\/p>\n<p><strong>\u00a0\u00a0 \u00ab Bien-aim\u00e9s, si Dieu nous a tant aim\u00e9s, nous devons, nous aussi, nous aimer les uns les autres. Dieu, personne ne l\u2019a jamais contempl\u00e9. Si nous nous aimons les uns les autres, Dieu demeure en nous, en nous son amour est accompli\u2026 Et nous, nous avons contempl\u00e9 et nous t\u00e9moignons que le P\u00e8re a envoy\u00e9 son Fils, le Sauveur du monde\u2026 nous avons reconnu l\u2019amour que Dieu a pour nous, et nous y avons cru\u00a0!<\/strong><\/p>\n<p><strong>\u00a0\u00a0\u00a0\u00a0\u00a0 \u00a0Dieu est Amour\u00a0! Celui qui demeure dans l\u2019amour demeure en Dieu et Dieu demeure en lui. En ceci consiste l\u2019accomplissement de l\u2019amour en nous\u00a0: que nous ayons pleine assurance au Jour du Jugement\u2026 Il n\u2019y a pas de crainte dans l\u2019amour\u00a0; au contraire, le parfait amour bannit la crainte\u00a0! Car la crainte suppose un ch\u00e2timent, et celui qui craint n\u2019est pas consomm\u00e9 en amour\u2026<\/strong><\/p>\n<p><strong>\u00a0\u00a0\u00a0\u00a0\u00a0 Quant \u00e0 nous, aimons, puisque Lui nous a aim\u00e9s le premier\u00a0!\u00a0\u00bb <\/strong>(1 Jn 4,11-19).<\/p>\n<p>&nbsp;<\/p>\n<p style=\"text-align: right;\">\u00a0\u00a0\u00a0\u00a0\u00a0\u00a0\u00a0\u00a0\u00a0\u00a0\u00a0\u00a0\u00a0\u00a0\u00a0\u00a0\u00a0\u00a0\u00a0\u00a0\u00a0\u00a0\u00a0\u00a0\u00a0\u00a0\u00a0\u00a0\u00a0\u00a0\u00a0\u00a0\u00a0\u00a0\u00a0\u00a0\u00a0\u00a0\u00a0\u00a0\u00a0\u00a0\u00a0\u00a0\u00a0\u00a0\u00a0\u00a0\u00a0\u00a0\u00a0\u00a0\u00a0\u00a0\u00a0\u00a0\u00a0\u00a0\u00a0\u00a0\u00a0\u00a0\u00a0\u00a0\u00a0\u00a0\u00a0\u00a0\u00a0\u00a0\u00a0\u00a0\u00a0\u00a0\u00a0\u00a0\u00a0\u00a0\u00a0\u00a0\u00a0\u00a0\u00a0\u00a0\u00a0\u00a0\u00a0\u00a0\u00a0\u00a0\u00a0\u00a0\u00a0\u00a0\u00a0\u00a0\u00a0\u00a0\u00a0\u00a0\u00a0\u00a0\u00a0\u00a0\u00a0\u00a0\u00a0\u00a0\u00a0\u00a0\u00a0\u00a0\u00a0\u00a0\u00a0\u00a0\u00a0\u00a0\u00a0\u00a0\u00a0\u00a0 <strong>+ Marie-Micka\u00ebl<\/strong><\/p>\n<p>&nbsp;<\/p>\n<p><a href=\"#_ftnref1\" name=\"_ftn1\">[1]<\/a> L\u2019avenir appartient \u00e0 Dieu et J\u00e9sus nous a pr\u00e9venu\u00a0: \u00ab\u00a0Veillez donc car vous ne savez\u00a0 ni le jour, ni l\u2019heure\u00a0!\u00a0\u00bb (Mt 25,13). Nous pouvons cependant \u00ab\u00a0d\u00e9duire\u00a0\u00bb de l\u2019insistance de Notre Dame \u00e0 visiter la terre pour nous avertir et nous prot\u00e9ger du d\u00e9cha\u00eenement actuel \u00ab\u00a0in\u00e9dit\u00a0\u00bb des puissances du mal, que nous sommes arriv\u00e9s dans les temps qui sont les derniers\u2026 et les Apparitions majeures de la Vierge depuis deux si\u00e8cles\u00a0: de la rue du Bac \u00e0 Lourdes, de La Salette \u00e0 Fatima, de Garabandal \u00e0 Akita, et de l\u2019Escorial \u00e0 Medjugorje nous pr\u00e9parent \u00e0 des \u00e9v\u00e9nements douloureux, mais qui aboutiront apr\u00e8s l\u2019Avertissement, le Grand Miracle et les Trois jours de t\u00e9n\u00e8bres \u00e0 une terre renouvel\u00e9e\u00a0: cette \u00ab\u00a0la civilisation de l\u2019Amour\u00a0\u00bb proph\u00e9tis\u00e9e par Saint Jean-Paul II\u00a0!<\/p>\n<p><a href=\"#_ftnref2\" name=\"_ftn2\">[2]<\/a> La pr\u00e9paration spirituelle est premi\u00e8re\u00a0: une vie de pri\u00e8re fid\u00e8le \u00e0 travers le chapelet quotidien o\u00f9, mieux, le Rosaire\u00a0; l\u2019oraison silencieuse\u00a0et l\u2019Adoration du Saint Sacrement ; la m\u00e9ditation de la Parole de Dieu\u00a0; une vie sacramentelle intense\u00a0: Sainte Messe et confession r\u00e9guli\u00e8re\u00a0; et par-dessus tout \u00ab\u00a0la conversion\u00a0\u00bb de notre vie \u00e0 l\u2019Evangile par un amour vivant de J\u00e9sus, un amour fraternel vigilant et un abandon de chaque instant au C\u0153ur Immacul\u00e9 de Marie\u2026 La pr\u00e9paration mat\u00e9rielle a aussi son importance\u00a0en vue des possibles bouleversements \u00e0 venir\u00a0: r\u00e9serves d\u2019eau, conserves diverses et de l\u00e9gumineuses\u2026 des r\u00e9serves de 3-4 mois, ou plus, permettront de survivre durant les temps difficiles et de partager avec ceux qui n\u2019auront plus rien.<\/p>\n<p>&nbsp;<\/p>\n","protected":false},"excerpt":{"rendered":"<p>Avertissement de l\u2019Annonciation finale\u00a0: \u00ab Entrons d\u2019urgence dans l\u2019Arche du C\u0153ur Immacul\u00e9 de Marie ! Pour garder nos c\u0153urs \u00e9veill\u00e9s dans \u00ab\u00a0la lumi\u00e8re de la foi\u00a0\u00bb (Jn 12,46), J\u00e9sus nous dit \u00ab\u00a0aujourd\u2019hui\u00a0\u00bb comme \u00e0 aucun autre moment de l\u2019histoire de l\u2019Eglise et de l\u2019humanit\u00e9\u00a0: \u00ab Voici ta M\u00e8re ! \u00bb (Jn 19,27). Ainsi, Juste avant [&hellip;]<\/p>\n","protected":false},"author":1,"featured_media":3010,"comment_status":"closed","ping_status":"closed","sticky":false,"template":"","format":"standard","meta":{"ocean_post_layout":"","ocean_both_sidebars_style":"","ocean_both_sidebars_content_width":0,"ocean_both_sidebars_sidebars_width":0,"ocean_sidebar":"0","ocean_second_sidebar":"0","ocean_disable_margins":"enable","ocean_add_body_class":"","ocean_shortcode_before_top_bar":"","ocean_shortcode_after_top_bar":"","ocean_shortcode_before_header":"","ocean_shortcode_after_header":"","ocean_has_shortcode":"","ocean_shortcode_after_title":"","ocean_shortcode_before_footer_widgets":"","ocean_shortcode_after_footer_widgets":"","ocean_shortcode_before_footer_bottom":"","ocean_shortcode_after_footer_bottom":"","ocean_display_top_bar":"default","ocean_display_header":"default","ocean_header_style":"","ocean_center_header_left_menu":"0","ocean_custom_header_template":"0","ocean_custom_logo":0,"ocean_custom_retina_logo":0,"ocean_custom_logo_max_width":0,"ocean_custom_logo_tablet_max_width":0,"ocean_custom_logo_mobile_max_width":0,"ocean_custom_logo_max_height":0,"ocean_custom_logo_tablet_max_height":0,"ocean_custom_logo_mobile_max_height":0,"ocean_header_custom_menu":"0","ocean_menu_typo_font_family":"0","ocean_menu_typo_font_subset":"","ocean_menu_typo_font_size":0,"ocean_menu_typo_font_size_tablet":0,"ocean_menu_typo_font_size_mobile":0,"ocean_menu_typo_font_size_unit":"px","ocean_menu_typo_font_weight":"","ocean_menu_typo_font_weight_tablet":"","ocean_menu_typo_font_weight_mobile":"","ocean_menu_typo_transform":"","ocean_menu_typo_transform_tablet":"","ocean_menu_typo_transform_mobile":"","ocean_menu_typo_line_height":0,"ocean_menu_typo_line_height_tablet":0,"ocean_menu_typo_line_height_mobile":0,"ocean_menu_typo_line_height_unit":"","ocean_menu_typo_spacing":0,"ocean_menu_typo_spacing_tablet":0,"ocean_menu_typo_spacing_mobile":0,"ocean_menu_typo_spacing_unit":"","ocean_menu_link_color":"","ocean_menu_link_color_hover":"","ocean_menu_link_color_active":"","ocean_menu_link_background":"","ocean_menu_link_hover_background":"","ocean_menu_link_active_background":"","ocean_menu_social_links_bg":"","ocean_menu_social_hover_links_bg":"","ocean_menu_social_links_color":"","ocean_menu_social_hover_links_color":"","ocean_disable_title":"default","ocean_disable_heading":"default","ocean_post_title":"","ocean_post_subheading":"","ocean_post_title_style":"","ocean_post_title_background_color":"","ocean_post_title_background":0,"ocean_post_title_bg_image_position":"","ocean_post_title_bg_image_attachment":"","ocean_post_title_bg_image_repeat":"","ocean_post_title_bg_image_size":"","ocean_post_title_height":0,"ocean_post_title_bg_overlay":0.5,"ocean_post_title_bg_overlay_color":"","ocean_disable_breadcrumbs":"default","ocean_breadcrumbs_color":"","ocean_breadcrumbs_separator_color":"","ocean_breadcrumbs_links_color":"","ocean_breadcrumbs_links_hover_color":"","ocean_display_footer_widgets":"default","ocean_display_footer_bottom":"default","ocean_custom_footer_template":"0","ocean_post_oembed":"","ocean_post_self_hosted_media":"","ocean_post_video_embed":"","ocean_link_format":"","ocean_link_format_target":"self","ocean_quote_format":"","ocean_quote_format_link":"post","ocean_gallery_link_images":"on","ocean_gallery_id":[],"footnotes":""},"categories":[46,31],"tags":[],"class_list":["post-3009","post","type-post","status-publish","format-standard","has-post-thumbnail","hentry","category-articles-de-marie-mickael","category-fatima","entry","has-media"],"yoast_head":"<!-- This site is optimized with the Yoast SEO plugin v27.4 - https:\/\/yoast.com\/product\/yoast-seo-wordpress\/ -->\n<title>Avertissement de l\u2019Annonciation finale : \u00ab Entrons d\u2019urgence dans l\u2019Arche du C\u0153ur Immacul\u00e9 de Marie ! - Communion des refuges du Coeur Immacul\u00e9 de Marie<\/title>\n<meta name=\"description\" content=\"Juste avant les grands \u00e9v\u00e8nements du temps de la fin, nous entrons dans le temps de pr\u00e9paration des \u00ab\u00a0Refuges du C\u0153ur de Marie\u00a0\u00bb\" \/>\n<meta name=\"robots\" content=\"index, follow, max-snippet:-1, max-image-preview:large, max-video-preview:-1\" \/>\n<link rel=\"canonical\" href=\"https:\/\/refugesdemarie.fr\/index.php\/2026\/03\/13\/avertissement-de-lannonciation-finale-entrons-durgence-dans-larche-du-coeur-immacule-de-marie\/\" \/>\n<meta property=\"og:locale\" content=\"fr_FR\" \/>\n<meta property=\"og:type\" content=\"article\" \/>\n<meta property=\"og:title\" content=\"Avertissement de l\u2019Annonciation finale : \u00ab Entrons d\u2019urgence dans l\u2019Arche du C\u0153ur Immacul\u00e9 de Marie ! - Communion des refuges du Coeur Immacul\u00e9 de Marie\" \/>\n<meta property=\"og:description\" content=\"Juste avant les grands \u00e9v\u00e8nements du temps de la fin, nous entrons dans le temps de pr\u00e9paration des \u00ab\u00a0Refuges du C\u0153ur de Marie\u00a0\u00bb\" \/>\n<meta property=\"og:url\" content=\"https:\/\/refugesdemarie.fr\/index.php\/2026\/03\/13\/avertissement-de-lannonciation-finale-entrons-durgence-dans-larche-du-coeur-immacule-de-marie\/\" \/>\n<meta property=\"og:site_name\" content=\"Communion des refuges du Coeur Immacul\u00e9 de Marie\" \/>\n<meta property=\"article:publisher\" content=\"https:\/\/www.facebook.com\/profile.php?id=100089561384328\" \/>\n<meta property=\"article:author\" content=\"https:\/\/www.facebook.com\/profile.php?id=100089561384328\" \/>\n<meta property=\"article:published_time\" content=\"2026-03-13T15:55:56+00:00\" \/>\n<meta property=\"og:image\" content=\"https:\/\/refugesdemarie.fr\/wp-content\/uploads\/2026\/02\/Coeur-de-Marie.jpg\" \/>\n\t<meta property=\"og:image:width\" content=\"630\" \/>\n\t<meta property=\"og:image:height\" content=\"800\" \/>\n\t<meta property=\"og:image:type\" content=\"image\/jpeg\" \/>\n<meta name=\"author\" content=\"refugesdemarie@gmail.com\" \/>\n<meta name=\"twitter:card\" content=\"summary_large_image\" \/>\n<meta name=\"twitter:label1\" content=\"\u00c9crit par\" \/>\n\t<meta name=\"twitter:data1\" content=\"refugesdemarie@gmail.com\" \/>\n\t<meta name=\"twitter:label2\" content=\"Dur\u00e9e de lecture estim\u00e9e\" \/>\n\t<meta name=\"twitter:data2\" content=\"7 minutes\" \/>\n<script type=\"application\/ld+json\" class=\"yoast-schema-graph\">{\"@context\":\"https:\\\/\\\/schema.org\",\"@graph\":[{\"@type\":\"Article\",\"@id\":\"https:\\\/\\\/refugesdemarie.fr\\\/index.php\\\/2026\\\/03\\\/13\\\/avertissement-de-lannonciation-finale-entrons-durgence-dans-larche-du-coeur-immacule-de-marie\\\/#article\",\"isPartOf\":{\"@id\":\"https:\\\/\\\/refugesdemarie.fr\\\/index.php\\\/2026\\\/03\\\/13\\\/avertissement-de-lannonciation-finale-entrons-durgence-dans-larche-du-coeur-immacule-de-marie\\\/\"},\"author\":{\"name\":\"refugesdemarie@gmail.com\",\"@id\":\"https:\\\/\\\/refugesdemarie.fr\\\/#\\\/schema\\\/person\\\/3bda0c49569f70f4dcfbe78b7e174b11\"},\"headline\":\"Avertissement de l\u2019Annonciation finale : \u00ab Entrons d\u2019urgence dans l\u2019Arche du C\u0153ur Immacul\u00e9 de Marie !\",\"datePublished\":\"2026-03-13T15:55:56+00:00\",\"mainEntityOfPage\":{\"@id\":\"https:\\\/\\\/refugesdemarie.fr\\\/index.php\\\/2026\\\/03\\\/13\\\/avertissement-de-lannonciation-finale-entrons-durgence-dans-larche-du-coeur-immacule-de-marie\\\/\"},\"wordCount\":1317,\"publisher\":{\"@id\":\"https:\\\/\\\/refugesdemarie.fr\\\/#organization\"},\"image\":{\"@id\":\"https:\\\/\\\/refugesdemarie.fr\\\/index.php\\\/2026\\\/03\\\/13\\\/avertissement-de-lannonciation-finale-entrons-durgence-dans-larche-du-coeur-immacule-de-marie\\\/#primaryimage\"},\"thumbnailUrl\":\"https:\\\/\\\/refugesdemarie.fr\\\/wp-content\\\/uploads\\\/2026\\\/02\\\/Coeur-de-Marie.jpg\",\"articleSection\":[\"Articles de Marie-Micka\u00ebl\",\"Fatima\"],\"inLanguage\":\"fr-FR\"},{\"@type\":\"WebPage\",\"@id\":\"https:\\\/\\\/refugesdemarie.fr\\\/index.php\\\/2026\\\/03\\\/13\\\/avertissement-de-lannonciation-finale-entrons-durgence-dans-larche-du-coeur-immacule-de-marie\\\/\",\"url\":\"https:\\\/\\\/refugesdemarie.fr\\\/index.php\\\/2026\\\/03\\\/13\\\/avertissement-de-lannonciation-finale-entrons-durgence-dans-larche-du-coeur-immacule-de-marie\\\/\",\"name\":\"Avertissement de l\u2019Annonciation finale : \u00ab Entrons d\u2019urgence dans l\u2019Arche du C\u0153ur Immacul\u00e9 de Marie ! - Communion des refuges du Coeur Immacul\u00e9 de Marie\",\"isPartOf\":{\"@id\":\"https:\\\/\\\/refugesdemarie.fr\\\/#website\"},\"primaryImageOfPage\":{\"@id\":\"https:\\\/\\\/refugesdemarie.fr\\\/index.php\\\/2026\\\/03\\\/13\\\/avertissement-de-lannonciation-finale-entrons-durgence-dans-larche-du-coeur-immacule-de-marie\\\/#primaryimage\"},\"image\":{\"@id\":\"https:\\\/\\\/refugesdemarie.fr\\\/index.php\\\/2026\\\/03\\\/13\\\/avertissement-de-lannonciation-finale-entrons-durgence-dans-larche-du-coeur-immacule-de-marie\\\/#primaryimage\"},\"thumbnailUrl\":\"https:\\\/\\\/refugesdemarie.fr\\\/wp-content\\\/uploads\\\/2026\\\/02\\\/Coeur-de-Marie.jpg\",\"datePublished\":\"2026-03-13T15:55:56+00:00\",\"description\":\"Juste avant les grands \u00e9v\u00e8nements du temps de la fin, nous entrons dans le temps de pr\u00e9paration des \u00ab\u00a0Refuges du C\u0153ur de Marie\u00a0\u00bb\",\"breadcrumb\":{\"@id\":\"https:\\\/\\\/refugesdemarie.fr\\\/index.php\\\/2026\\\/03\\\/13\\\/avertissement-de-lannonciation-finale-entrons-durgence-dans-larche-du-coeur-immacule-de-marie\\\/#breadcrumb\"},\"inLanguage\":\"fr-FR\",\"potentialAction\":[{\"@type\":\"ReadAction\",\"target\":[\"https:\\\/\\\/refugesdemarie.fr\\\/index.php\\\/2026\\\/03\\\/13\\\/avertissement-de-lannonciation-finale-entrons-durgence-dans-larche-du-coeur-immacule-de-marie\\\/\"]}]},{\"@type\":\"ImageObject\",\"inLanguage\":\"fr-FR\",\"@id\":\"https:\\\/\\\/refugesdemarie.fr\\\/index.php\\\/2026\\\/03\\\/13\\\/avertissement-de-lannonciation-finale-entrons-durgence-dans-larche-du-coeur-immacule-de-marie\\\/#primaryimage\",\"url\":\"https:\\\/\\\/refugesdemarie.fr\\\/wp-content\\\/uploads\\\/2026\\\/02\\\/Coeur-de-Marie.jpg\",\"contentUrl\":\"https:\\\/\\\/refugesdemarie.fr\\\/wp-content\\\/uploads\\\/2026\\\/02\\\/Coeur-de-Marie.jpg\",\"width\":630,\"height\":800},{\"@type\":\"BreadcrumbList\",\"@id\":\"https:\\\/\\\/refugesdemarie.fr\\\/index.php\\\/2026\\\/03\\\/13\\\/avertissement-de-lannonciation-finale-entrons-durgence-dans-larche-du-coeur-immacule-de-marie\\\/#breadcrumb\",\"itemListElement\":[{\"@type\":\"ListItem\",\"position\":1,\"name\":\"Accueil\",\"item\":\"https:\\\/\\\/refugesdemarie.fr\\\/\"},{\"@type\":\"ListItem\",\"position\":2,\"name\":\"Avertissement de l\u2019Annonciation finale : \u00ab Entrons d\u2019urgence dans l\u2019Arche du C\u0153ur Immacul\u00e9 de Marie !\"}]},{\"@type\":\"WebSite\",\"@id\":\"https:\\\/\\\/refugesdemarie.fr\\\/#website\",\"url\":\"https:\\\/\\\/refugesdemarie.fr\\\/\",\"name\":\"Communion des refuges du Coeur Immacul\u00e9 de Marie\",\"description\":\"\",\"publisher\":{\"@id\":\"https:\\\/\\\/refugesdemarie.fr\\\/#organization\"},\"potentialAction\":[{\"@type\":\"SearchAction\",\"target\":{\"@type\":\"EntryPoint\",\"urlTemplate\":\"https:\\\/\\\/refugesdemarie.fr\\\/?s={search_term_string}\"},\"query-input\":{\"@type\":\"PropertyValueSpecification\",\"valueRequired\":true,\"valueName\":\"search_term_string\"}}],\"inLanguage\":\"fr-FR\"},{\"@type\":\"Organization\",\"@id\":\"https:\\\/\\\/refugesdemarie.fr\\\/#organization\",\"name\":\"Communion des refuges du Coeur Immacul\u00e9 de Marie\",\"url\":\"https:\\\/\\\/refugesdemarie.fr\\\/\",\"logo\":{\"@type\":\"ImageObject\",\"inLanguage\":\"fr-FR\",\"@id\":\"https:\\\/\\\/refugesdemarie.fr\\\/#\\\/schema\\\/logo\\\/image\\\/\",\"url\":\"https:\\\/\\\/refugesdemarie.fr\\\/wp-content\\\/uploads\\\/2023\\\/01\\\/cropped-Logo-Communion-des-Refuges-6.jpg\",\"contentUrl\":\"https:\\\/\\\/refugesdemarie.fr\\\/wp-content\\\/uploads\\\/2023\\\/01\\\/cropped-Logo-Communion-des-Refuges-6.jpg\",\"width\":1199,\"height\":377,\"caption\":\"Communion des refuges du Coeur Immacul\u00e9 de Marie\"},\"image\":{\"@id\":\"https:\\\/\\\/refugesdemarie.fr\\\/#\\\/schema\\\/logo\\\/image\\\/\"},\"sameAs\":[\"https:\\\/\\\/www.facebook.com\\\/profile.php?id=100089561384328\"]},{\"@type\":\"Person\",\"@id\":\"https:\\\/\\\/refugesdemarie.fr\\\/#\\\/schema\\\/person\\\/3bda0c49569f70f4dcfbe78b7e174b11\",\"name\":\"refugesdemarie@gmail.com\",\"image\":{\"@type\":\"ImageObject\",\"inLanguage\":\"fr-FR\",\"@id\":\"https:\\\/\\\/secure.gravatar.com\\\/avatar\\\/43491e46ee54b6706285b166679fe98aa620b1849d376153f6bc028852c019f7?s=96&d=mm&r=g\",\"url\":\"https:\\\/\\\/secure.gravatar.com\\\/avatar\\\/43491e46ee54b6706285b166679fe98aa620b1849d376153f6bc028852c019f7?s=96&d=mm&r=g\",\"contentUrl\":\"https:\\\/\\\/secure.gravatar.com\\\/avatar\\\/43491e46ee54b6706285b166679fe98aa620b1849d376153f6bc028852c019f7?s=96&d=mm&r=g\",\"caption\":\"refugesdemarie@gmail.com\"},\"sameAs\":[\"https:\\\/\\\/refugesdemarie.fr\",\"https:\\\/\\\/www.facebook.com\\\/profile.php?id=100089561384328\",\"https:\\\/\\\/www.youtube.com\\\/channel\\\/UCXOznkQcnNvuMDGDg11ZPfg\"],\"url\":\"https:\\\/\\\/refugesdemarie.fr\\\/index.php\\\/author\\\/com-coeur-immaculegmail-com\\\/\"}]}<\/script>\n<!-- \/ Yoast SEO plugin. -->","yoast_head_json":{"title":"Avertissement de l\u2019Annonciation finale : \u00ab Entrons d\u2019urgence dans l\u2019Arche du C\u0153ur Immacul\u00e9 de Marie ! - Communion des refuges du Coeur Immacul\u00e9 de Marie","description":"Juste avant les grands \u00e9v\u00e8nements du temps de la fin, nous entrons dans le temps de pr\u00e9paration des \u00ab\u00a0Refuges du C\u0153ur de Marie\u00a0\u00bb","robots":{"index":"index","follow":"follow","max-snippet":"max-snippet:-1","max-image-preview":"max-image-preview:large","max-video-preview":"max-video-preview:-1"},"canonical":"https:\/\/refugesdemarie.fr\/index.php\/2026\/03\/13\/avertissement-de-lannonciation-finale-entrons-durgence-dans-larche-du-coeur-immacule-de-marie\/","og_locale":"fr_FR","og_type":"article","og_title":"Avertissement de l\u2019Annonciation finale : \u00ab Entrons d\u2019urgence dans l\u2019Arche du C\u0153ur Immacul\u00e9 de Marie ! - Communion des refuges du Coeur Immacul\u00e9 de Marie","og_description":"Juste avant les grands \u00e9v\u00e8nements du temps de la fin, nous entrons dans le temps de pr\u00e9paration des \u00ab\u00a0Refuges du C\u0153ur de Marie\u00a0\u00bb","og_url":"https:\/\/refugesdemarie.fr\/index.php\/2026\/03\/13\/avertissement-de-lannonciation-finale-entrons-durgence-dans-larche-du-coeur-immacule-de-marie\/","og_site_name":"Communion des refuges du Coeur Immacul\u00e9 de Marie","article_publisher":"https:\/\/www.facebook.com\/profile.php?id=100089561384328","article_author":"https:\/\/www.facebook.com\/profile.php?id=100089561384328","article_published_time":"2026-03-13T15:55:56+00:00","og_image":[{"width":630,"height":800,"url":"https:\/\/refugesdemarie.fr\/wp-content\/uploads\/2026\/02\/Coeur-de-Marie.jpg","type":"image\/jpeg"}],"author":"refugesdemarie@gmail.com","twitter_card":"summary_large_image","twitter_misc":{"\u00c9crit par":"refugesdemarie@gmail.com","Dur\u00e9e de lecture estim\u00e9e":"7 minutes"},"schema":{"@context":"https:\/\/schema.org","@graph":[{"@type":"Article","@id":"https:\/\/refugesdemarie.fr\/index.php\/2026\/03\/13\/avertissement-de-lannonciation-finale-entrons-durgence-dans-larche-du-coeur-immacule-de-marie\/#article","isPartOf":{"@id":"https:\/\/refugesdemarie.fr\/index.php\/2026\/03\/13\/avertissement-de-lannonciation-finale-entrons-durgence-dans-larche-du-coeur-immacule-de-marie\/"},"author":{"name":"refugesdemarie@gmail.com","@id":"https:\/\/refugesdemarie.fr\/#\/schema\/person\/3bda0c49569f70f4dcfbe78b7e174b11"},"headline":"Avertissement de l\u2019Annonciation finale : \u00ab Entrons d\u2019urgence dans l\u2019Arche du C\u0153ur Immacul\u00e9 de Marie !","datePublished":"2026-03-13T15:55:56+00:00","mainEntityOfPage":{"@id":"https:\/\/refugesdemarie.fr\/index.php\/2026\/03\/13\/avertissement-de-lannonciation-finale-entrons-durgence-dans-larche-du-coeur-immacule-de-marie\/"},"wordCount":1317,"publisher":{"@id":"https:\/\/refugesdemarie.fr\/#organization"},"image":{"@id":"https:\/\/refugesdemarie.fr\/index.php\/2026\/03\/13\/avertissement-de-lannonciation-finale-entrons-durgence-dans-larche-du-coeur-immacule-de-marie\/#primaryimage"},"thumbnailUrl":"https:\/\/refugesdemarie.fr\/wp-content\/uploads\/2026\/02\/Coeur-de-Marie.jpg","articleSection":["Articles de Marie-Micka\u00ebl","Fatima"],"inLanguage":"fr-FR"},{"@type":"WebPage","@id":"https:\/\/refugesdemarie.fr\/index.php\/2026\/03\/13\/avertissement-de-lannonciation-finale-entrons-durgence-dans-larche-du-coeur-immacule-de-marie\/","url":"https:\/\/refugesdemarie.fr\/index.php\/2026\/03\/13\/avertissement-de-lannonciation-finale-entrons-durgence-dans-larche-du-coeur-immacule-de-marie\/","name":"Avertissement de l\u2019Annonciation finale : \u00ab Entrons d\u2019urgence dans l\u2019Arche du C\u0153ur Immacul\u00e9 de Marie ! - Communion des refuges du Coeur Immacul\u00e9 de Marie","isPartOf":{"@id":"https:\/\/refugesdemarie.fr\/#website"},"primaryImageOfPage":{"@id":"https:\/\/refugesdemarie.fr\/index.php\/2026\/03\/13\/avertissement-de-lannonciation-finale-entrons-durgence-dans-larche-du-coeur-immacule-de-marie\/#primaryimage"},"image":{"@id":"https:\/\/refugesdemarie.fr\/index.php\/2026\/03\/13\/avertissement-de-lannonciation-finale-entrons-durgence-dans-larche-du-coeur-immacule-de-marie\/#primaryimage"},"thumbnailUrl":"https:\/\/refugesdemarie.fr\/wp-content\/uploads\/2026\/02\/Coeur-de-Marie.jpg","datePublished":"2026-03-13T15:55:56+00:00","description":"Juste avant les grands \u00e9v\u00e8nements du temps de la fin, nous entrons dans le temps de pr\u00e9paration des \u00ab\u00a0Refuges du C\u0153ur de Marie\u00a0\u00bb","breadcrumb":{"@id":"https:\/\/refugesdemarie.fr\/index.php\/2026\/03\/13\/avertissement-de-lannonciation-finale-entrons-durgence-dans-larche-du-coeur-immacule-de-marie\/#breadcrumb"},"inLanguage":"fr-FR","potentialAction":[{"@type":"ReadAction","target":["https:\/\/refugesdemarie.fr\/index.php\/2026\/03\/13\/avertissement-de-lannonciation-finale-entrons-durgence-dans-larche-du-coeur-immacule-de-marie\/"]}]},{"@type":"ImageObject","inLanguage":"fr-FR","@id":"https:\/\/refugesdemarie.fr\/index.php\/2026\/03\/13\/avertissement-de-lannonciation-finale-entrons-durgence-dans-larche-du-coeur-immacule-de-marie\/#primaryimage","url":"https:\/\/refugesdemarie.fr\/wp-content\/uploads\/2026\/02\/Coeur-de-Marie.jpg","contentUrl":"https:\/\/refugesdemarie.fr\/wp-content\/uploads\/2026\/02\/Coeur-de-Marie.jpg","width":630,"height":800},{"@type":"BreadcrumbList","@id":"https:\/\/refugesdemarie.fr\/index.php\/2026\/03\/13\/avertissement-de-lannonciation-finale-entrons-durgence-dans-larche-du-coeur-immacule-de-marie\/#breadcrumb","itemListElement":[{"@type":"ListItem","position":1,"name":"Accueil","item":"https:\/\/refugesdemarie.fr\/"},{"@type":"ListItem","position":2,"name":"Avertissement de l\u2019Annonciation finale : \u00ab Entrons d\u2019urgence dans l\u2019Arche du C\u0153ur Immacul\u00e9 de Marie !"}]},{"@type":"WebSite","@id":"https:\/\/refugesdemarie.fr\/#website","url":"https:\/\/refugesdemarie.fr\/","name":"Communion des refuges du Coeur Immacul\u00e9 de Marie","description":"","publisher":{"@id":"https:\/\/refugesdemarie.fr\/#organization"},"potentialAction":[{"@type":"SearchAction","target":{"@type":"EntryPoint","urlTemplate":"https:\/\/refugesdemarie.fr\/?s={search_term_string}"},"query-input":{"@type":"PropertyValueSpecification","valueRequired":true,"valueName":"search_term_string"}}],"inLanguage":"fr-FR"},{"@type":"Organization","@id":"https:\/\/refugesdemarie.fr\/#organization","name":"Communion des refuges du Coeur Immacul\u00e9 de Marie","url":"https:\/\/refugesdemarie.fr\/","logo":{"@type":"ImageObject","inLanguage":"fr-FR","@id":"https:\/\/refugesdemarie.fr\/#\/schema\/logo\/image\/","url":"https:\/\/refugesdemarie.fr\/wp-content\/uploads\/2023\/01\/cropped-Logo-Communion-des-Refuges-6.jpg","contentUrl":"https:\/\/refugesdemarie.fr\/wp-content\/uploads\/2023\/01\/cropped-Logo-Communion-des-Refuges-6.jpg","width":1199,"height":377,"caption":"Communion des refuges du Coeur Immacul\u00e9 de Marie"},"image":{"@id":"https:\/\/refugesdemarie.fr\/#\/schema\/logo\/image\/"},"sameAs":["https:\/\/www.facebook.com\/profile.php?id=100089561384328"]},{"@type":"Person","@id":"https:\/\/refugesdemarie.fr\/#\/schema\/person\/3bda0c49569f70f4dcfbe78b7e174b11","name":"refugesdemarie@gmail.com","image":{"@type":"ImageObject","inLanguage":"fr-FR","@id":"https:\/\/secure.gravatar.com\/avatar\/43491e46ee54b6706285b166679fe98aa620b1849d376153f6bc028852c019f7?s=96&d=mm&r=g","url":"https:\/\/secure.gravatar.com\/avatar\/43491e46ee54b6706285b166679fe98aa620b1849d376153f6bc028852c019f7?s=96&d=mm&r=g","contentUrl":"https:\/\/secure.gravatar.com\/avatar\/43491e46ee54b6706285b166679fe98aa620b1849d376153f6bc028852c019f7?s=96&d=mm&r=g","caption":"refugesdemarie@gmail.com"},"sameAs":["https:\/\/refugesdemarie.fr","https:\/\/www.facebook.com\/profile.php?id=100089561384328","https:\/\/www.youtube.com\/channel\/UCXOznkQcnNvuMDGDg11ZPfg"],"url":"https:\/\/refugesdemarie.fr\/index.php\/author\/com-coeur-immaculegmail-com\/"}]}},"_links":{"self":[{"href":"https:\/\/refugesdemarie.fr\/index.php\/wp-json\/wp\/v2\/posts\/3009","targetHints":{"allow":["GET"]}}],"collection":[{"href":"https:\/\/refugesdemarie.fr\/index.php\/wp-json\/wp\/v2\/posts"}],"about":[{"href":"https:\/\/refugesdemarie.fr\/index.php\/wp-json\/wp\/v2\/types\/post"}],"author":[{"embeddable":true,"href":"https:\/\/refugesdemarie.fr\/index.php\/wp-json\/wp\/v2\/users\/1"}],"replies":[{"embeddable":true,"href":"https:\/\/refugesdemarie.fr\/index.php\/wp-json\/wp\/v2\/comments?post=3009"}],"version-history":[{"count":3,"href":"https:\/\/refugesdemarie.fr\/index.php\/wp-json\/wp\/v2\/posts\/3009\/revisions"}],"predecessor-version":[{"id":3106,"href":"https:\/\/refugesdemarie.fr\/index.php\/wp-json\/wp\/v2\/posts\/3009\/revisions\/3106"}],"wp:featuredmedia":[{"embeddable":true,"href":"https:\/\/refugesdemarie.fr\/index.php\/wp-json\/wp\/v2\/media\/3010"}],"wp:attachment":[{"href":"https:\/\/refugesdemarie.fr\/index.php\/wp-json\/wp\/v2\/media?parent=3009"}],"wp:term":[{"taxonomy":"category","embeddable":true,"href":"https:\/\/refugesdemarie.fr\/index.php\/wp-json\/wp\/v2\/categories?post=3009"},{"taxonomy":"post_tag","embeddable":true,"href":"https:\/\/refugesdemarie.fr\/index.php\/wp-json\/wp\/v2\/tags?post=3009"}],"curies":[{"name":"wp","href":"https:\/\/api.w.org\/{rel}","templated":true}]}}