{"id":3027,"date":"2026-03-13T15:35:18","date_gmt":"2026-03-13T15:35:18","guid":{"rendered":"https:\/\/refugesdemarie.fr\/?p=3027"},"modified":"2026-03-10T17:23:40","modified_gmt":"2026-03-10T17:23:40","slug":"messages-donnes-a-luz-de-maria-en-fevrier-2026","status":"publish","type":"post","link":"https:\/\/refugesdemarie.fr\/index.php\/2026\/03\/13\/messages-donnes-a-luz-de-maria-en-fevrier-2026\/","title":{"rendered":"Messages donn\u00e9s \u00e0 Luz de Maria en f\u00e9vrier 2026"},"content":{"rendered":"<div class=\"pdfprnt-buttons pdfprnt-buttons-post pdfprnt-top-right\"><a href=\"https:\/\/refugesdemarie.fr\/index.php\/wp-json\/wp\/v2\/posts\/3027?print=print\" class=\"pdfprnt-button pdfprnt-button-print\" target=\"_blank\" ><img decoding=\"async\" src=\"https:\/\/refugesdemarie.fr\/wp-content\/plugins\/pdf-print\/images\/print.png\" alt=\"image_print\" title=\"Contenu imprim\u00e9\" \/><\/a><\/div><h2>MESSAGE DE SAINT MICHEL ARCHANGE, SAINT GABRIEL ARCHANGE ET SAINT RAPHAEL ARCHANGE \u00c0 LUZ DE MAR\u00cdA<\/h2>\n<h2>25 F\u00c9VRIER 2026<\/h2>\n<p>Bien-aim\u00e9e de notre Roi et Seigneur J\u00e9sus-Christ :<\/p>\n<p>NOUS VENONS \u00c0 VOUS PAR LA VOLONT\u00c9 DE LA TRINIT\u00c9.<\/p>\n<p>En tant que serviteurs de la Tr\u00e8s Sainte Trinit\u00e9 et de notre Reine et M\u00e8re, la Bienheureuse Vierge Marie, nous :<\/p>\n<p>SAINT MICHEL ARCHANGE, d\u00e9fenseur et protecteur des \u00e2mes et de l&rsquo;\u00c9glise de Dieu, protecteur de l&rsquo;humanit\u00e9 afin qu&rsquo;elle atteigne le Salut \u00c9ternel. Je suis un d\u00e9fenseur de la Cr\u00e9ation et je prot\u00e8ge tout particuli\u00e8rement l&rsquo;\u00c9glise de notre Roi et Seigneur J\u00e9sus-Christ.<\/p>\n<p>JE SUIS SAINT GABRIEL ARCHANGE. Je viens comme Messager de Dieu, je participe au Plan Divin, je proclame sur la Terre ce que le Ciel d\u00e9sire voir connu. Mon nom signifie \u00ab Force de Dieu \u00bb. Je suis un repr\u00e9sentant du Dieu Tr\u00e8s-Haut, apportant les Plans Divins sur la Terre. J&rsquo;ai annonc\u00e9 le Plan Divin \u00e0 Ma Reine :<\/p>\n<p>\u00ab R\u00e9jouis-toi, pleine de gr\u00e2ce, le Seigneur est avec toi ! \u00bb<\/p>\n<p>\u00ab N&rsquo;aie pas peur, Marie, car tu as trouv\u00e9 gr\u00e2ce aupr\u00e8s de Dieu. Tu concevras et enfanteras un Fils, et tu lui donneras le nom de J\u00e9sus. Il sera grand et sera appel\u00e9 Fils du Tr\u00e8s-Haut. \u00bb<\/p>\n<p>Je viens encourager l&rsquo;humanit\u00e9 \u00e0 accomplir la Volont\u00e9 de Dieu.<\/p>\n<p>Je viens donner du courage \u00e0 l&rsquo;humanit\u00e9 afin que la foi ne vacille pas ; chacun de vous est appel\u00e9 \u00e0 accomplir la Volont\u00e9 de Dieu. Je vous aide \u00e0 discerner la Volont\u00e9 de Dieu en vous-m\u00eames pour dissiper la peur et le doute. Je dissipe les t\u00e9n\u00e8bres et les difficult\u00e9s spirituelles qui vous habitent. Je suis le Messager de Dieu, et je serai aupr\u00e8s de Dieu \u00e0 la fin des temps.<\/p>\n<p>Je suis saint Rapha\u00ebl l&rsquo;Archange, l&rsquo;Archange de la Gu\u00e9rison divine. Je vous gu\u00e9ris physiquement et spirituellement ; c&rsquo;est pourquoi mon nom signifie \u00ab Dieu gu\u00e9rit \u00bb. Je prot\u00e8ge les voyageurs sur leurs chemins et lorsqu&rsquo;ils m\u00e9ditent. Si vous me le demandez, je serai votre fid\u00e8le compagnon sur le chemin de la vie.<\/p>\n<p>Le Tr\u00e8s-Haut permet mon intercession dans les moments les plus douloureux de l&rsquo;humanit\u00e9. Souvenez-vous que j&rsquo;ai re\u00e7u le pouvoir d&rsquo;agir pour prot\u00e9ger ceux que le mal blesse et maintient dans une souffrance constante ou priv\u00e9s de paix. Je gu\u00e9ris les blessures de l&rsquo;\u00e2me et du corps. Je suis le saint patron des voyageurs et je remplis toujours ce r\u00f4le, les d\u00e9fendant du mal en tout temps. Je leur offre le salut, la tranquillit\u00e9 et la gu\u00e9rison.<\/p>\n<p>EN CE MOMENT,<\/p>\n<p>Vous avez besoin non seulement de force physique, mais aussi de force spirituelle\u2026<\/p>\n<p>Vous avez besoin de la d\u00e9fense directe de la Maison du P\u00e8re et d&rsquo;une protection sp\u00e9ciale\u2026<\/p>\n<p>Vous avez besoin du discernement n\u00e9cessaire pour vous \u00e9loigner de ce qui ne vient pas de la Volont\u00e9 de Dieu et de l&rsquo;assurance de l&rsquo;accomplir.<\/p>\n<p>C&rsquo;EST UNE \u00c8RE DANGEREUSE POUR CETTE G\u00c9N\u00c9RATION ! Nous savons que la plupart des gens le ressentent, m\u00eame s&rsquo;ils ne l&rsquo;expriment pas ou le nient. Venez \u00e0 notre aide ; nous sommes venus vous secourir.<\/p>\n<p>C\u2019est durant cette p\u00e9riode que vous verrez s\u2019accomplir certaines des R\u00e9v\u00e9lations que le Dieu Tr\u00e8s-Haut vous a annonc\u00e9es par l\u2019interm\u00e9diaire de Notre Roi et Seigneur J\u00e9sus-Christ, par l\u2019interm\u00e9diaire de Notre Reine, par l\u2019interm\u00e9diaire de saint Michel Archange, et en ce moment m\u00eame par notre interm\u00e9diaire, nous, Archanges de Dieu.<\/p>\n<p>La vie d\u2019une figure de premier plan de la politique mondiale s\u2019ach\u00e8ve, non par la Volont\u00e9 Divine, mais par la volont\u00e9 humaine, ce qui provoque la col\u00e8re de certains pays d\u00e9j\u00e0 en guerre. De m\u00eame, la vie d\u2019autres dirigeants importants est gravement menac\u00e9e.<\/p>\n<p>Ils doivent comprendre et cesser de nier que la volont\u00e9 de notre Dieu Tr\u00e8s-Haut est de leur annoncer ce qui va arriver afin qu\u2019ils puissent s\u2019y pr\u00e9parer, et non de les terrifier.<\/p>\n<p>\u00ab Que celui qui a des oreilles, entende ! \u00bb<\/p>\n<p>Enfants du Dieu Tr\u00e8s-Haut, la maladie se propage rapidement dans vos corps et p\u00e9n\u00e8tre facilement dans vos organismes, satur\u00e9s de contamination par une grande partie des aliments dont vous vous nourrissez. Vous ne faites pas attention \u00e0 votre nourriture, sachant que vous l\u2019avez contamin\u00e9e. Le but de ce plan est de vous infliger, \u00e0 vous, enfants du Dieu Tr\u00e8s-Haut, des maladies tr\u00e8s graves et douloureuses.<\/p>\n<p>La plupart des \u00eatres humains sont intellectuellement pr\u00e9par\u00e9s ; ils poss\u00e8dent une grande intelligence, qu&rsquo;ils ont volontairement amoindrie par les progr\u00e8s technologiques. Ce ne sont pas tous ces progr\u00e8s qui sont mauvais en soi, mais la g\u00e9n\u00e9ration actuelle est permissive et abuse de tout ce qui se pr\u00e9sente \u00e0 elle, sans aucune limite. Il est douloureux de constater comment l&rsquo;enfance a \u00e9t\u00e9 brutalement expos\u00e9e \u00e0 la sexualit\u00e9, dans le but du Diable : an\u00e9antir l&rsquo;innocence.<\/p>\n<p>Le Diable n&rsquo;est pas en Enfer ; il est sur Terre, nous tentant, et les jeunes tombent dans ses griffes. Les adultes le permettent ; les dirigeants et ceux qui portent la responsabilit\u00e9 des nations le tol\u00e8rent car ils sont contamin\u00e9s par le mal et souhaitent ainsi que l&rsquo;humanit\u00e9 tombe entre les mains du Diable. Rares sont ceux qui d\u00e9fendent le don de la vie humaine par foi.<\/p>\n<p>Ils ont d\u00e9j\u00e0 travers\u00e9 une grande pand\u00e9mie et se dirigent vers une autre, \u00e9galement cr\u00e9\u00e9e par l&rsquo;humanit\u00e9.<\/p>\n<p>ARR\u00caTEZ-VOUS UN INSTANT ET R\u00c9FL\u00c9CHISSEZ !<\/p>\n<p>Avez-vous de l&rsquo;importance aux yeux de ceux qui gouvernent l&rsquo;humanit\u00e9 ou de ceux qui gouvernent les nations ?<\/p>\n<p>L&rsquo;humanit\u00e9 est pr\u00e9cieuse aux yeux de Dieu Tout-Puissant ; pr\u00e9cieuse est l&rsquo;\u00e2me qui vous conduit \u00e0 go\u00fbter \u00e0 la Vie \u00c9ternelle. C&rsquo;est pourquoi nous vous disons que l&rsquo;enfer existe, que la Mis\u00e9ricorde Divine vibre devant chacun de vous afin que vous puissiez sauver votre \u00e2me. Nous vous disons que le repentir est n\u00e9cessaire \u00e0 votre salut, maintenant.<\/p>\n<p>Enfants de Dieu Tout-Puissant, la guerre ne cesse jamais ; elle prend diff\u00e9rentes formes pour vous d\u00e9sorienter et vous maintenir prisonniers de la routine du monde et du p\u00e9ch\u00e9 dans laquelle vous vivez. Lorsque vous ouvrirez les yeux, vous vous trouverez face \u00e0 cette grande et redoutable guerre, et\u2026 Qu&rsquo;avez-vous fait du Don de la vie ?<\/p>\n<p>Vous vous interrogez sur la grande panne d&rsquo;\u00e9lectricit\u00e9, sur le Jour de l&rsquo;Avertissement, sur la guerre, sur les maladies, sur la nourriture, sur les rem\u00e8des c\u00e9lestes. Mais :<\/p>\n<p>Vous demandez-vous comment \u00eatre de meilleurs enfants de Dieu ?<\/p>\n<p>Vous demandez-vous comment ne pas offenser leur prochain, comment lui faire du bien et ne pas le rabaisser ?<\/p>\n<p>Vous demandez-vous comment ne pas perdre leur \u00e2me ?<\/p>\n<p>Vous demandez-vous comment surmonter la tentation, comment ne pas \u00eatre agressifs envers leurs semblables\u00a0?<\/p>\n<p>Vous demandez-vous comment pardonner pour ne pas vivre avec le fardeau de ne pas savoir pardonner ; peut-\u00eatre cela vous m\u00e8nera-t-il \u00e0 la damnation ?<\/p>\n<p>Vous demandez-vous comment vivre en paix avec vous-m\u00eames ?<\/p>\n<p>Non, non\u00a0! Oubliant que la curiosit\u00e9 est un d\u00e9faut du diable. Et c\u2019est la foi qui les conduit \u00e0 la patience, \u00e0 attendre sans d\u00e9sesp\u00e9rer.<\/p>\n<p>CHACUN DEVRAIT CHOISIR SON OBJECTIF DE CAR\u00caME.<\/p>\n<p>R\u00e9fl\u00e9chissez \u00e0 la mani\u00e8re dont vous allez affronter l\u2019Avertissement et au fardeau que vous portez d\u2019offenser le Dieu trinitaire, notre Reine ; vous \u00eates accabl\u00e9s par l\u2019\u00e9go\u00efsme, les offenses envers votre prochain, l\u2019envie, la calomnie, le ressentiment et la haine.<\/p>\n<p>Non, vous ne pensez pas ainsi ; vous laissez simplement le poison se r\u00e9pandre et s&rsquo;abattre sur vos fr\u00e8res et s\u0153urs sans r\u00e9aliser que ce que vous souhaitez pour eux, vous le souhaitez aussi pour vous-m\u00eames.<\/p>\n<p>La nature poursuit son inexorable progression sur l&rsquo;humanit\u00e9, pays apr\u00e8s pays, la purifiant par les \u00e9l\u00e9ments, et ce ph\u00e9nom\u00e8ne se manifeste dans plusieurs pays. Des volcans endormis se r\u00e9veillent ; le soleil continue d&rsquo;agir sur la Terre et sur l&rsquo;humanit\u00e9.<\/p>\n<p>Les tremblements de terre se multiplient et leur intensit\u00e9 augmente. Le Mexique, l&rsquo;Am\u00e9rique centrale, l&rsquo;\u00c9quateur, le P\u00e9rou, le Chili, le Panama, l&rsquo;Italie, l&rsquo;Espagne, l&rsquo;Argentine, le Japon et l&rsquo;Inde seront frapp\u00e9s par de puissants s\u00e9ismes.<\/p>\n<p>Le Moyen-Orient est en proie au chaos ; des nouvelles de guerre arrivent.<\/p>\n<p>Le Mexique doit entamer une croisade de pri\u00e8re d\u00e8s maintenant ! Une puissante croisade de pri\u00e8re qui s&rsquo;adresse \u00e0 la Sainte Trinit\u00e9 afin que le massacre des innocents prenne fin, qu&rsquo;ils d\u00e9posent les armes et que la paix revienne dans ce pays bien-aim\u00e9.<\/p>\n<p>Peuple du Dieu Tr\u00e8s-Haut, priez et soyez charitables, soyez amour, et tout le reste vous sera donn\u00e9 en retour. Pr\u00e9parez-vous !<\/p>\n<p>En union avec la Tr\u00e8s Sainte Trinit\u00e9,<\/p>\n<p>Saint Michel Archange, Saint Gabriel Archange, Saint Rapha\u00ebl Archange<\/p>\n<p>&nbsp;<\/p>\n<h2><strong>MESSAGE DE DIEU LE P\u00c8RE<\/strong> <strong>\u00c0 LUZ DE MARIA, <\/strong><strong>19 F\u00c9VRIER 2026<\/strong><\/h2>\n<p>Mes enfants,<\/p>\n<p>En ce d\u00e9but de Car\u00eame, Je vous invite \u00e0 faire preuve d&rsquo;ob\u00e9issance, \u00e0 vous tenir \u00e0 l\u2019\u00e9cart de tout ce qui peut vous causer de la confusion et vous \u00e9loigner de Ma Maison.<\/p>\n<p><strong>EN CE MOMENT, VOUS CHERCHEZ \u00c0 TOUT EXPLIQUER, VOUS \u00caTES SATUR\u00c9S DE TH\u00c9ORIES :<\/strong><\/p>\n<p>Certaines tr\u00e8s humaines, d&rsquo;autres diaboliques \u00e0 propos de la Cr\u00e9ation, niant que \u00ab Je Suis Celui qui Suis \u00bb&#8230;<br \/>\nVous niez la Divinit\u00e9 de Mon Fils, Sa Passion et Sa Mort&#8230;<br \/>\nVous n\u2019acceptez pas Mon Saint-Esprit parce qu&rsquo;Il sanctifie et donne la vie \u00e0 Mes enfants&#8230;<br \/>\nVous vous montrez oppos\u00e9s \u00e0 Mon Divin Fils, vous dites qu&rsquo;il est un \u00ab ma\u00eetre \u00bb, et vous niez ainsi Son Sacrifice R\u00e9dempteur, sans la Passion, sans la Mort et sans la R\u00e9surrection de Mon Divin Fils.<\/p>\n<p>Que reste-t-il de la victoire sur la mort et le pardon des p\u00e9ch\u00e9s ?<\/p>\n<p>Enfants, que reste-t-il de l&rsquo;intercesseur entre le Divin et l&rsquo;humain ?<\/p>\n<p>Sans le Saint-Esprit, d&rsquo;o\u00f9 vient la Gr\u00e2ce qui est pr\u00e9sente dans l&rsquo;\u00e2me ?<\/p>\n<p align=\"center\"><strong>COMBIEN NE CROIENT PAS EN LA PR\u00c9SENCE R\u00c9ELLE <\/strong><strong>DE MON DIVIN FILS DANS L&rsquo;EUCHARISTIE ET MODIFIENT <\/strong><strong>LES MOTS DE LA CONS\u00c9CRATION POUR LA RENDRE INVALIDE !<\/strong><\/p>\n<p align=\"center\"><strong>COMBIEN NE CROIENT PAS EN LA CONFESSION ET SONT SI LOIN DE MOI QU&rsquo;\u00c0 CHAQUE INSTANT, ILS SE DONNENT LA LIBERT\u00c9 DE CONTINUER \u00c0 \u00caTRE ORGUEILLEUX ET SE COMPARENT \u00c0 MOI !<\/strong><\/p>\n<p align=\"center\">\u00ab Celui qui n&rsquo;est pas avec Moi est contre Moi, et celui qui ne rassemble pas avec Moi, disperse \u00bb.<br \/>\n(cf. Lc 11, 23)<\/p>\n<p>Tant de paganisme, tant d&rsquo;h\u00e9r\u00e9sie en ce moment, qui, bien que ce soient des mots diff\u00e9rents, ont le m\u00eame but et n&rsquo;appartiennent pas aux Miens !<\/p>\n<p align=\"center\"><strong>\u00ab JE VOUS ASSURE QUE CELUI QUI N&rsquo;EST PAS AVEC MOI <\/strong><strong>EST CONTRE MOI\u00a0\u00bb. ET M\u00c9PRISE CE QUI A \u00c9T\u00c9 ACQUIS <\/strong><strong>AU PRIX DU SANG DE MON DIVIN FILS.<\/strong><\/p>\n<p>Examinez-vous de mani\u00e8re particuli\u00e8re pendant ce Car\u00eame, examinez-vous profond\u00e9ment, Mon Royaume n&rsquo;est pas accessible un jour sur deux. Vous devez \u00eatre constants !<\/p>\n<p align=\"center\"><strong>J&rsquo;OUVRE DES CHEMINS IMPOSSIBLES POUR VOUS, MAIS JE VOUS SAUVE ET J&rsquo;ARRIVE L\u00c0 O\u00d9 VOUS PENSEZ QUE C&rsquo;EST IMPOSSIBLE POUR MOI.<\/strong><\/p>\n<p>C&rsquo;est pourquoi, Mes enfants, celui qui marche \u00e0 Mes c\u00f4t\u00e9s est en s\u00e9curit\u00e9, mais celui qui Me critique, doute et M&rsquo;offense, qu&rsquo;il se repente imm\u00e9diatement !<\/p>\n<p>Le temps n&rsquo;est pas venu de continuer \u00e0 faire les choses \u00e0 moiti\u00e9, en \u00e9tant ni froid ni chaud. Il n&rsquo;est pas temps pour Mes enfants de continuer \u00e0 faire de fausses bonnes r\u00e9solutions qu&rsquo;ils ne tiennent jamais. Je vous connais, Je Suis votre P\u00e8re et Je dis \u00e0 ceux qui M&rsquo;ont reni\u00e9 : Arr\u00eatez avant que la nuit ne tombe sur vous et que le soleil ne se l\u00e8ve plus !<\/p>\n<p>Enfants bien-aim\u00e9s, les grandes failles tectoniques bougent et Mes enfants souffrent. La guerre s&rsquo;intensifie et l\u2019h\u00e9catombe humaine se d\u00e9cha\u00eene.<\/p>\n<p>Je vous appelle \u00e0 vous repentir, \u00e0 confesser vos p\u00e9ch\u00e9s&#8230;<\/p>\n<p>J\u2019appelle ceux qui le peuvent \u00e0 je\u00fbner. Ne je\u00fbnez pas seulement de nourriture, mais aussi de ce qui vous maintient le plus dans le mal : je\u00fbnez de l&rsquo;orgueil, du manque d&rsquo;amour pour votre prochain, soyez plus humbles, je\u00fbnez de l&rsquo;arrogance, je\u00fbnez et partagez avec ceux qui sont dans le besoin.<\/p>\n<p>Mes enfants, l&rsquo;obscurit\u00e9 caus\u00e9e par le soleil arrive ; en plus de cette obscurit\u00e9, l&rsquo;obscurit\u00e9 envoy\u00e9e par Ma Maison arrivera, mais pas avant que l&rsquo;Avertissement ne vous ait conduits \u00e0 l&rsquo;illumination de la conscience. Que vous le souhaitiez ou non, vous verrez vos propres p\u00e9ch\u00e9s ; pas ceux des autres, vous ressentirez une grande douleur pour chaque offense que vous avez commise, pour chaque mauvaise pens\u00e9e, pour chaque acte et chaque \u0153uvre contraire \u00e0 Ma Loi, vous vivrez la douleur de chaque offense perp\u00e9tr\u00e9e contre Ma Maison et contre vos fr\u00e8res jusqu&rsquo;\u00e0 ce que vous sentiez que vous ne pouvez plus continuer \u00e0 vivre face \u00e0 l&rsquo;essence du p\u00e9ch\u00e9 commis ; avec un tel martyre vous demanderez Mon pardon pour vos p\u00e9ch\u00e9s et recevrez la Gr\u00e2ce du pardon de vos p\u00e9ch\u00e9s afin de commencer une nouvelle vie en paix avec Moi.<\/p>\n<p>D&rsquo;autres de Mes enfants se retourneront contre Moi et s&rsquo;en prendront aux Miens en les pers\u00e9cutant ; sachez que c&rsquo;est le Diable lui-m\u00eame, avec sa haine, qui se retournera contre vous, rappelez-vous que vous n&rsquo;\u00eates pas seuls !<\/p>\n<p>Les volcans accumulent des mat\u00e9riaux pour vous prendre par surprise, provoquant de grandes et graves \u00e9ruptions qui maintiendront une couche de gaz entre le soleil et la terre, et les temp\u00e9ratures sur terre baisseront.<\/p>\n<p>Je souhaite, Mes enfants, que vous ayez conscience que les sacramentaux sont efficaces si vous restez en relation avec Ma Maison, en \u0153uvrant et en agissant \u00e0 Ma Ressemblance ; sinon, vous n&rsquo;obtiendrez pas la protection que ma Maison offre \u00e0 Mes enfants.<\/p>\n<p>En ce moment, de graves p\u00e9ch\u00e9s sont commis contre Mes innocents, les enfants sont utilis\u00e9s par des cr\u00e9atures qui servent le Diable, ils sont vendus comme des marchandises, c&rsquo;est la d\u00e9cadence humaine qui a permis \u00e0 l&rsquo;Antichrist de s&rsquo;introduire en ceux qui pratiquent ces abominations.<\/p>\n<p>Enfants\u00a0! Croyez-vous que l&rsquo;Antichrist n&rsquo;influence pas l&rsquo;humanit\u00e9 parce que son existence n&rsquo;a pas \u00e9t\u00e9 rendue publique ? Non, enfants, les tentacules de l&rsquo;Antichrist s&rsquo;agitent pour pr\u00e9parer son apparition publique. Combien d&rsquo;argent circule devant l&rsquo;Antichrist et sa grande plateforme pr\u00e9parant son arriv\u00e9e.<\/p>\n<p>Une fois encore, J&rsquo;appelle Mes enfants bien-aim\u00e9s, Mes pr\u00eatres, \u00e0 prendre des mesures fortes pour alerter Mes enfants, afin qu&rsquo;ils ne soient pas tromp\u00e9s sur un aspect qu&rsquo;ils ne remarqueront presque pas, mais que vous connaissez bien.<\/p>\n<p>Pr\u00e9parez les aliments n\u00e9cessaires, pr\u00e9parez vos m\u00e9dicaments, que J&rsquo;ai permis que vous connaissiez pour votre protection. Utilisez-les d\u00e8s maintenant ! Essayez chaque m\u00e9dicament \u00e0 la dose la plus faible et augmentez progressivement jusqu&rsquo;\u00e0 ce que la dose ne d\u00e9passe pas une cuill\u00e8re \u00e0 soupe par prise. C&rsquo;est pourquoi Je vous alerte afin que, lorsque la peste arrivera, vous ayez d\u00e9j\u00e0 les doses dont chaque organisme a besoin.<\/p>\n<p align=\"center\"><strong>SANS ATTENDRE LA DERNI\u00c8RE MINUTE, PR\u00c9PAREZ DANS LA <\/strong><strong>MESURE DU POSSIBLE CE DONT VOUS AVEZ BESOIN ET LAISSEZ-MOI M&rsquo;OCCUPER DU RESTE, POUR MOI, RIEN N&rsquo;EST IMPOSSIBLE.<\/strong><\/p>\n<p align=\"center\"><strong>JE VOUS PROT\u00c8GE TOUS&#8230;<\/strong><\/p>\n<p align=\"center\"><strong>CHACUN DOIT DISCERNER, NE PAS SE CONTENTER DE CROIRE AUX MESSAGES QUE JE VOUS ENVOIE, NE PAS SE CONTENTER DE CROIRE AUX INSTRUMENTS, MAIS EN MOI, QUI \u00ab SUIS CELUI QUI SUIS \u00bb.<\/strong><\/p>\n<p>Ayez \u00e0 port\u00e9e de main une trousse de secours spirituelle :<\/p>\n<ul>\n<li>la Croix,<\/li>\n<li>une petite image de Votre Tr\u00e8s Sainte M\u00e8re,<\/li>\n<li>de l&rsquo;eau b\u00e9nite ou exorcis\u00e9e,<\/li>\n<li>de l&rsquo;huile b\u00e9nite ou exorcis\u00e9e,<\/li>\n<li>du sel b\u00e9ni ou exorcis\u00e9,<\/li>\n<li>une palme b\u00e9nite, (<em>ou du buis b\u00e9ni<\/em>)<\/li>\n<li>les Saintes \u00c9critures,<\/li>\n<li>le Saint Rosaire,<\/li>\n<li>des livres de d\u00e9votion,<\/li>\n<li>une petite image de Saint Joseph<\/li>\n<li>et une petite image de Notre Trinit\u00e9,<\/li>\n<li>l&rsquo;image des Saints Archanges.<\/li>\n<\/ul>\n<p>Ces trousses de secours vous apporteront l&rsquo;aide n\u00e9cessaire si vous vous montrez attentifs, repentants, si vous gardez votre foi vivante et restez en permanence unis \u00e0 Ma Maison.<\/p>\n<p>Bien-aim\u00e9s, consacrez-vous d\u00e8s maintenant aux Sacr\u00e9s C\u0153urs, avec la formule que vous connaissez ou en entrant dans votre for int\u00e9rieur, avec un c\u0153ur sinc\u00e8re et en pleine conscience de ce que vous faites ; consacrez-vous et consacrez vos familles. Il est imp\u00e9ratif que vous vous consacriez avant le 28 de ce mois pour la protection de votre \u00e2me.<\/p>\n<p>Je vous aime, Mes enfants. Je vous b\u00e9nis d&rsquo;une mani\u00e8re sp\u00e9ciale.<\/p>\n<p align=\"center\">Votre P\u00e8re \u00e9ternel<\/p>\n<p align=\"center\">\n","protected":false},"excerpt":{"rendered":"<p>MESSAGE DE SAINT MICHEL ARCHANGE, SAINT GABRIEL ARCHANGE ET SAINT RAPHAEL ARCHANGE \u00c0 LUZ DE MAR\u00cdA 25 F\u00c9VRIER 2026 Bien-aim\u00e9e de notre Roi et Seigneur J\u00e9sus-Christ : NOUS VENONS \u00c0 VOUS PAR LA VOLONT\u00c9 DE LA TRINIT\u00c9. En tant que serviteurs de la Tr\u00e8s Sainte Trinit\u00e9 et de notre Reine et M\u00e8re, la Bienheureuse Vierge [&hellip;]<\/p>\n","protected":false},"author":1,"featured_media":1740,"comment_status":"closed","ping_status":"closed","sticky":false,"template":"","format":"standard","meta":{"ocean_post_layout":"","ocean_both_sidebars_style":"","ocean_both_sidebars_content_width":0,"ocean_both_sidebars_sidebars_width":0,"ocean_sidebar":"0","ocean_second_sidebar":"0","ocean_disable_margins":"enable","ocean_add_body_class":"","ocean_shortcode_before_top_bar":"","ocean_shortcode_after_top_bar":"","ocean_shortcode_before_header":"","ocean_shortcode_after_header":"","ocean_has_shortcode":"","ocean_shortcode_after_title":"","ocean_shortcode_before_footer_widgets":"","ocean_shortcode_after_footer_widgets":"","ocean_shortcode_before_footer_bottom":"","ocean_shortcode_after_footer_bottom":"","ocean_display_top_bar":"default","ocean_display_header":"default","ocean_header_style":"","ocean_center_header_left_menu":"0","ocean_custom_header_template":"0","ocean_custom_logo":0,"ocean_custom_retina_logo":0,"ocean_custom_logo_max_width":0,"ocean_custom_logo_tablet_max_width":0,"ocean_custom_logo_mobile_max_width":0,"ocean_custom_logo_max_height":0,"ocean_custom_logo_tablet_max_height":0,"ocean_custom_logo_mobile_max_height":0,"ocean_header_custom_menu":"0","ocean_menu_typo_font_family":"0","ocean_menu_typo_font_subset":"","ocean_menu_typo_font_size":0,"ocean_menu_typo_font_size_tablet":0,"ocean_menu_typo_font_size_mobile":0,"ocean_menu_typo_font_size_unit":"px","ocean_menu_typo_font_weight":"","ocean_menu_typo_font_weight_tablet":"","ocean_menu_typo_font_weight_mobile":"","ocean_menu_typo_transform":"","ocean_menu_typo_transform_tablet":"","ocean_menu_typo_transform_mobile":"","ocean_menu_typo_line_height":0,"ocean_menu_typo_line_height_tablet":0,"ocean_menu_typo_line_height_mobile":0,"ocean_menu_typo_line_height_unit":"","ocean_menu_typo_spacing":0,"ocean_menu_typo_spacing_tablet":0,"ocean_menu_typo_spacing_mobile":0,"ocean_menu_typo_spacing_unit":"","ocean_menu_link_color":"","ocean_menu_link_color_hover":"","ocean_menu_link_color_active":"","ocean_menu_link_background":"","ocean_menu_link_hover_background":"","ocean_menu_link_active_background":"","ocean_menu_social_links_bg":"","ocean_menu_social_hover_links_bg":"","ocean_menu_social_links_color":"","ocean_menu_social_hover_links_color":"","ocean_disable_title":"default","ocean_disable_heading":"default","ocean_post_title":"","ocean_post_subheading":"","ocean_post_title_style":"","ocean_post_title_background_color":"","ocean_post_title_background":0,"ocean_post_title_bg_image_position":"","ocean_post_title_bg_image_attachment":"","ocean_post_title_bg_image_repeat":"","ocean_post_title_bg_image_size":"","ocean_post_title_height":0,"ocean_post_title_bg_overlay":0.5,"ocean_post_title_bg_overlay_color":"","ocean_disable_breadcrumbs":"default","ocean_breadcrumbs_color":"","ocean_breadcrumbs_separator_color":"","ocean_breadcrumbs_links_color":"","ocean_breadcrumbs_links_hover_color":"","ocean_display_footer_widgets":"default","ocean_display_footer_bottom":"default","ocean_custom_footer_template":"0","ocean_post_oembed":"","ocean_post_self_hosted_media":"","ocean_post_video_embed":"","ocean_link_format":"","ocean_link_format_target":"self","ocean_quote_format":"","ocean_quote_format_link":"post","ocean_gallery_link_images":"on","ocean_gallery_id":[],"footnotes":""},"categories":[39],"tags":[],"class_list":["post-3027","post","type-post","status-publish","format-standard","has-post-thumbnail","hentry","category-luz-de-maria","entry","has-media"],"yoast_head":"<!-- This site is optimized with the Yoast SEO plugin v27.4 - https:\/\/yoast.com\/product\/yoast-seo-wordpress\/ -->\n<title>Messages donn\u00e9s \u00e0 Luz de Maria en f\u00e9vrier 2026 - Communion des refuges du Coeur Immacul\u00e9 de Marie<\/title>\n<meta name=\"description\" content=\"La Mis\u00e9ricorde Divine vibre devant chacun de vous afin que vous puissiez sauver votre \u00e2me. Nous vous disons que le repentir est n\u00e9cessaire \u00e0 votre salut, maintenant.\" \/>\n<meta name=\"robots\" content=\"index, follow, max-snippet:-1, max-image-preview:large, max-video-preview:-1\" \/>\n<link rel=\"canonical\" href=\"https:\/\/refugesdemarie.fr\/index.php\/2026\/03\/13\/messages-donnes-a-luz-de-maria-en-fevrier-2026\/\" \/>\n<meta property=\"og:locale\" content=\"fr_FR\" \/>\n<meta property=\"og:type\" content=\"article\" \/>\n<meta property=\"og:title\" content=\"Messages donn\u00e9s \u00e0 Luz de Maria en f\u00e9vrier 2026 - Communion des refuges du Coeur Immacul\u00e9 de Marie\" \/>\n<meta property=\"og:description\" content=\"La Mis\u00e9ricorde Divine vibre devant chacun de vous afin que vous puissiez sauver votre \u00e2me. Nous vous disons que le repentir est n\u00e9cessaire \u00e0 votre salut, maintenant.\" \/>\n<meta property=\"og:url\" content=\"https:\/\/refugesdemarie.fr\/index.php\/2026\/03\/13\/messages-donnes-a-luz-de-maria-en-fevrier-2026\/\" \/>\n<meta property=\"og:site_name\" content=\"Communion des refuges du Coeur Immacul\u00e9 de Marie\" \/>\n<meta property=\"article:publisher\" content=\"https:\/\/www.facebook.com\/profile.php?id=100089561384328\" \/>\n<meta property=\"article:author\" content=\"https:\/\/www.facebook.com\/profile.php?id=100089561384328\" \/>\n<meta property=\"article:published_time\" content=\"2026-03-13T15:35:18+00:00\" \/>\n<meta property=\"og:image\" content=\"https:\/\/refugesdemarie.fr\/wp-content\/uploads\/2024\/11\/f96b28a53751b977fa25ae1b9beb53f9.jpg\" \/>\n\t<meta property=\"og:image:width\" content=\"690\" \/>\n\t<meta property=\"og:image:height\" content=\"1024\" \/>\n\t<meta property=\"og:image:type\" content=\"image\/jpeg\" \/>\n<meta name=\"author\" content=\"refugesdemarie@gmail.com\" \/>\n<meta name=\"twitter:card\" content=\"summary_large_image\" \/>\n<meta name=\"twitter:label1\" content=\"\u00c9crit par\" \/>\n\t<meta name=\"twitter:data1\" content=\"refugesdemarie@gmail.com\" \/>\n\t<meta name=\"twitter:label2\" content=\"Dur\u00e9e de lecture estim\u00e9e\" \/>\n\t<meta name=\"twitter:data2\" content=\"14 minutes\" \/>\n<script type=\"application\/ld+json\" class=\"yoast-schema-graph\">{\"@context\":\"https:\\\/\\\/schema.org\",\"@graph\":[{\"@type\":\"Article\",\"@id\":\"https:\\\/\\\/refugesdemarie.fr\\\/index.php\\\/2026\\\/03\\\/13\\\/messages-donnes-a-luz-de-maria-en-fevrier-2026\\\/#article\",\"isPartOf\":{\"@id\":\"https:\\\/\\\/refugesdemarie.fr\\\/index.php\\\/2026\\\/03\\\/13\\\/messages-donnes-a-luz-de-maria-en-fevrier-2026\\\/\"},\"author\":{\"name\":\"refugesdemarie@gmail.com\",\"@id\":\"https:\\\/\\\/refugesdemarie.fr\\\/#\\\/schema\\\/person\\\/3bda0c49569f70f4dcfbe78b7e174b11\"},\"headline\":\"Messages donn\u00e9s \u00e0 Luz de Maria en f\u00e9vrier 2026\",\"datePublished\":\"2026-03-13T15:35:18+00:00\",\"mainEntityOfPage\":{\"@id\":\"https:\\\/\\\/refugesdemarie.fr\\\/index.php\\\/2026\\\/03\\\/13\\\/messages-donnes-a-luz-de-maria-en-fevrier-2026\\\/\"},\"wordCount\":2873,\"publisher\":{\"@id\":\"https:\\\/\\\/refugesdemarie.fr\\\/#organization\"},\"image\":{\"@id\":\"https:\\\/\\\/refugesdemarie.fr\\\/index.php\\\/2026\\\/03\\\/13\\\/messages-donnes-a-luz-de-maria-en-fevrier-2026\\\/#primaryimage\"},\"thumbnailUrl\":\"https:\\\/\\\/refugesdemarie.fr\\\/wp-content\\\/uploads\\\/2024\\\/11\\\/f96b28a53751b977fa25ae1b9beb53f9.jpg\",\"articleSection\":[\"Luz de Maria\"],\"inLanguage\":\"fr-FR\"},{\"@type\":\"WebPage\",\"@id\":\"https:\\\/\\\/refugesdemarie.fr\\\/index.php\\\/2026\\\/03\\\/13\\\/messages-donnes-a-luz-de-maria-en-fevrier-2026\\\/\",\"url\":\"https:\\\/\\\/refugesdemarie.fr\\\/index.php\\\/2026\\\/03\\\/13\\\/messages-donnes-a-luz-de-maria-en-fevrier-2026\\\/\",\"name\":\"Messages donn\u00e9s \u00e0 Luz de Maria en f\u00e9vrier 2026 - Communion des refuges du Coeur Immacul\u00e9 de Marie\",\"isPartOf\":{\"@id\":\"https:\\\/\\\/refugesdemarie.fr\\\/#website\"},\"primaryImageOfPage\":{\"@id\":\"https:\\\/\\\/refugesdemarie.fr\\\/index.php\\\/2026\\\/03\\\/13\\\/messages-donnes-a-luz-de-maria-en-fevrier-2026\\\/#primaryimage\"},\"image\":{\"@id\":\"https:\\\/\\\/refugesdemarie.fr\\\/index.php\\\/2026\\\/03\\\/13\\\/messages-donnes-a-luz-de-maria-en-fevrier-2026\\\/#primaryimage\"},\"thumbnailUrl\":\"https:\\\/\\\/refugesdemarie.fr\\\/wp-content\\\/uploads\\\/2024\\\/11\\\/f96b28a53751b977fa25ae1b9beb53f9.jpg\",\"datePublished\":\"2026-03-13T15:35:18+00:00\",\"description\":\"La Mis\u00e9ricorde Divine vibre devant chacun de vous afin que vous puissiez sauver votre \u00e2me. Nous vous disons que le repentir est n\u00e9cessaire \u00e0 votre salut, maintenant.\",\"breadcrumb\":{\"@id\":\"https:\\\/\\\/refugesdemarie.fr\\\/index.php\\\/2026\\\/03\\\/13\\\/messages-donnes-a-luz-de-maria-en-fevrier-2026\\\/#breadcrumb\"},\"inLanguage\":\"fr-FR\",\"potentialAction\":[{\"@type\":\"ReadAction\",\"target\":[\"https:\\\/\\\/refugesdemarie.fr\\\/index.php\\\/2026\\\/03\\\/13\\\/messages-donnes-a-luz-de-maria-en-fevrier-2026\\\/\"]}]},{\"@type\":\"ImageObject\",\"inLanguage\":\"fr-FR\",\"@id\":\"https:\\\/\\\/refugesdemarie.fr\\\/index.php\\\/2026\\\/03\\\/13\\\/messages-donnes-a-luz-de-maria-en-fevrier-2026\\\/#primaryimage\",\"url\":\"https:\\\/\\\/refugesdemarie.fr\\\/wp-content\\\/uploads\\\/2024\\\/11\\\/f96b28a53751b977fa25ae1b9beb53f9.jpg\",\"contentUrl\":\"https:\\\/\\\/refugesdemarie.fr\\\/wp-content\\\/uploads\\\/2024\\\/11\\\/f96b28a53751b977fa25ae1b9beb53f9.jpg\",\"width\":690,\"height\":1024},{\"@type\":\"BreadcrumbList\",\"@id\":\"https:\\\/\\\/refugesdemarie.fr\\\/index.php\\\/2026\\\/03\\\/13\\\/messages-donnes-a-luz-de-maria-en-fevrier-2026\\\/#breadcrumb\",\"itemListElement\":[{\"@type\":\"ListItem\",\"position\":1,\"name\":\"Accueil\",\"item\":\"https:\\\/\\\/refugesdemarie.fr\\\/\"},{\"@type\":\"ListItem\",\"position\":2,\"name\":\"Messages donn\u00e9s \u00e0 Luz de Maria en f\u00e9vrier 2026\"}]},{\"@type\":\"WebSite\",\"@id\":\"https:\\\/\\\/refugesdemarie.fr\\\/#website\",\"url\":\"https:\\\/\\\/refugesdemarie.fr\\\/\",\"name\":\"Communion des refuges du Coeur Immacul\u00e9 de Marie\",\"description\":\"\",\"publisher\":{\"@id\":\"https:\\\/\\\/refugesdemarie.fr\\\/#organization\"},\"potentialAction\":[{\"@type\":\"SearchAction\",\"target\":{\"@type\":\"EntryPoint\",\"urlTemplate\":\"https:\\\/\\\/refugesdemarie.fr\\\/?s={search_term_string}\"},\"query-input\":{\"@type\":\"PropertyValueSpecification\",\"valueRequired\":true,\"valueName\":\"search_term_string\"}}],\"inLanguage\":\"fr-FR\"},{\"@type\":\"Organization\",\"@id\":\"https:\\\/\\\/refugesdemarie.fr\\\/#organization\",\"name\":\"Communion des refuges du Coeur Immacul\u00e9 de Marie\",\"url\":\"https:\\\/\\\/refugesdemarie.fr\\\/\",\"logo\":{\"@type\":\"ImageObject\",\"inLanguage\":\"fr-FR\",\"@id\":\"https:\\\/\\\/refugesdemarie.fr\\\/#\\\/schema\\\/logo\\\/image\\\/\",\"url\":\"https:\\\/\\\/refugesdemarie.fr\\\/wp-content\\\/uploads\\\/2023\\\/01\\\/cropped-Logo-Communion-des-Refuges-6.jpg\",\"contentUrl\":\"https:\\\/\\\/refugesdemarie.fr\\\/wp-content\\\/uploads\\\/2023\\\/01\\\/cropped-Logo-Communion-des-Refuges-6.jpg\",\"width\":1199,\"height\":377,\"caption\":\"Communion des refuges du Coeur Immacul\u00e9 de Marie\"},\"image\":{\"@id\":\"https:\\\/\\\/refugesdemarie.fr\\\/#\\\/schema\\\/logo\\\/image\\\/\"},\"sameAs\":[\"https:\\\/\\\/www.facebook.com\\\/profile.php?id=100089561384328\"]},{\"@type\":\"Person\",\"@id\":\"https:\\\/\\\/refugesdemarie.fr\\\/#\\\/schema\\\/person\\\/3bda0c49569f70f4dcfbe78b7e174b11\",\"name\":\"refugesdemarie@gmail.com\",\"image\":{\"@type\":\"ImageObject\",\"inLanguage\":\"fr-FR\",\"@id\":\"https:\\\/\\\/secure.gravatar.com\\\/avatar\\\/43491e46ee54b6706285b166679fe98aa620b1849d376153f6bc028852c019f7?s=96&d=mm&r=g\",\"url\":\"https:\\\/\\\/secure.gravatar.com\\\/avatar\\\/43491e46ee54b6706285b166679fe98aa620b1849d376153f6bc028852c019f7?s=96&d=mm&r=g\",\"contentUrl\":\"https:\\\/\\\/secure.gravatar.com\\\/avatar\\\/43491e46ee54b6706285b166679fe98aa620b1849d376153f6bc028852c019f7?s=96&d=mm&r=g\",\"caption\":\"refugesdemarie@gmail.com\"},\"sameAs\":[\"https:\\\/\\\/refugesdemarie.fr\",\"https:\\\/\\\/www.facebook.com\\\/profile.php?id=100089561384328\",\"https:\\\/\\\/www.youtube.com\\\/channel\\\/UCXOznkQcnNvuMDGDg11ZPfg\"],\"url\":\"https:\\\/\\\/refugesdemarie.fr\\\/index.php\\\/author\\\/com-coeur-immaculegmail-com\\\/\"}]}<\/script>\n<!-- \/ Yoast SEO plugin. -->","yoast_head_json":{"title":"Messages donn\u00e9s \u00e0 Luz de Maria en f\u00e9vrier 2026 - Communion des refuges du Coeur Immacul\u00e9 de Marie","description":"La Mis\u00e9ricorde Divine vibre devant chacun de vous afin que vous puissiez sauver votre \u00e2me. Nous vous disons que le repentir est n\u00e9cessaire \u00e0 votre salut, maintenant.","robots":{"index":"index","follow":"follow","max-snippet":"max-snippet:-1","max-image-preview":"max-image-preview:large","max-video-preview":"max-video-preview:-1"},"canonical":"https:\/\/refugesdemarie.fr\/index.php\/2026\/03\/13\/messages-donnes-a-luz-de-maria-en-fevrier-2026\/","og_locale":"fr_FR","og_type":"article","og_title":"Messages donn\u00e9s \u00e0 Luz de Maria en f\u00e9vrier 2026 - Communion des refuges du Coeur Immacul\u00e9 de Marie","og_description":"La Mis\u00e9ricorde Divine vibre devant chacun de vous afin que vous puissiez sauver votre \u00e2me. Nous vous disons que le repentir est n\u00e9cessaire \u00e0 votre salut, maintenant.","og_url":"https:\/\/refugesdemarie.fr\/index.php\/2026\/03\/13\/messages-donnes-a-luz-de-maria-en-fevrier-2026\/","og_site_name":"Communion des refuges du Coeur Immacul\u00e9 de Marie","article_publisher":"https:\/\/www.facebook.com\/profile.php?id=100089561384328","article_author":"https:\/\/www.facebook.com\/profile.php?id=100089561384328","article_published_time":"2026-03-13T15:35:18+00:00","og_image":[{"width":690,"height":1024,"url":"https:\/\/refugesdemarie.fr\/wp-content\/uploads\/2024\/11\/f96b28a53751b977fa25ae1b9beb53f9.jpg","type":"image\/jpeg"}],"author":"refugesdemarie@gmail.com","twitter_card":"summary_large_image","twitter_misc":{"\u00c9crit par":"refugesdemarie@gmail.com","Dur\u00e9e de lecture estim\u00e9e":"14 minutes"},"schema":{"@context":"https:\/\/schema.org","@graph":[{"@type":"Article","@id":"https:\/\/refugesdemarie.fr\/index.php\/2026\/03\/13\/messages-donnes-a-luz-de-maria-en-fevrier-2026\/#article","isPartOf":{"@id":"https:\/\/refugesdemarie.fr\/index.php\/2026\/03\/13\/messages-donnes-a-luz-de-maria-en-fevrier-2026\/"},"author":{"name":"refugesdemarie@gmail.com","@id":"https:\/\/refugesdemarie.fr\/#\/schema\/person\/3bda0c49569f70f4dcfbe78b7e174b11"},"headline":"Messages donn\u00e9s \u00e0 Luz de Maria en f\u00e9vrier 2026","datePublished":"2026-03-13T15:35:18+00:00","mainEntityOfPage":{"@id":"https:\/\/refugesdemarie.fr\/index.php\/2026\/03\/13\/messages-donnes-a-luz-de-maria-en-fevrier-2026\/"},"wordCount":2873,"publisher":{"@id":"https:\/\/refugesdemarie.fr\/#organization"},"image":{"@id":"https:\/\/refugesdemarie.fr\/index.php\/2026\/03\/13\/messages-donnes-a-luz-de-maria-en-fevrier-2026\/#primaryimage"},"thumbnailUrl":"https:\/\/refugesdemarie.fr\/wp-content\/uploads\/2024\/11\/f96b28a53751b977fa25ae1b9beb53f9.jpg","articleSection":["Luz de Maria"],"inLanguage":"fr-FR"},{"@type":"WebPage","@id":"https:\/\/refugesdemarie.fr\/index.php\/2026\/03\/13\/messages-donnes-a-luz-de-maria-en-fevrier-2026\/","url":"https:\/\/refugesdemarie.fr\/index.php\/2026\/03\/13\/messages-donnes-a-luz-de-maria-en-fevrier-2026\/","name":"Messages donn\u00e9s \u00e0 Luz de Maria en f\u00e9vrier 2026 - Communion des refuges du Coeur Immacul\u00e9 de Marie","isPartOf":{"@id":"https:\/\/refugesdemarie.fr\/#website"},"primaryImageOfPage":{"@id":"https:\/\/refugesdemarie.fr\/index.php\/2026\/03\/13\/messages-donnes-a-luz-de-maria-en-fevrier-2026\/#primaryimage"},"image":{"@id":"https:\/\/refugesdemarie.fr\/index.php\/2026\/03\/13\/messages-donnes-a-luz-de-maria-en-fevrier-2026\/#primaryimage"},"thumbnailUrl":"https:\/\/refugesdemarie.fr\/wp-content\/uploads\/2024\/11\/f96b28a53751b977fa25ae1b9beb53f9.jpg","datePublished":"2026-03-13T15:35:18+00:00","description":"La Mis\u00e9ricorde Divine vibre devant chacun de vous afin que vous puissiez sauver votre \u00e2me. Nous vous disons que le repentir est n\u00e9cessaire \u00e0 votre salut, maintenant.","breadcrumb":{"@id":"https:\/\/refugesdemarie.fr\/index.php\/2026\/03\/13\/messages-donnes-a-luz-de-maria-en-fevrier-2026\/#breadcrumb"},"inLanguage":"fr-FR","potentialAction":[{"@type":"ReadAction","target":["https:\/\/refugesdemarie.fr\/index.php\/2026\/03\/13\/messages-donnes-a-luz-de-maria-en-fevrier-2026\/"]}]},{"@type":"ImageObject","inLanguage":"fr-FR","@id":"https:\/\/refugesdemarie.fr\/index.php\/2026\/03\/13\/messages-donnes-a-luz-de-maria-en-fevrier-2026\/#primaryimage","url":"https:\/\/refugesdemarie.fr\/wp-content\/uploads\/2024\/11\/f96b28a53751b977fa25ae1b9beb53f9.jpg","contentUrl":"https:\/\/refugesdemarie.fr\/wp-content\/uploads\/2024\/11\/f96b28a53751b977fa25ae1b9beb53f9.jpg","width":690,"height":1024},{"@type":"BreadcrumbList","@id":"https:\/\/refugesdemarie.fr\/index.php\/2026\/03\/13\/messages-donnes-a-luz-de-maria-en-fevrier-2026\/#breadcrumb","itemListElement":[{"@type":"ListItem","position":1,"name":"Accueil","item":"https:\/\/refugesdemarie.fr\/"},{"@type":"ListItem","position":2,"name":"Messages donn\u00e9s \u00e0 Luz de Maria en f\u00e9vrier 2026"}]},{"@type":"WebSite","@id":"https:\/\/refugesdemarie.fr\/#website","url":"https:\/\/refugesdemarie.fr\/","name":"Communion des refuges du Coeur Immacul\u00e9 de Marie","description":"","publisher":{"@id":"https:\/\/refugesdemarie.fr\/#organization"},"potentialAction":[{"@type":"SearchAction","target":{"@type":"EntryPoint","urlTemplate":"https:\/\/refugesdemarie.fr\/?s={search_term_string}"},"query-input":{"@type":"PropertyValueSpecification","valueRequired":true,"valueName":"search_term_string"}}],"inLanguage":"fr-FR"},{"@type":"Organization","@id":"https:\/\/refugesdemarie.fr\/#organization","name":"Communion des refuges du Coeur Immacul\u00e9 de Marie","url":"https:\/\/refugesdemarie.fr\/","logo":{"@type":"ImageObject","inLanguage":"fr-FR","@id":"https:\/\/refugesdemarie.fr\/#\/schema\/logo\/image\/","url":"https:\/\/refugesdemarie.fr\/wp-content\/uploads\/2023\/01\/cropped-Logo-Communion-des-Refuges-6.jpg","contentUrl":"https:\/\/refugesdemarie.fr\/wp-content\/uploads\/2023\/01\/cropped-Logo-Communion-des-Refuges-6.jpg","width":1199,"height":377,"caption":"Communion des refuges du Coeur Immacul\u00e9 de Marie"},"image":{"@id":"https:\/\/refugesdemarie.fr\/#\/schema\/logo\/image\/"},"sameAs":["https:\/\/www.facebook.com\/profile.php?id=100089561384328"]},{"@type":"Person","@id":"https:\/\/refugesdemarie.fr\/#\/schema\/person\/3bda0c49569f70f4dcfbe78b7e174b11","name":"refugesdemarie@gmail.com","image":{"@type":"ImageObject","inLanguage":"fr-FR","@id":"https:\/\/secure.gravatar.com\/avatar\/43491e46ee54b6706285b166679fe98aa620b1849d376153f6bc028852c019f7?s=96&d=mm&r=g","url":"https:\/\/secure.gravatar.com\/avatar\/43491e46ee54b6706285b166679fe98aa620b1849d376153f6bc028852c019f7?s=96&d=mm&r=g","contentUrl":"https:\/\/secure.gravatar.com\/avatar\/43491e46ee54b6706285b166679fe98aa620b1849d376153f6bc028852c019f7?s=96&d=mm&r=g","caption":"refugesdemarie@gmail.com"},"sameAs":["https:\/\/refugesdemarie.fr","https:\/\/www.facebook.com\/profile.php?id=100089561384328","https:\/\/www.youtube.com\/channel\/UCXOznkQcnNvuMDGDg11ZPfg"],"url":"https:\/\/refugesdemarie.fr\/index.php\/author\/com-coeur-immaculegmail-com\/"}]}},"_links":{"self":[{"href":"https:\/\/refugesdemarie.fr\/index.php\/wp-json\/wp\/v2\/posts\/3027","targetHints":{"allow":["GET"]}}],"collection":[{"href":"https:\/\/refugesdemarie.fr\/index.php\/wp-json\/wp\/v2\/posts"}],"about":[{"href":"https:\/\/refugesdemarie.fr\/index.php\/wp-json\/wp\/v2\/types\/post"}],"author":[{"embeddable":true,"href":"https:\/\/refugesdemarie.fr\/index.php\/wp-json\/wp\/v2\/users\/1"}],"replies":[{"embeddable":true,"href":"https:\/\/refugesdemarie.fr\/index.php\/wp-json\/wp\/v2\/comments?post=3027"}],"version-history":[{"count":2,"href":"https:\/\/refugesdemarie.fr\/index.php\/wp-json\/wp\/v2\/posts\/3027\/revisions"}],"predecessor-version":[{"id":3084,"href":"https:\/\/refugesdemarie.fr\/index.php\/wp-json\/wp\/v2\/posts\/3027\/revisions\/3084"}],"wp:featuredmedia":[{"embeddable":true,"href":"https:\/\/refugesdemarie.fr\/index.php\/wp-json\/wp\/v2\/media\/1740"}],"wp:attachment":[{"href":"https:\/\/refugesdemarie.fr\/index.php\/wp-json\/wp\/v2\/media?parent=3027"}],"wp:term":[{"taxonomy":"category","embeddable":true,"href":"https:\/\/refugesdemarie.fr\/index.php\/wp-json\/wp\/v2\/categories?post=3027"},{"taxonomy":"post_tag","embeddable":true,"href":"https:\/\/refugesdemarie.fr\/index.php\/wp-json\/wp\/v2\/tags?post=3027"}],"curies":[{"name":"wp","href":"https:\/\/api.w.org\/{rel}","templated":true}]}}