{"id":3091,"date":"2026-03-13T15:45:18","date_gmt":"2026-03-13T15:45:18","guid":{"rendered":"https:\/\/refugesdemarie.fr\/?p=3091"},"modified":"2026-03-10T17:23:31","modified_gmt":"2026-03-10T17:23:31","slug":"la-ligne-dans-le-sable","status":"publish","type":"post","link":"https:\/\/refugesdemarie.fr\/index.php\/2026\/03\/13\/la-ligne-dans-le-sable\/","title":{"rendered":"La ligne dans le sable"},"content":{"rendered":"<div class=\"pdfprnt-buttons pdfprnt-buttons-post pdfprnt-top-right\"><a href=\"https:\/\/refugesdemarie.fr\/index.php\/wp-json\/wp\/v2\/posts\/3091?print=print\" class=\"pdfprnt-button pdfprnt-button-print\" target=\"_blank\" ><img decoding=\"async\" src=\"https:\/\/refugesdemarie.fr\/wp-content\/plugins\/pdf-print\/images\/print.png\" alt=\"image_print\" title=\"Contenu imprim\u00e9\" \/><\/a><\/div><p>source : <a href=\"https:\/\/www.markmallett.com\/fr\/blog\/the-line-in-the-sand\/\">Mark Mallett<\/a><\/p>\n<p>L&rsquo;avez-vous entendu ? Avez-vous entendu la ligne rouge trac\u00e9e lors du Forum de Davos en Suisse ? Howard Lutnick, le secr\u00e9taire am\u00e9ricain au Commerce, <span class=\"ml-rte-link-wrapper\" data-redactor-span=\"true\"><a href=\"https:\/\/x.com\/JimFergusonUK\/status\/2013915195584782695?s=20\" rel=\"noopener\">a d\u00e9clar\u00e9<\/a><\/span> \u00e0 la r\u00e9union annuelle des \u00e9lites du Forum \u00e9conomique mondial ce qu&rsquo;ils ont fait <em>mais<\/em> \u00ab Je veux entendre : \u201cLa mondialisation a \u00e9chou\u00e9 face \u00e0 l\u2019Occident\u2026\u201d \u00bb, a-t-il d\u00e9clar\u00e9, avant d\u2019affirmer l\u2019approche \u00ab L\u2019Am\u00e9rique d\u2019abord \u00bb (nationalisme), qui est l\u2019antith\u00e8se de la mondialisation.<span id=\"more-53603\"><\/span><\/p>\n<p>&nbsp;<\/p>\n<div id=\"attachment_52385\" class=\"wp-caption alignleft\">\n<p id=\"caption-attachment-52385\" class=\"wp-caption-text\">Le roi Charles et Mark Carney \u2013 \u00e0 la t\u00eate de la \u00ab Grande R\u00e9initialisation \u00bb<\/p>\n<\/div>\n<p class=\"gt-block\"><img decoding=\"async\" class=\"alignnone wp-image-3093 size-thumbnail\" src=\"https:\/\/refugesdemarie.fr\/wp-content\/uploads\/2026\/03\/King-and-Carney-768x494-1-150x150.jpg\" alt=\"\" width=\"150\" height=\"150\" \/><\/p>\n<p>&nbsp;<\/p>\n<p class=\"gt-block\">Premier ministre canadien <a href=\"https:\/\/www.theglobalist.com\/mark-carney-the-west-new-emmanuel-macron\/\">Mark Carney<\/a>, d&rsquo;autre part, <span class=\"ml-rte-link-wrapper\" data-redactor-span=\"true\"><a href=\"https:\/\/youtube.com\/shorts\/LqSbnkC1vA0?si=M8869AMm6iNOXaaF\">r\u00e9pondu<\/a> au rassemblement de Davos<\/span> des riches et des puissants, affirmant que la mondialisation est d\u00e9sormais \u00ab en pleine rupture \u00bb. Il faisait clairement r\u00e9f\u00e9rence \u00e0 l&rsquo;Am\u00e9rique sous la pr\u00e9sidence de Donald Trump, qui a apparemment perturb\u00e9 la \u00ab transition \u00bb vers le \u00ab b\u00e9n\u00e9fice mutuel \u00bb telle que d\u00e9finie par le programme n\u00e9o-communiste du Forum \u00e9conomique mondial. La vision MAGA (\u00ab Make America Great Again \u00bb) de fronti\u00e8res contr\u00f4l\u00e9es, d&rsquo;autosuffisance et d&rsquo;autod\u00e9termination est un affront aux projets de Carney et de ses coll\u00e8gues de Davos. Carney est un \u00e9l\u00e9ment cl\u00e9\u2026<a href=\"https:\/\/www.weforum.org\/stories\/authors\/mark-carney\/\">Ordre du jour des contributeurs<\/a>\u00ab\u00a0au Forum \u00e9conomique mondial et l\u2019un des architectes de la \u00ab\u00a0Grande R\u00e9initialisation\u00a0\u00bb. Quelques jours auparavant, avec<span class=\"ml-rte-link-wrapper\" data-redactor-span=\"true\">\u00a0pause dramatique<\/span>, Carney <a href=\"https:\/\/www.youtube.com\/shorts\/Mrd-tHq-IvU\">a d\u00e9clar\u00e9<\/a> que le Canada entre dans une \u00ab<em>Nouvel Ordre Mondial<\/em>\u2014 avec la Chine communiste.<\/p>\n<p>\u00c0 l&rsquo;inverse, Trump s&rsquo;est retir\u00e9 de nombreuses agences internationales, dont l&rsquo;Organisation mondiale de la sant\u00e9 (OMS), le processus de trait\u00e9 sur la pand\u00e9mie de l&rsquo;Assembl\u00e9e mondiale de la sant\u00e9 (AMS), la Convention-cadre des Nations Unies sur les changements climatiques et l&rsquo;Accord de Paris sur le climat (GIEC), ainsi que le Forum \u00e9conomique mondial (FEM), tout en supprimant des subventions fiscales essentielles pour l&rsquo;\u00e9nergie solaire, \u00e9olienne et les v\u00e9hicules \u00e9lectriques, puis en imposant des droits de douane mondiaux.<\/p>\n<p class=\"gt-block\">Carney, donnant apparemment l&rsquo;exemple, a ouvert le Canada \u00e0 des dizaines de milliers de v\u00e9hicules \u00e9lectriques chinois tout en maintenant les objectifs canadiens de r\u00e9duction des \u00e9missions de carbone. Pour r\u00e9sumer la strat\u00e9gie expos\u00e9e dans son propre livre\u00a0: <em>Valeur(s) : Construire un monde meilleur pour tous, <\/em>Le journaliste Peter Foster conclut :<\/p>\n<blockquote>\n<p class=\"gt-block has-text-align-left\"><strong>Mark Carney s&rsquo;inspire notamment de Marx, Engels et L\u00e9nine, mais le programme qu&rsquo;il d\u00e9fend diff\u00e8re du marxisme sur deux points essentiels. Premi\u00e8rement, le secteur priv\u00e9 n&rsquo;est pas destin\u00e9 \u00e0 \u00eatre expropri\u00e9, mais \u00e0 devenir un \u00ab\u00a0partenaire\u00a0\u00bb dans la transformation de l&rsquo;\u00e9conomie et de la soci\u00e9t\u00e9. Deuxi\u00e8mement, il ne promet pas d&rsquo;am\u00e9liorer la vie des gens ordinaires, mais de la d\u00e9t\u00e9riorer. Le Meilleur des mondes de Carney sera un monde de choix fortement restreints, de voyages en avion moins fr\u00e9quents, de consommation de viande r\u00e9duite, de d\u00e9sagr\u00e9ments accrus et de pauvret\u00e9 grandissante\u00a0: \u00ab\u00a0Les actifs seront immobilis\u00e9s\u00a0\u00bb,<\/strong><span class=\"footnote_referrer\"><a tabindex=\"0\" role=\"button\"><sup id=\"footnote_plugin_tooltip_53603_2_1\" class=\"footnote_plugin_tooltip_text\">[1]<\/sup><\/a><\/span><strong> \u00ab Les voitures d&rsquo;occasion \u00e0 essence seront invendables, les logements \u00e9nergivores seront inlouables \u00bb, promet-il.<\/strong> &#8211;<a href=\"https:\/\/nationalpost.com\/opinion\/peter-foster-mark-carney-man-of-destiny-arises-to-revolutionize-society-it-wont-be-pleasant\"><em>National Post<\/em><\/a>, 05 juin 2021<\/p>\n<\/blockquote>\n<p class=\"gt-block\">Oui, ajoute Carney, nous allons \u00ab construire quelque chose de plus grand, de meilleur, de plus fort et de plus juste \u00bb.<span class=\"footnote_referrer\"><a tabindex=\"0\" role=\"button\"><sup id=\"footnote_plugin_tooltip_53603_2_2\" class=\"footnote_plugin_tooltip_text\">[2]<\/sup><\/a><\/span> Eh bien, cela ne me semble pas du tout \u00eatre seulement le cas, mais plut\u00f4t ce contre quoi le pape Pie XI avait mis en garde il y a plusieurs d\u00e9cennies dans son encyclique. <em>Sur le communisme ath\u00e9e<\/em>:<\/p>\n<blockquote>\n<p class=\"gt-block\"><strong>Pour la premi\u00e8re fois dans l&rsquo;histoire, nous assistons \u00e0 une lutte, froide et d\u00e9termin\u00e9e, et <em>trac\u00e9e au moins d\u00e9tail<\/em>, entre l\u2019homme et \u00ab tout ce qui est appel\u00e9 Dieu \u00bb <\/strong>(2 Th 2, 4)<strong>Le communisme est par nature antireligieux. Il consid\u00e8re la religion comme \u00ab l\u2019opium du peuple \u00bb car les principes religieux qui \u00e9voquent une vie apr\u00e8s la mort dissuadent le prol\u00e9tariat. <\/strong>[classe ouvri\u00e8re]<strong> du r\u00eave d&rsquo;un paradis sovi\u00e9tique qui est de ce monde.<\/strong> &#8211;<em><a href=\"https:\/\/www.vatican.va\/content\/pius-xi\/en\/encyclicals\/documents\/hf_p-xi_enc_19370319_divini-redemptoris.html\">Divini R\u00e9demptoris<\/a>\u00ab Sur le communisme ath\u00e9e \u00bb,\u00a0<\/em>n\u00b0 22<\/p>\n<\/blockquote>\n<p class=\"gt-block\">D&rsquo;ailleurs, Pie XI a ajout\u00e9 ces commentaires en note de bas de page au passage de saint Paul sur l&rsquo;Ant\u00e9christ dans la deuxi\u00e8me \u00e9p\u00eetre aux Thessaloniciens, chapitre 2. En effet, Carney et le Forum \u00e9conomique mondial font la promotion de ce qu&rsquo;on appelle \u00ab<a href=\"https:\/\/www.markmallett.com\/fr\/blog\/the-new-tree-of-knowledge\/\">Quatri\u00e8me R\u00e9volution industrielle<\/a>\u00ab\u00a0\u00bb, qui est leur vision utopique du monde. Mais le <em>Cat\u00e9chisme de l&rsquo;Eglise catholique\u00a0<\/em>avertit :<\/p>\n<p class=\"gt-block\"><strong>La tromperie de l&rsquo;Ant\u00e9christ commence d\u00e9j\u00e0 \u00e0 prendre forme dans le monde chaque fois qu&rsquo;on pr\u00e9tend r\u00e9aliser dans l&rsquo;histoire cet espoir messianique qui ne peut se r\u00e9aliser qu&rsquo;au-del\u00e0 de l&rsquo;histoire, par le jugement eschatologique\u2026 La tromperie religieuse supr\u00eame est celle de l&rsquo;Ant\u00e9christ, un pseudo-messianisme par lequel l&rsquo;homme se glorifie lui-m\u00eame \u00e0 la place de Dieu et de son Messie incarn\u00e9.<\/strong>\u00a0&#8211;<em>CEC,\u00a0<\/em>n\u00b0 675<\/p>\n<p>Mais apparemment, Trump \u2014 qu\u2019on l\u2019aime ou qu\u2019on le d\u00e9teste \u2014 a apparemment \u00ab an\u00e9anti \u00bb leurs espoirs messianiques\u2026<\/p>\n<figure id=\"attachment_3094\" aria-describedby=\"caption-attachment-3094\" style=\"width: 768px\" class=\"wp-caption alignnone\"><img fetchpriority=\"high\" decoding=\"async\" class=\"size-full wp-image-3094\" src=\"https:\/\/refugesdemarie.fr\/wp-content\/uploads\/2026\/03\/Line-in-real-Sand-768x200-1.jpg\" alt=\"\" width=\"768\" height=\"200\" srcset=\"https:\/\/refugesdemarie.fr\/wp-content\/uploads\/2026\/03\/Line-in-real-Sand-768x200-1.jpg 768w, https:\/\/refugesdemarie.fr\/wp-content\/uploads\/2026\/03\/Line-in-real-Sand-768x200-1-300x78.jpg 300w\" sizes=\"(max-width: 768px) 100vw, 768px\" \/><figcaption id=\"caption-attachment-3094\" class=\"wp-caption-text\">Drawing a line in the sand. An old metaphor.<\/figcaption><\/figure>\n<h5><\/h5>\n<h5>Encore combien de temps?<\/h5>\n<p class=\"gt-block\">L&rsquo;espace <a href=\"https:\/\/www.markmallett.com\/fr\/blog\/in-one-hour\/\">question<\/a> J&rsquo;ai soulev\u00e9 la question l&rsquo;ann\u00e9e derni\u00e8re, et \u00e0 nouveau maintenant, c&rsquo;est <em>Combien de temps encore ces mondialistes laisseront-ils les \u00c9tats-Unis et Donald Trump entraver leur programme s\u00e9culaire ?<\/em> <span class=\"footnote_referrer\"><a tabindex=\"0\" role=\"button\"><sup id=\"footnote_plugin_tooltip_53603_2_3\" class=\"footnote_plugin_tooltip_text\">[3]<\/sup><\/a><\/span> Pensons-nous vraiment que ce que le pape Beno\u00eet XVI appelait \u00ab les grandes puissances d\u2019aujourd\u2019hui\u2026 les int\u00e9r\u00eats financiers anonymes \u00bb<span class=\"footnote_referrer\"><a tabindex=\"0\" role=\"button\"><sup id=\"footnote_plugin_tooltip_53603_2_4\" class=\"footnote_plugin_tooltip_text\">[4]<\/sup><\/a><\/span> Vont-ils tout simplement dispara\u00eetre ? Croit-on vraiment que les financiers internationaux qui d\u00e9clenchent et mettent fin aux guerres, finan\u00e7ant les deux camps pour accro\u00eetre leur pouvoir et leur richesse, vont se soumettre sans broncher devant une casquette rouge MAGA ?<\/p>\n<p>Comme l&rsquo;a observ\u00e9 l&rsquo;auteur catholique Ted Flynn :<\/p>\n<blockquote>\n<p class=\"gt-block\"><strong>L&#8217;empi\u00e8tement ann\u00e9e apr\u00e8s ann\u00e9e <\/strong><strong>des mondialistes bien plac\u00e9s qui pr\u00f4nent <\/strong><strong>socialisme et communisme, <\/strong><strong>avec des organismes mondiaux qui tentent d\u2019\u00e9radiquer le christianisme, <\/strong><strong>est bien organis\u00e9. <\/strong><strong>Il est implacable, intrusif, insidieux et lucif\u00e9rien, <\/strong><strong>catapulter la civilisation vers un endroit <\/strong><strong>elle n\u2019a jamais aspir\u00e9 \u00e0 cela, ni \u0153uvr\u00e9 vers cela. <\/strong><strong>L\u2019objectif de l\u2019\u00e9lite mondiale autoproclam\u00e9e <\/strong><strong>est un remplacement total des valeurs bibliques <\/strong><strong>dans la civilisation occidentale. <\/strong>\u2014auteur Ted Flynn, <em>Garabandal, L&rsquo;Avertissement et le Grand Miracle,\u00a0<\/em>p. 177<\/p>\n<\/blockquote>\n<p class=\"gt-block\">En un mot, <em>une \u00ab Grande R\u00e9initialisation \u00bb.<\/em> Dans un podcast r\u00e9cent, Glenn Beck a d\u00e9clar\u00e9 :<\/p>\n<blockquote>\n<p class=\"gt-block\"><strong>Trump ne cherche pas \u00e0 g\u00e9rer l&rsquo;ordre d&rsquo;apr\u00e8s-guerre, il cherche \u00e0 le d\u00e9truire avant qu&rsquo;il ne nous d\u00e9truise\u2026 Nous assistons \u00e0 la possible fin de l&rsquo;Am\u00e9rique et de la civilisation occidentale\u2026 Je me battais pour mon pays, mais je crois que c&rsquo;est la civilisation occidentale qui est en jeu. Et [Trump] mobilise toutes les ressources dont il dispose pour s&rsquo;y pr\u00e9parer, afin que lorsque cette bataille d\u00e9cisive \u00e9clatera, lorsque tout s&rsquo;effondrera, nous n&rsquo;ayons pas connu le m\u00eame sort que le Grand Reset. <\/strong>\u201419 janvier 2026, <a href=\"https:\/\/youtu.be\/ru39OmXdscA\"> YouTube<\/a><\/p>\n<\/blockquote>\n<p>Tout cela commence \u00e0 prendre plus de sens \u00e0 la lumi\u00e8re du livre de l&rsquo;Apocalypse et de la vision de saint Jean d&rsquo;une prostitu\u00e9e chevauchant une b\u00eate\u2026<\/p>\n<h5><\/h5>\n<h5>La B\u00eate et la Prostitu\u00e9e<\/h5>\n<p class=\"gt-block\">In\u00a0<a href=\"https:\/\/www.markmallett.com\/fr\/blog\/mystery-babylon\/\" target=\"_blank\" rel=\"noopener noreferrer\"><em>Myst\u00e8re Babylone<\/em><\/a> D&rsquo;apr\u00e8s mon \u00e9tude des fondements de l&rsquo;Am\u00e9rique, les \u00c9tats-Unis (voire l&rsquo;ensemble de l&rsquo;Occident) sont un candidat de choix pour ce que saint Jean appelle la \u00ab Babylone myst\u00e9rieuse \u00bb, \u00e9galement connue sous le nom de \u00ab prostitu\u00e9e \u00bb chevauchant une b\u00eate. Permettez-moi de d\u00e9crire bri\u00e8vement chaque entit\u00e9 afin de replacer le tout dans son contexte.<\/p>\n<p class=\"gt-block\">Tout d\u2019abord, la \u00ab b\u00eate \u00e0 sept t\u00eates et dix cornes \u00bb<span class=\"footnote_referrer\"><a tabindex=\"0\" role=\"button\"><sup id=\"footnote_plugin_tooltip_53603_2_5\" class=\"footnote_plugin_tooltip_text\">[5]<\/sup><\/a><\/span> La Vierge Marie s&rsquo;est adress\u00e9e \u00e0 lui dans les r\u00e9v\u00e9lations faites au Serviteur de Dieu, le P\u00e8re Stefano Gobbi :<\/p>\n<blockquote>\n<p class=\"gt-block\"><em><strong>Les sept t\u00eates indiquent les diff\u00e9rentes loges ma\u00e7onniques, qui agissent partout de mani\u00e8re subtile et dangereuse. Cette b\u00eate noire a dix cornes et, sur les cornes, dix couronnes, qui sont des signes de domination et de royaut\u00e9. La ma\u00e7onnerie r\u00e8gne et gouverne dans le monde entier au moyen des dix cornes<\/strong>.\u00a0<\/em>\u2014Message all\u00e9gu\u00e9 au P. Stefano,<em>\u00a0Au pr\u00eatre, les fils bien-aim\u00e9s de Notre-Dame<\/em>, n. 405.de<\/p>\n<\/blockquote>\n<figure id=\"attachment_3095\" aria-describedby=\"caption-attachment-3095\" style=\"width: 640px\" class=\"wp-caption alignnone\"><img decoding=\"async\" class=\"size-full wp-image-3095\" src=\"https:\/\/refugesdemarie.fr\/wp-content\/uploads\/2026\/03\/secrtscty-640x640-1.jpg\" alt=\"\" width=\"640\" height=\"640\" srcset=\"https:\/\/refugesdemarie.fr\/wp-content\/uploads\/2026\/03\/secrtscty-640x640-1.jpg 640w, https:\/\/refugesdemarie.fr\/wp-content\/uploads\/2026\/03\/secrtscty-640x640-1-300x300.jpg 300w, https:\/\/refugesdemarie.fr\/wp-content\/uploads\/2026\/03\/secrtscty-640x640-1-150x150.jpg 150w, https:\/\/refugesdemarie.fr\/wp-content\/uploads\/2026\/03\/secrtscty-640x640-1-600x600.jpg 600w\" sizes=\"(max-width: 640px) 100vw, 640px\" \/><figcaption id=\"caption-attachment-3095\" class=\"wp-caption-text\">Freemasony vector sign on shining gold background<\/figcaption><\/figure>\n<p>&nbsp;<\/p>\n<p>Voici la b\u00eate qui, en fin de compte, pr\u00e9pare le monde \u00e0 la venue de l&rsquo;Ant\u00e9christ. Comment\u00a0? Comme le dit la Vierge Marie, la b\u00eate est un empire ma\u00e7onnique. Feu le docteur Stanley Monteith l&rsquo;explique\u00a0:<\/p>\n<blockquote>\n<p class=\"gt-block\"><strong>L&rsquo;Am\u00e9rique serait\u00a0<em>d&rsquo;utiliser<\/em> mener le monde vers l&#8217;empire philosophique. Vous comprenez que l&rsquo;Am\u00e9rique a \u00e9t\u00e9 fond\u00e9e par des chr\u00e9tiens en tant que nation chr\u00e9tienne. Cependant, il y a toujours eu des gens de l&rsquo;autre c\u00f4t\u00e9 qui voulaient <em>utilis\u00e9<\/em> Am\u00e9rique, <em>abus<\/em> Notre puissance militaire et notre puissance financi\u00e8re, pour \u00e9tablir des d\u00e9mocraties \u00e9clair\u00e9es \u00e0 travers le monde et restaurer l&rsquo;Atlantide perdue.<\/strong> [L\u2019Atlantide repr\u00e9sente l\u2019arch\u00e9type de la \u00ab soci\u00e9t\u00e9 parfaite \u00bb, fond\u00e9e sur un savoir sacr\u00e9 et secret\u00a0: la g\u00e9om\u00e9trie, l\u2019\u00e9thique, le droit naturel et l\u2019unit\u00e9 de la science et de la spiritualit\u00e9. L\u2019\u00ab\u00a0Atlantide perdue\u00a0\u00bb de la franc-ma\u00e7onnerie est donc le plan oubli\u00e9 d\u2019une civilisation spirituellement ordonn\u00e9e, \u00e0 red\u00e9couvrir et \u00e0 reconstruire par les \u00ab\u00a0\u00eatres \u00e9clair\u00e9s\u00a0\u00bb. &#8211;<em>La nouvelle Atlantide: myst\u00e8res secrets des d\u00e9buts de l&rsquo;Am\u00e9rique\u00a0<\/em>(vid\u00e9o); interview du Dr Stanley Monteith<\/p>\n<\/blockquote>\n<p class=\"gt-block\">Les \u00ab d\u00e9mocraties \u00e9clair\u00e9es \u00bb sont les nations qui b\u00e9n\u00e9ficieraient de l\u2019\u00ab aide internationale \u00bb \u00e0 condition d\u2019adh\u00e9rer aux principes suivants : <em>Format<\/em> de la d\u00e9mocratie \u2014 mais la <em>contenu<\/em> d&rsquo;un anti-\u00e9vangile\u00a0: la contraception, l&rsquo;avortement, l&rsquo;id\u00e9ologie du genre et, surtout, la traite des \u00eatres humains.<span class=\"footnote_referrer\"><a tabindex=\"0\" role=\"button\"><sup id=\"footnote_plugin_tooltip_53603_2_6\" class=\"footnote_plugin_tooltip_text\">[6]<\/sup><\/a><\/span> Tr\u00e8s souvent, cela implique aussi ce qu&rsquo;on appelle un \u00ab changement de r\u00e9gime \u00bb, qui, ironiquement, a conduit \u00e0 la mont\u00e9e en puissance de forces comme Al-Qa\u00efda et l&rsquo;EI.<span class=\"footnote_referrer\"><a tabindex=\"0\" role=\"button\"><sup id=\"footnote_plugin_tooltip_53603_2_7\" class=\"footnote_plugin_tooltip_text\">[7]<\/sup><\/a><\/span> qui se livra ensuite au massacre des chr\u00e9tiens. Ainsi, nous lisons aussi au sujet de cette prostitu\u00e9e qui\u2026<\/p>\n<p class=\"gt-block\"><strong>En elle fut trouv\u00e9 le sang des proph\u00e8tes, des saints et de tous ceux qui ont \u00e9t\u00e9 tu\u00e9s sur la terre.<\/strong> (Apo 18: 24)<\/p>\n<figure id=\"attachment_3096\" aria-describedby=\"caption-attachment-3096\" style=\"width: 640px\" class=\"wp-caption alignnone\"><img loading=\"lazy\" decoding=\"async\" class=\"size-full wp-image-3096\" src=\"https:\/\/refugesdemarie.fr\/wp-content\/uploads\/2026\/03\/Babylonfallen2-640x605-1.jpg\" alt=\"\" width=\"640\" height=\"605\" srcset=\"https:\/\/refugesdemarie.fr\/wp-content\/uploads\/2026\/03\/Babylonfallen2-640x605-1.jpg 640w, https:\/\/refugesdemarie.fr\/wp-content\/uploads\/2026\/03\/Babylonfallen2-640x605-1-300x284.jpg 300w\" sizes=\"(max-width: 640px) 100vw, 640px\" \/><figcaption id=\"caption-attachment-3096\" class=\"wp-caption-text\">Apocalypse landscape. 3D rendering concept<\/figcaption><\/figure>\n<p>&nbsp;<\/p>\n<p class=\"gt-block\">In <a href=\"https:\/\/www.markmallett.com\/fr\/blog\/the-fall-of-mystery-babylon\/\"><em>La chute de la myst\u00e8re Babylone<\/em><\/a>, j&rsquo;explique en d\u00e9tail comment l&rsquo;Am\u00e9rique a \u00e9t\u00e9 \u00ab utilis\u00e9e \u00bb pour diffuser le programme de la b\u00eate <em>et<\/em> Int\u00e9grez-la au sein de votre foyer par le biais de la politique, de l&rsquo;\u00e9ducation et des loisirs. Comme le disait Antonio Gramsci (1891-1937), fondateur du Parti communiste italien\u00a0: \u00ab\u00a0Nous allons retourner leur musique, leur art et leur litt\u00e9rature contre eux.\u00a0\u00bb<span class=\"footnote_referrer\"><a tabindex=\"0\" role=\"button\"><sup id=\"footnote_plugin_tooltip_53603_2_8\" class=\"footnote_plugin_tooltip_text\">[8]<\/sup><\/a><\/span> Stephen Mahowald, catholique am\u00e9ricain et auteur, \u00e9crit\u00a0:<\/p>\n<blockquote>\n<p class=\"gt-block\" align=\"LEFT\"><strong>L&rsquo;Am\u00e9rique s&rsquo;est convertie \u2014 elle a capitul\u00e9, sans m\u00eame combattre, comme le pr\u00e9voyait le plan de Gramsci.<\/strong>. &#8211;<em>Elle \u00e9crasera ta t\u00eate,\u00a0<\/em>Stephen Mahowald, p. 126<\/p>\n<\/blockquote>\n<p class=\"gt-block\">L&rsquo;essentiel est que cette b\u00eate n\u00e9o-communiste ma\u00e7onnique non seulement utilise, mais <em>haines<\/em> la prostitu\u00e9e.<\/p>\n<p class=\"gt-block\"><strong><em>Les dix cornes que tu as vues et la b\u00eate ha\u00efra la prostitu\u00e9e\u2026<\/em><\/strong> (Apo 17: 3)<\/p>\n<p class=\"gt-block\">Il est stup\u00e9fiant de constater \u00e0 quel point une grande partie de la jeunesse am\u00e9ricaine a \u00e9t\u00e9 \u00e9duqu\u00e9e \u00e0 \u00ab ha\u00efr \u00bb le drapeau, \u00e0 \u00ab ha\u00efr \u00bb sa couleur de peau, \u00e0 \u00ab ha\u00efr \u00bb tout ce qui est bon dans son histoire, et m\u00eame \u00e0 \u00ab ha\u00efr \u00bb la d\u00e9mocratie.<span class=\"footnote_referrer\"><a tabindex=\"0\" role=\"button\"><sup id=\"footnote_plugin_tooltip_53603_2_9\" class=\"footnote_plugin_tooltip_text\">[9]<\/sup><\/a><\/span> Peut-\u00eatre le <a href=\"https:\/\/www.markmallett.com\/fr\/blog\/exposing-this-revolutionary-spirit\/\">r\u00e9volutions enflamm\u00e9es<\/a> Ce que nous avons vu dans les rues am\u00e9ricaines est un avant-go\u00fbt des intentions ultimes de la B\u00eate\u00a0:<\/p>\n<p class=\"gt-block\"><strong>Ils la laisseront d\u00e9sol\u00e9e et nue ; ils d\u00e9voreront sa chair et la consumeront par le feu. Les marchands de la terre pleureront et se lamenteront sur elle [Babylone la Myst\u00e9rieuse], car il n&rsquo;y aura plus de d\u00e9bouch\u00e9s pour leurs marchandises\u2026 le vin, l&rsquo;huile d&rsquo;olive, la farine fine et le bl\u00e9 ; le b\u00e9tail et les moutons, les chevaux et les chars, et les esclaves, c&rsquo;est-\u00e0-dire les \u00eatres humains.<\/strong> (Revelation 17:16, 18:11-13)<\/p>\n<p>Les affaires dites \u00ab Epstein \u00bb continuent de choquer le monde entier, tant par leurs crimes odieux contre des mineurs que par leur large diffusion. Compte tenu de son association avec les \u00e9lites mondiales, il est difficile de ne pas lire l&rsquo;Apocalypse 18 sous un jour nouveau\u00a0:<\/p>\n<p class=\"gt-block\"><strong>Tomb\u00e9e, tomb\u00e9e est Babylone la Grande. Elle est devenue un repaire de d\u00e9mons. Elle est une cage pour tout esprit impur, une cage pour tout oiseau impur, une cage pour toute b\u00eate impure et r\u00e9pugnante. Car toutes les nations ont bu le vin de sa d\u00e9bauche. Les rois de la terre se sont adonn\u00e9s \u00e0 ses plaisirs, et les marchands de la terre se sont enrichis gr\u00e2ce \u00e0 sa soif de luxe.<\/strong><strong>\u2026et des esclaves, c\u2019est-\u00e0-dire des \u00e2mes humaines. (Apocalypse 18:3, 13) <\/strong><\/p>\n<p>Le pape Beno\u00eet XVI a \u00e9voqu\u00e9 \u00e0 plusieurs reprises ce passage du commerce des vies humaines :<\/p>\n<blockquote>\n<p class=\"gt-block\"><strong>Il existe un march\u00e9 de la pornographie infantile qui semble, d&rsquo;une certaine mani\u00e8re, \u00eatre de plus en plus banalis\u00e9 par la soci\u00e9t\u00e9. La destruction psychologique des enfants, o\u00f9 des \u00eatres humains sont r\u00e9duits \u00e0 l&rsquo;\u00e9tat de marchandises, est un signe terrifiant de notre \u00e9poque.<\/strong> \u2014 PAPE BENO\u00ceT XVI, <a href=\"https:\/\/www.vatican.va\/content\/benedict-xvi\/en\/speeches\/2010\/december\/documents\/hf_ben-xvi_spe_20101220_curia-auguri.html\">Adresse \u00e0 la Curie romaine<\/a>, D\u00e9cembre 20, 2010<\/p>\n<\/blockquote>\n<p class=\"gt-block\">\u00c0 cause de ces grands p\u00e9ch\u00e9s, la gloire et la puissance de <a href=\"https:\/\/www.markmallett.com\/fr\/blog\/mystery-babylon\/\"><em>Myst\u00e8re Babylone<\/em><\/a> est r\u00e9duit \u00e0 \u00ab une heure \u00bb (voir\u00a0<a href=\"https:\/\/www.markmallett.com\/fr\/blog\/in-one-hour\/\"><em>En une heure<\/em><\/a>).<\/p>\n<p class=\"gt-block\"><strong>Les rois de la terre qui ont eu des rapports sexuels avec elle dans leur d\u00e9vergondage pleureront et se lamenteront sur elle quand ils verront la fum\u00e9e de son b\u00fbcher. Ils s&rsquo;\u00e9loigneront de peur du supplice qu&rsquo;on lui infligera, et ils diront : \u00ab H\u00e9las, h\u00e9las, grande ville, Babylone, ville puissante. Dans une heure, ton jugement est venu.<\/strong>\u00a0(Revelation 18: 8-10)<\/p>\n<p>&nbsp;<\/p>\n<h5>Nous sommes jug\u00e9s<\/h5>\n<p class=\"gt-block\">Nous, Occidentaux, sommes jug\u00e9s (voir <a href=\"https:\/\/www.markmallett.com\/fr\/blog\/judgment-of-the-west\/\"><em>Le jugement de l&rsquo;Occident<\/em><\/a>Pr\u00e8s de 99 000 b\u00e9b\u00e9s \u00e0 na\u00eetre sont tu\u00e9s chaque ann\u00e9e lors d&rsquo;avortements. <em>chaque mois<\/em> \u00e0 l&rsquo;\u00e9chelle nationale en Am\u00e9rique.<span class=\"footnote_referrer\"><a tabindex=\"0\" role=\"button\"><sup id=\"footnote_plugin_tooltip_53603_2_10\" class=\"footnote_plugin_tooltip_text\">[10]<\/sup><\/a><\/span> Au Canada, en 2026, le suicide assist\u00e9 aura co\u00fbt\u00e9 la vie \u00e0 plus de 100 000 personnes.<span class=\"footnote_referrer\"><a tabindex=\"0\" role=\"button\"><sup id=\"footnote_plugin_tooltip_53603_2_11\" class=\"footnote_plugin_tooltip_text\">[11]<\/sup><\/a><\/span> comme un nouveau commerce dans \u00ab<a href=\"https:\/\/usnewsmag.com\/canadas-shocking-organ-harvesting-operation-exposed\/\">le pr\u00e9l\u00e8vement d&rsquo;organes<\/a>Ce ph\u00e9nom\u00e8ne a \u00e9merg\u00e9 ; selon certaines informations, des personnes peuvent se suicider le jour m\u00eame o\u00f9 elles en font la demande.<span class=\"footnote_referrer\"><a tabindex=\"0\" role=\"button\"><sup id=\"footnote_plugin_tooltip_53603_2_12\" class=\"footnote_plugin_tooltip_text\">[12]<\/sup><\/a><\/span>\u00a0On estime qu&rsquo;en Am\u00e9rique du Nord, plus d&rsquo;un million de personnes sont mortes d&rsquo;une overdose depuis 2016.<span class=\"footnote_referrer\"><a tabindex=\"0\" role=\"button\"><sup id=\"footnote_plugin_tooltip_53603_2_13\" class=\"footnote_plugin_tooltip_text\">[13]<\/sup><\/a><\/span> Mais encore plus <em>spirituellement\u00a0<\/em>mourir chaque jour \u00e0 cause de la pornographie.\u00a0Les \u00c9tats-Unis sont le premier producteur de pornographie.<span class=\"footnote_referrer\"><a tabindex=\"0\" role=\"button\"><sup id=\"footnote_plugin_tooltip_53603_2_14\" class=\"footnote_plugin_tooltip_text\">[14]<\/sup><\/a><\/span> un secteur dont la croissance annuelle atteindrait, selon certaines estimations, un quart de billion de dollars.<span class=\"footnote_referrer\"><a tabindex=\"0\" role=\"button\"><sup id=\"footnote_plugin_tooltip_53603_2_15\" class=\"footnote_plugin_tooltip_text\">[15]<\/sup><\/a><\/span> Quant \u00e0 l\u2019Europe, elle a totalement reni\u00e9 son h\u00e9ritage chr\u00e9tien en substituant \u00e0 l\u2019\u00c9vangile les objectifs d\u2019une poign\u00e9e d\u2019\u00e9lites mondiales. Ainsi, disait Beno\u00eet XVI\u00a0:<\/p>\n<blockquote>\n<p class=\"gt-block\"><strong>L&rsquo;espace\u00a0<em>Livre de l&rsquo;Apocalypse<\/em> inclut parmi les grands p\u00e9ch\u00e9s de Babylone &#8211; le symbole des grandes villes irr\u00e9ligieuses du monde &#8211; le fait qu&rsquo;elle fait le commerce des corps et des \u00e2mes et les traite comme des marchandises<\/strong>\u00a0(Cf.\u00a0<em>Tour<\/em>\u00a018: 13)<strong>. Dans ce contexte, le probl\u00e8me de la drogue pointe \u00e9galement le bout de son nez et \u00e9tend avec une force croissante ses tentacules de pieuvre dans le monde entier, expression \u00e9loquente de la tyrannie de Mammon qui pervertit l&rsquo;humanit\u00e9. Aucun plaisir ne suffit jamais, et l&rsquo;exc\u00e8s d&rsquo;ivresse trompeuse devient une violence qui d\u00e9chire des r\u00e9gions enti\u00e8res \u2014 et tout cela au nom d&rsquo;une fatale m\u00e9connaissance de la libert\u00e9 qui sape en fait la libert\u00e9 de l&rsquo;homme et finit par la d\u00e9truire.<\/strong>\u00a0\u2014POPE BENO\u00ceT XVI, \u00e0 l&rsquo;occasion des voeux de No\u00ebl, 20 d\u00e9cembre 2010;\u00a0<a href=\"http:\/\/www.vatican.va\/holy_father\/benedict_xvi\/speeches\/2010\/december\/documents\/hf_ben-xvi_spe_20101220_curia-auguri_en.html\">http:\/\/www.vatican.va\/<\/a><\/p>\n<\/blockquote>\n<p>Autrement dit, nous sommes en train de nous d\u00e9truire.<\/p>\n<p class=\"gt-block\" align=\"LEFT\"><strong>Ceux qui s\u00e8ment le vent r\u00e9colteront la temp\u00eate.<\/strong> (Os\u00e9e 8:7 ; cf. le <a href=\"https:\/\/www.countdowntothekingdom.com\/timeline\/\">Forum<\/a>)<\/p>\n<p class=\"gt-block\">Il y a des ann\u00e9es, j&rsquo;ai entendu dans mon c\u0153ur ces mots : \u00ab<em>\u00c0 cause du p\u00e9ch\u00e9 d&rsquo;avortement, vos fils seront appel\u00e9s \u00e0 la guerre.\u00a0<\/em>Je prie \u00e0 chaque souffle, \u00e0 chaque goutte de sang, \u00e0 chaque larme, pour que cela n&rsquo;arrive pas. Mais saint Paul \u00e9crit\u00a0: <em>\u00ab Ne vous y trompez pas : on ne se moque pas de Dieu, car ce qu\u2019un homme aura sem\u00e9, il le r\u00e9coltera aussi. \u00bb <\/em><span class=\"footnote_referrer\"><a tabindex=\"0\" role=\"button\"><sup id=\"footnote_plugin_tooltip_53603_2_16\" class=\"footnote_plugin_tooltip_text\">[16]<\/sup><\/a><\/span> C\u2019est pourquoi le pape Beno\u00eet XVI a rappel\u00e9 la vision des enfants de Fatima\u00a0:<\/p>\n<blockquote>\n<p class=\"gt-block\"><strong>L&rsquo;ange avec l&rsquo;\u00e9p\u00e9e flamboyante \u00e0 gauche de la M\u00e8re de Dieu rappelle des images similaires dans le livre de l&rsquo;Apocalypse. Cela repr\u00e9sente la menace de jugement qui plane sur le monde. Aujourd&rsquo;hui, la perspective que le monde puisse \u00eatre r\u00e9duit en cendres par une mer de feu ne semble plus pure fantaisie: l&rsquo;homme lui-m\u00eame, avec ses inventions, a forg\u00e9 l&rsquo;\u00e9p\u00e9e flamboyante.<\/strong>\u00a0&#8211;<em>Le message de Fatima<\/em>,\u00a0<a href=\"http:\/\/www.vatican.va\/roman_curia\/congregations\/cfaith\/documents\/rc_con_cfaith_doc_20000626_message-fatima_en.html\">vatican.va<\/a><\/p>\n<\/blockquote>\n<p class=\"gt-block\">En juin dernier (2025), CBS News a rapport\u00e9 que le FBI avait intensifi\u00e9 ses efforts \u00ab pour surveiller d\u2019\u00e9ventuelles cellules dormantes nationales li\u00e9es au Hezbollah \u2014 une organisation terroriste \u00e9trang\u00e8re d\u00e9sign\u00e9e par les \u00c9tats-Unis et soutenue par l\u2019Iran \u00bb.<span class=\"footnote_referrer\"><a tabindex=\"0\" role=\"button\"><sup id=\"footnote_plugin_tooltip_53603_2_17\" class=\"footnote_plugin_tooltip_text\">[17]<\/sup><\/a><\/span> Ces derniers jours, il y a eu Des informations font \u00e9tat de ces \u00ab cellules dormantes \u00bb islamiques aux \u00c9tats-Unis, et probablement dans tout l&rsquo;Occident, mises en \u00ab alerte \u00bb pour attaquer \u00e0 une \u00ab heure z\u00e9ro \u00bb coordonn\u00e9e.<span class=\"footnote_referrer\"><a tabindex=\"0\" role=\"button\"><sup id=\"footnote_plugin_tooltip_53603_2_18\" class=\"footnote_plugin_tooltip_text\">[18]<\/sup><\/a><\/span> En effet, deux hautes autorit\u00e9s religieuses chiites en Iran ont \u00e9mis <em>fatwas<\/em> <span class=\"footnote_referrer\"><a tabindex=\"0\" role=\"button\"><sup id=\"footnote_plugin_tooltip_53603_2_19\" class=\"footnote_plugin_tooltip_text\">[19]<\/sup><\/a><\/span> appelant les musulmans du monde entier \u00e0 venger le r\u00e9cent assassinat de l&rsquo;ayatollah iranien par des frappes a\u00e9riennes am\u00e9ricano-isra\u00e9liennes.<span class=\"footnote_referrer\"><a tabindex=\"0\" role=\"button\"><sup id=\"footnote_plugin_tooltip_53603_2_20\" class=\"footnote_plugin_tooltip_text\">[20]<\/sup><\/a><\/span><\/p>\n<p><img loading=\"lazy\" decoding=\"async\" class=\"alignnone size-full wp-image-3097\" src=\"https:\/\/refugesdemarie.fr\/wp-content\/uploads\/2026\/03\/Mosque-443x1024-1.jpg\" alt=\"\" width=\"443\" height=\"1024\" srcset=\"https:\/\/refugesdemarie.fr\/wp-content\/uploads\/2026\/03\/Mosque-443x1024-1.jpg 443w, https:\/\/refugesdemarie.fr\/wp-content\/uploads\/2026\/03\/Mosque-443x1024-1-130x300.jpg 130w\" sizes=\"(max-width: 443px) 100vw, 443px\" \/><\/p>\n<p class=\"gt-block\">Avant m\u00eame les attaques iraniennes, un imam d&rsquo;une mosqu\u00e9e chiite locale du nord de la Virginie a conclu sa pri\u00e8re par cette supplique fervente : \u00ab Qu&rsquo;Allah d\u00e9truise tous les non-croyants\u2026 \u00bb Il a demand\u00e9 cette victoire \u00ab avant l&rsquo;arriv\u00e9e de l&rsquo;Imam Mahdi \u00bb.<span class=\"footnote_referrer\"><a tabindex=\"0\" role=\"button\"><sup id=\"footnote_plugin_tooltip_53603_2_21\" class=\"footnote_plugin_tooltip_text\">[21]<\/sup><\/a><\/span> Dans la th\u00e9ologie islamique, le Mahdi est le messie. Mais il existe aussi une figure myst\u00e9rieuse appel\u00e9e \u00ab\u00a0le Dajjal\u00a0\u00bb, qui correspond plus ou moins \u00e0 la figure de l&rsquo;Ant\u00e9christ dans le christianisme. Selon cette proph\u00e9tie, le Mahdi islamique appara\u00eetra pour affronter le Dajjal lors de la bataille finale d&rsquo;Armageddon.<\/p>\n<p class=\"gt-block\">Pour nombre de ces id\u00e9ologues, le pr\u00e9sident Donald Trump est le Dajjal.<span class=\"footnote_referrer\"><a tabindex=\"0\" role=\"button\"><sup id=\"footnote_plugin_tooltip_53603_2_22\" class=\"footnote_plugin_tooltip_text\">[22]<\/sup><\/a><\/span> \u2014 et une guerre apocalyptique, c&rsquo;est exactement ce qu&rsquo;ils veulent.<\/p>\n<p>&nbsp;<\/p>\n<h5>Le bord de l&rsquo;ab\u00eeme<\/h5>\n<p>Rappelons-nous les r\u00e9v\u00e9lations approuv\u00e9es au Rwanda, lorsque la Vierge Marie a dit aux enfants :<\/p>\n<blockquote>\n<p class=\"gt-block\" align=\"LEFT\"><em><strong>Le monde se pr\u00e9cipite vers sa ruine, il tombera dans l&rsquo;ab\u00eeme\u2026 Le monde se rebelle contre Dieu, il commet trop de p\u00e9ch\u00e9s, il n&rsquo;a ni amour ni paix. Si vous ne vous repentez pas et ne convertissez pas vos c\u0153urs, vous tomberez dans l&rsquo;ab\u00eeme.\u00a0<\/strong><\/em>\u2014\u00e0 la visionnaire Marie-Claire le 27 mars 1982,\u00a0<a href=\"https:\/\/web.archive.org\/web\/20181211223940\/http:\/\/www.catholicstand.com:80\/lady-kibeho-listening\/\">standcatholique.com<\/a><\/p>\n<\/blockquote>\n<p>Ces propos ont \u00e9t\u00e9 r\u00e9it\u00e9r\u00e9s il y a quelques jours par le pape L\u00e9on XIV au sujet des guerres qui \u00e9clatent actuellement partout sur la plan\u00e8te\u00a0:<\/p>\n<blockquote>\n<p class=\"gt-block\"><strong>Face \u00e0 la possibilit\u00e9 d&rsquo;une trag\u00e9die d&rsquo;une ampleur immense, j&rsquo;en appelle sinc\u00e8rement \u00e0 toutes les parties concern\u00e9es pour qu&rsquo;elles assument la responsabilit\u00e9 morale d&rsquo;enrayer la spirale de violence avant qu&rsquo;elle ne devienne un ab\u00eeme irr\u00e9parable.<\/strong>\u00a0\u2014PAPE L\u00c9ON XIV, 1er mars 2026,\u00a0<a href=\"https:\/\/www.vatican.va\/content\/leo-xiv\/en\/angelus\/2026\/documents\/20260301-angelus.html\">Angelus<\/a><\/p>\n<\/blockquote>\n<p class=\"gt-block\">J&rsquo;entends aussi sans cesse cette semaine les mots\u00a0: <em>\u00ab L\u2019orgueil pr\u00e9c\u00e8de la chute. \u00bb<\/em> Alors que le pr\u00e9sident Trump continue de se vanter ouvertement de ses succ\u00e8s \u00e9conomiques et militaires Pour r\u00e9pondre \u00e0 ces accomplissements, nous devrions \u00e9couter les paroles de J\u00e9sus dans l&rsquo;\u00c9vangile d&rsquo;aujourd&rsquo;hui\u00a0:<\/p>\n<p class=\"gt-block\"><strong>Celui qui s&rsquo;\u00e9l\u00e8ve sera abaiss\u00e9, et celui qui s&rsquo;abaisse sera \u00e9lev\u00e9.<\/strong> (Matthew 23: 12)<\/p>\n<p>Nous n&rsquo;avons aucune raison de nous vanter lorsque les crimes les plus odieux, comme l&rsquo;avortement, sont encore commis sur notre sol. Comme l&rsquo;a d\u00e9clar\u00e9 Beno\u00eet XVI \u00e0 tous les \u00e9v\u00eaques en 2005\u00a0:<\/p>\n<blockquote>\n<p class=\"gt-block\"><strong>La menace de jugement nous concerne aussi, l&rsquo;\u00c9glise en Europe, en Europe et en Occident en g\u00e9n\u00e9ral\u2026 le Seigneur crie aussi \u00e0 nos oreilles\u2026 \u00abSi vous ne vous repentez pas, je viendrai \u00e0 vous et retirerai votre chandelier de sa place. La lumi\u00e8re peut aussi nous \u00eatre enlev\u00e9e et nous faisons bien de laisser retentir cet avertissement de tout son s\u00e9rieux dans nos c\u0153urs, tout en criant au Seigneur: \u00abAide-nous \u00e0 nous repentir!\u00bb<\/strong>\u00a0\u2014 PAPE BENO\u00ceT XVI,\u00a0<em>Hom\u00e9lie d&rsquo;ouverture,<\/em>\u00a0Synode des \u00e9v\u00eaques, 2 octobre 2005, Rome<\/p>\n<\/blockquote>\n<p class=\"gt-block\">Si nous ne nous repentons pas, nous pourrions tr\u00e8s bien voir tout s&rsquo;effondrer en \u00ab une heure \u00bb.<span class=\"footnote_referrer\"><a tabindex=\"0\" role=\"button\"><sup id=\"footnote_plugin_tooltip_53603_2_23\" class=\"footnote_plugin_tooltip_text\">[23]<\/sup><\/a><\/span>\u00a0<em>Maintenant <\/em>C&rsquo;est le moment pour nous de nous repentir personnellement.\u00a0<em>Maintenant\u00a0<\/em>C&rsquo;est le temps du je\u00fbne et de la pri\u00e8re. <em>Maintenant,<\/em> Il est temps pour nous de \u00ab sortir de Babylone \u00bb\u2026<\/p>\n<p class=\"gt-block\"><strong>Puis j\u2019entendis une autre voix du ciel qui disait : \u00ab \u00c9loignez-vous d\u2019elle, mon peuple, afin de ne pas participer \u00e0 ses p\u00e9ch\u00e9s et de ne pas recevoir votre part de ses fl\u00e9aux ; car ses p\u00e9ch\u00e9s se sont accumul\u00e9s jusqu\u2019au ciel\u2026 \u00bb<\/strong>\u00a0(Revelation 18: 4-5)<\/p>\n","protected":false},"excerpt":{"rendered":"<p>source : Mark Mallett L&rsquo;avez-vous entendu ? Avez-vous entendu la ligne rouge trac\u00e9e lors du Forum de Davos en Suisse ? Howard Lutnick, le secr\u00e9taire am\u00e9ricain au Commerce, a d\u00e9clar\u00e9 \u00e0 la r\u00e9union annuelle des \u00e9lites du Forum \u00e9conomique mondial ce qu&rsquo;ils ont fait mais \u00ab Je veux entendre : \u201cLa mondialisation a \u00e9chou\u00e9 face [&hellip;]<\/p>\n","protected":false},"author":1,"featured_media":3098,"comment_status":"closed","ping_status":"closed","sticky":false,"template":"","format":"standard","meta":{"ocean_post_layout":"","ocean_both_sidebars_style":"","ocean_both_sidebars_content_width":0,"ocean_both_sidebars_sidebars_width":0,"ocean_sidebar":"0","ocean_second_sidebar":"0","ocean_disable_margins":"enable","ocean_add_body_class":"","ocean_shortcode_before_top_bar":"","ocean_shortcode_after_top_bar":"","ocean_shortcode_before_header":"","ocean_shortcode_after_header":"","ocean_has_shortcode":"","ocean_shortcode_after_title":"","ocean_shortcode_before_footer_widgets":"","ocean_shortcode_after_footer_widgets":"","ocean_shortcode_before_footer_bottom":"","ocean_shortcode_after_footer_bottom":"","ocean_display_top_bar":"default","ocean_display_header":"default","ocean_header_style":"","ocean_center_header_left_menu":"0","ocean_custom_header_template":"0","ocean_custom_logo":0,"ocean_custom_retina_logo":0,"ocean_custom_logo_max_width":0,"ocean_custom_logo_tablet_max_width":0,"ocean_custom_logo_mobile_max_width":0,"ocean_custom_logo_max_height":0,"ocean_custom_logo_tablet_max_height":0,"ocean_custom_logo_mobile_max_height":0,"ocean_header_custom_menu":"0","ocean_menu_typo_font_family":"0","ocean_menu_typo_font_subset":"","ocean_menu_typo_font_size":0,"ocean_menu_typo_font_size_tablet":0,"ocean_menu_typo_font_size_mobile":0,"ocean_menu_typo_font_size_unit":"px","ocean_menu_typo_font_weight":"","ocean_menu_typo_font_weight_tablet":"","ocean_menu_typo_font_weight_mobile":"","ocean_menu_typo_transform":"","ocean_menu_typo_transform_tablet":"","ocean_menu_typo_transform_mobile":"","ocean_menu_typo_line_height":0,"ocean_menu_typo_line_height_tablet":0,"ocean_menu_typo_line_height_mobile":0,"ocean_menu_typo_line_height_unit":"","ocean_menu_typo_spacing":0,"ocean_menu_typo_spacing_tablet":0,"ocean_menu_typo_spacing_mobile":0,"ocean_menu_typo_spacing_unit":"","ocean_menu_link_color":"","ocean_menu_link_color_hover":"","ocean_menu_link_color_active":"","ocean_menu_link_background":"","ocean_menu_link_hover_background":"","ocean_menu_link_active_background":"","ocean_menu_social_links_bg":"","ocean_menu_social_hover_links_bg":"","ocean_menu_social_links_color":"","ocean_menu_social_hover_links_color":"","ocean_disable_title":"default","ocean_disable_heading":"default","ocean_post_title":"","ocean_post_subheading":"","ocean_post_title_style":"","ocean_post_title_background_color":"","ocean_post_title_background":0,"ocean_post_title_bg_image_position":"","ocean_post_title_bg_image_attachment":"","ocean_post_title_bg_image_repeat":"","ocean_post_title_bg_image_size":"","ocean_post_title_height":0,"ocean_post_title_bg_overlay":0.5,"ocean_post_title_bg_overlay_color":"","ocean_disable_breadcrumbs":"default","ocean_breadcrumbs_color":"","ocean_breadcrumbs_separator_color":"","ocean_breadcrumbs_links_color":"","ocean_breadcrumbs_links_hover_color":"","ocean_display_footer_widgets":"default","ocean_display_footer_bottom":"default","ocean_custom_footer_template":"0","ocean_post_oembed":"","ocean_post_self_hosted_media":"","ocean_post_video_embed":"","ocean_link_format":"","ocean_link_format_target":"self","ocean_quote_format":"","ocean_quote_format_link":"post","ocean_gallery_link_images":"on","ocean_gallery_id":[],"footnotes":""},"categories":[4],"tags":[],"class_list":["post-3091","post","type-post","status-publish","format-standard","has-post-thumbnail","hentry","category-signes-des-temps","entry","has-media"],"yoast_head":"<!-- This site is optimized with the Yoast SEO plugin v27.4 - https:\/\/yoast.com\/product\/yoast-seo-wordpress\/ -->\n<title>La ligne dans le sable - Communion des refuges du Coeur Immacul\u00e9 de Marie<\/title>\n<meta name=\"description\" content=\"Avez-vous entendu la ligne rouge trac\u00e9e lors du Forum de Davos en Suisse ? \u201cLa mondialisation a \u00e9chou\u00e9 face \u00e0 l\u2019Occident\u2026&quot;\" \/>\n<meta name=\"robots\" content=\"index, follow, max-snippet:-1, max-image-preview:large, max-video-preview:-1\" \/>\n<link rel=\"canonical\" href=\"https:\/\/refugesdemarie.fr\/index.php\/2026\/03\/13\/la-ligne-dans-le-sable\/\" \/>\n<meta property=\"og:locale\" content=\"fr_FR\" \/>\n<meta property=\"og:type\" content=\"article\" \/>\n<meta property=\"og:title\" content=\"La ligne dans le sable - Communion des refuges du Coeur Immacul\u00e9 de Marie\" \/>\n<meta property=\"og:description\" content=\"Avez-vous entendu la ligne rouge trac\u00e9e lors du Forum de Davos en Suisse ? \u201cLa mondialisation a \u00e9chou\u00e9 face \u00e0 l\u2019Occident\u2026&quot;\" \/>\n<meta property=\"og:url\" content=\"https:\/\/refugesdemarie.fr\/index.php\/2026\/03\/13\/la-ligne-dans-le-sable\/\" \/>\n<meta property=\"og:site_name\" content=\"Communion des refuges du Coeur Immacul\u00e9 de Marie\" \/>\n<meta property=\"article:publisher\" content=\"https:\/\/www.facebook.com\/profile.php?id=100089561384328\" \/>\n<meta property=\"article:author\" content=\"https:\/\/www.facebook.com\/profile.php?id=100089561384328\" \/>\n<meta property=\"article:published_time\" content=\"2026-03-13T15:45:18+00:00\" \/>\n<meta property=\"og:image\" content=\"https:\/\/refugesdemarie.fr\/wp-content\/uploads\/2026\/03\/America-in-the-Way-768x494-1.jpg\" \/>\n\t<meta property=\"og:image:width\" content=\"768\" \/>\n\t<meta property=\"og:image:height\" content=\"494\" \/>\n\t<meta property=\"og:image:type\" content=\"image\/jpeg\" \/>\n<meta name=\"author\" content=\"refugesdemarie@gmail.com\" \/>\n<meta name=\"twitter:card\" content=\"summary_large_image\" \/>\n<meta name=\"twitter:label1\" content=\"\u00c9crit par\" \/>\n\t<meta name=\"twitter:data1\" content=\"refugesdemarie@gmail.com\" \/>\n\t<meta name=\"twitter:label2\" content=\"Dur\u00e9e de lecture estim\u00e9e\" \/>\n\t<meta name=\"twitter:data2\" content=\"12 minutes\" \/>\n<script type=\"application\/ld+json\" class=\"yoast-schema-graph\">{\"@context\":\"https:\\\/\\\/schema.org\",\"@graph\":[{\"@type\":\"Article\",\"@id\":\"https:\\\/\\\/refugesdemarie.fr\\\/index.php\\\/2026\\\/03\\\/13\\\/la-ligne-dans-le-sable\\\/#article\",\"isPartOf\":{\"@id\":\"https:\\\/\\\/refugesdemarie.fr\\\/index.php\\\/2026\\\/03\\\/13\\\/la-ligne-dans-le-sable\\\/\"},\"author\":{\"name\":\"refugesdemarie@gmail.com\",\"@id\":\"https:\\\/\\\/refugesdemarie.fr\\\/#\\\/schema\\\/person\\\/3bda0c49569f70f4dcfbe78b7e174b11\"},\"headline\":\"La ligne dans le sable\",\"datePublished\":\"2026-03-13T15:45:18+00:00\",\"mainEntityOfPage\":{\"@id\":\"https:\\\/\\\/refugesdemarie.fr\\\/index.php\\\/2026\\\/03\\\/13\\\/la-ligne-dans-le-sable\\\/\"},\"wordCount\":3564,\"publisher\":{\"@id\":\"https:\\\/\\\/refugesdemarie.fr\\\/#organization\"},\"image\":{\"@id\":\"https:\\\/\\\/refugesdemarie.fr\\\/index.php\\\/2026\\\/03\\\/13\\\/la-ligne-dans-le-sable\\\/#primaryimage\"},\"thumbnailUrl\":\"https:\\\/\\\/refugesdemarie.fr\\\/wp-content\\\/uploads\\\/2026\\\/03\\\/America-in-the-Way-768x494-1.jpg\",\"articleSection\":[\"Signes des temps\"],\"inLanguage\":\"fr-FR\"},{\"@type\":\"WebPage\",\"@id\":\"https:\\\/\\\/refugesdemarie.fr\\\/index.php\\\/2026\\\/03\\\/13\\\/la-ligne-dans-le-sable\\\/\",\"url\":\"https:\\\/\\\/refugesdemarie.fr\\\/index.php\\\/2026\\\/03\\\/13\\\/la-ligne-dans-le-sable\\\/\",\"name\":\"La ligne dans le sable - Communion des refuges du Coeur Immacul\u00e9 de Marie\",\"isPartOf\":{\"@id\":\"https:\\\/\\\/refugesdemarie.fr\\\/#website\"},\"primaryImageOfPage\":{\"@id\":\"https:\\\/\\\/refugesdemarie.fr\\\/index.php\\\/2026\\\/03\\\/13\\\/la-ligne-dans-le-sable\\\/#primaryimage\"},\"image\":{\"@id\":\"https:\\\/\\\/refugesdemarie.fr\\\/index.php\\\/2026\\\/03\\\/13\\\/la-ligne-dans-le-sable\\\/#primaryimage\"},\"thumbnailUrl\":\"https:\\\/\\\/refugesdemarie.fr\\\/wp-content\\\/uploads\\\/2026\\\/03\\\/America-in-the-Way-768x494-1.jpg\",\"datePublished\":\"2026-03-13T15:45:18+00:00\",\"description\":\"Avez-vous entendu la ligne rouge trac\u00e9e lors du Forum de Davos en Suisse ? \u201cLa mondialisation a \u00e9chou\u00e9 face \u00e0 l\u2019Occident\u2026\\\"\",\"breadcrumb\":{\"@id\":\"https:\\\/\\\/refugesdemarie.fr\\\/index.php\\\/2026\\\/03\\\/13\\\/la-ligne-dans-le-sable\\\/#breadcrumb\"},\"inLanguage\":\"fr-FR\",\"potentialAction\":[{\"@type\":\"ReadAction\",\"target\":[\"https:\\\/\\\/refugesdemarie.fr\\\/index.php\\\/2026\\\/03\\\/13\\\/la-ligne-dans-le-sable\\\/\"]}]},{\"@type\":\"ImageObject\",\"inLanguage\":\"fr-FR\",\"@id\":\"https:\\\/\\\/refugesdemarie.fr\\\/index.php\\\/2026\\\/03\\\/13\\\/la-ligne-dans-le-sable\\\/#primaryimage\",\"url\":\"https:\\\/\\\/refugesdemarie.fr\\\/wp-content\\\/uploads\\\/2026\\\/03\\\/America-in-the-Way-768x494-1.jpg\",\"contentUrl\":\"https:\\\/\\\/refugesdemarie.fr\\\/wp-content\\\/uploads\\\/2026\\\/03\\\/America-in-the-Way-768x494-1.jpg\",\"width\":768,\"height\":494,\"caption\":\"Closed US Border and American Global Isolation as a blocked economic and political philosophy as a wall with a United States flag blocking international countries from joining America with tariffs and sanctions.\"},{\"@type\":\"BreadcrumbList\",\"@id\":\"https:\\\/\\\/refugesdemarie.fr\\\/index.php\\\/2026\\\/03\\\/13\\\/la-ligne-dans-le-sable\\\/#breadcrumb\",\"itemListElement\":[{\"@type\":\"ListItem\",\"position\":1,\"name\":\"Accueil\",\"item\":\"https:\\\/\\\/refugesdemarie.fr\\\/\"},{\"@type\":\"ListItem\",\"position\":2,\"name\":\"La ligne dans le sable\"}]},{\"@type\":\"WebSite\",\"@id\":\"https:\\\/\\\/refugesdemarie.fr\\\/#website\",\"url\":\"https:\\\/\\\/refugesdemarie.fr\\\/\",\"name\":\"Communion des refuges du Coeur Immacul\u00e9 de Marie\",\"description\":\"\",\"publisher\":{\"@id\":\"https:\\\/\\\/refugesdemarie.fr\\\/#organization\"},\"potentialAction\":[{\"@type\":\"SearchAction\",\"target\":{\"@type\":\"EntryPoint\",\"urlTemplate\":\"https:\\\/\\\/refugesdemarie.fr\\\/?s={search_term_string}\"},\"query-input\":{\"@type\":\"PropertyValueSpecification\",\"valueRequired\":true,\"valueName\":\"search_term_string\"}}],\"inLanguage\":\"fr-FR\"},{\"@type\":\"Organization\",\"@id\":\"https:\\\/\\\/refugesdemarie.fr\\\/#organization\",\"name\":\"Communion des refuges du Coeur Immacul\u00e9 de Marie\",\"url\":\"https:\\\/\\\/refugesdemarie.fr\\\/\",\"logo\":{\"@type\":\"ImageObject\",\"inLanguage\":\"fr-FR\",\"@id\":\"https:\\\/\\\/refugesdemarie.fr\\\/#\\\/schema\\\/logo\\\/image\\\/\",\"url\":\"https:\\\/\\\/refugesdemarie.fr\\\/wp-content\\\/uploads\\\/2023\\\/01\\\/cropped-Logo-Communion-des-Refuges-6.jpg\",\"contentUrl\":\"https:\\\/\\\/refugesdemarie.fr\\\/wp-content\\\/uploads\\\/2023\\\/01\\\/cropped-Logo-Communion-des-Refuges-6.jpg\",\"width\":1199,\"height\":377,\"caption\":\"Communion des refuges du Coeur Immacul\u00e9 de Marie\"},\"image\":{\"@id\":\"https:\\\/\\\/refugesdemarie.fr\\\/#\\\/schema\\\/logo\\\/image\\\/\"},\"sameAs\":[\"https:\\\/\\\/www.facebook.com\\\/profile.php?id=100089561384328\"]},{\"@type\":\"Person\",\"@id\":\"https:\\\/\\\/refugesdemarie.fr\\\/#\\\/schema\\\/person\\\/3bda0c49569f70f4dcfbe78b7e174b11\",\"name\":\"refugesdemarie@gmail.com\",\"image\":{\"@type\":\"ImageObject\",\"inLanguage\":\"fr-FR\",\"@id\":\"https:\\\/\\\/secure.gravatar.com\\\/avatar\\\/43491e46ee54b6706285b166679fe98aa620b1849d376153f6bc028852c019f7?s=96&d=mm&r=g\",\"url\":\"https:\\\/\\\/secure.gravatar.com\\\/avatar\\\/43491e46ee54b6706285b166679fe98aa620b1849d376153f6bc028852c019f7?s=96&d=mm&r=g\",\"contentUrl\":\"https:\\\/\\\/secure.gravatar.com\\\/avatar\\\/43491e46ee54b6706285b166679fe98aa620b1849d376153f6bc028852c019f7?s=96&d=mm&r=g\",\"caption\":\"refugesdemarie@gmail.com\"},\"sameAs\":[\"https:\\\/\\\/refugesdemarie.fr\",\"https:\\\/\\\/www.facebook.com\\\/profile.php?id=100089561384328\",\"https:\\\/\\\/www.youtube.com\\\/channel\\\/UCXOznkQcnNvuMDGDg11ZPfg\"],\"url\":\"https:\\\/\\\/refugesdemarie.fr\\\/index.php\\\/author\\\/com-coeur-immaculegmail-com\\\/\"}]}<\/script>\n<!-- \/ Yoast SEO plugin. -->","yoast_head_json":{"title":"La ligne dans le sable - Communion des refuges du Coeur Immacul\u00e9 de Marie","description":"Avez-vous entendu la ligne rouge trac\u00e9e lors du Forum de Davos en Suisse ? \u201cLa mondialisation a \u00e9chou\u00e9 face \u00e0 l\u2019Occident\u2026\"","robots":{"index":"index","follow":"follow","max-snippet":"max-snippet:-1","max-image-preview":"max-image-preview:large","max-video-preview":"max-video-preview:-1"},"canonical":"https:\/\/refugesdemarie.fr\/index.php\/2026\/03\/13\/la-ligne-dans-le-sable\/","og_locale":"fr_FR","og_type":"article","og_title":"La ligne dans le sable - Communion des refuges du Coeur Immacul\u00e9 de Marie","og_description":"Avez-vous entendu la ligne rouge trac\u00e9e lors du Forum de Davos en Suisse ? \u201cLa mondialisation a \u00e9chou\u00e9 face \u00e0 l\u2019Occident\u2026\"","og_url":"https:\/\/refugesdemarie.fr\/index.php\/2026\/03\/13\/la-ligne-dans-le-sable\/","og_site_name":"Communion des refuges du Coeur Immacul\u00e9 de Marie","article_publisher":"https:\/\/www.facebook.com\/profile.php?id=100089561384328","article_author":"https:\/\/www.facebook.com\/profile.php?id=100089561384328","article_published_time":"2026-03-13T15:45:18+00:00","og_image":[{"width":768,"height":494,"url":"https:\/\/refugesdemarie.fr\/wp-content\/uploads\/2026\/03\/America-in-the-Way-768x494-1.jpg","type":"image\/jpeg"}],"author":"refugesdemarie@gmail.com","twitter_card":"summary_large_image","twitter_misc":{"\u00c9crit par":"refugesdemarie@gmail.com","Dur\u00e9e de lecture estim\u00e9e":"12 minutes"},"schema":{"@context":"https:\/\/schema.org","@graph":[{"@type":"Article","@id":"https:\/\/refugesdemarie.fr\/index.php\/2026\/03\/13\/la-ligne-dans-le-sable\/#article","isPartOf":{"@id":"https:\/\/refugesdemarie.fr\/index.php\/2026\/03\/13\/la-ligne-dans-le-sable\/"},"author":{"name":"refugesdemarie@gmail.com","@id":"https:\/\/refugesdemarie.fr\/#\/schema\/person\/3bda0c49569f70f4dcfbe78b7e174b11"},"headline":"La ligne dans le sable","datePublished":"2026-03-13T15:45:18+00:00","mainEntityOfPage":{"@id":"https:\/\/refugesdemarie.fr\/index.php\/2026\/03\/13\/la-ligne-dans-le-sable\/"},"wordCount":3564,"publisher":{"@id":"https:\/\/refugesdemarie.fr\/#organization"},"image":{"@id":"https:\/\/refugesdemarie.fr\/index.php\/2026\/03\/13\/la-ligne-dans-le-sable\/#primaryimage"},"thumbnailUrl":"https:\/\/refugesdemarie.fr\/wp-content\/uploads\/2026\/03\/America-in-the-Way-768x494-1.jpg","articleSection":["Signes des temps"],"inLanguage":"fr-FR"},{"@type":"WebPage","@id":"https:\/\/refugesdemarie.fr\/index.php\/2026\/03\/13\/la-ligne-dans-le-sable\/","url":"https:\/\/refugesdemarie.fr\/index.php\/2026\/03\/13\/la-ligne-dans-le-sable\/","name":"La ligne dans le sable - Communion des refuges du Coeur Immacul\u00e9 de Marie","isPartOf":{"@id":"https:\/\/refugesdemarie.fr\/#website"},"primaryImageOfPage":{"@id":"https:\/\/refugesdemarie.fr\/index.php\/2026\/03\/13\/la-ligne-dans-le-sable\/#primaryimage"},"image":{"@id":"https:\/\/refugesdemarie.fr\/index.php\/2026\/03\/13\/la-ligne-dans-le-sable\/#primaryimage"},"thumbnailUrl":"https:\/\/refugesdemarie.fr\/wp-content\/uploads\/2026\/03\/America-in-the-Way-768x494-1.jpg","datePublished":"2026-03-13T15:45:18+00:00","description":"Avez-vous entendu la ligne rouge trac\u00e9e lors du Forum de Davos en Suisse ? \u201cLa mondialisation a \u00e9chou\u00e9 face \u00e0 l\u2019Occident\u2026\"","breadcrumb":{"@id":"https:\/\/refugesdemarie.fr\/index.php\/2026\/03\/13\/la-ligne-dans-le-sable\/#breadcrumb"},"inLanguage":"fr-FR","potentialAction":[{"@type":"ReadAction","target":["https:\/\/refugesdemarie.fr\/index.php\/2026\/03\/13\/la-ligne-dans-le-sable\/"]}]},{"@type":"ImageObject","inLanguage":"fr-FR","@id":"https:\/\/refugesdemarie.fr\/index.php\/2026\/03\/13\/la-ligne-dans-le-sable\/#primaryimage","url":"https:\/\/refugesdemarie.fr\/wp-content\/uploads\/2026\/03\/America-in-the-Way-768x494-1.jpg","contentUrl":"https:\/\/refugesdemarie.fr\/wp-content\/uploads\/2026\/03\/America-in-the-Way-768x494-1.jpg","width":768,"height":494,"caption":"Closed US Border and American Global Isolation as a blocked economic and political philosophy as a wall with a United States flag blocking international countries from joining America with tariffs and sanctions."},{"@type":"BreadcrumbList","@id":"https:\/\/refugesdemarie.fr\/index.php\/2026\/03\/13\/la-ligne-dans-le-sable\/#breadcrumb","itemListElement":[{"@type":"ListItem","position":1,"name":"Accueil","item":"https:\/\/refugesdemarie.fr\/"},{"@type":"ListItem","position":2,"name":"La ligne dans le sable"}]},{"@type":"WebSite","@id":"https:\/\/refugesdemarie.fr\/#website","url":"https:\/\/refugesdemarie.fr\/","name":"Communion des refuges du Coeur Immacul\u00e9 de Marie","description":"","publisher":{"@id":"https:\/\/refugesdemarie.fr\/#organization"},"potentialAction":[{"@type":"SearchAction","target":{"@type":"EntryPoint","urlTemplate":"https:\/\/refugesdemarie.fr\/?s={search_term_string}"},"query-input":{"@type":"PropertyValueSpecification","valueRequired":true,"valueName":"search_term_string"}}],"inLanguage":"fr-FR"},{"@type":"Organization","@id":"https:\/\/refugesdemarie.fr\/#organization","name":"Communion des refuges du Coeur Immacul\u00e9 de Marie","url":"https:\/\/refugesdemarie.fr\/","logo":{"@type":"ImageObject","inLanguage":"fr-FR","@id":"https:\/\/refugesdemarie.fr\/#\/schema\/logo\/image\/","url":"https:\/\/refugesdemarie.fr\/wp-content\/uploads\/2023\/01\/cropped-Logo-Communion-des-Refuges-6.jpg","contentUrl":"https:\/\/refugesdemarie.fr\/wp-content\/uploads\/2023\/01\/cropped-Logo-Communion-des-Refuges-6.jpg","width":1199,"height":377,"caption":"Communion des refuges du Coeur Immacul\u00e9 de Marie"},"image":{"@id":"https:\/\/refugesdemarie.fr\/#\/schema\/logo\/image\/"},"sameAs":["https:\/\/www.facebook.com\/profile.php?id=100089561384328"]},{"@type":"Person","@id":"https:\/\/refugesdemarie.fr\/#\/schema\/person\/3bda0c49569f70f4dcfbe78b7e174b11","name":"refugesdemarie@gmail.com","image":{"@type":"ImageObject","inLanguage":"fr-FR","@id":"https:\/\/secure.gravatar.com\/avatar\/43491e46ee54b6706285b166679fe98aa620b1849d376153f6bc028852c019f7?s=96&d=mm&r=g","url":"https:\/\/secure.gravatar.com\/avatar\/43491e46ee54b6706285b166679fe98aa620b1849d376153f6bc028852c019f7?s=96&d=mm&r=g","contentUrl":"https:\/\/secure.gravatar.com\/avatar\/43491e46ee54b6706285b166679fe98aa620b1849d376153f6bc028852c019f7?s=96&d=mm&r=g","caption":"refugesdemarie@gmail.com"},"sameAs":["https:\/\/refugesdemarie.fr","https:\/\/www.facebook.com\/profile.php?id=100089561384328","https:\/\/www.youtube.com\/channel\/UCXOznkQcnNvuMDGDg11ZPfg"],"url":"https:\/\/refugesdemarie.fr\/index.php\/author\/com-coeur-immaculegmail-com\/"}]}},"_links":{"self":[{"href":"https:\/\/refugesdemarie.fr\/index.php\/wp-json\/wp\/v2\/posts\/3091","targetHints":{"allow":["GET"]}}],"collection":[{"href":"https:\/\/refugesdemarie.fr\/index.php\/wp-json\/wp\/v2\/posts"}],"about":[{"href":"https:\/\/refugesdemarie.fr\/index.php\/wp-json\/wp\/v2\/types\/post"}],"author":[{"embeddable":true,"href":"https:\/\/refugesdemarie.fr\/index.php\/wp-json\/wp\/v2\/users\/1"}],"replies":[{"embeddable":true,"href":"https:\/\/refugesdemarie.fr\/index.php\/wp-json\/wp\/v2\/comments?post=3091"}],"version-history":[{"count":3,"href":"https:\/\/refugesdemarie.fr\/index.php\/wp-json\/wp\/v2\/posts\/3091\/revisions"}],"predecessor-version":[{"id":3100,"href":"https:\/\/refugesdemarie.fr\/index.php\/wp-json\/wp\/v2\/posts\/3091\/revisions\/3100"}],"wp:featuredmedia":[{"embeddable":true,"href":"https:\/\/refugesdemarie.fr\/index.php\/wp-json\/wp\/v2\/media\/3098"}],"wp:attachment":[{"href":"https:\/\/refugesdemarie.fr\/index.php\/wp-json\/wp\/v2\/media?parent=3091"}],"wp:term":[{"taxonomy":"category","embeddable":true,"href":"https:\/\/refugesdemarie.fr\/index.php\/wp-json\/wp\/v2\/categories?post=3091"},{"taxonomy":"post_tag","embeddable":true,"href":"https:\/\/refugesdemarie.fr\/index.php\/wp-json\/wp\/v2\/tags?post=3091"}],"curies":[{"name":"wp","href":"https:\/\/api.w.org\/{rel}","templated":true}]}}