{"id":3129,"date":"2026-05-01T15:55:53","date_gmt":"2026-05-01T15:55:53","guid":{"rendered":"https:\/\/refugesdemarie.fr\/?p=3129"},"modified":"2026-03-24T04:52:35","modified_gmt":"2026-03-24T04:52:35","slug":"marie-nous-est-envoyee","status":"publish","type":"post","link":"https:\/\/refugesdemarie.fr\/index.php\/2026\/05\/01\/marie-nous-est-envoyee\/","title":{"rendered":"Marie nous est envoy\u00e9e\u2026 La Vierge est le Signe des temps et de la grande Esp\u00e9rance\u00a0!"},"content":{"rendered":"<div class=\"pdfprnt-buttons pdfprnt-buttons-post pdfprnt-top-right\"><a href=\"https:\/\/refugesdemarie.fr\/index.php\/wp-json\/wp\/v2\/posts\/3129?print=print\" class=\"pdfprnt-button pdfprnt-button-print\" target=\"_blank\" ><img decoding=\"async\" src=\"https:\/\/refugesdemarie.fr\/wp-content\/plugins\/pdf-print\/images\/print.png\" alt=\"image_print\" title=\"Contenu imprim\u00e9\" \/><\/a><\/div><h1 style=\"text-align: center;\"><strong>Marie nous est envoy\u00e9e\u2026<\/strong><\/h1>\n<h2 style=\"text-align: center;\"><strong>\u00a0\u00a0\u00a0\u00a0\u00a0\u00a0\u00a0\u00a0\u00a0\u00a0\u00a0\u00a0\u00a0\u00a0\u00a0\u00a0 \u00a0\u00a0<\/strong><strong>1 \u2013 La Vierge est le Signe des temps et de la grande Esp\u00e9rance\u00a0!<\/strong><\/h2>\n<p><strong>\u00a0\u00a0\u00a0\u00a0\u00a0 <\/strong>Nous sommes arriv\u00e9s dans <strong>\u00ab\u00a0les temps de la grande Epreuve et de la grande Esp\u00e9rance\u00a0\u00bb <\/strong>comme l\u2019a si souvent annonc\u00e9 Saint Jean Paul II. Au seuil de l\u2019An 2000, il voyait se dessiner le monde postmoderne qui est le n\u00f4tre\u00a0: <strong>\u00ab\u00a0En r\u00e9alisant un monde sans Dieu, on r\u00e9alise une soci\u00e9t\u00e9 contre l\u2019homme\u2026 car sans la lumi\u00e8re du Christ, tout devient \u00e9nigmatique, obscur, contradictoire et m\u00eame absurde<a href=\"#_ftn1\" name=\"_ftnref1\">[1]<\/a>\u00a0<\/strong>!\u00a0\u00bb Et lui qui, apr\u00e8s son attentat, fut si li\u00e9 \u00e0 Fatima a \u00e9t\u00e9 <strong>\u00ab\u00a0le signe de la Vierge\u00a0\u00bb <\/strong>pour notre temps\u00a0: en effet, sa vie t\u00e9moigne que celui ou celle qui est <strong>\u00ab\u00a0tout \u00e0 Marie\u00a0\u00bb <\/strong>est tendrement prot\u00e9g\u00e9\u2026<\/p>\n<p>Tournons-nous donc r\u00e9solument vers notre M\u00e8re du Ciel qui veille sur nous \u00e0 chaque instant\u00a0! Car nous sommes entr\u00e9s aujourd\u2019hui dans l\u2019ultime \u00e9preuve aux deux tentations redoutables\u00a0: celle du monde actuel o\u00f9 s\u2019op\u00e8re un \u00e9croulement de la civilisation jud\u00e9o-chr\u00e9tienne pour laisser place \u00e0 la tentation globale du transhumanisme\u2026 et l\u2019autre, \u00e0 l\u2019int\u00e9rieur m\u00eame de l\u2019Eglise, o\u00f9 des forces obscures sont en train de <strong>\u00ab\u00a0d\u00e9truire la foi catholique en la vidant de sa substance\u00a0!\u00a0\u00bb <\/strong>C\u2019est v\u00e9ritablement l\u2019\u00e9mergence de la Babylone ultime que d\u00e9crivait proph\u00e9tiquement le Pape Beno\u00eet XVI\u00a0:<\/p>\n<p><strong>\u00ab L\u2019Apocalypse de Saint Jean \u00e9num\u00e8re parmi les grands p\u00e9ch\u00e9s de la Babylone &#8211; symbole des grandes villes irr\u00e9ligieuses du monde &#8211; le fait d\u2019exercer le commerce des corps et des \u00e2mes et d\u2019en faire une marchandise <\/strong>(Ap 18,13). <strong>Dans ce contexte se pose aussi le probl\u00e8me de la drogue, qui avec une force croissante \u00e9tend ses tentacules autour de tout le globe terrestre \u2013 expression \u00e9loquente de la dictature de Mammon qui pervertit l\u2019homme\u2026<\/strong><\/p>\n<p><strong>\u00a0\u00a0\u00a0\u00a0\u00a0\u00a0\u00a0\u00a0\u00a0 Tout plaisir devient insuffisant et l\u2019exc\u00e8s dans la tromperie de l\u2019ivresse devient une violence qui d\u00e9chire des r\u00e9gions enti\u00e8res, et cela au nom d\u2019un malentendu fatal de la libert\u00e9, o\u00f9 justement la libert\u00e9 de l\u2019homme est min\u00e9e et \u00e0 la fin compl\u00e8tement an\u00e9antie<a href=\"#_ftn2\" name=\"_ftnref2\">[2]<\/a>\u00a0!\u00a0\u00bb<\/strong><\/p>\n<p><strong>\u00a0\u00a0\u00a0\u00a0\u00a0 <\/strong>Aussi, sur les traces de Saint Jean-Paul II, Beno\u00eet XVI se tourne vers la M\u00e8re de l\u2019Eglise\u00a0:<\/p>\n<p><strong>\u00ab\u00a0L\u2019ic\u00f4ne de l\u2019Annonciation nous fait comprendre clairement, mieux que n\u2019importe quelle autre, que tout dans l\u2019Eglise remonte \u00e0 ce moment l\u00e0\u2026 \u00e0 ce myst\u00e8re d\u2019accueil du Verbe divin, o\u00f9, par l\u2019action de l\u2019Esprit Saint, l\u2019alliance entre Dieu et l\u2019humanit\u00e9 a \u00e9t\u00e9 scell\u00e9e de mani\u00e8re parfaite\u2026<\/strong><\/p>\n<p><strong>\u00a0\u00a0\u00a0\u00a0\u00a0\u00a0\u00a0\u00a0\u00a0 Je veux exprimer \u00e0 Marie ma gratitude pour le soutien qu\u2019Elle m\u2019apporte dans mon service quotidien de l\u2019Eglise\u2026 car Tout dans l\u2019Eglise, chaque institution et minist\u00e8re, y compris celui de Pierre et de ses successeurs, est \u00ab\u00a0envelopp\u00e9\u00a0\u00bb par le manteau de la Vierge<a href=\"#_ftn3\" name=\"_ftnref3\">[3]<\/a>\u00a0!\u00a0\u00bb<\/strong><\/p>\n<p><strong>\u00a0\u00a0\u00a0\u00a0 <\/strong>\u00a0\u00a0Ainsi, c\u2019est en regardant<strong> \u00ab\u00a0avec et en Marie\u00a0\u00bb la vie du Sauveur <\/strong>dans le myst\u00e8re de la foi que l\u2019on peut comprendre, de l\u2019int\u00e9rieur, les bouleversements terribles de l\u2019histoire de l\u2019Eglise\u00a0: en effet, elle est et a d\u00e9j\u00e0 \u00e9t\u00e9 violemment <strong>attaqu\u00e9e<\/strong> <strong>de l\u2019ext\u00e9rieur<\/strong>, mais elle va \u00eatre comme jamais <strong>divis\u00e9e de l\u2019int\u00e9rieur<\/strong>, violent\u00e9e et trahie sur plusieurs fronts\u2026 et sans doute <strong>mourir comme son Seigneur\u00a0! <\/strong><\/p>\n<p><strong>\u00a0\u00a0\u00a0\u00a0\u00a0\u00a0 <\/strong>Mais <strong>un petit reste fid\u00e8le et cach\u00e9 demeurera, envelopp\u00e9 et prot\u00e9g\u00e9 par la tendresse de la Vierge\u2026 et comme son Sauveur crucifi\u00e9, l\u2019Eglise ressuscitera\u00a0! <\/strong>Et, sans tomber dans le pi\u00e8ge de la datation, on peut avancer que <strong>nous sommes entr\u00e9s dans ce temps<\/strong> <strong>de \u00ab\u00a0la grande Epreuve et de la grande Esp\u00e9rance\u00a0\u00bb. <\/strong>Car nous savons que <strong>la promesse de J\u00e9sus \u00e0 Pierre<\/strong> traverse le temps et qu\u2019elle fonde notre confiance<strong>. Gardons l\u00e0\u00a0 fid\u00e8lement en nos c\u0153urs\u00a0:<\/strong><\/p>\n<p><strong>\u00a0\u00a0\u00a0\u00a0\u00a0\u00a0 \u00ab\u00a0Tu es Pierre et sur cette pierre, je b\u00e2tirai mon Eglise et les portes de l\u2019Enfer ne tiendront pas contre elle\u00a0!\u00a0\u00bb <\/strong>(Mt 16,16).<\/p>\n<p style=\"text-align: right;\">\u00a0\u00a0\u00a0\u00a0\u00a0\u00a0\u00a0\u00a0\u00a0\u00a0\u00a0\u00a0\u00a0\u00a0\u00a0\u00a0\u00a0\u00a0\u00a0\u00a0\u00a0\u00a0\u00a0\u00a0\u00a0\u00a0\u00a0\u00a0\u00a0\u00a0\u00a0\u00a0\u00a0\u00a0\u00a0\u00a0\u00a0\u00a0\u00a0\u00a0\u00a0\u00a0\u00a0\u00a0\u00a0\u00a0\u00a0\u00a0\u00a0\u00a0\u00a0\u00a0\u00a0\u00a0\u00a0\u00a0\u00a0\u00a0\u00a0\u00a0\u00a0\u00a0\u00a0\u00a0\u00a0\u00a0\u00a0\u00a0\u00a0\u00a0\u00a0\u00a0\u00a0\u00a0\u00a0\u00a0\u00a0\u00a0\u00a0\u00a0\u00a0\u00a0\u00a0\u00a0\u00a0\u00a0\u00a0\u00a0\u00a0\u00a0\u00a0\u00a0\u00a0\u00a0\u00a0\u00a0\u00a0\u00a0 <strong>+Marie-Micka\u00ebl\u00a0\u00a0\u00a0 <\/strong><\/p>\n<p>&nbsp;<\/p>\n<p><a href=\"#_ftnref1\" name=\"_ftn1\">[1]<\/a> Saint Jean-Paul II, <em>Symposium des Ev\u00eaques d\u2019Europe<\/em>, octobre 1999.<\/p>\n<p><a href=\"#_ftnref2\" name=\"_ftn2\">[2]<\/a> Beno\u00eet XVI, V\u0153ux de No\u00ebl 2010 \u00e0 la Curie Romaine.<\/p>\n<p><a href=\"#_ftnref3\" name=\"_ftn3\">[3]<\/a> Beno\u00eet XVI, Rome, Hom\u00e9lie 25 mars 2006 et discours 31 mai 2006.<\/p>\n","protected":false},"excerpt":{"rendered":"<p>Marie nous est envoy\u00e9e\u2026 \u00a0\u00a0\u00a0\u00a0\u00a0\u00a0\u00a0\u00a0\u00a0\u00a0\u00a0\u00a0\u00a0\u00a0\u00a0\u00a0 \u00a0\u00a01 \u2013 La Vierge est le Signe des temps et de la grande Esp\u00e9rance\u00a0! \u00a0\u00a0\u00a0\u00a0\u00a0 Nous sommes arriv\u00e9s dans \u00ab\u00a0les temps de la grande Epreuve et de la grande Esp\u00e9rance\u00a0\u00bb comme l\u2019a si souvent annonc\u00e9 Saint Jean Paul II. Au seuil de l\u2019An 2000, il voyait se dessiner le monde [&hellip;]<\/p>\n","protected":false},"author":1,"featured_media":3130,"comment_status":"closed","ping_status":"closed","sticky":false,"template":"","format":"standard","meta":{"ocean_post_layout":"","ocean_both_sidebars_style":"","ocean_both_sidebars_content_width":0,"ocean_both_sidebars_sidebars_width":0,"ocean_sidebar":"0","ocean_second_sidebar":"0","ocean_disable_margins":"enable","ocean_add_body_class":"","ocean_shortcode_before_top_bar":"","ocean_shortcode_after_top_bar":"","ocean_shortcode_before_header":"","ocean_shortcode_after_header":"","ocean_has_shortcode":"","ocean_shortcode_after_title":"","ocean_shortcode_before_footer_widgets":"","ocean_shortcode_after_footer_widgets":"","ocean_shortcode_before_footer_bottom":"","ocean_shortcode_after_footer_bottom":"","ocean_display_top_bar":"default","ocean_display_header":"default","ocean_header_style":"","ocean_center_header_left_menu":"0","ocean_custom_header_template":"0","ocean_custom_logo":0,"ocean_custom_retina_logo":0,"ocean_custom_logo_max_width":0,"ocean_custom_logo_tablet_max_width":0,"ocean_custom_logo_mobile_max_width":0,"ocean_custom_logo_max_height":0,"ocean_custom_logo_tablet_max_height":0,"ocean_custom_logo_mobile_max_height":0,"ocean_header_custom_menu":"0","ocean_menu_typo_font_family":"0","ocean_menu_typo_font_subset":"","ocean_menu_typo_font_size":0,"ocean_menu_typo_font_size_tablet":0,"ocean_menu_typo_font_size_mobile":0,"ocean_menu_typo_font_size_unit":"px","ocean_menu_typo_font_weight":"","ocean_menu_typo_font_weight_tablet":"","ocean_menu_typo_font_weight_mobile":"","ocean_menu_typo_transform":"","ocean_menu_typo_transform_tablet":"","ocean_menu_typo_transform_mobile":"","ocean_menu_typo_line_height":0,"ocean_menu_typo_line_height_tablet":0,"ocean_menu_typo_line_height_mobile":0,"ocean_menu_typo_line_height_unit":"","ocean_menu_typo_spacing":0,"ocean_menu_typo_spacing_tablet":0,"ocean_menu_typo_spacing_mobile":0,"ocean_menu_typo_spacing_unit":"","ocean_menu_link_color":"","ocean_menu_link_color_hover":"","ocean_menu_link_color_active":"","ocean_menu_link_background":"","ocean_menu_link_hover_background":"","ocean_menu_link_active_background":"","ocean_menu_social_links_bg":"","ocean_menu_social_hover_links_bg":"","ocean_menu_social_links_color":"","ocean_menu_social_hover_links_color":"","ocean_disable_title":"default","ocean_disable_heading":"default","ocean_post_title":"","ocean_post_subheading":"","ocean_post_title_style":"","ocean_post_title_background_color":"","ocean_post_title_background":0,"ocean_post_title_bg_image_position":"","ocean_post_title_bg_image_attachment":"","ocean_post_title_bg_image_repeat":"","ocean_post_title_bg_image_size":"","ocean_post_title_height":0,"ocean_post_title_bg_overlay":0.5,"ocean_post_title_bg_overlay_color":"","ocean_disable_breadcrumbs":"default","ocean_breadcrumbs_color":"","ocean_breadcrumbs_separator_color":"","ocean_breadcrumbs_links_color":"","ocean_breadcrumbs_links_hover_color":"","ocean_display_footer_widgets":"default","ocean_display_footer_bottom":"default","ocean_custom_footer_template":"0","ocean_post_oembed":"","ocean_post_self_hosted_media":"","ocean_post_video_embed":"","ocean_link_format":"","ocean_link_format_target":"self","ocean_quote_format":"","ocean_quote_format_link":"post","ocean_gallery_link_images":"on","ocean_gallery_id":[],"footnotes":""},"categories":[46,44],"tags":[],"class_list":["post-3129","post","type-post","status-publish","format-standard","has-post-thumbnail","hentry","category-articles-de-marie-mickael","category-enseignements-foi-parole","entry","has-media"],"yoast_head":"<!-- This site is optimized with the Yoast SEO plugin v27.4 - https:\/\/yoast.com\/product\/yoast-seo-wordpress\/ -->\n<title>Marie nous est envoy\u00e9e\u2026 La Vierge est le Signe des temps et de la grande Esp\u00e9rance\u00a0! - Communion des refuges du Coeur Immacul\u00e9 de Marie<\/title>\n<meta name=\"description\" content=\"Tout dans l\u2019Eglise, chaque institution et minist\u00e8re, y compris celui de Pierre et de ses successeurs, est \u00ab\u00a0envelopp\u00e9\u00a0\u00bb par le manteau de la Vierge...\" \/>\n<meta name=\"robots\" content=\"index, follow, max-snippet:-1, max-image-preview:large, max-video-preview:-1\" \/>\n<link rel=\"canonical\" href=\"https:\/\/refugesdemarie.fr\/index.php\/2026\/05\/01\/marie-nous-est-envoyee\/\" \/>\n<meta property=\"og:locale\" content=\"fr_FR\" \/>\n<meta property=\"og:type\" content=\"article\" \/>\n<meta property=\"og:title\" content=\"Marie nous est envoy\u00e9e\u2026 La Vierge est le Signe des temps et de la grande Esp\u00e9rance\u00a0! - Communion des refuges du Coeur Immacul\u00e9 de Marie\" \/>\n<meta property=\"og:description\" content=\"Tout dans l\u2019Eglise, chaque institution et minist\u00e8re, y compris celui de Pierre et de ses successeurs, est \u00ab\u00a0envelopp\u00e9\u00a0\u00bb par le manteau de la Vierge...\" \/>\n<meta property=\"og:url\" content=\"https:\/\/refugesdemarie.fr\/index.php\/2026\/05\/01\/marie-nous-est-envoyee\/\" \/>\n<meta property=\"og:site_name\" content=\"Communion des refuges du Coeur Immacul\u00e9 de Marie\" \/>\n<meta property=\"article:publisher\" content=\"https:\/\/www.facebook.com\/profile.php?id=100089561384328\" \/>\n<meta property=\"article:author\" content=\"https:\/\/www.facebook.com\/profile.php?id=100089561384328\" \/>\n<meta property=\"article:published_time\" content=\"2026-05-01T15:55:53+00:00\" \/>\n<meta property=\"og:image\" content=\"https:\/\/refugesdemarie.fr\/wp-content\/uploads\/2026\/03\/ND-Ephese-scaled.jpg\" \/>\n\t<meta property=\"og:image:width\" content=\"1211\" \/>\n\t<meta property=\"og:image:height\" content=\"2560\" \/>\n\t<meta property=\"og:image:type\" content=\"image\/jpeg\" \/>\n<meta name=\"author\" content=\"refugesdemarie@gmail.com\" \/>\n<meta name=\"twitter:card\" content=\"summary_large_image\" \/>\n<meta name=\"twitter:label1\" content=\"\u00c9crit par\" \/>\n\t<meta name=\"twitter:data1\" content=\"refugesdemarie@gmail.com\" \/>\n\t<meta name=\"twitter:label2\" content=\"Dur\u00e9e de lecture estim\u00e9e\" \/>\n\t<meta name=\"twitter:data2\" content=\"4 minutes\" \/>\n<script type=\"application\/ld+json\" class=\"yoast-schema-graph\">{\"@context\":\"https:\\\/\\\/schema.org\",\"@graph\":[{\"@type\":\"Article\",\"@id\":\"https:\\\/\\\/refugesdemarie.fr\\\/index.php\\\/2026\\\/05\\\/01\\\/marie-nous-est-envoyee\\\/#article\",\"isPartOf\":{\"@id\":\"https:\\\/\\\/refugesdemarie.fr\\\/index.php\\\/2026\\\/05\\\/01\\\/marie-nous-est-envoyee\\\/\"},\"author\":{\"name\":\"refugesdemarie@gmail.com\",\"@id\":\"https:\\\/\\\/refugesdemarie.fr\\\/#\\\/schema\\\/person\\\/3bda0c49569f70f4dcfbe78b7e174b11\"},\"headline\":\"Marie nous est envoy\u00e9e\u2026 La Vierge est le Signe des temps et de la grande Esp\u00e9rance\u00a0!\",\"datePublished\":\"2026-05-01T15:55:53+00:00\",\"mainEntityOfPage\":{\"@id\":\"https:\\\/\\\/refugesdemarie.fr\\\/index.php\\\/2026\\\/05\\\/01\\\/marie-nous-est-envoyee\\\/\"},\"wordCount\":736,\"publisher\":{\"@id\":\"https:\\\/\\\/refugesdemarie.fr\\\/#organization\"},\"image\":{\"@id\":\"https:\\\/\\\/refugesdemarie.fr\\\/index.php\\\/2026\\\/05\\\/01\\\/marie-nous-est-envoyee\\\/#primaryimage\"},\"thumbnailUrl\":\"https:\\\/\\\/refugesdemarie.fr\\\/wp-content\\\/uploads\\\/2026\\\/03\\\/ND-Ephese-scaled.jpg\",\"articleSection\":[\"Articles de Marie-Micka\u00ebl\",\"Enseignements (Foi, Parole...)\"],\"inLanguage\":\"fr-FR\"},{\"@type\":\"WebPage\",\"@id\":\"https:\\\/\\\/refugesdemarie.fr\\\/index.php\\\/2026\\\/05\\\/01\\\/marie-nous-est-envoyee\\\/\",\"url\":\"https:\\\/\\\/refugesdemarie.fr\\\/index.php\\\/2026\\\/05\\\/01\\\/marie-nous-est-envoyee\\\/\",\"name\":\"Marie nous est envoy\u00e9e\u2026 La Vierge est le Signe des temps et de la grande Esp\u00e9rance\u00a0! - Communion des refuges du Coeur Immacul\u00e9 de Marie\",\"isPartOf\":{\"@id\":\"https:\\\/\\\/refugesdemarie.fr\\\/#website\"},\"primaryImageOfPage\":{\"@id\":\"https:\\\/\\\/refugesdemarie.fr\\\/index.php\\\/2026\\\/05\\\/01\\\/marie-nous-est-envoyee\\\/#primaryimage\"},\"image\":{\"@id\":\"https:\\\/\\\/refugesdemarie.fr\\\/index.php\\\/2026\\\/05\\\/01\\\/marie-nous-est-envoyee\\\/#primaryimage\"},\"thumbnailUrl\":\"https:\\\/\\\/refugesdemarie.fr\\\/wp-content\\\/uploads\\\/2026\\\/03\\\/ND-Ephese-scaled.jpg\",\"datePublished\":\"2026-05-01T15:55:53+00:00\",\"description\":\"Tout dans l\u2019Eglise, chaque institution et minist\u00e8re, y compris celui de Pierre et de ses successeurs, est \u00ab\u00a0envelopp\u00e9\u00a0\u00bb par le manteau de la Vierge...\",\"breadcrumb\":{\"@id\":\"https:\\\/\\\/refugesdemarie.fr\\\/index.php\\\/2026\\\/05\\\/01\\\/marie-nous-est-envoyee\\\/#breadcrumb\"},\"inLanguage\":\"fr-FR\",\"potentialAction\":[{\"@type\":\"ReadAction\",\"target\":[\"https:\\\/\\\/refugesdemarie.fr\\\/index.php\\\/2026\\\/05\\\/01\\\/marie-nous-est-envoyee\\\/\"]}]},{\"@type\":\"ImageObject\",\"inLanguage\":\"fr-FR\",\"@id\":\"https:\\\/\\\/refugesdemarie.fr\\\/index.php\\\/2026\\\/05\\\/01\\\/marie-nous-est-envoyee\\\/#primaryimage\",\"url\":\"https:\\\/\\\/refugesdemarie.fr\\\/wp-content\\\/uploads\\\/2026\\\/03\\\/ND-Ephese-scaled.jpg\",\"contentUrl\":\"https:\\\/\\\/refugesdemarie.fr\\\/wp-content\\\/uploads\\\/2026\\\/03\\\/ND-Ephese-scaled.jpg\",\"width\":1211,\"height\":2560},{\"@type\":\"BreadcrumbList\",\"@id\":\"https:\\\/\\\/refugesdemarie.fr\\\/index.php\\\/2026\\\/05\\\/01\\\/marie-nous-est-envoyee\\\/#breadcrumb\",\"itemListElement\":[{\"@type\":\"ListItem\",\"position\":1,\"name\":\"Accueil\",\"item\":\"https:\\\/\\\/refugesdemarie.fr\\\/\"},{\"@type\":\"ListItem\",\"position\":2,\"name\":\"Marie nous est envoy\u00e9e\u2026 La Vierge est le Signe des temps et de la grande Esp\u00e9rance\u00a0!\"}]},{\"@type\":\"WebSite\",\"@id\":\"https:\\\/\\\/refugesdemarie.fr\\\/#website\",\"url\":\"https:\\\/\\\/refugesdemarie.fr\\\/\",\"name\":\"Communion des refuges du Coeur Immacul\u00e9 de Marie\",\"description\":\"\",\"publisher\":{\"@id\":\"https:\\\/\\\/refugesdemarie.fr\\\/#organization\"},\"potentialAction\":[{\"@type\":\"SearchAction\",\"target\":{\"@type\":\"EntryPoint\",\"urlTemplate\":\"https:\\\/\\\/refugesdemarie.fr\\\/?s={search_term_string}\"},\"query-input\":{\"@type\":\"PropertyValueSpecification\",\"valueRequired\":true,\"valueName\":\"search_term_string\"}}],\"inLanguage\":\"fr-FR\"},{\"@type\":\"Organization\",\"@id\":\"https:\\\/\\\/refugesdemarie.fr\\\/#organization\",\"name\":\"Communion des refuges du Coeur Immacul\u00e9 de Marie\",\"url\":\"https:\\\/\\\/refugesdemarie.fr\\\/\",\"logo\":{\"@type\":\"ImageObject\",\"inLanguage\":\"fr-FR\",\"@id\":\"https:\\\/\\\/refugesdemarie.fr\\\/#\\\/schema\\\/logo\\\/image\\\/\",\"url\":\"https:\\\/\\\/refugesdemarie.fr\\\/wp-content\\\/uploads\\\/2023\\\/01\\\/cropped-Logo-Communion-des-Refuges-6.jpg\",\"contentUrl\":\"https:\\\/\\\/refugesdemarie.fr\\\/wp-content\\\/uploads\\\/2023\\\/01\\\/cropped-Logo-Communion-des-Refuges-6.jpg\",\"width\":1199,\"height\":377,\"caption\":\"Communion des refuges du Coeur Immacul\u00e9 de Marie\"},\"image\":{\"@id\":\"https:\\\/\\\/refugesdemarie.fr\\\/#\\\/schema\\\/logo\\\/image\\\/\"},\"sameAs\":[\"https:\\\/\\\/www.facebook.com\\\/profile.php?id=100089561384328\"]},{\"@type\":\"Person\",\"@id\":\"https:\\\/\\\/refugesdemarie.fr\\\/#\\\/schema\\\/person\\\/3bda0c49569f70f4dcfbe78b7e174b11\",\"name\":\"refugesdemarie@gmail.com\",\"image\":{\"@type\":\"ImageObject\",\"inLanguage\":\"fr-FR\",\"@id\":\"https:\\\/\\\/secure.gravatar.com\\\/avatar\\\/43491e46ee54b6706285b166679fe98aa620b1849d376153f6bc028852c019f7?s=96&d=mm&r=g\",\"url\":\"https:\\\/\\\/secure.gravatar.com\\\/avatar\\\/43491e46ee54b6706285b166679fe98aa620b1849d376153f6bc028852c019f7?s=96&d=mm&r=g\",\"contentUrl\":\"https:\\\/\\\/secure.gravatar.com\\\/avatar\\\/43491e46ee54b6706285b166679fe98aa620b1849d376153f6bc028852c019f7?s=96&d=mm&r=g\",\"caption\":\"refugesdemarie@gmail.com\"},\"sameAs\":[\"https:\\\/\\\/refugesdemarie.fr\",\"https:\\\/\\\/www.facebook.com\\\/profile.php?id=100089561384328\",\"https:\\\/\\\/www.youtube.com\\\/channel\\\/UCXOznkQcnNvuMDGDg11ZPfg\"],\"url\":\"https:\\\/\\\/refugesdemarie.fr\\\/index.php\\\/author\\\/com-coeur-immaculegmail-com\\\/\"}]}<\/script>\n<!-- \/ Yoast SEO plugin. -->","yoast_head_json":{"title":"Marie nous est envoy\u00e9e\u2026 La Vierge est le Signe des temps et de la grande Esp\u00e9rance\u00a0! - Communion des refuges du Coeur Immacul\u00e9 de Marie","description":"Tout dans l\u2019Eglise, chaque institution et minist\u00e8re, y compris celui de Pierre et de ses successeurs, est \u00ab\u00a0envelopp\u00e9\u00a0\u00bb par le manteau de la Vierge...","robots":{"index":"index","follow":"follow","max-snippet":"max-snippet:-1","max-image-preview":"max-image-preview:large","max-video-preview":"max-video-preview:-1"},"canonical":"https:\/\/refugesdemarie.fr\/index.php\/2026\/05\/01\/marie-nous-est-envoyee\/","og_locale":"fr_FR","og_type":"article","og_title":"Marie nous est envoy\u00e9e\u2026 La Vierge est le Signe des temps et de la grande Esp\u00e9rance\u00a0! - Communion des refuges du Coeur Immacul\u00e9 de Marie","og_description":"Tout dans l\u2019Eglise, chaque institution et minist\u00e8re, y compris celui de Pierre et de ses successeurs, est \u00ab\u00a0envelopp\u00e9\u00a0\u00bb par le manteau de la Vierge...","og_url":"https:\/\/refugesdemarie.fr\/index.php\/2026\/05\/01\/marie-nous-est-envoyee\/","og_site_name":"Communion des refuges du Coeur Immacul\u00e9 de Marie","article_publisher":"https:\/\/www.facebook.com\/profile.php?id=100089561384328","article_author":"https:\/\/www.facebook.com\/profile.php?id=100089561384328","article_published_time":"2026-05-01T15:55:53+00:00","og_image":[{"width":1211,"height":2560,"url":"https:\/\/refugesdemarie.fr\/wp-content\/uploads\/2026\/03\/ND-Ephese-scaled.jpg","type":"image\/jpeg"}],"author":"refugesdemarie@gmail.com","twitter_card":"summary_large_image","twitter_misc":{"\u00c9crit par":"refugesdemarie@gmail.com","Dur\u00e9e de lecture estim\u00e9e":"4 minutes"},"schema":{"@context":"https:\/\/schema.org","@graph":[{"@type":"Article","@id":"https:\/\/refugesdemarie.fr\/index.php\/2026\/05\/01\/marie-nous-est-envoyee\/#article","isPartOf":{"@id":"https:\/\/refugesdemarie.fr\/index.php\/2026\/05\/01\/marie-nous-est-envoyee\/"},"author":{"name":"refugesdemarie@gmail.com","@id":"https:\/\/refugesdemarie.fr\/#\/schema\/person\/3bda0c49569f70f4dcfbe78b7e174b11"},"headline":"Marie nous est envoy\u00e9e\u2026 La Vierge est le Signe des temps et de la grande Esp\u00e9rance\u00a0!","datePublished":"2026-05-01T15:55:53+00:00","mainEntityOfPage":{"@id":"https:\/\/refugesdemarie.fr\/index.php\/2026\/05\/01\/marie-nous-est-envoyee\/"},"wordCount":736,"publisher":{"@id":"https:\/\/refugesdemarie.fr\/#organization"},"image":{"@id":"https:\/\/refugesdemarie.fr\/index.php\/2026\/05\/01\/marie-nous-est-envoyee\/#primaryimage"},"thumbnailUrl":"https:\/\/refugesdemarie.fr\/wp-content\/uploads\/2026\/03\/ND-Ephese-scaled.jpg","articleSection":["Articles de Marie-Micka\u00ebl","Enseignements (Foi, Parole...)"],"inLanguage":"fr-FR"},{"@type":"WebPage","@id":"https:\/\/refugesdemarie.fr\/index.php\/2026\/05\/01\/marie-nous-est-envoyee\/","url":"https:\/\/refugesdemarie.fr\/index.php\/2026\/05\/01\/marie-nous-est-envoyee\/","name":"Marie nous est envoy\u00e9e\u2026 La Vierge est le Signe des temps et de la grande Esp\u00e9rance\u00a0! - Communion des refuges du Coeur Immacul\u00e9 de Marie","isPartOf":{"@id":"https:\/\/refugesdemarie.fr\/#website"},"primaryImageOfPage":{"@id":"https:\/\/refugesdemarie.fr\/index.php\/2026\/05\/01\/marie-nous-est-envoyee\/#primaryimage"},"image":{"@id":"https:\/\/refugesdemarie.fr\/index.php\/2026\/05\/01\/marie-nous-est-envoyee\/#primaryimage"},"thumbnailUrl":"https:\/\/refugesdemarie.fr\/wp-content\/uploads\/2026\/03\/ND-Ephese-scaled.jpg","datePublished":"2026-05-01T15:55:53+00:00","description":"Tout dans l\u2019Eglise, chaque institution et minist\u00e8re, y compris celui de Pierre et de ses successeurs, est \u00ab\u00a0envelopp\u00e9\u00a0\u00bb par le manteau de la Vierge...","breadcrumb":{"@id":"https:\/\/refugesdemarie.fr\/index.php\/2026\/05\/01\/marie-nous-est-envoyee\/#breadcrumb"},"inLanguage":"fr-FR","potentialAction":[{"@type":"ReadAction","target":["https:\/\/refugesdemarie.fr\/index.php\/2026\/05\/01\/marie-nous-est-envoyee\/"]}]},{"@type":"ImageObject","inLanguage":"fr-FR","@id":"https:\/\/refugesdemarie.fr\/index.php\/2026\/05\/01\/marie-nous-est-envoyee\/#primaryimage","url":"https:\/\/refugesdemarie.fr\/wp-content\/uploads\/2026\/03\/ND-Ephese-scaled.jpg","contentUrl":"https:\/\/refugesdemarie.fr\/wp-content\/uploads\/2026\/03\/ND-Ephese-scaled.jpg","width":1211,"height":2560},{"@type":"BreadcrumbList","@id":"https:\/\/refugesdemarie.fr\/index.php\/2026\/05\/01\/marie-nous-est-envoyee\/#breadcrumb","itemListElement":[{"@type":"ListItem","position":1,"name":"Accueil","item":"https:\/\/refugesdemarie.fr\/"},{"@type":"ListItem","position":2,"name":"Marie nous est envoy\u00e9e\u2026 La Vierge est le Signe des temps et de la grande Esp\u00e9rance\u00a0!"}]},{"@type":"WebSite","@id":"https:\/\/refugesdemarie.fr\/#website","url":"https:\/\/refugesdemarie.fr\/","name":"Communion des refuges du Coeur Immacul\u00e9 de Marie","description":"","publisher":{"@id":"https:\/\/refugesdemarie.fr\/#organization"},"potentialAction":[{"@type":"SearchAction","target":{"@type":"EntryPoint","urlTemplate":"https:\/\/refugesdemarie.fr\/?s={search_term_string}"},"query-input":{"@type":"PropertyValueSpecification","valueRequired":true,"valueName":"search_term_string"}}],"inLanguage":"fr-FR"},{"@type":"Organization","@id":"https:\/\/refugesdemarie.fr\/#organization","name":"Communion des refuges du Coeur Immacul\u00e9 de Marie","url":"https:\/\/refugesdemarie.fr\/","logo":{"@type":"ImageObject","inLanguage":"fr-FR","@id":"https:\/\/refugesdemarie.fr\/#\/schema\/logo\/image\/","url":"https:\/\/refugesdemarie.fr\/wp-content\/uploads\/2023\/01\/cropped-Logo-Communion-des-Refuges-6.jpg","contentUrl":"https:\/\/refugesdemarie.fr\/wp-content\/uploads\/2023\/01\/cropped-Logo-Communion-des-Refuges-6.jpg","width":1199,"height":377,"caption":"Communion des refuges du Coeur Immacul\u00e9 de Marie"},"image":{"@id":"https:\/\/refugesdemarie.fr\/#\/schema\/logo\/image\/"},"sameAs":["https:\/\/www.facebook.com\/profile.php?id=100089561384328"]},{"@type":"Person","@id":"https:\/\/refugesdemarie.fr\/#\/schema\/person\/3bda0c49569f70f4dcfbe78b7e174b11","name":"refugesdemarie@gmail.com","image":{"@type":"ImageObject","inLanguage":"fr-FR","@id":"https:\/\/secure.gravatar.com\/avatar\/43491e46ee54b6706285b166679fe98aa620b1849d376153f6bc028852c019f7?s=96&d=mm&r=g","url":"https:\/\/secure.gravatar.com\/avatar\/43491e46ee54b6706285b166679fe98aa620b1849d376153f6bc028852c019f7?s=96&d=mm&r=g","contentUrl":"https:\/\/secure.gravatar.com\/avatar\/43491e46ee54b6706285b166679fe98aa620b1849d376153f6bc028852c019f7?s=96&d=mm&r=g","caption":"refugesdemarie@gmail.com"},"sameAs":["https:\/\/refugesdemarie.fr","https:\/\/www.facebook.com\/profile.php?id=100089561384328","https:\/\/www.youtube.com\/channel\/UCXOznkQcnNvuMDGDg11ZPfg"],"url":"https:\/\/refugesdemarie.fr\/index.php\/author\/com-coeur-immaculegmail-com\/"}]}},"_links":{"self":[{"href":"https:\/\/refugesdemarie.fr\/index.php\/wp-json\/wp\/v2\/posts\/3129","targetHints":{"allow":["GET"]}}],"collection":[{"href":"https:\/\/refugesdemarie.fr\/index.php\/wp-json\/wp\/v2\/posts"}],"about":[{"href":"https:\/\/refugesdemarie.fr\/index.php\/wp-json\/wp\/v2\/types\/post"}],"author":[{"embeddable":true,"href":"https:\/\/refugesdemarie.fr\/index.php\/wp-json\/wp\/v2\/users\/1"}],"replies":[{"embeddable":true,"href":"https:\/\/refugesdemarie.fr\/index.php\/wp-json\/wp\/v2\/comments?post=3129"}],"version-history":[{"count":2,"href":"https:\/\/refugesdemarie.fr\/index.php\/wp-json\/wp\/v2\/posts\/3129\/revisions"}],"predecessor-version":[{"id":3136,"href":"https:\/\/refugesdemarie.fr\/index.php\/wp-json\/wp\/v2\/posts\/3129\/revisions\/3136"}],"wp:featuredmedia":[{"embeddable":true,"href":"https:\/\/refugesdemarie.fr\/index.php\/wp-json\/wp\/v2\/media\/3130"}],"wp:attachment":[{"href":"https:\/\/refugesdemarie.fr\/index.php\/wp-json\/wp\/v2\/media?parent=3129"}],"wp:term":[{"taxonomy":"category","embeddable":true,"href":"https:\/\/refugesdemarie.fr\/index.php\/wp-json\/wp\/v2\/categories?post=3129"},{"taxonomy":"post_tag","embeddable":true,"href":"https:\/\/refugesdemarie.fr\/index.php\/wp-json\/wp\/v2\/tags?post=3129"}],"curies":[{"name":"wp","href":"https:\/\/api.w.org\/{rel}","templated":true}]}}