{"id":3147,"date":"2026-05-01T15:35:11","date_gmt":"2026-05-01T15:35:11","guid":{"rendered":"https:\/\/refugesdemarie.fr\/?p=3147"},"modified":"2026-03-24T07:23:54","modified_gmt":"2026-03-24T07:23:54","slug":"5-lecons-de-notre-dame-de-fatima-toujours-dactualite-i","status":"publish","type":"post","link":"https:\/\/refugesdemarie.fr\/index.php\/2026\/05\/01\/5-lecons-de-notre-dame-de-fatima-toujours-dactualite-i\/","title":{"rendered":"5 le\u00e7ons de Notre Dame de Fatima toujours d&rsquo;actualit\u00e9 (I)"},"content":{"rendered":"<div class=\"pdfprnt-buttons pdfprnt-buttons-post pdfprnt-top-right\"><a href=\"https:\/\/refugesdemarie.fr\/index.php\/wp-json\/wp\/v2\/posts\/3147?print=print\" class=\"pdfprnt-button pdfprnt-button-print\" target=\"_blank\" ><img decoding=\"async\" src=\"https:\/\/refugesdemarie.fr\/wp-content\/plugins\/pdf-print\/images\/print.png\" alt=\"image_print\" title=\"Contenu imprim\u00e9\" \/><\/a><\/div><table role=\"presentation\" border=\"0\" width=\"100%\" cellspacing=\"0\" cellpadding=\"0\">\n<tbody>\n<tr>\n<td align=\"left\">\n<div>\n<div>\n<p>Nous vivons une \u00e9poque marqu\u00e9e par la guerre, le terrorisme et les bouleversements politiques. Une crise sociale, morale et spirituelle sans pr\u00e9c\u00e9dent plane sur notre monde. Les soci\u00e9t\u00e9s sont aux prises avec le relativisme moral et le caract\u00e8re sacr\u00e9 de la vie et de la famille est menac\u00e9. Il n&rsquo;y a pas de solution purement humaine aux probl\u00e8mes auxquels nous sommes confront\u00e9s.<\/p>\n<p>Il y a plus de 100 ans, Notre Dame de Fatima est apparue \u00e0 un monde \u00e9galement secou\u00e9 par la guerre et l&rsquo;agitation, avec un message d&rsquo;espoir et la solution du Ciel. Ses paroles, aussi urgentes aujourd&rsquo;hui qu&rsquo;elles l&rsquo;\u00e9taient \u00e0 l&rsquo;\u00e9poque, offrent une lumi\u00e8re pour notre temps. Voici cinq le\u00e7ons vitales de Fatima qui parlent de mani\u00e8re proph\u00e9tique \u00e0 notre monde d&rsquo;aujourd&rsquo;hui\u00a0:<\/p>\n<p><b>1. \u00ab\u00a0La paix ou la guerre d\u00e9pendent de la pratique de cette d\u00e9votion\u00a0\u00bb<\/b><\/p>\n<p>Notre Dame a fait deux demandes sp\u00e9cifiques \u00e0 Fatima\u00a0: que le Saint-P\u00e8re consacre la Russie \u00e0 son C\u0153ur Immacul\u00e9 &#8211; une demande satisfaite par le pape saint Jean-Paul\u00a0II le 25 mars 1984 &#8211; et que chaque personne se consacre individuellement \u00e0 son C\u0153ur Immacul\u00e9 par le biais de la d\u00e9votion des cinq premiers samedis.<\/p>\n<p><b>2. \u00ab\u00a0La derni\u00e8re bataille entre le Seigneur et le r\u00e8gne de Satan portera sur le mariage et la famille\u00a0\u00bb<\/b><\/p>\n<p>S\u0153ur Lucie de Fatima a pr\u00e9venu que la derni\u00e8re bataille concernerait le mariage et la famille. Aujourd&rsquo;hui, nous voyons cette proph\u00e9tie se r\u00e9aliser en temps r\u00e9el. Nous assistons \u00e0 de graves attaques contre la famille par la promotion et la normalisation du divorce, de l&rsquo;avortement, des unions entre personnes du m\u00eame sexe et de l&rsquo;id\u00e9ologie du genre. Les enfants grandissent sans la pr\u00e9sence d&rsquo;un p\u00e8re et d&rsquo;une m\u00e8re. L&rsquo;id\u00e9ologie du genre enseigne qu&rsquo;il n&rsquo;y a pas d&rsquo;homme et de femme, que le genre est \u00ab\u00a0<i>fluide\u00a0<\/i>\u00bb et qu&rsquo;il y a autant d&rsquo;identit\u00e9s que de lettres dans l&rsquo;alphabet.<\/p>\n<p>Le caract\u00e8re sacr\u00e9 de la vie est attaqu\u00e9 par l&rsquo;avortement, faussement qualifi\u00e9 de \u00ab\u00a0<i>soins de sant\u00e9<\/i>\u00a0\u00bb, d\u2019\u00ab<i>\u00a0\u00e9mancipation des femmes<\/i>\u00a0\u00bb ou d&rsquo;\u00ab\u00a0<i>autonomie du corps<\/i>\u00a0\u00bb. Les m\u00e8res sont amen\u00e9es \u00e0 croire que le meurtre d&rsquo;un enfant dans le ventre de sa m\u00e8re est un \u00ab\u00a0<i>droit\u00a0<\/i>\u00bb.<\/p>\n<p>\u00c0 Fatima, la Vierge a mis en garde contre ces attaques. Elle a dit\u00a0: \u00ab<i>\u00a0Il y a plus d&rsquo;\u00e2mes qui vont en enfer pour les p\u00e9ch\u00e9s de la chair que pour toute autre raison<\/i>\u00a0\u00bb.<\/p>\n<\/div>\n<\/div>\n<\/td>\n<\/tr>\n<tr>\n<td align=\"right\">\n<div>\n<div>\n<p>Valerie Joy Escalona, 19 mai 2025<\/p>\n<p><a href=\"https:\/\/nl.mariedenazareth.com\/click.html?x=a62e&amp;co=dow&amp;lc=1yhO&amp;mc=c&amp;s=Oc&amp;u=H&amp;z=ecRtgMN&amp;\" target=\"_blank\" rel=\"noopener noreferrer\"> www.catholicexchange.com <\/a><\/p>\n<\/div>\n<\/div>\n<\/td>\n<\/tr>\n<\/tbody>\n<\/table>\n","protected":false},"excerpt":{"rendered":"<p>Nous vivons une \u00e9poque marqu\u00e9e par la guerre, le terrorisme et les bouleversements politiques. Une crise sociale, morale et spirituelle sans pr\u00e9c\u00e9dent plane sur notre monde. Les soci\u00e9t\u00e9s sont aux prises avec le relativisme moral et le caract\u00e8re sacr\u00e9 de la vie et de la famille est menac\u00e9. Il n&rsquo;y a pas de solution purement [&hellip;]<\/p>\n","protected":false},"author":1,"featured_media":1122,"comment_status":"closed","ping_status":"closed","sticky":false,"template":"","format":"standard","meta":{"ocean_post_layout":"","ocean_both_sidebars_style":"","ocean_both_sidebars_content_width":0,"ocean_both_sidebars_sidebars_width":0,"ocean_sidebar":"0","ocean_second_sidebar":"0","ocean_disable_margins":"enable","ocean_add_body_class":"","ocean_shortcode_before_top_bar":"","ocean_shortcode_after_top_bar":"","ocean_shortcode_before_header":"","ocean_shortcode_after_header":"","ocean_has_shortcode":"","ocean_shortcode_after_title":"","ocean_shortcode_before_footer_widgets":"","ocean_shortcode_after_footer_widgets":"","ocean_shortcode_before_footer_bottom":"","ocean_shortcode_after_footer_bottom":"","ocean_display_top_bar":"default","ocean_display_header":"default","ocean_header_style":"","ocean_center_header_left_menu":"0","ocean_custom_header_template":"0","ocean_custom_logo":0,"ocean_custom_retina_logo":0,"ocean_custom_logo_max_width":0,"ocean_custom_logo_tablet_max_width":0,"ocean_custom_logo_mobile_max_width":0,"ocean_custom_logo_max_height":0,"ocean_custom_logo_tablet_max_height":0,"ocean_custom_logo_mobile_max_height":0,"ocean_header_custom_menu":"0","ocean_menu_typo_font_family":"0","ocean_menu_typo_font_subset":"","ocean_menu_typo_font_size":0,"ocean_menu_typo_font_size_tablet":0,"ocean_menu_typo_font_size_mobile":0,"ocean_menu_typo_font_size_unit":"px","ocean_menu_typo_font_weight":"","ocean_menu_typo_font_weight_tablet":"","ocean_menu_typo_font_weight_mobile":"","ocean_menu_typo_transform":"","ocean_menu_typo_transform_tablet":"","ocean_menu_typo_transform_mobile":"","ocean_menu_typo_line_height":0,"ocean_menu_typo_line_height_tablet":0,"ocean_menu_typo_line_height_mobile":0,"ocean_menu_typo_line_height_unit":"","ocean_menu_typo_spacing":0,"ocean_menu_typo_spacing_tablet":0,"ocean_menu_typo_spacing_mobile":0,"ocean_menu_typo_spacing_unit":"","ocean_menu_link_color":"","ocean_menu_link_color_hover":"","ocean_menu_link_color_active":"","ocean_menu_link_background":"","ocean_menu_link_hover_background":"","ocean_menu_link_active_background":"","ocean_menu_social_links_bg":"","ocean_menu_social_hover_links_bg":"","ocean_menu_social_links_color":"","ocean_menu_social_hover_links_color":"","ocean_disable_title":"default","ocean_disable_heading":"default","ocean_post_title":"","ocean_post_subheading":"","ocean_post_title_style":"","ocean_post_title_background_color":"","ocean_post_title_background":0,"ocean_post_title_bg_image_position":"","ocean_post_title_bg_image_attachment":"","ocean_post_title_bg_image_repeat":"","ocean_post_title_bg_image_size":"","ocean_post_title_height":0,"ocean_post_title_bg_overlay":0.5,"ocean_post_title_bg_overlay_color":"","ocean_disable_breadcrumbs":"default","ocean_breadcrumbs_color":"","ocean_breadcrumbs_separator_color":"","ocean_breadcrumbs_links_color":"","ocean_breadcrumbs_links_hover_color":"","ocean_display_footer_widgets":"default","ocean_display_footer_bottom":"default","ocean_custom_footer_template":"0","ocean_post_oembed":"","ocean_post_self_hosted_media":"","ocean_post_video_embed":"","ocean_link_format":"","ocean_link_format_target":"self","ocean_quote_format":"","ocean_quote_format_link":"post","ocean_gallery_link_images":"on","ocean_gallery_id":[],"footnotes":""},"categories":[31],"tags":[],"class_list":["post-3147","post","type-post","status-publish","format-standard","has-post-thumbnail","hentry","category-fatima","entry","has-media"],"yoast_head":"<!-- This site is optimized with the Yoast SEO plugin v27.4 - https:\/\/yoast.com\/product\/yoast-seo-wordpress\/ -->\n<title>5 le\u00e7ons de Notre Dame de Fatima toujours d&#039;actualit\u00e9 (I) - Communion des refuges du Coeur Immacul\u00e9 de Marie<\/title>\n<meta name=\"description\" content=\"Les paroles de Notre-Dame de Fatima, aussi urgentes aujourd&#039;hui qu&#039;elles l&#039;\u00e9taient \u00e0 l&#039;\u00e9poque, offrent une lumi\u00e8re pour notre temps.\" \/>\n<meta name=\"robots\" content=\"index, follow, max-snippet:-1, max-image-preview:large, max-video-preview:-1\" \/>\n<link rel=\"canonical\" href=\"https:\/\/refugesdemarie.fr\/index.php\/2026\/05\/01\/5-lecons-de-notre-dame-de-fatima-toujours-dactualite-i\/\" \/>\n<meta property=\"og:locale\" content=\"fr_FR\" \/>\n<meta property=\"og:type\" content=\"article\" \/>\n<meta property=\"og:title\" content=\"5 le\u00e7ons de Notre Dame de Fatima toujours d&#039;actualit\u00e9 (I) - Communion des refuges du Coeur Immacul\u00e9 de Marie\" \/>\n<meta property=\"og:description\" content=\"Les paroles de Notre-Dame de Fatima, aussi urgentes aujourd&#039;hui qu&#039;elles l&#039;\u00e9taient \u00e0 l&#039;\u00e9poque, offrent une lumi\u00e8re pour notre temps.\" \/>\n<meta property=\"og:url\" content=\"https:\/\/refugesdemarie.fr\/index.php\/2026\/05\/01\/5-lecons-de-notre-dame-de-fatima-toujours-dactualite-i\/\" \/>\n<meta property=\"og:site_name\" content=\"Communion des refuges du Coeur Immacul\u00e9 de Marie\" \/>\n<meta property=\"article:publisher\" content=\"https:\/\/www.facebook.com\/profile.php?id=100089561384328\" \/>\n<meta property=\"article:author\" content=\"https:\/\/www.facebook.com\/profile.php?id=100089561384328\" \/>\n<meta property=\"article:published_time\" content=\"2026-05-01T15:35:11+00:00\" \/>\n<meta property=\"og:image\" content=\"https:\/\/refugesdemarie.fr\/wp-content\/uploads\/2024\/05\/mary-Fatima.jpg\" \/>\n\t<meta property=\"og:image:width\" content=\"810\" \/>\n\t<meta property=\"og:image:height\" content=\"1280\" \/>\n\t<meta property=\"og:image:type\" content=\"image\/jpeg\" \/>\n<meta name=\"author\" content=\"refugesdemarie@gmail.com\" \/>\n<meta name=\"twitter:card\" content=\"summary_large_image\" \/>\n<meta name=\"twitter:label1\" content=\"\u00c9crit par\" \/>\n\t<meta name=\"twitter:data1\" content=\"refugesdemarie@gmail.com\" \/>\n\t<meta name=\"twitter:label2\" content=\"Dur\u00e9e de lecture estim\u00e9e\" \/>\n\t<meta name=\"twitter:data2\" content=\"3 minutes\" \/>\n<script type=\"application\/ld+json\" class=\"yoast-schema-graph\">{\"@context\":\"https:\\\/\\\/schema.org\",\"@graph\":[{\"@type\":\"Article\",\"@id\":\"https:\\\/\\\/refugesdemarie.fr\\\/index.php\\\/2026\\\/05\\\/01\\\/5-lecons-de-notre-dame-de-fatima-toujours-dactualite-i\\\/#article\",\"isPartOf\":{\"@id\":\"https:\\\/\\\/refugesdemarie.fr\\\/index.php\\\/2026\\\/05\\\/01\\\/5-lecons-de-notre-dame-de-fatima-toujours-dactualite-i\\\/\"},\"author\":{\"name\":\"refugesdemarie@gmail.com\",\"@id\":\"https:\\\/\\\/refugesdemarie.fr\\\/#\\\/schema\\\/person\\\/3bda0c49569f70f4dcfbe78b7e174b11\"},\"headline\":\"5 le\u00e7ons de Notre Dame de Fatima toujours d&rsquo;actualit\u00e9 (I)\",\"datePublished\":\"2026-05-01T15:35:11+00:00\",\"mainEntityOfPage\":{\"@id\":\"https:\\\/\\\/refugesdemarie.fr\\\/index.php\\\/2026\\\/05\\\/01\\\/5-lecons-de-notre-dame-de-fatima-toujours-dactualite-i\\\/\"},\"wordCount\":454,\"publisher\":{\"@id\":\"https:\\\/\\\/refugesdemarie.fr\\\/#organization\"},\"image\":{\"@id\":\"https:\\\/\\\/refugesdemarie.fr\\\/index.php\\\/2026\\\/05\\\/01\\\/5-lecons-de-notre-dame-de-fatima-toujours-dactualite-i\\\/#primaryimage\"},\"thumbnailUrl\":\"https:\\\/\\\/refugesdemarie.fr\\\/wp-content\\\/uploads\\\/2024\\\/05\\\/mary-Fatima.jpg\",\"articleSection\":[\"Fatima\"],\"inLanguage\":\"fr-FR\"},{\"@type\":\"WebPage\",\"@id\":\"https:\\\/\\\/refugesdemarie.fr\\\/index.php\\\/2026\\\/05\\\/01\\\/5-lecons-de-notre-dame-de-fatima-toujours-dactualite-i\\\/\",\"url\":\"https:\\\/\\\/refugesdemarie.fr\\\/index.php\\\/2026\\\/05\\\/01\\\/5-lecons-de-notre-dame-de-fatima-toujours-dactualite-i\\\/\",\"name\":\"5 le\u00e7ons de Notre Dame de Fatima toujours d'actualit\u00e9 (I) - Communion des refuges du Coeur Immacul\u00e9 de Marie\",\"isPartOf\":{\"@id\":\"https:\\\/\\\/refugesdemarie.fr\\\/#website\"},\"primaryImageOfPage\":{\"@id\":\"https:\\\/\\\/refugesdemarie.fr\\\/index.php\\\/2026\\\/05\\\/01\\\/5-lecons-de-notre-dame-de-fatima-toujours-dactualite-i\\\/#primaryimage\"},\"image\":{\"@id\":\"https:\\\/\\\/refugesdemarie.fr\\\/index.php\\\/2026\\\/05\\\/01\\\/5-lecons-de-notre-dame-de-fatima-toujours-dactualite-i\\\/#primaryimage\"},\"thumbnailUrl\":\"https:\\\/\\\/refugesdemarie.fr\\\/wp-content\\\/uploads\\\/2024\\\/05\\\/mary-Fatima.jpg\",\"datePublished\":\"2026-05-01T15:35:11+00:00\",\"description\":\"Les paroles de Notre-Dame de Fatima, aussi urgentes aujourd'hui qu'elles l'\u00e9taient \u00e0 l'\u00e9poque, offrent une lumi\u00e8re pour notre temps.\",\"breadcrumb\":{\"@id\":\"https:\\\/\\\/refugesdemarie.fr\\\/index.php\\\/2026\\\/05\\\/01\\\/5-lecons-de-notre-dame-de-fatima-toujours-dactualite-i\\\/#breadcrumb\"},\"inLanguage\":\"fr-FR\",\"potentialAction\":[{\"@type\":\"ReadAction\",\"target\":[\"https:\\\/\\\/refugesdemarie.fr\\\/index.php\\\/2026\\\/05\\\/01\\\/5-lecons-de-notre-dame-de-fatima-toujours-dactualite-i\\\/\"]}]},{\"@type\":\"ImageObject\",\"inLanguage\":\"fr-FR\",\"@id\":\"https:\\\/\\\/refugesdemarie.fr\\\/index.php\\\/2026\\\/05\\\/01\\\/5-lecons-de-notre-dame-de-fatima-toujours-dactualite-i\\\/#primaryimage\",\"url\":\"https:\\\/\\\/refugesdemarie.fr\\\/wp-content\\\/uploads\\\/2024\\\/05\\\/mary-Fatima.jpg\",\"contentUrl\":\"https:\\\/\\\/refugesdemarie.fr\\\/wp-content\\\/uploads\\\/2024\\\/05\\\/mary-Fatima.jpg\",\"width\":810,\"height\":1280},{\"@type\":\"BreadcrumbList\",\"@id\":\"https:\\\/\\\/refugesdemarie.fr\\\/index.php\\\/2026\\\/05\\\/01\\\/5-lecons-de-notre-dame-de-fatima-toujours-dactualite-i\\\/#breadcrumb\",\"itemListElement\":[{\"@type\":\"ListItem\",\"position\":1,\"name\":\"Accueil\",\"item\":\"https:\\\/\\\/refugesdemarie.fr\\\/\"},{\"@type\":\"ListItem\",\"position\":2,\"name\":\"5 le\u00e7ons de Notre Dame de Fatima toujours d&rsquo;actualit\u00e9 (I)\"}]},{\"@type\":\"WebSite\",\"@id\":\"https:\\\/\\\/refugesdemarie.fr\\\/#website\",\"url\":\"https:\\\/\\\/refugesdemarie.fr\\\/\",\"name\":\"Communion des refuges du Coeur Immacul\u00e9 de Marie\",\"description\":\"\",\"publisher\":{\"@id\":\"https:\\\/\\\/refugesdemarie.fr\\\/#organization\"},\"potentialAction\":[{\"@type\":\"SearchAction\",\"target\":{\"@type\":\"EntryPoint\",\"urlTemplate\":\"https:\\\/\\\/refugesdemarie.fr\\\/?s={search_term_string}\"},\"query-input\":{\"@type\":\"PropertyValueSpecification\",\"valueRequired\":true,\"valueName\":\"search_term_string\"}}],\"inLanguage\":\"fr-FR\"},{\"@type\":\"Organization\",\"@id\":\"https:\\\/\\\/refugesdemarie.fr\\\/#organization\",\"name\":\"Communion des refuges du Coeur Immacul\u00e9 de Marie\",\"url\":\"https:\\\/\\\/refugesdemarie.fr\\\/\",\"logo\":{\"@type\":\"ImageObject\",\"inLanguage\":\"fr-FR\",\"@id\":\"https:\\\/\\\/refugesdemarie.fr\\\/#\\\/schema\\\/logo\\\/image\\\/\",\"url\":\"https:\\\/\\\/refugesdemarie.fr\\\/wp-content\\\/uploads\\\/2023\\\/01\\\/cropped-Logo-Communion-des-Refuges-6.jpg\",\"contentUrl\":\"https:\\\/\\\/refugesdemarie.fr\\\/wp-content\\\/uploads\\\/2023\\\/01\\\/cropped-Logo-Communion-des-Refuges-6.jpg\",\"width\":1199,\"height\":377,\"caption\":\"Communion des refuges du Coeur Immacul\u00e9 de Marie\"},\"image\":{\"@id\":\"https:\\\/\\\/refugesdemarie.fr\\\/#\\\/schema\\\/logo\\\/image\\\/\"},\"sameAs\":[\"https:\\\/\\\/www.facebook.com\\\/profile.php?id=100089561384328\"]},{\"@type\":\"Person\",\"@id\":\"https:\\\/\\\/refugesdemarie.fr\\\/#\\\/schema\\\/person\\\/3bda0c49569f70f4dcfbe78b7e174b11\",\"name\":\"refugesdemarie@gmail.com\",\"image\":{\"@type\":\"ImageObject\",\"inLanguage\":\"fr-FR\",\"@id\":\"https:\\\/\\\/secure.gravatar.com\\\/avatar\\\/43491e46ee54b6706285b166679fe98aa620b1849d376153f6bc028852c019f7?s=96&d=mm&r=g\",\"url\":\"https:\\\/\\\/secure.gravatar.com\\\/avatar\\\/43491e46ee54b6706285b166679fe98aa620b1849d376153f6bc028852c019f7?s=96&d=mm&r=g\",\"contentUrl\":\"https:\\\/\\\/secure.gravatar.com\\\/avatar\\\/43491e46ee54b6706285b166679fe98aa620b1849d376153f6bc028852c019f7?s=96&d=mm&r=g\",\"caption\":\"refugesdemarie@gmail.com\"},\"sameAs\":[\"https:\\\/\\\/refugesdemarie.fr\",\"https:\\\/\\\/www.facebook.com\\\/profile.php?id=100089561384328\",\"https:\\\/\\\/www.youtube.com\\\/channel\\\/UCXOznkQcnNvuMDGDg11ZPfg\"],\"url\":\"https:\\\/\\\/refugesdemarie.fr\\\/index.php\\\/author\\\/com-coeur-immaculegmail-com\\\/\"}]}<\/script>\n<!-- \/ Yoast SEO plugin. -->","yoast_head_json":{"title":"5 le\u00e7ons de Notre Dame de Fatima toujours d'actualit\u00e9 (I) - Communion des refuges du Coeur Immacul\u00e9 de Marie","description":"Les paroles de Notre-Dame de Fatima, aussi urgentes aujourd'hui qu'elles l'\u00e9taient \u00e0 l'\u00e9poque, offrent une lumi\u00e8re pour notre temps.","robots":{"index":"index","follow":"follow","max-snippet":"max-snippet:-1","max-image-preview":"max-image-preview:large","max-video-preview":"max-video-preview:-1"},"canonical":"https:\/\/refugesdemarie.fr\/index.php\/2026\/05\/01\/5-lecons-de-notre-dame-de-fatima-toujours-dactualite-i\/","og_locale":"fr_FR","og_type":"article","og_title":"5 le\u00e7ons de Notre Dame de Fatima toujours d'actualit\u00e9 (I) - Communion des refuges du Coeur Immacul\u00e9 de Marie","og_description":"Les paroles de Notre-Dame de Fatima, aussi urgentes aujourd'hui qu'elles l'\u00e9taient \u00e0 l'\u00e9poque, offrent une lumi\u00e8re pour notre temps.","og_url":"https:\/\/refugesdemarie.fr\/index.php\/2026\/05\/01\/5-lecons-de-notre-dame-de-fatima-toujours-dactualite-i\/","og_site_name":"Communion des refuges du Coeur Immacul\u00e9 de Marie","article_publisher":"https:\/\/www.facebook.com\/profile.php?id=100089561384328","article_author":"https:\/\/www.facebook.com\/profile.php?id=100089561384328","article_published_time":"2026-05-01T15:35:11+00:00","og_image":[{"width":810,"height":1280,"url":"https:\/\/refugesdemarie.fr\/wp-content\/uploads\/2024\/05\/mary-Fatima.jpg","type":"image\/jpeg"}],"author":"refugesdemarie@gmail.com","twitter_card":"summary_large_image","twitter_misc":{"\u00c9crit par":"refugesdemarie@gmail.com","Dur\u00e9e de lecture estim\u00e9e":"3 minutes"},"schema":{"@context":"https:\/\/schema.org","@graph":[{"@type":"Article","@id":"https:\/\/refugesdemarie.fr\/index.php\/2026\/05\/01\/5-lecons-de-notre-dame-de-fatima-toujours-dactualite-i\/#article","isPartOf":{"@id":"https:\/\/refugesdemarie.fr\/index.php\/2026\/05\/01\/5-lecons-de-notre-dame-de-fatima-toujours-dactualite-i\/"},"author":{"name":"refugesdemarie@gmail.com","@id":"https:\/\/refugesdemarie.fr\/#\/schema\/person\/3bda0c49569f70f4dcfbe78b7e174b11"},"headline":"5 le\u00e7ons de Notre Dame de Fatima toujours d&rsquo;actualit\u00e9 (I)","datePublished":"2026-05-01T15:35:11+00:00","mainEntityOfPage":{"@id":"https:\/\/refugesdemarie.fr\/index.php\/2026\/05\/01\/5-lecons-de-notre-dame-de-fatima-toujours-dactualite-i\/"},"wordCount":454,"publisher":{"@id":"https:\/\/refugesdemarie.fr\/#organization"},"image":{"@id":"https:\/\/refugesdemarie.fr\/index.php\/2026\/05\/01\/5-lecons-de-notre-dame-de-fatima-toujours-dactualite-i\/#primaryimage"},"thumbnailUrl":"https:\/\/refugesdemarie.fr\/wp-content\/uploads\/2024\/05\/mary-Fatima.jpg","articleSection":["Fatima"],"inLanguage":"fr-FR"},{"@type":"WebPage","@id":"https:\/\/refugesdemarie.fr\/index.php\/2026\/05\/01\/5-lecons-de-notre-dame-de-fatima-toujours-dactualite-i\/","url":"https:\/\/refugesdemarie.fr\/index.php\/2026\/05\/01\/5-lecons-de-notre-dame-de-fatima-toujours-dactualite-i\/","name":"5 le\u00e7ons de Notre Dame de Fatima toujours d'actualit\u00e9 (I) - Communion des refuges du Coeur Immacul\u00e9 de Marie","isPartOf":{"@id":"https:\/\/refugesdemarie.fr\/#website"},"primaryImageOfPage":{"@id":"https:\/\/refugesdemarie.fr\/index.php\/2026\/05\/01\/5-lecons-de-notre-dame-de-fatima-toujours-dactualite-i\/#primaryimage"},"image":{"@id":"https:\/\/refugesdemarie.fr\/index.php\/2026\/05\/01\/5-lecons-de-notre-dame-de-fatima-toujours-dactualite-i\/#primaryimage"},"thumbnailUrl":"https:\/\/refugesdemarie.fr\/wp-content\/uploads\/2024\/05\/mary-Fatima.jpg","datePublished":"2026-05-01T15:35:11+00:00","description":"Les paroles de Notre-Dame de Fatima, aussi urgentes aujourd'hui qu'elles l'\u00e9taient \u00e0 l'\u00e9poque, offrent une lumi\u00e8re pour notre temps.","breadcrumb":{"@id":"https:\/\/refugesdemarie.fr\/index.php\/2026\/05\/01\/5-lecons-de-notre-dame-de-fatima-toujours-dactualite-i\/#breadcrumb"},"inLanguage":"fr-FR","potentialAction":[{"@type":"ReadAction","target":["https:\/\/refugesdemarie.fr\/index.php\/2026\/05\/01\/5-lecons-de-notre-dame-de-fatima-toujours-dactualite-i\/"]}]},{"@type":"ImageObject","inLanguage":"fr-FR","@id":"https:\/\/refugesdemarie.fr\/index.php\/2026\/05\/01\/5-lecons-de-notre-dame-de-fatima-toujours-dactualite-i\/#primaryimage","url":"https:\/\/refugesdemarie.fr\/wp-content\/uploads\/2024\/05\/mary-Fatima.jpg","contentUrl":"https:\/\/refugesdemarie.fr\/wp-content\/uploads\/2024\/05\/mary-Fatima.jpg","width":810,"height":1280},{"@type":"BreadcrumbList","@id":"https:\/\/refugesdemarie.fr\/index.php\/2026\/05\/01\/5-lecons-de-notre-dame-de-fatima-toujours-dactualite-i\/#breadcrumb","itemListElement":[{"@type":"ListItem","position":1,"name":"Accueil","item":"https:\/\/refugesdemarie.fr\/"},{"@type":"ListItem","position":2,"name":"5 le\u00e7ons de Notre Dame de Fatima toujours d&rsquo;actualit\u00e9 (I)"}]},{"@type":"WebSite","@id":"https:\/\/refugesdemarie.fr\/#website","url":"https:\/\/refugesdemarie.fr\/","name":"Communion des refuges du Coeur Immacul\u00e9 de Marie","description":"","publisher":{"@id":"https:\/\/refugesdemarie.fr\/#organization"},"potentialAction":[{"@type":"SearchAction","target":{"@type":"EntryPoint","urlTemplate":"https:\/\/refugesdemarie.fr\/?s={search_term_string}"},"query-input":{"@type":"PropertyValueSpecification","valueRequired":true,"valueName":"search_term_string"}}],"inLanguage":"fr-FR"},{"@type":"Organization","@id":"https:\/\/refugesdemarie.fr\/#organization","name":"Communion des refuges du Coeur Immacul\u00e9 de Marie","url":"https:\/\/refugesdemarie.fr\/","logo":{"@type":"ImageObject","inLanguage":"fr-FR","@id":"https:\/\/refugesdemarie.fr\/#\/schema\/logo\/image\/","url":"https:\/\/refugesdemarie.fr\/wp-content\/uploads\/2023\/01\/cropped-Logo-Communion-des-Refuges-6.jpg","contentUrl":"https:\/\/refugesdemarie.fr\/wp-content\/uploads\/2023\/01\/cropped-Logo-Communion-des-Refuges-6.jpg","width":1199,"height":377,"caption":"Communion des refuges du Coeur Immacul\u00e9 de Marie"},"image":{"@id":"https:\/\/refugesdemarie.fr\/#\/schema\/logo\/image\/"},"sameAs":["https:\/\/www.facebook.com\/profile.php?id=100089561384328"]},{"@type":"Person","@id":"https:\/\/refugesdemarie.fr\/#\/schema\/person\/3bda0c49569f70f4dcfbe78b7e174b11","name":"refugesdemarie@gmail.com","image":{"@type":"ImageObject","inLanguage":"fr-FR","@id":"https:\/\/secure.gravatar.com\/avatar\/43491e46ee54b6706285b166679fe98aa620b1849d376153f6bc028852c019f7?s=96&d=mm&r=g","url":"https:\/\/secure.gravatar.com\/avatar\/43491e46ee54b6706285b166679fe98aa620b1849d376153f6bc028852c019f7?s=96&d=mm&r=g","contentUrl":"https:\/\/secure.gravatar.com\/avatar\/43491e46ee54b6706285b166679fe98aa620b1849d376153f6bc028852c019f7?s=96&d=mm&r=g","caption":"refugesdemarie@gmail.com"},"sameAs":["https:\/\/refugesdemarie.fr","https:\/\/www.facebook.com\/profile.php?id=100089561384328","https:\/\/www.youtube.com\/channel\/UCXOznkQcnNvuMDGDg11ZPfg"],"url":"https:\/\/refugesdemarie.fr\/index.php\/author\/com-coeur-immaculegmail-com\/"}]}},"_links":{"self":[{"href":"https:\/\/refugesdemarie.fr\/index.php\/wp-json\/wp\/v2\/posts\/3147","targetHints":{"allow":["GET"]}}],"collection":[{"href":"https:\/\/refugesdemarie.fr\/index.php\/wp-json\/wp\/v2\/posts"}],"about":[{"href":"https:\/\/refugesdemarie.fr\/index.php\/wp-json\/wp\/v2\/types\/post"}],"author":[{"embeddable":true,"href":"https:\/\/refugesdemarie.fr\/index.php\/wp-json\/wp\/v2\/users\/1"}],"replies":[{"embeddable":true,"href":"https:\/\/refugesdemarie.fr\/index.php\/wp-json\/wp\/v2\/comments?post=3147"}],"version-history":[{"count":2,"href":"https:\/\/refugesdemarie.fr\/index.php\/wp-json\/wp\/v2\/posts\/3147\/revisions"}],"predecessor-version":[{"id":3149,"href":"https:\/\/refugesdemarie.fr\/index.php\/wp-json\/wp\/v2\/posts\/3147\/revisions\/3149"}],"wp:featuredmedia":[{"embeddable":true,"href":"https:\/\/refugesdemarie.fr\/index.php\/wp-json\/wp\/v2\/media\/1122"}],"wp:attachment":[{"href":"https:\/\/refugesdemarie.fr\/index.php\/wp-json\/wp\/v2\/media?parent=3147"}],"wp:term":[{"taxonomy":"category","embeddable":true,"href":"https:\/\/refugesdemarie.fr\/index.php\/wp-json\/wp\/v2\/categories?post=3147"},{"taxonomy":"post_tag","embeddable":true,"href":"https:\/\/refugesdemarie.fr\/index.php\/wp-json\/wp\/v2\/tags?post=3147"}],"curies":[{"name":"wp","href":"https:\/\/api.w.org\/{rel}","templated":true}]}}