{"id":3385,"date":"2026-09-04T15:55:20","date_gmt":"2026-09-04T15:55:20","guid":{"rendered":"https:\/\/refugesdemarie.fr\/?p=3385"},"modified":"2026-08-28T16:25:02","modified_gmt":"2026-08-28T16:25:02","slug":"les-saints-du-carmel-sainte-elisabeth-de-la-trinite-1-o-mon-dieu-trinite-que-jadore","status":"publish","type":"post","link":"https:\/\/refugesdemarie.fr\/index.php\/2026\/09\/04\/les-saints-du-carmel-sainte-elisabeth-de-la-trinite-1-o-mon-dieu-trinite-que-jadore\/","title":{"rendered":"Les saints du Carmel : Sainte Elisabeth de la Trinit\u00e9  &#8211; 1. O mon Dieu, Trinit\u00e9 que j\u2019adore !"},"content":{"rendered":"<div class=\"pdfprnt-buttons pdfprnt-buttons-post pdfprnt-top-right\"><a href=\"https:\/\/refugesdemarie.fr\/index.php\/wp-json\/wp\/v2\/posts\/3385?print=print\" class=\"pdfprnt-button pdfprnt-button-print\" target=\"_blank\" ><img decoding=\"async\" src=\"https:\/\/refugesdemarie.fr\/wp-content\/plugins\/pdf-print\/images\/print.png\" alt=\"image_print\" title=\"Contenu imprim\u00e9\" \/><\/a><\/div><p style=\"text-align: center;\"><strong> <img fetchpriority=\"high\" decoding=\"async\" class=\"size-full wp-image-3387 aligncenter\" src=\"https:\/\/refugesdemarie.fr\/wp-content\/uploads\/2026\/08\/Trinite.jpeg\" alt=\"\" width=\"600\" height=\"370\" srcset=\"https:\/\/refugesdemarie.fr\/wp-content\/uploads\/2026\/08\/Trinite.jpeg 600w, https:\/\/refugesdemarie.fr\/wp-content\/uploads\/2026\/08\/Trinite-300x185.jpeg 300w\" sizes=\"(max-width: 600px) 100vw, 600px\" \/><\/strong><\/p>\n<p><strong>\u00ab\u00a0<\/strong><strong>O mon Dieu, Trinit\u00e9 que j\u2019adore, aidez-moi \u00e0 m\u2019oublier enti\u00e8rement pour m\u2019\u00e9tablir en vous,\u00a0 immobile et paisible comme si d\u00e9j\u00e0 mon \u00e2me \u00e9tait dans l\u2019\u00e9ternit\u00e9\u2026<\/strong><\/p>\n<p><strong>\u00a0\u00a0\u00a0\u00a0\u00a0\u00a0 Que rien ne puisse troubler ma paix, ni me faire sortir de vous, \u00f4 mon Immuable, mais que chaque minute m\u2019emporte plus loin dans la profondeur de votre Myst\u00e8re. Pacifiez mon \u00e2me, faites-en votre ciel, votre demeure aim\u00e9e et le lieu de votre repos. Que je ne vous y laisse jamais seul, mais que je sois l\u00e0 toute enti\u00e8re, toute \u00e9veill\u00e9e en ma foi, toute adorante, toute livr\u00e9e \u00e0 votre Action cr\u00e9atrice\u2026\u00a0\u00bb<\/strong><\/p>\n<p>Voici donc la premi\u00e8re partie de la contemplation Trinitaire de notre ch\u00e8re Elisabeth : on est l\u00e0 au c\u0153ur du c\u0153ur du myst\u00e8re de la foi chr\u00e9tienne et, en ce sens, le t\u00e9moignage de la jeune carm\u00e9lite me semble \u00ab\u00a0unique\u00a0\u00bb dans l\u2019histoire de l\u2019Eglise\u00a0! Il faut donc tenter de contempler et creuser cette pri\u00e8re qui lui a \u00e9t\u00e9 inspir\u00e9e par l\u2019Esprit-Saint\u2026<\/p>\n<p>\u00ab\u00a0O mon Dieu, Trinit\u00e9 que j\u2019adore\u00a0!\u00a0\u00bb Cette premi\u00e8re affirmation est l\u2019acte de foi supr\u00eame en la R\u00e9v\u00e9lation contempl\u00e9 par Saint Jean\u00a0: \u00ab\u00a0Au commencement \u00e9tait le Verbe, et le Verbe \u00e9tait tourn\u00e9 vers Dieu, et le Verbe \u00e9tait Dieu\u2026 Tout fut par Lui et sans Lui rien ne fut\u2026 Et le Verbe s\u2019est fait chair et Il a demeur\u00e9 parmi nous, et nous avons vu sa gloire, gloire qu\u2019Il tient de son P\u00e8re comme Fils unique, plein de gr\u00e2ce et de v\u00e9rit\u00e9\u00a0!&#8230; Nul n\u2019a jamais vu Dieu\u00a0; le Fils unique, qui est dans le sein du P\u00e8re, Lui, l\u2019a fait conna\u00eetre\u2026\u00a0\u00bb (Jn 1,1-2 \/ 14-18)<\/p>\n<p>Alors, dans cette contemplation, l\u2019\u00e2me devient, selon l\u2019expression favorite d\u2019Elisabeth\u00a0: \u00ab\u00a0une louange de Gloire\u00a0!&#8230; une \u00e2me de silence qui se tient comme une lyre sous la touche myst\u00e9rieuse de l\u2019Esprit Saint afin qu\u2019Il en fasse sortir des harmonies divines<a href=\"#_ftn1\" name=\"_ftnref1\">[1]<\/a>\u00a0!\u00a0\u00bb Et elle conclut en citant d\u2019abord Saint Paul\u00a0: \u00ab\u00a0Vous n\u2019\u00eates plus des h\u00f4tes ou des \u00e9trangers, mais vous \u00eates de la Cit\u00e9 des saints et de la Maison de Dieu\u00a0!\u00a0\u00bb (Ep 2,19). La Trinit\u00e9, voil\u00e0 notre demeure, notre \u00ab\u00a0chez nous\u00a0\u00bb, la maison paternelle d\u2019o\u00f9 nous ne devons jamais sortir<a href=\"#_ftn2\" name=\"_ftnref2\">[2]<\/a>\u2026\u00a0\u00bb<\/p>\n<p>On comprend pourquoi elle insiste tant sur \u00ab\u00a0l\u2019oubli de soi\u00a0\u00bb qui seul, permet \u00e0 Dieu de nous emporter dans \u00ab\u00a0la profondeur de son Myst\u00e8re\u00a0\u00bb\u00a0! Il faut donc repasser en nos c\u0153urs cette lumineuse \u00e9l\u00e9vation. Elisabeth nous y invite \u00e0 devenir de vrais chr\u00e9tiens qui d\u00e9couvrent le secret de la foi\u00a0: d\u00e9passer tout le cr\u00e9\u00e9, et surtout soi-m\u00eame, pour entrer dans le \u00ab\u00a0Royaume int\u00e9rieur<a href=\"#_ftn3\" name=\"_ftnref3\">[3]<\/a>\u00a0\u00bb pour la plus belle des rencontres\u00a0! Elle fera de nous des t\u00e9moins de la beaut\u00e9 de Dieu\u00a0: \u00ab\u00a0Aidez-moi \u00e0 m\u2019oublier enti\u00e8rement pour m\u2019\u00e9tablir en vous, immobile et paisible comme si d\u00e9j\u00e0 mon \u00e2me \u00e9tait dans l\u2019\u00e9ternit\u00e9\u2026 Que rien ne puisse troubler ma paix, ni me faire sortir de vous, \u00f4 mon Immuable, mais que chaque minute m\u2019emporte plus loin dans la profondeur de votre Myst\u00e8re\u2026\u00a0\u00bb<\/p>\n<p>Et c\u2019est pourquoi elle ose \u00e9crire \u00e0 sa M\u00e8re\u00a0: \u00ab\u00a0Tu sais que je suis la petite maman de ton \u00e2me, aussi je suis pleine de sollicitude pour elle. Rappelle-toi ces mots de l\u2019Evangile\u00a0: \u00ab\u00a0Le Royaume de Dieu est au-dedans de vous\u00a0!\u00a0\u00bb (Lc 17,21). Entre en ce petit royaume pour adorer le Souverain qui y r\u00e9side<a href=\"#_ftn4\" name=\"_ftnref4\">[4]<\/a>\u2026\u00a0\u00bb<\/p>\n<p>Ensuite, la jeune Carm\u00e9lite t\u00e9moigne avec une splendide libert\u00e9 du myst\u00e8re de l\u2019inhabitation divine en son \u00e2me. N\u2019est-ce pas d\u2019ailleurs le grand t\u00e9moignage de toute sa vie\u00a0? Assur\u00e9ment, car n\u2019oublions pas que notre Elisabeth \u00e9tait une remarquable pianiste classique qui aurait pu acc\u00e9der \u00e0 une carri\u00e8re internationale\u2026 mais Elle a \u00e9t\u00e9 d\u00e9finitivement saisie par \u00ab\u00a0la musique int\u00e9rieure\u00a0\u00bb de la Pr\u00e9sence de Dieu qui l\u2019a toute emport\u00e9e dans le silence et la louange\u00a0! Aussi, elle affirme avec force\u00a0: \u00ab\u00a0Ce silence dont parlait David ((Ps 65,1)\u2026 est la plus belle louange\u00a0!&#8230; Que rien ne me sorte de ce beau silence du dedans<a href=\"#_ftn5\" name=\"_ftnref5\">[5]<\/a>\u2026\u00a0\u00bb<\/p>\n<p>Cela aboutira \u00e0 cette pri\u00e8re \u00e0 la Sainte Trinit\u00e9 que nous m\u00e9ditons. Et, avec l\u2019audace et la libert\u00e9 que donne l\u2019Esprit, Elisabeth y affirme la pl\u00e9nitude qui traverse sa vie\u00a0baptismale\u00a0: \u00ab\u00a0Pacifiez mon \u00e2me, faites-en votre ciel, votre demeure aim\u00e9e et le lieu de votre repos\u00a0!\u00a0\u00bb<\/p>\n<p>On peut vraiment dire qu\u2019elle a v\u00e9cu \u00e0 la belle \u00e9poque, la plus belle histoire d\u2019amour qui soit\u00a0: le myst\u00e8re de ses Noces avec l\u2019Agneau\u00a0! Et elle a saisi avec une intensit\u00e9 particuli\u00e8re l\u2019exigence premi\u00e8re de cette relation\u00a0: quand on aime passionn\u00e9ment, on ne laisse jamais seul l\u2019\u00eatre aim\u00e9\u2026 et c\u2019est bien ce qu\u2019exprime son admirable pri\u00e8re\u00a0:<\/p>\n<p>\u00ab\u00a0Que je ne vous y laisse jamais seul, mais que je sois l\u00e0 toute enti\u00e8re, toute \u00e9veill\u00e9e en ma foi, tout adorante, toute livr\u00e9e \u00e0 votre Action cr\u00e9atrice\u00a0!\u00a0\u00bb<\/p>\n<p>\u00ab\u00a0Que je ne vous y laisse jamais seul\u2026\u00a0\u00bb\u00a0 Ne jamais s\u2019\u00e9loigner jusqu\u2019\u00e0 oublier la personne aim\u00e9e\u2026 et \u00e0 fortiori quand il s\u2019agit de mon Cr\u00e9ateur et mon Sauveur\u00a0? N\u2019est-ce pas l\u00e0 la pr\u00e9venance majeure de l\u2019amour\u00a0? En effet, le vrai amour d\u00e9sire sans cesse une chose unique\u00a0: ne jamais laisser seul l\u2019\u00eatre aim\u00e9\u00a0! L\u2019amour est d\u2019abord pr\u00e9sence et communion\u2026 On laissera donc r\u00e9sonner ici quelques expressions si reconnaissables et si r\u00e9v\u00e9latrices de la spiritualit\u00e9 unique de notre merveilleuse \u00a0Elisabeth\u00a0:<\/p>\n<p>\u00ab\u00a0Il faut que l\u2019\u00e2me soit toute \u00e9veill\u00e9e en sa foi, avec ce beau regard tendu vers le Ma\u00eetre\u2026 Alors, le Cr\u00e9ateur, en voyant le beau silence qui r\u00e8gne en sa cr\u00e9ature, en la consid\u00e9rant toute recueillie en sa solitude int\u00e9rieure, est \u00e9pris de sa beaut\u00e9 et il la fait passer en cette solitude immense, infinie, en ce \u00ab\u00a0lieu spacieux\u00a0\u00bb chant\u00e9 par le proph\u00e8te et qui n\u2019est autre que Lui-m\u00eame\u00a0: \u00ab\u00a0J\u2019entrerai dans les profondeurs de la puissance de Dieu\u2026\u00a0\u00bb (Ps 70,16). \u00ab\u00a0Je la conduirai dans la solitude et je lui parlerai au c\u0153ur\u2026\u00a0\u00bb (Os 2,14). La voici, cette \u00e2me, entr\u00e9e en cette vaste solitude o\u00f9 Dieu va se faire entendre<a href=\"#_ftn6\" name=\"_ftnref6\">[6]<\/a>\u2026<\/p>\n<p>N\u2019est-ce pas l\u00e0 un Ciel anticip\u00e9\u00a0?&#8230; en l\u2019\u00e2me de la Vierge, c\u2019est l\u00e0 que nous adorerons la Sainte Trinit\u00e9\u00a0!&#8230; Oh\u00a0! que cela grandit l\u2019\u00e2me\u00a0; c\u2019est comme une \u00e9treinte d\u2019infini<a href=\"#_ftn7\" name=\"_ftnref7\">[7]<\/a>\u00a0!&#8230;\u00a0\u00bb<\/p>\n<p style=\"text-align: right;\">\u00a0\u00a0\u00a0\u00a0\u00a0\u00a0\u00a0\u00a0\u00a0\u00a0\u00a0\u00a0\u00a0\u00a0\u00a0\u00a0\u00a0\u00a0\u00a0\u00a0\u00a0\u00a0\u00a0\u00a0\u00a0\u00a0\u00a0\u00a0\u00a0\u00a0\u00a0\u00a0\u00a0\u00a0\u00a0\u00a0\u00a0\u00a0\u00a0\u00a0\u00a0\u00a0\u00a0\u00a0\u00a0\u00a0\u00a0\u00a0\u00a0\u00a0\u00a0\u00a0\u00a0\u00a0\u00a0\u00a0\u00a0\u00a0\u00a0\u00a0\u00a0\u00a0\u00a0\u00a0\u00a0\u00a0\u00a0\u00a0\u00a0\u00a0\u00a0\u00a0\u00a0\u00a0\u00a0\u00a0\u00a0\u00a0\u00a0\u00a0\u00a0\u00a0\u00a0\u00a0\u00a0 +Marie-Micka\u00ebl<\/p>\n<p><a href=\"#_ftnref1\" name=\"_ftn1\">[1]<\/a> Le Ciel dans la foi, 43.<\/p>\n<p><a href=\"#_ftnref2\" name=\"_ftn2\">[2]<\/a> Le Ciel dans la foi, 2.<\/p>\n<p><a href=\"#_ftnref3\" name=\"_ftn3\">[3]<\/a> Lettre 264.<\/p>\n<p><a href=\"#_ftnref4\" name=\"_ftn4\">[4]<\/a> Lettre 280.<\/p>\n<p><a href=\"#_ftnref5\" name=\"_ftn5\">[5]<\/a> Derni\u00e8re Retraite, 21 et 26.<\/p>\n<p><a href=\"#_ftnref6\" name=\"_ftn6\">[6]<\/a> Derni\u00e8re Retraite, 25 et 27.<\/p>\n<p><a href=\"#_ftnref7\" name=\"_ftn7\">[7]<\/a> Lettre 199.<\/p>\n","protected":false},"excerpt":{"rendered":"<p>\u00ab\u00a0O mon Dieu, Trinit\u00e9 que j\u2019adore, aidez-moi \u00e0 m\u2019oublier enti\u00e8rement pour m\u2019\u00e9tablir en vous,\u00a0 immobile et paisible comme si d\u00e9j\u00e0 mon \u00e2me \u00e9tait dans l\u2019\u00e9ternit\u00e9\u2026 \u00a0\u00a0\u00a0\u00a0\u00a0\u00a0 Que rien ne puisse troubler ma paix, ni me faire sortir de vous, \u00f4 mon Immuable, mais que chaque minute m\u2019emporte plus loin dans la profondeur de votre Myst\u00e8re. [&hellip;]<\/p>\n","protected":false},"author":1,"featured_media":3386,"comment_status":"closed","ping_status":"closed","sticky":false,"template":"","format":"standard","meta":{"ocean_front_end_style_editor":"no","ocean_post_layout":"","ocean_both_sidebars_style":"","ocean_both_sidebars_content_width":0,"ocean_both_sidebars_sidebars_width":0,"ocean_sidebar":"0","ocean_second_sidebar":"0","ocean_disable_margins":"enable","ocean_add_body_class":"","ocean_shortcode_before_top_bar":"","ocean_shortcode_after_top_bar":"","ocean_shortcode_before_header":"","ocean_shortcode_after_header":"","ocean_has_shortcode":"","ocean_shortcode_after_title":"","ocean_shortcode_before_footer_widgets":"","ocean_shortcode_after_footer_widgets":"","ocean_shortcode_before_footer_bottom":"","ocean_shortcode_after_footer_bottom":"","ocean_display_top_bar":"default","ocean_display_header":"default","ocean_header_style":"","ocean_center_header_left_menu":"0","ocean_custom_header_template":"0","ocean_custom_logo":0,"ocean_custom_retina_logo":0,"ocean_custom_logo_max_width":0,"ocean_custom_logo_tablet_max_width":0,"ocean_custom_logo_mobile_max_width":0,"ocean_custom_logo_max_height":0,"ocean_custom_logo_tablet_max_height":0,"ocean_custom_logo_mobile_max_height":0,"ocean_header_custom_menu":"0","ocean_menu_typo_font_family":"0","ocean_menu_typo_font_subset":"","ocean_menu_typo_font_size":0,"ocean_menu_typo_font_size_tablet":0,"ocean_menu_typo_font_size_mobile":0,"ocean_menu_typo_font_size_unit":"px","ocean_menu_typo_font_weight":"","ocean_menu_typo_font_weight_tablet":"","ocean_menu_typo_font_weight_mobile":"","ocean_menu_typo_transform":"","ocean_menu_typo_transform_tablet":"","ocean_menu_typo_transform_mobile":"","ocean_menu_typo_line_height":0,"ocean_menu_typo_line_height_tablet":0,"ocean_menu_typo_line_height_mobile":0,"ocean_menu_typo_line_height_unit":"","ocean_menu_typo_spacing":0,"ocean_menu_typo_spacing_tablet":0,"ocean_menu_typo_spacing_mobile":0,"ocean_menu_typo_spacing_unit":"","ocean_menu_link_color":"","ocean_menu_link_color_hover":"","ocean_menu_link_color_active":"","ocean_menu_link_background":"","ocean_menu_link_hover_background":"","ocean_menu_link_active_background":"","ocean_menu_social_links_bg":"","ocean_menu_social_hover_links_bg":"","ocean_menu_social_links_color":"","ocean_menu_social_hover_links_color":"","ocean_disable_title":"default","ocean_disable_heading":"default","ocean_post_title":"","ocean_post_subheading":"","ocean_post_title_style":"","ocean_post_title_background_color":"","ocean_post_title_background":0,"ocean_post_title_bg_image_position":"","ocean_post_title_bg_image_attachment":"","ocean_post_title_bg_image_repeat":"","ocean_post_title_bg_image_size":"","ocean_post_title_height":0,"ocean_post_title_bg_overlay":0.5,"ocean_post_title_bg_overlay_color":"","ocean_disable_breadcrumbs":"default","ocean_breadcrumbs_color":"","ocean_breadcrumbs_separator_color":"","ocean_breadcrumbs_links_color":"","ocean_breadcrumbs_links_hover_color":"","ocean_display_footer_widgets":"default","ocean_display_footer_bottom":"default","ocean_custom_footer_template":"0","ocean_post_oembed":"","ocean_post_self_hosted_media":"","ocean_post_video_embed":"","ocean_link_format":"","ocean_link_format_target":"self","ocean_quote_format":"","ocean_quote_format_link":"post","ocean_gallery_link_images":"on","ocean_gallery_id":[],"footnotes":""},"categories":[46,8],"tags":[],"class_list":["post-3385","post","type-post","status-publish","format-standard","has-post-thumbnail","hentry","category-articles-de-marie-mickael","category-saints","entry","has-media"],"yoast_head":"<!-- This site is optimized with the Yoast SEO plugin v28.1 - https:\/\/yoast.com\/product\/yoast-seo-wordpress\/ -->\n<title>Les saints du Carmel : Sainte Elisabeth de la Trinit\u00e9 - 1. O mon Dieu, Trinit\u00e9 que j\u2019adore ! - Communion des refuges du Coeur Immacul\u00e9 de Marie<\/title>\n<meta name=\"description\" content=\"O mon Dieu, Trinit\u00e9 que j\u2019adore, aidez-moi \u00e0 m\u2019oublier enti\u00e8rement pour m\u2019\u00e9tablir en vous,\u00a0 immobile et paisible comme si d\u00e9j\u00e0 mon \u00e2me \u00e9tait dans l\u2019\u00e9ternit\u00e9\u2026\" \/>\n<meta name=\"robots\" content=\"index, follow, max-snippet:-1, max-image-preview:large, max-video-preview:-1\" \/>\n<link rel=\"canonical\" href=\"https:\/\/refugesdemarie.fr\/index.php\/2026\/09\/04\/les-saints-du-carmel-sainte-elisabeth-de-la-trinite-1-o-mon-dieu-trinite-que-jadore\/\" \/>\n<meta property=\"og:locale\" content=\"fr_FR\" \/>\n<meta property=\"og:type\" content=\"article\" \/>\n<meta property=\"og:title\" content=\"Les saints du Carmel : Sainte Elisabeth de la Trinit\u00e9 - 1. O mon Dieu, Trinit\u00e9 que j\u2019adore ! - Communion des refuges du Coeur Immacul\u00e9 de Marie\" \/>\n<meta property=\"og:description\" content=\"O mon Dieu, Trinit\u00e9 que j\u2019adore, aidez-moi \u00e0 m\u2019oublier enti\u00e8rement pour m\u2019\u00e9tablir en vous,\u00a0 immobile et paisible comme si d\u00e9j\u00e0 mon \u00e2me \u00e9tait dans l\u2019\u00e9ternit\u00e9\u2026\" \/>\n<meta property=\"og:url\" content=\"https:\/\/refugesdemarie.fr\/index.php\/2026\/09\/04\/les-saints-du-carmel-sainte-elisabeth-de-la-trinite-1-o-mon-dieu-trinite-que-jadore\/\" \/>\n<meta property=\"og:site_name\" content=\"Communion des refuges du Coeur Immacul\u00e9 de Marie\" \/>\n<meta property=\"article:publisher\" content=\"https:\/\/www.facebook.com\/profile.php?id=100089561384328\" \/>\n<meta property=\"article:author\" content=\"https:\/\/www.facebook.com\/profile.php?id=100089561384328\" \/>\n<meta property=\"article:published_time\" content=\"2026-09-04T15:55:20+00:00\" \/>\n<meta property=\"og:image\" content=\"https:\/\/refugesdemarie.fr\/wp-content\/uploads\/2026\/08\/Elisabeth-Trinite.jpeg\" \/>\n\t<meta property=\"og:image:width\" content=\"1181\" \/>\n\t<meta property=\"og:image:height\" content=\"1420\" \/>\n\t<meta property=\"og:image:type\" content=\"image\/jpeg\" \/>\n<meta name=\"author\" content=\"refugesdemarie@gmail.com\" \/>\n<meta name=\"twitter:card\" content=\"summary_large_image\" \/>\n<meta name=\"twitter:label1\" content=\"\u00c9crit par\" \/>\n\t<meta name=\"twitter:data1\" content=\"refugesdemarie@gmail.com\" \/>\n\t<meta name=\"twitter:label2\" content=\"Dur\u00e9e de lecture estim\u00e9e\" \/>\n\t<meta name=\"twitter:data2\" content=\"6 minutes\" \/>\n<script type=\"application\/ld+json\" class=\"yoast-schema-graph\">{\"@context\":\"https:\\\/\\\/schema.org\",\"@graph\":[{\"@type\":\"Article\",\"@id\":\"https:\\\/\\\/refugesdemarie.fr\\\/index.php\\\/2026\\\/09\\\/04\\\/les-saints-du-carmel-sainte-elisabeth-de-la-trinite-1-o-mon-dieu-trinite-que-jadore\\\/#article\",\"isPartOf\":{\"@id\":\"https:\\\/\\\/refugesdemarie.fr\\\/index.php\\\/2026\\\/09\\\/04\\\/les-saints-du-carmel-sainte-elisabeth-de-la-trinite-1-o-mon-dieu-trinite-que-jadore\\\/\"},\"author\":{\"name\":\"refugesdemarie@gmail.com\",\"@id\":\"https:\\\/\\\/refugesdemarie.fr\\\/#\\\/schema\\\/person\\\/3bda0c49569f70f4dcfbe78b7e174b11\"},\"headline\":\"Les saints du Carmel : Sainte Elisabeth de la Trinit\u00e9 &#8211; 1. O mon Dieu, Trinit\u00e9 que j\u2019adore !\",\"datePublished\":\"2026-09-04T15:55:20+00:00\",\"mainEntityOfPage\":{\"@id\":\"https:\\\/\\\/refugesdemarie.fr\\\/index.php\\\/2026\\\/09\\\/04\\\/les-saints-du-carmel-sainte-elisabeth-de-la-trinite-1-o-mon-dieu-trinite-que-jadore\\\/\"},\"wordCount\":1146,\"publisher\":{\"@id\":\"https:\\\/\\\/refugesdemarie.fr\\\/#organization\"},\"image\":{\"@id\":\"https:\\\/\\\/refugesdemarie.fr\\\/index.php\\\/2026\\\/09\\\/04\\\/les-saints-du-carmel-sainte-elisabeth-de-la-trinite-1-o-mon-dieu-trinite-que-jadore\\\/#primaryimage\"},\"thumbnailUrl\":\"https:\\\/\\\/refugesdemarie.fr\\\/wp-content\\\/uploads\\\/2026\\\/08\\\/Elisabeth-Trinite.jpeg\",\"articleSection\":[\"Articles de Marie-Micka\u00ebl\",\"Saints\"],\"inLanguage\":\"fr-FR\"},{\"@type\":\"WebPage\",\"@id\":\"https:\\\/\\\/refugesdemarie.fr\\\/index.php\\\/2026\\\/09\\\/04\\\/les-saints-du-carmel-sainte-elisabeth-de-la-trinite-1-o-mon-dieu-trinite-que-jadore\\\/\",\"url\":\"https:\\\/\\\/refugesdemarie.fr\\\/index.php\\\/2026\\\/09\\\/04\\\/les-saints-du-carmel-sainte-elisabeth-de-la-trinite-1-o-mon-dieu-trinite-que-jadore\\\/\",\"name\":\"Les saints du Carmel : Sainte Elisabeth de la Trinit\u00e9 - 1. O mon Dieu, Trinit\u00e9 que j\u2019adore ! - Communion des refuges du Coeur Immacul\u00e9 de Marie\",\"isPartOf\":{\"@id\":\"https:\\\/\\\/refugesdemarie.fr\\\/#website\"},\"primaryImageOfPage\":{\"@id\":\"https:\\\/\\\/refugesdemarie.fr\\\/index.php\\\/2026\\\/09\\\/04\\\/les-saints-du-carmel-sainte-elisabeth-de-la-trinite-1-o-mon-dieu-trinite-que-jadore\\\/#primaryimage\"},\"image\":{\"@id\":\"https:\\\/\\\/refugesdemarie.fr\\\/index.php\\\/2026\\\/09\\\/04\\\/les-saints-du-carmel-sainte-elisabeth-de-la-trinite-1-o-mon-dieu-trinite-que-jadore\\\/#primaryimage\"},\"thumbnailUrl\":\"https:\\\/\\\/refugesdemarie.fr\\\/wp-content\\\/uploads\\\/2026\\\/08\\\/Elisabeth-Trinite.jpeg\",\"datePublished\":\"2026-09-04T15:55:20+00:00\",\"description\":\"O mon Dieu, Trinit\u00e9 que j\u2019adore, aidez-moi \u00e0 m\u2019oublier enti\u00e8rement pour m\u2019\u00e9tablir en vous,\u00a0 immobile et paisible comme si d\u00e9j\u00e0 mon \u00e2me \u00e9tait dans l\u2019\u00e9ternit\u00e9\u2026\",\"breadcrumb\":{\"@id\":\"https:\\\/\\\/refugesdemarie.fr\\\/index.php\\\/2026\\\/09\\\/04\\\/les-saints-du-carmel-sainte-elisabeth-de-la-trinite-1-o-mon-dieu-trinite-que-jadore\\\/#breadcrumb\"},\"inLanguage\":\"fr-FR\",\"potentialAction\":[{\"@type\":\"ReadAction\",\"target\":[\"https:\\\/\\\/refugesdemarie.fr\\\/index.php\\\/2026\\\/09\\\/04\\\/les-saints-du-carmel-sainte-elisabeth-de-la-trinite-1-o-mon-dieu-trinite-que-jadore\\\/\"]}]},{\"@type\":\"ImageObject\",\"inLanguage\":\"fr-FR\",\"@id\":\"https:\\\/\\\/refugesdemarie.fr\\\/index.php\\\/2026\\\/09\\\/04\\\/les-saints-du-carmel-sainte-elisabeth-de-la-trinite-1-o-mon-dieu-trinite-que-jadore\\\/#primaryimage\",\"url\":\"https:\\\/\\\/refugesdemarie.fr\\\/wp-content\\\/uploads\\\/2026\\\/08\\\/Elisabeth-Trinite.jpeg\",\"contentUrl\":\"https:\\\/\\\/refugesdemarie.fr\\\/wp-content\\\/uploads\\\/2026\\\/08\\\/Elisabeth-Trinite.jpeg\",\"width\":1181,\"height\":1420},{\"@type\":\"BreadcrumbList\",\"@id\":\"https:\\\/\\\/refugesdemarie.fr\\\/index.php\\\/2026\\\/09\\\/04\\\/les-saints-du-carmel-sainte-elisabeth-de-la-trinite-1-o-mon-dieu-trinite-que-jadore\\\/#breadcrumb\",\"itemListElement\":[{\"@type\":\"ListItem\",\"position\":1,\"name\":\"Accueil\",\"item\":\"https:\\\/\\\/refugesdemarie.fr\\\/\"},{\"@type\":\"ListItem\",\"position\":2,\"name\":\"Les saints du Carmel : Sainte Elisabeth de la Trinit\u00e9 &#8211; 1. O mon Dieu, Trinit\u00e9 que j\u2019adore !\"}]},{\"@type\":\"WebSite\",\"@id\":\"https:\\\/\\\/refugesdemarie.fr\\\/#website\",\"url\":\"https:\\\/\\\/refugesdemarie.fr\\\/\",\"name\":\"Communion des refuges du Coeur Immacul\u00e9 de Marie\",\"description\":\"\",\"publisher\":{\"@id\":\"https:\\\/\\\/refugesdemarie.fr\\\/#organization\"},\"potentialAction\":[{\"@type\":\"SearchAction\",\"target\":{\"@type\":\"EntryPoint\",\"urlTemplate\":\"https:\\\/\\\/refugesdemarie.fr\\\/?s={search_term_string}\"},\"query-input\":{\"@type\":\"PropertyValueSpecification\",\"valueRequired\":true,\"valueName\":\"search_term_string\"}}],\"inLanguage\":\"fr-FR\"},{\"@type\":\"Organization\",\"@id\":\"https:\\\/\\\/refugesdemarie.fr\\\/#organization\",\"name\":\"Communion des refuges du Coeur Immacul\u00e9 de Marie\",\"url\":\"https:\\\/\\\/refugesdemarie.fr\\\/\",\"logo\":{\"@type\":\"ImageObject\",\"inLanguage\":\"fr-FR\",\"@id\":\"https:\\\/\\\/refugesdemarie.fr\\\/#\\\/schema\\\/logo\\\/image\\\/\",\"url\":\"https:\\\/\\\/refugesdemarie.fr\\\/wp-content\\\/uploads\\\/2023\\\/01\\\/cropped-Logo-Communion-des-Refuges-6.jpg\",\"contentUrl\":\"https:\\\/\\\/refugesdemarie.fr\\\/wp-content\\\/uploads\\\/2023\\\/01\\\/cropped-Logo-Communion-des-Refuges-6.jpg\",\"width\":1199,\"height\":377,\"caption\":\"Communion des refuges du Coeur Immacul\u00e9 de Marie\"},\"image\":{\"@id\":\"https:\\\/\\\/refugesdemarie.fr\\\/#\\\/schema\\\/logo\\\/image\\\/\"},\"sameAs\":[\"https:\\\/\\\/www.facebook.com\\\/profile.php?id=100089561384328\"]},{\"@type\":\"Person\",\"@id\":\"https:\\\/\\\/refugesdemarie.fr\\\/#\\\/schema\\\/person\\\/3bda0c49569f70f4dcfbe78b7e174b11\",\"name\":\"refugesdemarie@gmail.com\",\"image\":{\"@type\":\"ImageObject\",\"inLanguage\":\"fr-FR\",\"@id\":\"https:\\\/\\\/secure.gravatar.com\\\/avatar\\\/43491e46ee54b6706285b166679fe98aa620b1849d376153f6bc028852c019f7?s=96&d=mm&r=g\",\"url\":\"https:\\\/\\\/secure.gravatar.com\\\/avatar\\\/43491e46ee54b6706285b166679fe98aa620b1849d376153f6bc028852c019f7?s=96&d=mm&r=g\",\"contentUrl\":\"https:\\\/\\\/secure.gravatar.com\\\/avatar\\\/43491e46ee54b6706285b166679fe98aa620b1849d376153f6bc028852c019f7?s=96&d=mm&r=g\",\"caption\":\"refugesdemarie@gmail.com\"},\"sameAs\":[\"https:\\\/\\\/refugesdemarie.fr\",\"https:\\\/\\\/www.facebook.com\\\/profile.php?id=100089561384328\",\"https:\\\/\\\/www.youtube.com\\\/channel\\\/UCXOznkQcnNvuMDGDg11ZPfg\"],\"url\":\"https:\\\/\\\/refugesdemarie.fr\\\/index.php\\\/author\\\/com-coeur-immaculegmail-com\\\/\"}]}<\/script>\n<!-- \/ Yoast SEO plugin. -->","yoast_head_json":{"title":"Les saints du Carmel : Sainte Elisabeth de la Trinit\u00e9 - 1. O mon Dieu, Trinit\u00e9 que j\u2019adore ! - Communion des refuges du Coeur Immacul\u00e9 de Marie","description":"O mon Dieu, Trinit\u00e9 que j\u2019adore, aidez-moi \u00e0 m\u2019oublier enti\u00e8rement pour m\u2019\u00e9tablir en vous,\u00a0 immobile et paisible comme si d\u00e9j\u00e0 mon \u00e2me \u00e9tait dans l\u2019\u00e9ternit\u00e9\u2026","robots":{"index":"index","follow":"follow","max-snippet":"max-snippet:-1","max-image-preview":"max-image-preview:large","max-video-preview":"max-video-preview:-1"},"canonical":"https:\/\/refugesdemarie.fr\/index.php\/2026\/09\/04\/les-saints-du-carmel-sainte-elisabeth-de-la-trinite-1-o-mon-dieu-trinite-que-jadore\/","og_locale":"fr_FR","og_type":"article","og_title":"Les saints du Carmel : Sainte Elisabeth de la Trinit\u00e9 - 1. O mon Dieu, Trinit\u00e9 que j\u2019adore ! - Communion des refuges du Coeur Immacul\u00e9 de Marie","og_description":"O mon Dieu, Trinit\u00e9 que j\u2019adore, aidez-moi \u00e0 m\u2019oublier enti\u00e8rement pour m\u2019\u00e9tablir en vous,\u00a0 immobile et paisible comme si d\u00e9j\u00e0 mon \u00e2me \u00e9tait dans l\u2019\u00e9ternit\u00e9\u2026","og_url":"https:\/\/refugesdemarie.fr\/index.php\/2026\/09\/04\/les-saints-du-carmel-sainte-elisabeth-de-la-trinite-1-o-mon-dieu-trinite-que-jadore\/","og_site_name":"Communion des refuges du Coeur Immacul\u00e9 de Marie","article_publisher":"https:\/\/www.facebook.com\/profile.php?id=100089561384328","article_author":"https:\/\/www.facebook.com\/profile.php?id=100089561384328","article_published_time":"2026-09-04T15:55:20+00:00","og_image":[{"width":1181,"height":1420,"url":"https:\/\/refugesdemarie.fr\/wp-content\/uploads\/2026\/08\/Elisabeth-Trinite.jpeg","type":"image\/jpeg"}],"author":"refugesdemarie@gmail.com","twitter_card":"summary_large_image","twitter_misc":{"\u00c9crit par":"refugesdemarie@gmail.com","Dur\u00e9e de lecture estim\u00e9e":"6 minutes"},"schema":{"@context":"https:\/\/schema.org","@graph":[{"@type":"Article","@id":"https:\/\/refugesdemarie.fr\/index.php\/2026\/09\/04\/les-saints-du-carmel-sainte-elisabeth-de-la-trinite-1-o-mon-dieu-trinite-que-jadore\/#article","isPartOf":{"@id":"https:\/\/refugesdemarie.fr\/index.php\/2026\/09\/04\/les-saints-du-carmel-sainte-elisabeth-de-la-trinite-1-o-mon-dieu-trinite-que-jadore\/"},"author":{"name":"refugesdemarie@gmail.com","@id":"https:\/\/refugesdemarie.fr\/#\/schema\/person\/3bda0c49569f70f4dcfbe78b7e174b11"},"headline":"Les saints du Carmel : Sainte Elisabeth de la Trinit\u00e9 &#8211; 1. O mon Dieu, Trinit\u00e9 que j\u2019adore !","datePublished":"2026-09-04T15:55:20+00:00","mainEntityOfPage":{"@id":"https:\/\/refugesdemarie.fr\/index.php\/2026\/09\/04\/les-saints-du-carmel-sainte-elisabeth-de-la-trinite-1-o-mon-dieu-trinite-que-jadore\/"},"wordCount":1146,"publisher":{"@id":"https:\/\/refugesdemarie.fr\/#organization"},"image":{"@id":"https:\/\/refugesdemarie.fr\/index.php\/2026\/09\/04\/les-saints-du-carmel-sainte-elisabeth-de-la-trinite-1-o-mon-dieu-trinite-que-jadore\/#primaryimage"},"thumbnailUrl":"https:\/\/refugesdemarie.fr\/wp-content\/uploads\/2026\/08\/Elisabeth-Trinite.jpeg","articleSection":["Articles de Marie-Micka\u00ebl","Saints"],"inLanguage":"fr-FR"},{"@type":"WebPage","@id":"https:\/\/refugesdemarie.fr\/index.php\/2026\/09\/04\/les-saints-du-carmel-sainte-elisabeth-de-la-trinite-1-o-mon-dieu-trinite-que-jadore\/","url":"https:\/\/refugesdemarie.fr\/index.php\/2026\/09\/04\/les-saints-du-carmel-sainte-elisabeth-de-la-trinite-1-o-mon-dieu-trinite-que-jadore\/","name":"Les saints du Carmel : Sainte Elisabeth de la Trinit\u00e9 - 1. O mon Dieu, Trinit\u00e9 que j\u2019adore ! - Communion des refuges du Coeur Immacul\u00e9 de Marie","isPartOf":{"@id":"https:\/\/refugesdemarie.fr\/#website"},"primaryImageOfPage":{"@id":"https:\/\/refugesdemarie.fr\/index.php\/2026\/09\/04\/les-saints-du-carmel-sainte-elisabeth-de-la-trinite-1-o-mon-dieu-trinite-que-jadore\/#primaryimage"},"image":{"@id":"https:\/\/refugesdemarie.fr\/index.php\/2026\/09\/04\/les-saints-du-carmel-sainte-elisabeth-de-la-trinite-1-o-mon-dieu-trinite-que-jadore\/#primaryimage"},"thumbnailUrl":"https:\/\/refugesdemarie.fr\/wp-content\/uploads\/2026\/08\/Elisabeth-Trinite.jpeg","datePublished":"2026-09-04T15:55:20+00:00","description":"O mon Dieu, Trinit\u00e9 que j\u2019adore, aidez-moi \u00e0 m\u2019oublier enti\u00e8rement pour m\u2019\u00e9tablir en vous,\u00a0 immobile et paisible comme si d\u00e9j\u00e0 mon \u00e2me \u00e9tait dans l\u2019\u00e9ternit\u00e9\u2026","breadcrumb":{"@id":"https:\/\/refugesdemarie.fr\/index.php\/2026\/09\/04\/les-saints-du-carmel-sainte-elisabeth-de-la-trinite-1-o-mon-dieu-trinite-que-jadore\/#breadcrumb"},"inLanguage":"fr-FR","potentialAction":[{"@type":"ReadAction","target":["https:\/\/refugesdemarie.fr\/index.php\/2026\/09\/04\/les-saints-du-carmel-sainte-elisabeth-de-la-trinite-1-o-mon-dieu-trinite-que-jadore\/"]}]},{"@type":"ImageObject","inLanguage":"fr-FR","@id":"https:\/\/refugesdemarie.fr\/index.php\/2026\/09\/04\/les-saints-du-carmel-sainte-elisabeth-de-la-trinite-1-o-mon-dieu-trinite-que-jadore\/#primaryimage","url":"https:\/\/refugesdemarie.fr\/wp-content\/uploads\/2026\/08\/Elisabeth-Trinite.jpeg","contentUrl":"https:\/\/refugesdemarie.fr\/wp-content\/uploads\/2026\/08\/Elisabeth-Trinite.jpeg","width":1181,"height":1420},{"@type":"BreadcrumbList","@id":"https:\/\/refugesdemarie.fr\/index.php\/2026\/09\/04\/les-saints-du-carmel-sainte-elisabeth-de-la-trinite-1-o-mon-dieu-trinite-que-jadore\/#breadcrumb","itemListElement":[{"@type":"ListItem","position":1,"name":"Accueil","item":"https:\/\/refugesdemarie.fr\/"},{"@type":"ListItem","position":2,"name":"Les saints du Carmel : Sainte Elisabeth de la Trinit\u00e9 &#8211; 1. O mon Dieu, Trinit\u00e9 que j\u2019adore !"}]},{"@type":"WebSite","@id":"https:\/\/refugesdemarie.fr\/#website","url":"https:\/\/refugesdemarie.fr\/","name":"Communion des refuges du Coeur Immacul\u00e9 de Marie","description":"","publisher":{"@id":"https:\/\/refugesdemarie.fr\/#organization"},"potentialAction":[{"@type":"SearchAction","target":{"@type":"EntryPoint","urlTemplate":"https:\/\/refugesdemarie.fr\/?s={search_term_string}"},"query-input":{"@type":"PropertyValueSpecification","valueRequired":true,"valueName":"search_term_string"}}],"inLanguage":"fr-FR"},{"@type":"Organization","@id":"https:\/\/refugesdemarie.fr\/#organization","name":"Communion des refuges du Coeur Immacul\u00e9 de Marie","url":"https:\/\/refugesdemarie.fr\/","logo":{"@type":"ImageObject","inLanguage":"fr-FR","@id":"https:\/\/refugesdemarie.fr\/#\/schema\/logo\/image\/","url":"https:\/\/refugesdemarie.fr\/wp-content\/uploads\/2023\/01\/cropped-Logo-Communion-des-Refuges-6.jpg","contentUrl":"https:\/\/refugesdemarie.fr\/wp-content\/uploads\/2023\/01\/cropped-Logo-Communion-des-Refuges-6.jpg","width":1199,"height":377,"caption":"Communion des refuges du Coeur Immacul\u00e9 de Marie"},"image":{"@id":"https:\/\/refugesdemarie.fr\/#\/schema\/logo\/image\/"},"sameAs":["https:\/\/www.facebook.com\/profile.php?id=100089561384328"]},{"@type":"Person","@id":"https:\/\/refugesdemarie.fr\/#\/schema\/person\/3bda0c49569f70f4dcfbe78b7e174b11","name":"refugesdemarie@gmail.com","image":{"@type":"ImageObject","inLanguage":"fr-FR","@id":"https:\/\/secure.gravatar.com\/avatar\/43491e46ee54b6706285b166679fe98aa620b1849d376153f6bc028852c019f7?s=96&d=mm&r=g","url":"https:\/\/secure.gravatar.com\/avatar\/43491e46ee54b6706285b166679fe98aa620b1849d376153f6bc028852c019f7?s=96&d=mm&r=g","contentUrl":"https:\/\/secure.gravatar.com\/avatar\/43491e46ee54b6706285b166679fe98aa620b1849d376153f6bc028852c019f7?s=96&d=mm&r=g","caption":"refugesdemarie@gmail.com"},"sameAs":["https:\/\/refugesdemarie.fr","https:\/\/www.facebook.com\/profile.php?id=100089561384328","https:\/\/www.youtube.com\/channel\/UCXOznkQcnNvuMDGDg11ZPfg"],"url":"https:\/\/refugesdemarie.fr\/index.php\/author\/com-coeur-immaculegmail-com\/"}]}},"_links":{"self":[{"href":"https:\/\/refugesdemarie.fr\/index.php\/wp-json\/wp\/v2\/posts\/3385","targetHints":{"allow":["GET"]}}],"collection":[{"href":"https:\/\/refugesdemarie.fr\/index.php\/wp-json\/wp\/v2\/posts"}],"about":[{"href":"https:\/\/refugesdemarie.fr\/index.php\/wp-json\/wp\/v2\/types\/post"}],"author":[{"embeddable":true,"href":"https:\/\/refugesdemarie.fr\/index.php\/wp-json\/wp\/v2\/users\/1"}],"replies":[{"embeddable":true,"href":"https:\/\/refugesdemarie.fr\/index.php\/wp-json\/wp\/v2\/comments?post=3385"}],"version-history":[{"count":2,"href":"https:\/\/refugesdemarie.fr\/index.php\/wp-json\/wp\/v2\/posts\/3385\/revisions"}],"predecessor-version":[{"id":3389,"href":"https:\/\/refugesdemarie.fr\/index.php\/wp-json\/wp\/v2\/posts\/3385\/revisions\/3389"}],"wp:featuredmedia":[{"embeddable":true,"href":"https:\/\/refugesdemarie.fr\/index.php\/wp-json\/wp\/v2\/media\/3386"}],"wp:attachment":[{"href":"https:\/\/refugesdemarie.fr\/index.php\/wp-json\/wp\/v2\/media?parent=3385"}],"wp:term":[{"taxonomy":"category","embeddable":true,"href":"https:\/\/refugesdemarie.fr\/index.php\/wp-json\/wp\/v2\/categories?post=3385"},{"taxonomy":"post_tag","embeddable":true,"href":"https:\/\/refugesdemarie.fr\/index.php\/wp-json\/wp\/v2\/tags?post=3385"}],"curies":[{"name":"wp","href":"https:\/\/api.w.org\/{rel}","templated":true}]}}