{"id":3402,"date":"2026-09-04T15:45:17","date_gmt":"2026-09-04T15:45:17","guid":{"rendered":"https:\/\/refugesdemarie.fr\/?p=3402"},"modified":"2026-09-01T14:46:26","modified_gmt":"2026-09-01T14:46:26","slug":"messages-donnes-a-gisella-cardia-en-aout-2026","status":"publish","type":"post","link":"https:\/\/refugesdemarie.fr\/index.php\/2026\/09\/04\/messages-donnes-a-gisella-cardia-en-aout-2026\/","title":{"rendered":"Messages donn\u00e9s \u00e0 Gisella Cardia en ao\u00fbt 2026"},"content":{"rendered":"<div class=\"pdfprnt-buttons pdfprnt-buttons-post pdfprnt-top-right\"><a href=\"https:\/\/refugesdemarie.fr\/index.php\/wp-json\/wp\/v2\/posts\/3402?print=print\" class=\"pdfprnt-button pdfprnt-button-print\" target=\"_blank\" ><img decoding=\"async\" src=\"https:\/\/refugesdemarie.fr\/wp-content\/plugins\/pdf-print\/images\/print.png\" alt=\"image_print\" title=\"Contenu imprim\u00e9\" \/><\/a><\/div><h2>Message de J\u00e9sus \u00e0 Gisella, le 1er ao\u00fbt 2026<\/h2>\n<p>Ma fille !<br \/>\nParle de Mon Eucharistie : dis que J&rsquo;y suis pr\u00e9sent en tant qu&rsquo;Homme et en tant que Dieu. Dis que Je veux qu&rsquo;ils M&rsquo;aiment comme J&rsquo;aime. Parle-leur de l&rsquo;amour eucharistique et de la n\u00e9cessit\u00e9 de Me recevoir. Laisse-Moi \u00eatre aim\u00e9 de tous dans Mon Sacrement d&rsquo;Amour \u2014 le plus grand de Mes Sacrements, le plus grand miracle de Ma sagesse.<br \/>\nMa fille, laisse-Moi \u00eatre aim\u00e9, consol\u00e9 et recevoir r\u00e9paration dans Mon Eucharistie pour toutes les offenses \u2014 en particulier lorsque les gens communient \u00e0 Mon Corps sans r\u00e9v\u00e9rence.<br \/>\nParle de l&rsquo;Eucharistie, qui est une preuve d&rsquo;amour infini et la nourriture des \u00e2mes.<br \/>\nDis aux \u00e2mes qui M&rsquo;aiment de vivre unies \u00e0 Moi durant leur travail et dans leurs foyers, jour et nuit ; qu&rsquo;elles s&rsquo;agenouillent souvent en esprit et, la t\u00eate inclin\u00e9e, disent : \u00ab J\u00e9sus, Je T&rsquo;adore en tout lieu o\u00f9 Tu demeures sacramentellement ; Je Te tiens compagnie pour ceux qui Te m\u00e9prisent ; Je T&rsquo;aime pour ceux qui ne T&rsquo;aiment pas ; Je T&rsquo;offre du r\u00e9confort pour ceux qui T&rsquo;offensent. J\u00e9sus, viens dans mon c\u0153ur ! \u00bb<br \/>\nCes moments M&rsquo;apporteront une grande joie et une grande consolation.<br \/>\nParle aux \u00e2mes, Ma fille ; parle-leur de l&rsquo;importance du Rosaire et de l&rsquo;Eucharistie ! Le Rosaire ! Le Rosaire ! Le Rosaire ! L&rsquo;Eucharistie \u2014 Mon Corps et Mon Sang. Souviens-toi que Je vois et entends chaque \u00e2me ; Je vois m\u00eame ceux qui entrent dans l&rsquo;\u00e9glise et ne Me saluent pas ; Je vois l&rsquo;hypocrisie de ceux qui assistent \u00e0 la Messe sans reconna\u00eetre Ma pr\u00e9sence vivante ! Hypocrites !<br \/>\nMaintenant, Je te b\u00e9nis, au nom du P\u00e8re, en Mon Tr\u00e8s Saint Nom, et du Saint-Esprit.<\/p>\n<h2>Message de la Reine du Rosaire \u00e0 Gisella, le 3 ao\u00fbt 2026<\/h2>\n<p>Mes enfants, merci de vous rassembler dans la pri\u00e8re et merci d&rsquo;avoir r\u00e9pondu \u00e0 l&rsquo;appel de vos c\u0153urs.<br \/>\nMes enfants, priez avec ferveur ; l&rsquo;\u00c9glise subira une blessure et une profonde douleur, mais gr\u00e2ce \u00e0 votre foi, vous la surmonterez, car mon J\u00e9sus vous prendra par la main et vous guidera.<br \/>\nChers enfants, J\u00e9sus renversera ses ennemis et \u00e9l\u00e8vera les humbles.<br \/>\nVotre lutte contre vos ennemis doit \u00eatre men\u00e9e dans le silence et avec amour, non avec orgueil et arrogance.<br \/>\nN&rsquo;ayez jamais peur si vous \u00eates dans la vraie foi, car vous serez prot\u00e9g\u00e9s et aim\u00e9s. Moi, en tant que M\u00e8re de vous tous, je ne vous laisserai pas seuls.<br \/>\nCroyez en mes paroles ; je d\u00e9sire votre salut, et c&rsquo;est pourquoi je suis ici.<br \/>\n\u00c0 pr\u00e9sent, je vous b\u00e9nis, au nom du P\u00e8re, et du Fils, et du Saint-Esprit.<\/p>\n<h2>Message de la Reine du Rosaire \u00e0 Gisella, le 5 ao\u00fbt 2026<\/h2>\n<p>Mes enfants,<br \/>\nLa vie m&rsquo;est donn\u00e9e afin que je la remette \u00e0 Celui qui est la Vie \u2014 le Verbe du P\u00e8re \u2014 qui assume la nature humaine en moi. Le Ciel tout entier se r\u00e9jouit de ce myst\u00e8re. Les anges et les saints partagent cette joie avec vous, qui \u00eates encore p\u00e8lerins sur la terre. Tournez vos regards vers votre M\u00e8re c\u00e9leste.<br \/>\nJe suis \u00e0 vos c\u00f4t\u00e9s \u00e0 chaque instant ; des rayons de lumi\u00e8re et de gr\u00e2ce jaillissent sans cesse de mon C\u0153ur Immacul\u00e9 et se d\u00e9versent sur vous, aux quatre coins du monde. Ainsi, je vous \u00e9claire, je vous nourris et je vous forme ; je vous guide et je vous soutiens. Venez \u00e0 moi, vous tous. Je suis l\u00e0 pour vous enseigner l&rsquo;humilit\u00e9, la confiance et l&rsquo;abandon total au P\u00e8re.<br \/>\nMa b\u00e9n\u00e9diction descendra en abondance, au nom du P\u00e8re, et du Fils, et du Saint-Esprit.<\/p>\n<h2>Message de J\u00e9sus \u00e0 Gisella, le 8 ao\u00fbt 2026<\/h2>\n<p>Fille bien-aim\u00e9e, sans Ma Patience, Mon Ch\u00e2timent s&rsquo;abattrait imm\u00e9diatement sur les injustes qui Me flagellent chaque jour.<\/p>\n<p>Je te r\u00e9v\u00e8le trois choses importantes qui affligent Mon C\u0153ur :<br \/>\nla premi\u00e8re est l&rsquo;apostasie, venant de ceux qui trompent le monde pour lui faire rejeter tout ce qui Me concerne ;<br \/>\nla seconde provient du rationalisme propag\u00e9 par les \u00e9rudits de Ma Parole \u2014 des hommes non pas remplis de l&rsquo;Esprit de V\u00e9rit\u00e9, mais plut\u00f4t d&rsquo;un pharisa\u00efsme nourri par l&rsquo;orgueil. Ils alt\u00e9reront ce que J&rsquo;ai enseign\u00e9 pour satisfaire leurs propres besoins personnels et \u00e9go\u00efstes.<br \/>\nEt enfin, il y a ceux dont le c\u0153ur est devenu de pierre : froid, insensible et empli de rage envers quiconque parle ouvertement de Moi.<\/p>\n<p>Ils pr\u00e9tendront que Ma Parole constitue une grave offense \u2014 la jugeant \u00ab politiquement incorrecte \u00bb \u2014 et cela servira de motif principal pour changer radicalement le visage du christianisme.<\/p>\n<p>Seuls les simples \u2014 ceux dont l&rsquo;amour pour Moi est semblable \u00e0 celui des enfants \u2014 Me resteront fid\u00e8les, car les autres seront trop occup\u00e9s \u00e0 mettre en \u0153uvre des changements dans l&rsquo;interpr\u00e9tation de Ma Parole.<\/p>\n<p>En ce temps-l\u00e0, il y aura des pr\u00eatres courageux qui proclameront Ma V\u00e9ritable Parole.<br \/>\nSubstituer autre chose \u00e0 la V\u00e9rit\u00e9 est un acte de l\u00e2chet\u00e9 ; ils jetteront les t\u00e9n\u00e8bres sur Mes enfants. Ils se drapent dans la saintet\u00e9, pourtant leurs mensonges vous \u00e9loigneront de Moi.<br \/>\nTous ces mensonges porteront la marque du Mauvais : le p\u00e9ch\u00e9 d&rsquo;orgueil.<br \/>\nSans la V\u00e9rit\u00e9 et la Lumi\u00e8re de l&rsquo;Esprit Saint, beaucoup seront aveugl\u00e9s, mais ceux qui d\u00e9sirent voir verront la v\u00e9rit\u00e9 de Mes Paroles.<br \/>\nJe te b\u00e9nis au nom de la Tr\u00e8s Sainte Trinit\u00e9.<\/p>\n<h2>Message de la Reine du Rosaire \u00e0 Gisella, le 11 ao\u00fbt 2026<\/h2>\n<p>Mes enfants, merci d&rsquo;\u00eatre unis dans la pri\u00e8re et d&rsquo;avoir accueilli mon appel dans vos c\u0153urs.<br \/>\nMes enfants, regardez les p\u00e9ch\u00e9s du monde : l&rsquo;humanit\u00e9 a ouvert la voie \u00e0 sa propre destruction. Je vous le demande : revenez \u00e0 votre Cr\u00e9ateur !<br \/>\nChaque \u00ab Je vous salue Marie \u00bb doit venir du c\u0153ur, et non seulement des l\u00e8vres.<br \/>\nMes enfants, souvenez-vous que le ch\u00e2timent sert votre r\u00e9demption. Priez avec ferveur, mes enfants, pour l&rsquo;Am\u00e9rique \u2014 qui subira une perte grave \u2014, pour les Philippines et pour l&rsquo;Italie.<br \/>\nSouvenez-vous, enfants, que les \u00e2mes victimes sont celles qui, par leurs souffrances, att\u00e9nuent les ch\u00e2timents dus aux horreurs qui se produisent dans le monde.<br \/>\nJe vous laisse maintenant avec ma b\u00e9n\u00e9diction maternelle, au nom du P\u00e8re, du Fils et du Saint-Esprit.<\/p>\n<p>Message de la Reine du Rosaire \u00e0 Gisella, le 15 ao\u00fbt 2026. Mes enfants, je vous ai ouvert mon c\u0153ur et je voudrais aussi vous ouvrir le Paradis. Enfants, priez avec ferveur pour le monde, qui est couvert du sang des innocents. Priez pour les dirigeants qui se tournent vers la guerre sans penser \u00e0 la paix. Dieu n&rsquo;a pas sa place dans l&rsquo;\u00e2me des puissants ! Mes enfants, je vous b\u00e9nis du fond de mon c\u0153ur. Convertissez-vous maintenant !<\/p>\n<h2>Message de la Reine du Rosaire \u00e0 Gisella, le 18 ao\u00fbt 2026<\/h2>\n<p>Mes enfants,<br \/>\nmerci de vous rassembler dans la pri\u00e8re.<br \/>\nJe vous appelle au plus profond de vos c\u0153urs, mais tous ne r\u00e9pondent pas. Comme je voudrais que mes enfants prient avec un c\u0153ur ouvert !<br \/>\nMes enfants, je suis ici pour vous sauver, mais vous ne comprenez pas et pr\u00e9f\u00e9rez la voie de la damnation.<br \/>\nJe vous ai dit tout ce qui allait arriver afin de vous pr\u00e9parer, et malgr\u00e9 tout, beaucoup blasph\u00e8ment encore, accusant Dieu de tout.<br \/>\nJe vous invite \u00e0 regarder en vous-m\u00eames. C&rsquo;est un temps de gr\u00e2ce ; profitez-en bien, mes enfants.<br \/>\nPriez pour le monde entier, pour vos dirigeants et pour les hommes d&rsquo;\u00c9glise, afin qu&rsquo;ils voient la v\u00e9rit\u00e9 sans illusion.<br \/>\nEnfants, je vous tends mes mains ; saisissez-les et je vous sauverai.<br \/>\n\u00c0 pr\u00e9sent, je vous b\u00e9nis, au nom du P\u00e8re, du Fils et du Saint-Esprit.<\/p>\n<h2>Message de la Reine du Rosaire \u00e0 Gisella, le 22 ao\u00fbt 2026<\/h2>\n<p>Mes enfants, merci d&rsquo;\u00eatre ici, unis dans la pri\u00e8re, et merci de vous \u00eatre mis \u00e0 genoux.<br \/>\nMes enfants, je tiens \u00e0 vous rappeler que Sodome et Gomorrhe ont \u00e9t\u00e9 d\u00e9truites pour bien moins que le comportement des gens d&rsquo;aujourd&rsquo;hui. Il y a trop d&rsquo;offenses envers mon J\u00e9sus ; la couronne d&rsquo;\u00e9pines faite de blasph\u00e8mes, d&rsquo;insultes et de haine continue de Lui \u00eatre impos\u00e9e.<br \/>\nMes enfants, le ch\u00e2timent viendra \u2014 non pour d\u00e9truire, mais pour corriger.<br \/>\nMes enfants, priez avec ferveur pour que la Troisi\u00e8me Guerre mondiale soit \u00e9cart\u00e9e de l&rsquo;esprit des puissants.<br \/>\n\u00c0 pr\u00e9sent, je vous b\u00e9nis, au nom du P\u00e8re, et du Fils, et du Saint-Esprit.<\/p>\n<h2>Message de la Reine du Rosaire \u00e0 Gisella, le 29 ao\u00fbt 2026.<\/h2>\n<p>Enfants bien-aim\u00e9s, merci d&rsquo;\u00eatre unis dans la pri\u00e8re et d&rsquo;avoir accueilli mon appel dans vos c\u0153urs. Fille bien-aim\u00e9e, proclamez que vous \u00eates au c\u0153ur de la tribulation, au milieu de la guerre entre le bien et le mal : vous \u00eates \u00e0 la fin des temps. Mes enfants, les tremblements de terre se succ\u00e9deront ; l&rsquo;eau et le feu joueront leur r\u00f4le. Mes enfants, regardez le soleil, sa chaleur&#8230; comprenez que seule la pri\u00e8re peut vous sauver. Mettez-vous \u00e0 genoux et demandez humblement pardon \u00e0 Dieu. Enfants, des jours de t\u00e9n\u00e8bres arrivent, ainsi que des pand\u00e9mies. Enfants, prot\u00e9gez-vous avec le Saint Rosaire : il ne doit pas \u00eatre un ornement, mais une pri\u00e8re constante. Courage ! Je vous b\u00e9nis maintenant au nom du P\u00e8re, et du Fils, et du Saint-Esprit.<\/p>\n","protected":false},"excerpt":{"rendered":"<p>Message de J\u00e9sus \u00e0 Gisella, le 1er ao\u00fbt 2026 Ma fille ! Parle de Mon Eucharistie : dis que J&rsquo;y suis pr\u00e9sent en tant qu&rsquo;Homme et en tant que Dieu. Dis que Je veux qu&rsquo;ils M&rsquo;aiment comme J&rsquo;aime. Parle-leur de l&rsquo;amour eucharistique et de la n\u00e9cessit\u00e9 de Me recevoir. Laisse-Moi \u00eatre aim\u00e9 de tous dans [&hellip;]<\/p>\n","protected":false},"author":1,"featured_media":1735,"comment_status":"closed","ping_status":"closed","sticky":false,"template":"","format":"standard","meta":{"ocean_front_end_style_editor":"no","ocean_post_layout":"","ocean_both_sidebars_style":"","ocean_both_sidebars_content_width":0,"ocean_both_sidebars_sidebars_width":0,"ocean_sidebar":"0","ocean_second_sidebar":"0","ocean_disable_margins":"enable","ocean_add_body_class":"","ocean_shortcode_before_top_bar":"","ocean_shortcode_after_top_bar":"","ocean_shortcode_before_header":"","ocean_shortcode_after_header":"","ocean_has_shortcode":"","ocean_shortcode_after_title":"","ocean_shortcode_before_footer_widgets":"","ocean_shortcode_after_footer_widgets":"","ocean_shortcode_before_footer_bottom":"","ocean_shortcode_after_footer_bottom":"","ocean_display_top_bar":"default","ocean_display_header":"default","ocean_header_style":"","ocean_center_header_left_menu":"0","ocean_custom_header_template":"0","ocean_custom_logo":0,"ocean_custom_retina_logo":0,"ocean_custom_logo_max_width":0,"ocean_custom_logo_tablet_max_width":0,"ocean_custom_logo_mobile_max_width":0,"ocean_custom_logo_max_height":0,"ocean_custom_logo_tablet_max_height":0,"ocean_custom_logo_mobile_max_height":0,"ocean_header_custom_menu":"0","ocean_menu_typo_font_family":"0","ocean_menu_typo_font_subset":"","ocean_menu_typo_font_size":0,"ocean_menu_typo_font_size_tablet":0,"ocean_menu_typo_font_size_mobile":0,"ocean_menu_typo_font_size_unit":"px","ocean_menu_typo_font_weight":"","ocean_menu_typo_font_weight_tablet":"","ocean_menu_typo_font_weight_mobile":"","ocean_menu_typo_transform":"","ocean_menu_typo_transform_tablet":"","ocean_menu_typo_transform_mobile":"","ocean_menu_typo_line_height":0,"ocean_menu_typo_line_height_tablet":0,"ocean_menu_typo_line_height_mobile":0,"ocean_menu_typo_line_height_unit":"","ocean_menu_typo_spacing":0,"ocean_menu_typo_spacing_tablet":0,"ocean_menu_typo_spacing_mobile":0,"ocean_menu_typo_spacing_unit":"","ocean_menu_link_color":"","ocean_menu_link_color_hover":"","ocean_menu_link_color_active":"","ocean_menu_link_background":"","ocean_menu_link_hover_background":"","ocean_menu_link_active_background":"","ocean_menu_social_links_bg":"","ocean_menu_social_hover_links_bg":"","ocean_menu_social_links_color":"","ocean_menu_social_hover_links_color":"","ocean_disable_title":"default","ocean_disable_heading":"default","ocean_post_title":"","ocean_post_subheading":"","ocean_post_title_style":"","ocean_post_title_background_color":"","ocean_post_title_background":0,"ocean_post_title_bg_image_position":"","ocean_post_title_bg_image_attachment":"","ocean_post_title_bg_image_repeat":"","ocean_post_title_bg_image_size":"","ocean_post_title_height":0,"ocean_post_title_bg_overlay":0.5,"ocean_post_title_bg_overlay_color":"","ocean_disable_breadcrumbs":"default","ocean_breadcrumbs_color":"","ocean_breadcrumbs_separator_color":"","ocean_breadcrumbs_links_color":"","ocean_breadcrumbs_links_hover_color":"","ocean_display_footer_widgets":"default","ocean_display_footer_bottom":"default","ocean_custom_footer_template":"0","ocean_post_oembed":"","ocean_post_self_hosted_media":"","ocean_post_video_embed":"","ocean_link_format":"","ocean_link_format_target":"self","ocean_quote_format":"","ocean_quote_format_link":"post","ocean_gallery_link_images":"on","ocean_gallery_id":[],"footnotes":""},"categories":[38],"tags":[],"class_list":["post-3402","post","type-post","status-publish","format-standard","has-post-thumbnail","hentry","category-trevignano","entry","has-media"],"yoast_head":"<!-- This site is optimized with the Yoast SEO plugin v28.1 - https:\/\/yoast.com\/product\/yoast-seo-wordpress\/ -->\n<title>Messages donn\u00e9s \u00e0 Gisella Cardia en ao\u00fbt 2026 - Communion des refuges du Coeur Immacul\u00e9 de Marie<\/title>\n<meta name=\"description\" content=\"Messages donn\u00e9s par Notre Seigneur J\u00e9sus et la Vierge Marie \u00e0 Gisella Cardia (apparitions de Trevignano Romano) durant le mois d&#039;ao\u00fbt 2026.\" \/>\n<meta name=\"robots\" content=\"index, follow, max-snippet:-1, max-image-preview:large, max-video-preview:-1\" \/>\n<link rel=\"canonical\" href=\"https:\/\/refugesdemarie.fr\/index.php\/2026\/09\/04\/messages-donnes-a-gisella-cardia-en-aout-2026\/\" \/>\n<meta property=\"og:locale\" content=\"fr_FR\" \/>\n<meta property=\"og:type\" content=\"article\" \/>\n<meta property=\"og:title\" content=\"Messages donn\u00e9s \u00e0 Gisella Cardia en ao\u00fbt 2026 - Communion des refuges du Coeur Immacul\u00e9 de Marie\" \/>\n<meta property=\"og:description\" content=\"Messages donn\u00e9s par Notre Seigneur J\u00e9sus et la Vierge Marie \u00e0 Gisella Cardia (apparitions de Trevignano Romano) durant le mois d&#039;ao\u00fbt 2026.\" \/>\n<meta property=\"og:url\" content=\"https:\/\/refugesdemarie.fr\/index.php\/2026\/09\/04\/messages-donnes-a-gisella-cardia-en-aout-2026\/\" \/>\n<meta property=\"og:site_name\" content=\"Communion des refuges du Coeur Immacul\u00e9 de Marie\" \/>\n<meta property=\"article:publisher\" content=\"https:\/\/www.facebook.com\/profile.php?id=100089561384328\" \/>\n<meta property=\"article:author\" content=\"https:\/\/www.facebook.com\/profile.php?id=100089561384328\" \/>\n<meta property=\"article:published_time\" content=\"2026-09-04T15:45:17+00:00\" \/>\n<meta property=\"og:image\" content=\"https:\/\/refugesdemarie.fr\/wp-content\/uploads\/2024\/11\/Trevignano.jpg\" \/>\n\t<meta property=\"og:image:width\" content=\"620\" \/>\n\t<meta property=\"og:image:height\" content=\"620\" \/>\n\t<meta property=\"og:image:type\" content=\"image\/jpeg\" \/>\n<meta name=\"author\" content=\"refugesdemarie@gmail.com\" \/>\n<meta name=\"twitter:card\" content=\"summary_large_image\" \/>\n<meta name=\"twitter:label1\" content=\"\u00c9crit par\" \/>\n\t<meta name=\"twitter:data1\" content=\"refugesdemarie@gmail.com\" \/>\n\t<meta name=\"twitter:label2\" content=\"Dur\u00e9e de lecture estim\u00e9e\" \/>\n\t<meta name=\"twitter:data2\" content=\"8 minutes\" \/>\n<script type=\"application\/ld+json\" class=\"yoast-schema-graph\">{\"@context\":\"https:\\\/\\\/schema.org\",\"@graph\":[{\"@type\":\"Article\",\"@id\":\"https:\\\/\\\/refugesdemarie.fr\\\/index.php\\\/2026\\\/09\\\/04\\\/messages-donnes-a-gisella-cardia-en-aout-2026\\\/#article\",\"isPartOf\":{\"@id\":\"https:\\\/\\\/refugesdemarie.fr\\\/index.php\\\/2026\\\/09\\\/04\\\/messages-donnes-a-gisella-cardia-en-aout-2026\\\/\"},\"author\":{\"name\":\"refugesdemarie@gmail.com\",\"@id\":\"https:\\\/\\\/refugesdemarie.fr\\\/#\\\/schema\\\/person\\\/3bda0c49569f70f4dcfbe78b7e174b11\"},\"headline\":\"Messages donn\u00e9s \u00e0 Gisella Cardia en ao\u00fbt 2026\",\"datePublished\":\"2026-09-04T15:45:17+00:00\",\"mainEntityOfPage\":{\"@id\":\"https:\\\/\\\/refugesdemarie.fr\\\/index.php\\\/2026\\\/09\\\/04\\\/messages-donnes-a-gisella-cardia-en-aout-2026\\\/\"},\"wordCount\":1636,\"publisher\":{\"@id\":\"https:\\\/\\\/refugesdemarie.fr\\\/#organization\"},\"image\":{\"@id\":\"https:\\\/\\\/refugesdemarie.fr\\\/index.php\\\/2026\\\/09\\\/04\\\/messages-donnes-a-gisella-cardia-en-aout-2026\\\/#primaryimage\"},\"thumbnailUrl\":\"https:\\\/\\\/refugesdemarie.fr\\\/wp-content\\\/uploads\\\/2024\\\/11\\\/Trevignano.jpg\",\"articleSection\":[\"Trevignano Romano\"],\"inLanguage\":\"fr-FR\"},{\"@type\":\"WebPage\",\"@id\":\"https:\\\/\\\/refugesdemarie.fr\\\/index.php\\\/2026\\\/09\\\/04\\\/messages-donnes-a-gisella-cardia-en-aout-2026\\\/\",\"url\":\"https:\\\/\\\/refugesdemarie.fr\\\/index.php\\\/2026\\\/09\\\/04\\\/messages-donnes-a-gisella-cardia-en-aout-2026\\\/\",\"name\":\"Messages donn\u00e9s \u00e0 Gisella Cardia en ao\u00fbt 2026 - Communion des refuges du Coeur Immacul\u00e9 de Marie\",\"isPartOf\":{\"@id\":\"https:\\\/\\\/refugesdemarie.fr\\\/#website\"},\"primaryImageOfPage\":{\"@id\":\"https:\\\/\\\/refugesdemarie.fr\\\/index.php\\\/2026\\\/09\\\/04\\\/messages-donnes-a-gisella-cardia-en-aout-2026\\\/#primaryimage\"},\"image\":{\"@id\":\"https:\\\/\\\/refugesdemarie.fr\\\/index.php\\\/2026\\\/09\\\/04\\\/messages-donnes-a-gisella-cardia-en-aout-2026\\\/#primaryimage\"},\"thumbnailUrl\":\"https:\\\/\\\/refugesdemarie.fr\\\/wp-content\\\/uploads\\\/2024\\\/11\\\/Trevignano.jpg\",\"datePublished\":\"2026-09-04T15:45:17+00:00\",\"description\":\"Messages donn\u00e9s par Notre Seigneur J\u00e9sus et la Vierge Marie \u00e0 Gisella Cardia (apparitions de Trevignano Romano) durant le mois d'ao\u00fbt 2026.\",\"breadcrumb\":{\"@id\":\"https:\\\/\\\/refugesdemarie.fr\\\/index.php\\\/2026\\\/09\\\/04\\\/messages-donnes-a-gisella-cardia-en-aout-2026\\\/#breadcrumb\"},\"inLanguage\":\"fr-FR\",\"potentialAction\":[{\"@type\":\"ReadAction\",\"target\":[\"https:\\\/\\\/refugesdemarie.fr\\\/index.php\\\/2026\\\/09\\\/04\\\/messages-donnes-a-gisella-cardia-en-aout-2026\\\/\"]}]},{\"@type\":\"ImageObject\",\"inLanguage\":\"fr-FR\",\"@id\":\"https:\\\/\\\/refugesdemarie.fr\\\/index.php\\\/2026\\\/09\\\/04\\\/messages-donnes-a-gisella-cardia-en-aout-2026\\\/#primaryimage\",\"url\":\"https:\\\/\\\/refugesdemarie.fr\\\/wp-content\\\/uploads\\\/2024\\\/11\\\/Trevignano.jpg\",\"contentUrl\":\"https:\\\/\\\/refugesdemarie.fr\\\/wp-content\\\/uploads\\\/2024\\\/11\\\/Trevignano.jpg\",\"width\":620,\"height\":620},{\"@type\":\"BreadcrumbList\",\"@id\":\"https:\\\/\\\/refugesdemarie.fr\\\/index.php\\\/2026\\\/09\\\/04\\\/messages-donnes-a-gisella-cardia-en-aout-2026\\\/#breadcrumb\",\"itemListElement\":[{\"@type\":\"ListItem\",\"position\":1,\"name\":\"Accueil\",\"item\":\"https:\\\/\\\/refugesdemarie.fr\\\/\"},{\"@type\":\"ListItem\",\"position\":2,\"name\":\"Messages donn\u00e9s \u00e0 Gisella Cardia en ao\u00fbt 2026\"}]},{\"@type\":\"WebSite\",\"@id\":\"https:\\\/\\\/refugesdemarie.fr\\\/#website\",\"url\":\"https:\\\/\\\/refugesdemarie.fr\\\/\",\"name\":\"Communion des refuges du Coeur Immacul\u00e9 de Marie\",\"description\":\"\",\"publisher\":{\"@id\":\"https:\\\/\\\/refugesdemarie.fr\\\/#organization\"},\"potentialAction\":[{\"@type\":\"SearchAction\",\"target\":{\"@type\":\"EntryPoint\",\"urlTemplate\":\"https:\\\/\\\/refugesdemarie.fr\\\/?s={search_term_string}\"},\"query-input\":{\"@type\":\"PropertyValueSpecification\",\"valueRequired\":true,\"valueName\":\"search_term_string\"}}],\"inLanguage\":\"fr-FR\"},{\"@type\":\"Organization\",\"@id\":\"https:\\\/\\\/refugesdemarie.fr\\\/#organization\",\"name\":\"Communion des refuges du Coeur Immacul\u00e9 de Marie\",\"url\":\"https:\\\/\\\/refugesdemarie.fr\\\/\",\"logo\":{\"@type\":\"ImageObject\",\"inLanguage\":\"fr-FR\",\"@id\":\"https:\\\/\\\/refugesdemarie.fr\\\/#\\\/schema\\\/logo\\\/image\\\/\",\"url\":\"https:\\\/\\\/refugesdemarie.fr\\\/wp-content\\\/uploads\\\/2023\\\/01\\\/cropped-Logo-Communion-des-Refuges-6.jpg\",\"contentUrl\":\"https:\\\/\\\/refugesdemarie.fr\\\/wp-content\\\/uploads\\\/2023\\\/01\\\/cropped-Logo-Communion-des-Refuges-6.jpg\",\"width\":1199,\"height\":377,\"caption\":\"Communion des refuges du Coeur Immacul\u00e9 de Marie\"},\"image\":{\"@id\":\"https:\\\/\\\/refugesdemarie.fr\\\/#\\\/schema\\\/logo\\\/image\\\/\"},\"sameAs\":[\"https:\\\/\\\/www.facebook.com\\\/profile.php?id=100089561384328\"]},{\"@type\":\"Person\",\"@id\":\"https:\\\/\\\/refugesdemarie.fr\\\/#\\\/schema\\\/person\\\/3bda0c49569f70f4dcfbe78b7e174b11\",\"name\":\"refugesdemarie@gmail.com\",\"image\":{\"@type\":\"ImageObject\",\"inLanguage\":\"fr-FR\",\"@id\":\"https:\\\/\\\/secure.gravatar.com\\\/avatar\\\/43491e46ee54b6706285b166679fe98aa620b1849d376153f6bc028852c019f7?s=96&d=mm&r=g\",\"url\":\"https:\\\/\\\/secure.gravatar.com\\\/avatar\\\/43491e46ee54b6706285b166679fe98aa620b1849d376153f6bc028852c019f7?s=96&d=mm&r=g\",\"contentUrl\":\"https:\\\/\\\/secure.gravatar.com\\\/avatar\\\/43491e46ee54b6706285b166679fe98aa620b1849d376153f6bc028852c019f7?s=96&d=mm&r=g\",\"caption\":\"refugesdemarie@gmail.com\"},\"sameAs\":[\"https:\\\/\\\/refugesdemarie.fr\",\"https:\\\/\\\/www.facebook.com\\\/profile.php?id=100089561384328\",\"https:\\\/\\\/www.youtube.com\\\/channel\\\/UCXOznkQcnNvuMDGDg11ZPfg\"],\"url\":\"https:\\\/\\\/refugesdemarie.fr\\\/index.php\\\/author\\\/com-coeur-immaculegmail-com\\\/\"}]}<\/script>\n<!-- \/ Yoast SEO plugin. -->","yoast_head_json":{"title":"Messages donn\u00e9s \u00e0 Gisella Cardia en ao\u00fbt 2026 - Communion des refuges du Coeur Immacul\u00e9 de Marie","description":"Messages donn\u00e9s par Notre Seigneur J\u00e9sus et la Vierge Marie \u00e0 Gisella Cardia (apparitions de Trevignano Romano) durant le mois d'ao\u00fbt 2026.","robots":{"index":"index","follow":"follow","max-snippet":"max-snippet:-1","max-image-preview":"max-image-preview:large","max-video-preview":"max-video-preview:-1"},"canonical":"https:\/\/refugesdemarie.fr\/index.php\/2026\/09\/04\/messages-donnes-a-gisella-cardia-en-aout-2026\/","og_locale":"fr_FR","og_type":"article","og_title":"Messages donn\u00e9s \u00e0 Gisella Cardia en ao\u00fbt 2026 - Communion des refuges du Coeur Immacul\u00e9 de Marie","og_description":"Messages donn\u00e9s par Notre Seigneur J\u00e9sus et la Vierge Marie \u00e0 Gisella Cardia (apparitions de Trevignano Romano) durant le mois d'ao\u00fbt 2026.","og_url":"https:\/\/refugesdemarie.fr\/index.php\/2026\/09\/04\/messages-donnes-a-gisella-cardia-en-aout-2026\/","og_site_name":"Communion des refuges du Coeur Immacul\u00e9 de Marie","article_publisher":"https:\/\/www.facebook.com\/profile.php?id=100089561384328","article_author":"https:\/\/www.facebook.com\/profile.php?id=100089561384328","article_published_time":"2026-09-04T15:45:17+00:00","og_image":[{"width":620,"height":620,"url":"https:\/\/refugesdemarie.fr\/wp-content\/uploads\/2024\/11\/Trevignano.jpg","type":"image\/jpeg"}],"author":"refugesdemarie@gmail.com","twitter_card":"summary_large_image","twitter_misc":{"\u00c9crit par":"refugesdemarie@gmail.com","Dur\u00e9e de lecture estim\u00e9e":"8 minutes"},"schema":{"@context":"https:\/\/schema.org","@graph":[{"@type":"Article","@id":"https:\/\/refugesdemarie.fr\/index.php\/2026\/09\/04\/messages-donnes-a-gisella-cardia-en-aout-2026\/#article","isPartOf":{"@id":"https:\/\/refugesdemarie.fr\/index.php\/2026\/09\/04\/messages-donnes-a-gisella-cardia-en-aout-2026\/"},"author":{"name":"refugesdemarie@gmail.com","@id":"https:\/\/refugesdemarie.fr\/#\/schema\/person\/3bda0c49569f70f4dcfbe78b7e174b11"},"headline":"Messages donn\u00e9s \u00e0 Gisella Cardia en ao\u00fbt 2026","datePublished":"2026-09-04T15:45:17+00:00","mainEntityOfPage":{"@id":"https:\/\/refugesdemarie.fr\/index.php\/2026\/09\/04\/messages-donnes-a-gisella-cardia-en-aout-2026\/"},"wordCount":1636,"publisher":{"@id":"https:\/\/refugesdemarie.fr\/#organization"},"image":{"@id":"https:\/\/refugesdemarie.fr\/index.php\/2026\/09\/04\/messages-donnes-a-gisella-cardia-en-aout-2026\/#primaryimage"},"thumbnailUrl":"https:\/\/refugesdemarie.fr\/wp-content\/uploads\/2024\/11\/Trevignano.jpg","articleSection":["Trevignano Romano"],"inLanguage":"fr-FR"},{"@type":"WebPage","@id":"https:\/\/refugesdemarie.fr\/index.php\/2026\/09\/04\/messages-donnes-a-gisella-cardia-en-aout-2026\/","url":"https:\/\/refugesdemarie.fr\/index.php\/2026\/09\/04\/messages-donnes-a-gisella-cardia-en-aout-2026\/","name":"Messages donn\u00e9s \u00e0 Gisella Cardia en ao\u00fbt 2026 - Communion des refuges du Coeur Immacul\u00e9 de Marie","isPartOf":{"@id":"https:\/\/refugesdemarie.fr\/#website"},"primaryImageOfPage":{"@id":"https:\/\/refugesdemarie.fr\/index.php\/2026\/09\/04\/messages-donnes-a-gisella-cardia-en-aout-2026\/#primaryimage"},"image":{"@id":"https:\/\/refugesdemarie.fr\/index.php\/2026\/09\/04\/messages-donnes-a-gisella-cardia-en-aout-2026\/#primaryimage"},"thumbnailUrl":"https:\/\/refugesdemarie.fr\/wp-content\/uploads\/2024\/11\/Trevignano.jpg","datePublished":"2026-09-04T15:45:17+00:00","description":"Messages donn\u00e9s par Notre Seigneur J\u00e9sus et la Vierge Marie \u00e0 Gisella Cardia (apparitions de Trevignano Romano) durant le mois d'ao\u00fbt 2026.","breadcrumb":{"@id":"https:\/\/refugesdemarie.fr\/index.php\/2026\/09\/04\/messages-donnes-a-gisella-cardia-en-aout-2026\/#breadcrumb"},"inLanguage":"fr-FR","potentialAction":[{"@type":"ReadAction","target":["https:\/\/refugesdemarie.fr\/index.php\/2026\/09\/04\/messages-donnes-a-gisella-cardia-en-aout-2026\/"]}]},{"@type":"ImageObject","inLanguage":"fr-FR","@id":"https:\/\/refugesdemarie.fr\/index.php\/2026\/09\/04\/messages-donnes-a-gisella-cardia-en-aout-2026\/#primaryimage","url":"https:\/\/refugesdemarie.fr\/wp-content\/uploads\/2024\/11\/Trevignano.jpg","contentUrl":"https:\/\/refugesdemarie.fr\/wp-content\/uploads\/2024\/11\/Trevignano.jpg","width":620,"height":620},{"@type":"BreadcrumbList","@id":"https:\/\/refugesdemarie.fr\/index.php\/2026\/09\/04\/messages-donnes-a-gisella-cardia-en-aout-2026\/#breadcrumb","itemListElement":[{"@type":"ListItem","position":1,"name":"Accueil","item":"https:\/\/refugesdemarie.fr\/"},{"@type":"ListItem","position":2,"name":"Messages donn\u00e9s \u00e0 Gisella Cardia en ao\u00fbt 2026"}]},{"@type":"WebSite","@id":"https:\/\/refugesdemarie.fr\/#website","url":"https:\/\/refugesdemarie.fr\/","name":"Communion des refuges du Coeur Immacul\u00e9 de Marie","description":"","publisher":{"@id":"https:\/\/refugesdemarie.fr\/#organization"},"potentialAction":[{"@type":"SearchAction","target":{"@type":"EntryPoint","urlTemplate":"https:\/\/refugesdemarie.fr\/?s={search_term_string}"},"query-input":{"@type":"PropertyValueSpecification","valueRequired":true,"valueName":"search_term_string"}}],"inLanguage":"fr-FR"},{"@type":"Organization","@id":"https:\/\/refugesdemarie.fr\/#organization","name":"Communion des refuges du Coeur Immacul\u00e9 de Marie","url":"https:\/\/refugesdemarie.fr\/","logo":{"@type":"ImageObject","inLanguage":"fr-FR","@id":"https:\/\/refugesdemarie.fr\/#\/schema\/logo\/image\/","url":"https:\/\/refugesdemarie.fr\/wp-content\/uploads\/2023\/01\/cropped-Logo-Communion-des-Refuges-6.jpg","contentUrl":"https:\/\/refugesdemarie.fr\/wp-content\/uploads\/2023\/01\/cropped-Logo-Communion-des-Refuges-6.jpg","width":1199,"height":377,"caption":"Communion des refuges du Coeur Immacul\u00e9 de Marie"},"image":{"@id":"https:\/\/refugesdemarie.fr\/#\/schema\/logo\/image\/"},"sameAs":["https:\/\/www.facebook.com\/profile.php?id=100089561384328"]},{"@type":"Person","@id":"https:\/\/refugesdemarie.fr\/#\/schema\/person\/3bda0c49569f70f4dcfbe78b7e174b11","name":"refugesdemarie@gmail.com","image":{"@type":"ImageObject","inLanguage":"fr-FR","@id":"https:\/\/secure.gravatar.com\/avatar\/43491e46ee54b6706285b166679fe98aa620b1849d376153f6bc028852c019f7?s=96&d=mm&r=g","url":"https:\/\/secure.gravatar.com\/avatar\/43491e46ee54b6706285b166679fe98aa620b1849d376153f6bc028852c019f7?s=96&d=mm&r=g","contentUrl":"https:\/\/secure.gravatar.com\/avatar\/43491e46ee54b6706285b166679fe98aa620b1849d376153f6bc028852c019f7?s=96&d=mm&r=g","caption":"refugesdemarie@gmail.com"},"sameAs":["https:\/\/refugesdemarie.fr","https:\/\/www.facebook.com\/profile.php?id=100089561384328","https:\/\/www.youtube.com\/channel\/UCXOznkQcnNvuMDGDg11ZPfg"],"url":"https:\/\/refugesdemarie.fr\/index.php\/author\/com-coeur-immaculegmail-com\/"}]}},"_links":{"self":[{"href":"https:\/\/refugesdemarie.fr\/index.php\/wp-json\/wp\/v2\/posts\/3402","targetHints":{"allow":["GET"]}}],"collection":[{"href":"https:\/\/refugesdemarie.fr\/index.php\/wp-json\/wp\/v2\/posts"}],"about":[{"href":"https:\/\/refugesdemarie.fr\/index.php\/wp-json\/wp\/v2\/types\/post"}],"author":[{"embeddable":true,"href":"https:\/\/refugesdemarie.fr\/index.php\/wp-json\/wp\/v2\/users\/1"}],"replies":[{"embeddable":true,"href":"https:\/\/refugesdemarie.fr\/index.php\/wp-json\/wp\/v2\/comments?post=3402"}],"version-history":[{"count":2,"href":"https:\/\/refugesdemarie.fr\/index.php\/wp-json\/wp\/v2\/posts\/3402\/revisions"}],"predecessor-version":[{"id":3408,"href":"https:\/\/refugesdemarie.fr\/index.php\/wp-json\/wp\/v2\/posts\/3402\/revisions\/3408"}],"wp:featuredmedia":[{"embeddable":true,"href":"https:\/\/refugesdemarie.fr\/index.php\/wp-json\/wp\/v2\/media\/1735"}],"wp:attachment":[{"href":"https:\/\/refugesdemarie.fr\/index.php\/wp-json\/wp\/v2\/media?parent=3402"}],"wp:term":[{"taxonomy":"category","embeddable":true,"href":"https:\/\/refugesdemarie.fr\/index.php\/wp-json\/wp\/v2\/categories?post=3402"},{"taxonomy":"post_tag","embeddable":true,"href":"https:\/\/refugesdemarie.fr\/index.php\/wp-json\/wp\/v2\/tags?post=3402"}],"curies":[{"name":"wp","href":"https:\/\/api.w.org\/{rel}","templated":true}]}}