{"id":357,"date":"2023-06-06T15:45:45","date_gmt":"2023-06-06T15:45:45","guid":{"rendered":"https:\/\/refugesdemarie.fr\/?p=357"},"modified":"2026-01-06T16:06:23","modified_gmt":"2026-01-06T16:06:23","slug":"message-de-marie-a-trevignano-romano-le-3-juin-2023","status":"publish","type":"post","link":"https:\/\/refugesdemarie.fr\/index.php\/2023\/06\/06\/message-de-marie-a-trevignano-romano-le-3-juin-2023\/","title":{"rendered":"Message de Marie \u00e0 Trevignano Romano le 3 juin 2023"},"content":{"rendered":"<div class=\"pdfprnt-buttons pdfprnt-buttons-post pdfprnt-top-right\"><a href=\"https:\/\/refugesdemarie.fr\/index.php\/wp-json\/wp\/v2\/posts\/357?print=print\" class=\"pdfprnt-button pdfprnt-button-print\" target=\"_blank\" ><img decoding=\"async\" src=\"https:\/\/refugesdemarie.fr\/wp-content\/plugins\/pdf-print\/images\/print.png\" alt=\"image_print\" title=\"Contenu imprim\u00e9\" \/><\/a><\/div><p><img fetchpriority=\"high\" decoding=\"async\" class=\"alignnone size-medium wp-image-359 aligncenter\" src=\"https:\/\/refugesdemarie.fr\/wp-content\/uploads\/2023\/06\/328-300x200.jpg\" alt=\"\" width=\"300\" height=\"200\" srcset=\"https:\/\/refugesdemarie.fr\/wp-content\/uploads\/2023\/06\/328-300x200.jpg 300w, https:\/\/refugesdemarie.fr\/wp-content\/uploads\/2023\/06\/328.jpg 320w\" sizes=\"(max-width: 300px) 100vw, 300px\" \/><\/p>\n<p>\u00ab\u00a0Enfants bien-aim\u00e9s, merci d&rsquo;\u00eatre ici en pri\u00e8re et merci de plier les genoux. Mes enfants, c&rsquo;est le temps de la tribulation qui sera de plus en plus difficile mais je vous demande la pri\u00e8re qui est le meilleur rem\u00e8de pour vos \u00e2mes. Mes enfants, priez pour que l&rsquo;Esprit Saint descende en vous, qu&rsquo;il gu\u00e9risse toutes les blessures, demandez la gr\u00e2ce du pardon et de l&rsquo;amour entre fr\u00e8res. Le chemin qui m\u00e8ne \u00e0 J\u00e9sus est le plus difficile, mais avec une foi vraie et authentique, vous surmonterez tous les \u00e9cueils les plus f\u00e9roces. Ayez une foi vivante et t\u00e9moignez de l&rsquo;amour de J\u00e9sus, je serai toujours avec vous, n&rsquo;ayez pas peur. Je vous b\u00e9nis maintenant au nom du P\u00e8re, du Fils et du Saint-Esprit, amen.<\/p>\n<p>Beaucoup de gr\u00e2ces descendront sur vous aujourd&rsquo;hui.\u00a0\u00bb<\/p>\n","protected":false},"excerpt":{"rendered":"<p>\u00ab\u00a0Enfants bien-aim\u00e9s, merci d&rsquo;\u00eatre ici en pri\u00e8re et merci de plier les genoux. Mes enfants, c&rsquo;est le temps de la tribulation qui sera de plus en plus difficile mais je vous demande la pri\u00e8re qui est le meilleur rem\u00e8de pour vos \u00e2mes. Mes enfants, priez pour que l&rsquo;Esprit Saint descende en vous, qu&rsquo;il gu\u00e9risse toutes [&hellip;]<\/p>\n","protected":false},"author":1,"featured_media":359,"comment_status":"closed","ping_status":"open","sticky":false,"template":"","format":"standard","meta":{"ocean_post_layout":"","ocean_both_sidebars_style":"","ocean_both_sidebars_content_width":0,"ocean_both_sidebars_sidebars_width":0,"ocean_sidebar":"0","ocean_second_sidebar":"0","ocean_disable_margins":"enable","ocean_add_body_class":"","ocean_shortcode_before_top_bar":"","ocean_shortcode_after_top_bar":"","ocean_shortcode_before_header":"","ocean_shortcode_after_header":"","ocean_has_shortcode":"","ocean_shortcode_after_title":"","ocean_shortcode_before_footer_widgets":"","ocean_shortcode_after_footer_widgets":"","ocean_shortcode_before_footer_bottom":"","ocean_shortcode_after_footer_bottom":"","ocean_display_top_bar":"default","ocean_display_header":"default","ocean_header_style":"","ocean_center_header_left_menu":"0","ocean_custom_header_template":"0","ocean_custom_logo":0,"ocean_custom_retina_logo":0,"ocean_custom_logo_max_width":0,"ocean_custom_logo_tablet_max_width":0,"ocean_custom_logo_mobile_max_width":0,"ocean_custom_logo_max_height":0,"ocean_custom_logo_tablet_max_height":0,"ocean_custom_logo_mobile_max_height":0,"ocean_header_custom_menu":"0","ocean_menu_typo_font_family":"0","ocean_menu_typo_font_subset":"","ocean_menu_typo_font_size":0,"ocean_menu_typo_font_size_tablet":0,"ocean_menu_typo_font_size_mobile":0,"ocean_menu_typo_font_size_unit":"px","ocean_menu_typo_font_weight":"","ocean_menu_typo_font_weight_tablet":"","ocean_menu_typo_font_weight_mobile":"","ocean_menu_typo_transform":"","ocean_menu_typo_transform_tablet":"","ocean_menu_typo_transform_mobile":"","ocean_menu_typo_line_height":0,"ocean_menu_typo_line_height_tablet":0,"ocean_menu_typo_line_height_mobile":0,"ocean_menu_typo_line_height_unit":"","ocean_menu_typo_spacing":0,"ocean_menu_typo_spacing_tablet":0,"ocean_menu_typo_spacing_mobile":0,"ocean_menu_typo_spacing_unit":"","ocean_menu_link_color":"","ocean_menu_link_color_hover":"","ocean_menu_link_color_active":"","ocean_menu_link_background":"","ocean_menu_link_hover_background":"","ocean_menu_link_active_background":"","ocean_menu_social_links_bg":"","ocean_menu_social_hover_links_bg":"","ocean_menu_social_links_color":"","ocean_menu_social_hover_links_color":"","ocean_disable_title":"default","ocean_disable_heading":"default","ocean_post_title":"","ocean_post_subheading":"","ocean_post_title_style":"","ocean_post_title_background_color":"","ocean_post_title_background":0,"ocean_post_title_bg_image_position":"","ocean_post_title_bg_image_attachment":"","ocean_post_title_bg_image_repeat":"","ocean_post_title_bg_image_size":"","ocean_post_title_height":0,"ocean_post_title_bg_overlay":0.5,"ocean_post_title_bg_overlay_color":"","ocean_disable_breadcrumbs":"default","ocean_breadcrumbs_color":"","ocean_breadcrumbs_separator_color":"","ocean_breadcrumbs_links_color":"","ocean_breadcrumbs_links_hover_color":"","ocean_display_footer_widgets":"default","ocean_display_footer_bottom":"default","ocean_custom_footer_template":"0","ocean_post_oembed":"","ocean_post_self_hosted_media":"","ocean_post_video_embed":"","ocean_link_format":"","ocean_link_format_target":"self","ocean_quote_format":"","ocean_quote_format_link":"post","ocean_gallery_link_images":"off","ocean_gallery_id":[],"footnotes":""},"categories":[34,3,38],"tags":[],"class_list":["post-357","post","type-post","status-publish","format-standard","has-post-thumbnail","hentry","category-apparitions-actuelles","category-revelations-pour-la-fin-des-temps","category-trevignano","entry","has-media"],"yoast_head":"<!-- This site is optimized with the Yoast SEO plugin v27.4 - https:\/\/yoast.com\/product\/yoast-seo-wordpress\/ -->\n<title>Message de Marie \u00e0 Trevignano Romano le 3 juin 2023 - Communion des refuges du Coeur Immacul\u00e9 de Marie<\/title>\n<meta name=\"description\" content=\"Message de la Vierge Marie donn\u00e9 \u00e0 Trevignano Romano le 3 juin 2023 : Je vous demande la pri\u00e8re qui est le meilleur rem\u00e8de pour vos \u00e2mes.\" \/>\n<meta name=\"robots\" content=\"index, follow, max-snippet:-1, max-image-preview:large, max-video-preview:-1\" \/>\n<link rel=\"canonical\" href=\"https:\/\/refugesdemarie.fr\/index.php\/2023\/06\/06\/message-de-marie-a-trevignano-romano-le-3-juin-2023\/\" \/>\n<meta property=\"og:locale\" content=\"fr_FR\" \/>\n<meta property=\"og:type\" content=\"article\" \/>\n<meta property=\"og:title\" content=\"Message de Marie \u00e0 Trevignano Romano le 3 juin 2023 - Communion des refuges du Coeur Immacul\u00e9 de Marie\" \/>\n<meta property=\"og:description\" content=\"Message de la Vierge Marie donn\u00e9 \u00e0 Trevignano Romano le 3 juin 2023 : Je vous demande la pri\u00e8re qui est le meilleur rem\u00e8de pour vos \u00e2mes.\" \/>\n<meta property=\"og:url\" content=\"https:\/\/refugesdemarie.fr\/index.php\/2023\/06\/06\/message-de-marie-a-trevignano-romano-le-3-juin-2023\/\" \/>\n<meta property=\"og:site_name\" content=\"Communion des refuges du Coeur Immacul\u00e9 de Marie\" \/>\n<meta property=\"article:publisher\" content=\"https:\/\/www.facebook.com\/profile.php?id=100089561384328\" \/>\n<meta property=\"article:author\" content=\"https:\/\/www.facebook.com\/profile.php?id=100089561384328\" \/>\n<meta property=\"article:published_time\" content=\"2023-06-06T15:45:45+00:00\" \/>\n<meta property=\"article:modified_time\" content=\"2026-01-06T16:06:23+00:00\" \/>\n<meta property=\"og:image\" content=\"https:\/\/refugesdemarie.fr\/wp-content\/uploads\/2023\/06\/328.jpg\" \/>\n\t<meta property=\"og:image:width\" content=\"320\" \/>\n\t<meta property=\"og:image:height\" content=\"213\" \/>\n\t<meta property=\"og:image:type\" content=\"image\/jpeg\" \/>\n<meta name=\"author\" content=\"refugesdemarie@gmail.com\" \/>\n<meta name=\"twitter:card\" content=\"summary_large_image\" \/>\n<meta name=\"twitter:label1\" content=\"\u00c9crit par\" \/>\n\t<meta name=\"twitter:data1\" content=\"refugesdemarie@gmail.com\" \/>\n\t<meta name=\"twitter:label2\" content=\"Dur\u00e9e de lecture estim\u00e9e\" \/>\n\t<meta name=\"twitter:data2\" content=\"1 minute\" \/>\n<script type=\"application\/ld+json\" class=\"yoast-schema-graph\">{\"@context\":\"https:\\\/\\\/schema.org\",\"@graph\":[{\"@type\":\"Article\",\"@id\":\"https:\\\/\\\/refugesdemarie.fr\\\/index.php\\\/2023\\\/06\\\/06\\\/message-de-marie-a-trevignano-romano-le-3-juin-2023\\\/#article\",\"isPartOf\":{\"@id\":\"https:\\\/\\\/refugesdemarie.fr\\\/index.php\\\/2023\\\/06\\\/06\\\/message-de-marie-a-trevignano-romano-le-3-juin-2023\\\/\"},\"author\":{\"name\":\"refugesdemarie@gmail.com\",\"@id\":\"https:\\\/\\\/refugesdemarie.fr\\\/#\\\/schema\\\/person\\\/3bda0c49569f70f4dcfbe78b7e174b11\"},\"headline\":\"Message de Marie \u00e0 Trevignano Romano le 3 juin 2023\",\"datePublished\":\"2023-06-06T15:45:45+00:00\",\"dateModified\":\"2026-01-06T16:06:23+00:00\",\"mainEntityOfPage\":{\"@id\":\"https:\\\/\\\/refugesdemarie.fr\\\/index.php\\\/2023\\\/06\\\/06\\\/message-de-marie-a-trevignano-romano-le-3-juin-2023\\\/\"},\"wordCount\":160,\"publisher\":{\"@id\":\"https:\\\/\\\/refugesdemarie.fr\\\/#organization\"},\"image\":{\"@id\":\"https:\\\/\\\/refugesdemarie.fr\\\/index.php\\\/2023\\\/06\\\/06\\\/message-de-marie-a-trevignano-romano-le-3-juin-2023\\\/#primaryimage\"},\"thumbnailUrl\":\"https:\\\/\\\/refugesdemarie.fr\\\/wp-content\\\/uploads\\\/2023\\\/06\\\/328.jpg\",\"articleSection\":[\"Apparitions actuelles\",\"R\u00e9v\u00e9lations pour la fin des temps\",\"Trevignano Romano\"],\"inLanguage\":\"fr-FR\"},{\"@type\":\"WebPage\",\"@id\":\"https:\\\/\\\/refugesdemarie.fr\\\/index.php\\\/2023\\\/06\\\/06\\\/message-de-marie-a-trevignano-romano-le-3-juin-2023\\\/\",\"url\":\"https:\\\/\\\/refugesdemarie.fr\\\/index.php\\\/2023\\\/06\\\/06\\\/message-de-marie-a-trevignano-romano-le-3-juin-2023\\\/\",\"name\":\"Message de Marie \u00e0 Trevignano Romano le 3 juin 2023 - Communion des refuges du Coeur Immacul\u00e9 de Marie\",\"isPartOf\":{\"@id\":\"https:\\\/\\\/refugesdemarie.fr\\\/#website\"},\"primaryImageOfPage\":{\"@id\":\"https:\\\/\\\/refugesdemarie.fr\\\/index.php\\\/2023\\\/06\\\/06\\\/message-de-marie-a-trevignano-romano-le-3-juin-2023\\\/#primaryimage\"},\"image\":{\"@id\":\"https:\\\/\\\/refugesdemarie.fr\\\/index.php\\\/2023\\\/06\\\/06\\\/message-de-marie-a-trevignano-romano-le-3-juin-2023\\\/#primaryimage\"},\"thumbnailUrl\":\"https:\\\/\\\/refugesdemarie.fr\\\/wp-content\\\/uploads\\\/2023\\\/06\\\/328.jpg\",\"datePublished\":\"2023-06-06T15:45:45+00:00\",\"dateModified\":\"2026-01-06T16:06:23+00:00\",\"description\":\"Message de la Vierge Marie donn\u00e9 \u00e0 Trevignano Romano le 3 juin 2023 : Je vous demande la pri\u00e8re qui est le meilleur rem\u00e8de pour vos \u00e2mes.\",\"breadcrumb\":{\"@id\":\"https:\\\/\\\/refugesdemarie.fr\\\/index.php\\\/2023\\\/06\\\/06\\\/message-de-marie-a-trevignano-romano-le-3-juin-2023\\\/#breadcrumb\"},\"inLanguage\":\"fr-FR\",\"potentialAction\":[{\"@type\":\"ReadAction\",\"target\":[\"https:\\\/\\\/refugesdemarie.fr\\\/index.php\\\/2023\\\/06\\\/06\\\/message-de-marie-a-trevignano-romano-le-3-juin-2023\\\/\"]}]},{\"@type\":\"ImageObject\",\"inLanguage\":\"fr-FR\",\"@id\":\"https:\\\/\\\/refugesdemarie.fr\\\/index.php\\\/2023\\\/06\\\/06\\\/message-de-marie-a-trevignano-romano-le-3-juin-2023\\\/#primaryimage\",\"url\":\"https:\\\/\\\/refugesdemarie.fr\\\/wp-content\\\/uploads\\\/2023\\\/06\\\/328.jpg\",\"contentUrl\":\"https:\\\/\\\/refugesdemarie.fr\\\/wp-content\\\/uploads\\\/2023\\\/06\\\/328.jpg\",\"width\":320,\"height\":213},{\"@type\":\"BreadcrumbList\",\"@id\":\"https:\\\/\\\/refugesdemarie.fr\\\/index.php\\\/2023\\\/06\\\/06\\\/message-de-marie-a-trevignano-romano-le-3-juin-2023\\\/#breadcrumb\",\"itemListElement\":[{\"@type\":\"ListItem\",\"position\":1,\"name\":\"Accueil\",\"item\":\"https:\\\/\\\/refugesdemarie.fr\\\/\"},{\"@type\":\"ListItem\",\"position\":2,\"name\":\"Message de Marie \u00e0 Trevignano Romano le 3 juin 2023\"}]},{\"@type\":\"WebSite\",\"@id\":\"https:\\\/\\\/refugesdemarie.fr\\\/#website\",\"url\":\"https:\\\/\\\/refugesdemarie.fr\\\/\",\"name\":\"Communion des refuges du Coeur Immacul\u00e9 de Marie\",\"description\":\"\",\"publisher\":{\"@id\":\"https:\\\/\\\/refugesdemarie.fr\\\/#organization\"},\"potentialAction\":[{\"@type\":\"SearchAction\",\"target\":{\"@type\":\"EntryPoint\",\"urlTemplate\":\"https:\\\/\\\/refugesdemarie.fr\\\/?s={search_term_string}\"},\"query-input\":{\"@type\":\"PropertyValueSpecification\",\"valueRequired\":true,\"valueName\":\"search_term_string\"}}],\"inLanguage\":\"fr-FR\"},{\"@type\":\"Organization\",\"@id\":\"https:\\\/\\\/refugesdemarie.fr\\\/#organization\",\"name\":\"Communion des refuges du Coeur Immacul\u00e9 de Marie\",\"url\":\"https:\\\/\\\/refugesdemarie.fr\\\/\",\"logo\":{\"@type\":\"ImageObject\",\"inLanguage\":\"fr-FR\",\"@id\":\"https:\\\/\\\/refugesdemarie.fr\\\/#\\\/schema\\\/logo\\\/image\\\/\",\"url\":\"https:\\\/\\\/refugesdemarie.fr\\\/wp-content\\\/uploads\\\/2023\\\/01\\\/cropped-Logo-Communion-des-Refuges-6.jpg\",\"contentUrl\":\"https:\\\/\\\/refugesdemarie.fr\\\/wp-content\\\/uploads\\\/2023\\\/01\\\/cropped-Logo-Communion-des-Refuges-6.jpg\",\"width\":1199,\"height\":377,\"caption\":\"Communion des refuges du Coeur Immacul\u00e9 de Marie\"},\"image\":{\"@id\":\"https:\\\/\\\/refugesdemarie.fr\\\/#\\\/schema\\\/logo\\\/image\\\/\"},\"sameAs\":[\"https:\\\/\\\/www.facebook.com\\\/profile.php?id=100089561384328\"]},{\"@type\":\"Person\",\"@id\":\"https:\\\/\\\/refugesdemarie.fr\\\/#\\\/schema\\\/person\\\/3bda0c49569f70f4dcfbe78b7e174b11\",\"name\":\"refugesdemarie@gmail.com\",\"image\":{\"@type\":\"ImageObject\",\"inLanguage\":\"fr-FR\",\"@id\":\"https:\\\/\\\/secure.gravatar.com\\\/avatar\\\/43491e46ee54b6706285b166679fe98aa620b1849d376153f6bc028852c019f7?s=96&d=mm&r=g\",\"url\":\"https:\\\/\\\/secure.gravatar.com\\\/avatar\\\/43491e46ee54b6706285b166679fe98aa620b1849d376153f6bc028852c019f7?s=96&d=mm&r=g\",\"contentUrl\":\"https:\\\/\\\/secure.gravatar.com\\\/avatar\\\/43491e46ee54b6706285b166679fe98aa620b1849d376153f6bc028852c019f7?s=96&d=mm&r=g\",\"caption\":\"refugesdemarie@gmail.com\"},\"sameAs\":[\"https:\\\/\\\/refugesdemarie.fr\",\"https:\\\/\\\/www.facebook.com\\\/profile.php?id=100089561384328\",\"https:\\\/\\\/www.youtube.com\\\/channel\\\/UCXOznkQcnNvuMDGDg11ZPfg\"],\"url\":\"https:\\\/\\\/refugesdemarie.fr\\\/index.php\\\/author\\\/com-coeur-immaculegmail-com\\\/\"}]}<\/script>\n<!-- \/ Yoast SEO plugin. -->","yoast_head_json":{"title":"Message de Marie \u00e0 Trevignano Romano le 3 juin 2023 - Communion des refuges du Coeur Immacul\u00e9 de Marie","description":"Message de la Vierge Marie donn\u00e9 \u00e0 Trevignano Romano le 3 juin 2023 : Je vous demande la pri\u00e8re qui est le meilleur rem\u00e8de pour vos \u00e2mes.","robots":{"index":"index","follow":"follow","max-snippet":"max-snippet:-1","max-image-preview":"max-image-preview:large","max-video-preview":"max-video-preview:-1"},"canonical":"https:\/\/refugesdemarie.fr\/index.php\/2023\/06\/06\/message-de-marie-a-trevignano-romano-le-3-juin-2023\/","og_locale":"fr_FR","og_type":"article","og_title":"Message de Marie \u00e0 Trevignano Romano le 3 juin 2023 - Communion des refuges du Coeur Immacul\u00e9 de Marie","og_description":"Message de la Vierge Marie donn\u00e9 \u00e0 Trevignano Romano le 3 juin 2023 : Je vous demande la pri\u00e8re qui est le meilleur rem\u00e8de pour vos \u00e2mes.","og_url":"https:\/\/refugesdemarie.fr\/index.php\/2023\/06\/06\/message-de-marie-a-trevignano-romano-le-3-juin-2023\/","og_site_name":"Communion des refuges du Coeur Immacul\u00e9 de Marie","article_publisher":"https:\/\/www.facebook.com\/profile.php?id=100089561384328","article_author":"https:\/\/www.facebook.com\/profile.php?id=100089561384328","article_published_time":"2023-06-06T15:45:45+00:00","article_modified_time":"2026-01-06T16:06:23+00:00","og_image":[{"width":320,"height":213,"url":"https:\/\/refugesdemarie.fr\/wp-content\/uploads\/2023\/06\/328.jpg","type":"image\/jpeg"}],"author":"refugesdemarie@gmail.com","twitter_card":"summary_large_image","twitter_misc":{"\u00c9crit par":"refugesdemarie@gmail.com","Dur\u00e9e de lecture estim\u00e9e":"1 minute"},"schema":{"@context":"https:\/\/schema.org","@graph":[{"@type":"Article","@id":"https:\/\/refugesdemarie.fr\/index.php\/2023\/06\/06\/message-de-marie-a-trevignano-romano-le-3-juin-2023\/#article","isPartOf":{"@id":"https:\/\/refugesdemarie.fr\/index.php\/2023\/06\/06\/message-de-marie-a-trevignano-romano-le-3-juin-2023\/"},"author":{"name":"refugesdemarie@gmail.com","@id":"https:\/\/refugesdemarie.fr\/#\/schema\/person\/3bda0c49569f70f4dcfbe78b7e174b11"},"headline":"Message de Marie \u00e0 Trevignano Romano le 3 juin 2023","datePublished":"2023-06-06T15:45:45+00:00","dateModified":"2026-01-06T16:06:23+00:00","mainEntityOfPage":{"@id":"https:\/\/refugesdemarie.fr\/index.php\/2023\/06\/06\/message-de-marie-a-trevignano-romano-le-3-juin-2023\/"},"wordCount":160,"publisher":{"@id":"https:\/\/refugesdemarie.fr\/#organization"},"image":{"@id":"https:\/\/refugesdemarie.fr\/index.php\/2023\/06\/06\/message-de-marie-a-trevignano-romano-le-3-juin-2023\/#primaryimage"},"thumbnailUrl":"https:\/\/refugesdemarie.fr\/wp-content\/uploads\/2023\/06\/328.jpg","articleSection":["Apparitions actuelles","R\u00e9v\u00e9lations pour la fin des temps","Trevignano Romano"],"inLanguage":"fr-FR"},{"@type":"WebPage","@id":"https:\/\/refugesdemarie.fr\/index.php\/2023\/06\/06\/message-de-marie-a-trevignano-romano-le-3-juin-2023\/","url":"https:\/\/refugesdemarie.fr\/index.php\/2023\/06\/06\/message-de-marie-a-trevignano-romano-le-3-juin-2023\/","name":"Message de Marie \u00e0 Trevignano Romano le 3 juin 2023 - Communion des refuges du Coeur Immacul\u00e9 de Marie","isPartOf":{"@id":"https:\/\/refugesdemarie.fr\/#website"},"primaryImageOfPage":{"@id":"https:\/\/refugesdemarie.fr\/index.php\/2023\/06\/06\/message-de-marie-a-trevignano-romano-le-3-juin-2023\/#primaryimage"},"image":{"@id":"https:\/\/refugesdemarie.fr\/index.php\/2023\/06\/06\/message-de-marie-a-trevignano-romano-le-3-juin-2023\/#primaryimage"},"thumbnailUrl":"https:\/\/refugesdemarie.fr\/wp-content\/uploads\/2023\/06\/328.jpg","datePublished":"2023-06-06T15:45:45+00:00","dateModified":"2026-01-06T16:06:23+00:00","description":"Message de la Vierge Marie donn\u00e9 \u00e0 Trevignano Romano le 3 juin 2023 : Je vous demande la pri\u00e8re qui est le meilleur rem\u00e8de pour vos \u00e2mes.","breadcrumb":{"@id":"https:\/\/refugesdemarie.fr\/index.php\/2023\/06\/06\/message-de-marie-a-trevignano-romano-le-3-juin-2023\/#breadcrumb"},"inLanguage":"fr-FR","potentialAction":[{"@type":"ReadAction","target":["https:\/\/refugesdemarie.fr\/index.php\/2023\/06\/06\/message-de-marie-a-trevignano-romano-le-3-juin-2023\/"]}]},{"@type":"ImageObject","inLanguage":"fr-FR","@id":"https:\/\/refugesdemarie.fr\/index.php\/2023\/06\/06\/message-de-marie-a-trevignano-romano-le-3-juin-2023\/#primaryimage","url":"https:\/\/refugesdemarie.fr\/wp-content\/uploads\/2023\/06\/328.jpg","contentUrl":"https:\/\/refugesdemarie.fr\/wp-content\/uploads\/2023\/06\/328.jpg","width":320,"height":213},{"@type":"BreadcrumbList","@id":"https:\/\/refugesdemarie.fr\/index.php\/2023\/06\/06\/message-de-marie-a-trevignano-romano-le-3-juin-2023\/#breadcrumb","itemListElement":[{"@type":"ListItem","position":1,"name":"Accueil","item":"https:\/\/refugesdemarie.fr\/"},{"@type":"ListItem","position":2,"name":"Message de Marie \u00e0 Trevignano Romano le 3 juin 2023"}]},{"@type":"WebSite","@id":"https:\/\/refugesdemarie.fr\/#website","url":"https:\/\/refugesdemarie.fr\/","name":"Communion des refuges du Coeur Immacul\u00e9 de Marie","description":"","publisher":{"@id":"https:\/\/refugesdemarie.fr\/#organization"},"potentialAction":[{"@type":"SearchAction","target":{"@type":"EntryPoint","urlTemplate":"https:\/\/refugesdemarie.fr\/?s={search_term_string}"},"query-input":{"@type":"PropertyValueSpecification","valueRequired":true,"valueName":"search_term_string"}}],"inLanguage":"fr-FR"},{"@type":"Organization","@id":"https:\/\/refugesdemarie.fr\/#organization","name":"Communion des refuges du Coeur Immacul\u00e9 de Marie","url":"https:\/\/refugesdemarie.fr\/","logo":{"@type":"ImageObject","inLanguage":"fr-FR","@id":"https:\/\/refugesdemarie.fr\/#\/schema\/logo\/image\/","url":"https:\/\/refugesdemarie.fr\/wp-content\/uploads\/2023\/01\/cropped-Logo-Communion-des-Refuges-6.jpg","contentUrl":"https:\/\/refugesdemarie.fr\/wp-content\/uploads\/2023\/01\/cropped-Logo-Communion-des-Refuges-6.jpg","width":1199,"height":377,"caption":"Communion des refuges du Coeur Immacul\u00e9 de Marie"},"image":{"@id":"https:\/\/refugesdemarie.fr\/#\/schema\/logo\/image\/"},"sameAs":["https:\/\/www.facebook.com\/profile.php?id=100089561384328"]},{"@type":"Person","@id":"https:\/\/refugesdemarie.fr\/#\/schema\/person\/3bda0c49569f70f4dcfbe78b7e174b11","name":"refugesdemarie@gmail.com","image":{"@type":"ImageObject","inLanguage":"fr-FR","@id":"https:\/\/secure.gravatar.com\/avatar\/43491e46ee54b6706285b166679fe98aa620b1849d376153f6bc028852c019f7?s=96&d=mm&r=g","url":"https:\/\/secure.gravatar.com\/avatar\/43491e46ee54b6706285b166679fe98aa620b1849d376153f6bc028852c019f7?s=96&d=mm&r=g","contentUrl":"https:\/\/secure.gravatar.com\/avatar\/43491e46ee54b6706285b166679fe98aa620b1849d376153f6bc028852c019f7?s=96&d=mm&r=g","caption":"refugesdemarie@gmail.com"},"sameAs":["https:\/\/refugesdemarie.fr","https:\/\/www.facebook.com\/profile.php?id=100089561384328","https:\/\/www.youtube.com\/channel\/UCXOznkQcnNvuMDGDg11ZPfg"],"url":"https:\/\/refugesdemarie.fr\/index.php\/author\/com-coeur-immaculegmail-com\/"}]}},"_links":{"self":[{"href":"https:\/\/refugesdemarie.fr\/index.php\/wp-json\/wp\/v2\/posts\/357","targetHints":{"allow":["GET"]}}],"collection":[{"href":"https:\/\/refugesdemarie.fr\/index.php\/wp-json\/wp\/v2\/posts"}],"about":[{"href":"https:\/\/refugesdemarie.fr\/index.php\/wp-json\/wp\/v2\/types\/post"}],"author":[{"embeddable":true,"href":"https:\/\/refugesdemarie.fr\/index.php\/wp-json\/wp\/v2\/users\/1"}],"replies":[{"embeddable":true,"href":"https:\/\/refugesdemarie.fr\/index.php\/wp-json\/wp\/v2\/comments?post=357"}],"version-history":[{"count":2,"href":"https:\/\/refugesdemarie.fr\/index.php\/wp-json\/wp\/v2\/posts\/357\/revisions"}],"predecessor-version":[{"id":371,"href":"https:\/\/refugesdemarie.fr\/index.php\/wp-json\/wp\/v2\/posts\/357\/revisions\/371"}],"wp:featuredmedia":[{"embeddable":true,"href":"https:\/\/refugesdemarie.fr\/index.php\/wp-json\/wp\/v2\/media\/359"}],"wp:attachment":[{"href":"https:\/\/refugesdemarie.fr\/index.php\/wp-json\/wp\/v2\/media?parent=357"}],"wp:term":[{"taxonomy":"category","embeddable":true,"href":"https:\/\/refugesdemarie.fr\/index.php\/wp-json\/wp\/v2\/categories?post=357"},{"taxonomy":"post_tag","embeddable":true,"href":"https:\/\/refugesdemarie.fr\/index.php\/wp-json\/wp\/v2\/tags?post=357"}],"curies":[{"name":"wp","href":"https:\/\/api.w.org\/{rel}","templated":true}]}}