{"id":364,"date":"2023-06-06T16:16:05","date_gmt":"2023-06-06T16:16:05","guid":{"rendered":"https:\/\/refugesdemarie.fr\/?p=364"},"modified":"2026-01-06T16:06:23","modified_gmt":"2026-01-06T16:06:23","slug":"les-projets-mondialistes-pirater-letre-humain","status":"publish","type":"post","link":"https:\/\/refugesdemarie.fr\/index.php\/2023\/06\/06\/les-projets-mondialistes-pirater-letre-humain\/","title":{"rendered":"Les projets mondialistes : \u00ab\u00a0pirater l&rsquo;\u00eatre humain\u00a0\u00bb"},"content":{"rendered":"<div class=\"pdfprnt-buttons pdfprnt-buttons-post pdfprnt-top-right\"><a href=\"https:\/\/refugesdemarie.fr\/index.php\/wp-json\/wp\/v2\/posts\/364?print=print\" class=\"pdfprnt-button pdfprnt-button-print\" target=\"_blank\" ><img decoding=\"async\" src=\"https:\/\/refugesdemarie.fr\/wp-content\/plugins\/pdf-print\/images\/print.png\" alt=\"image_print\" title=\"Contenu imprim\u00e9\" \/><\/a><\/div><p>Dans une interview du 23 septembre 2021, Yuval Noah Harari (mondialiste, ami de Klaus Schwab) d\u00e9voile, avec une tranquillit\u00e9 en contraste absolu avec l&rsquo;\u00e9normit\u00e9 de ce qu&rsquo;il dit, les mani\u00e8res de faire des mondialistes dans la r\u00e9alisation de leurs projets : d\u00e9sormais l&rsquo;\u00eatre humain est piratable, et qu&rsquo;il ne pourra rien d\u00e9cider par lui-m\u00eame, mais sera influenc\u00e9 par les gouvernements au travers les m\u00e9dias et les r\u00e9seaux sociaux&#8230;<\/p>\n<p><iframe src=\"https:\/\/crowdbunker.com\/embed\/CGQcFmdvxxK\" width=\"560\" height=\"315\" frameborder=\"0\" scrolling=\"no\" allowfullscreen=\"allowfullscreen\"><\/iframe><\/p>\n<p>\u00ab\u00a0Qui \u00e9gale la B\u00eate, et qui peut lutter contre elle ? On lui donna de prof\u00e9rer des paroles d&rsquo;orgueil et de blasph\u00e8me ; on lui donna pouvoir d&rsquo;agir durant quarante-deux mois&#8230; Et ils l&rsquo;adoreront, tous les habitants de la terre&#8230; Je vis surgir ensuite de la terre une autre B\u00eate ; elle avait deux cornes comme un agneau, mais parlait comme un dragon. Au service de la premi\u00e8re B\u00eate, elle en \u00e9tablit partout le pouvoir, amenant les habitants la terre et ses habitants \u00e0 adorer cette premi\u00e8re B\u00eate.\u00a0\u00bb Apocalypse 13, 4-5. 8. 11-12)<\/p>\n","protected":false},"excerpt":{"rendered":"<p>Dans une interview du 23 septembre 2021, Yuval Noah Harari (mondialiste, ami de Klaus Schwab) d\u00e9voile, avec une tranquillit\u00e9 en contraste absolu avec l&rsquo;\u00e9normit\u00e9 de ce qu&rsquo;il dit, les mani\u00e8res de faire des mondialistes dans la r\u00e9alisation de leurs projets : d\u00e9sormais l&rsquo;\u00eatre humain est piratable, et qu&rsquo;il ne pourra rien d\u00e9cider par lui-m\u00eame, mais [&hellip;]<\/p>\n","protected":false},"author":1,"featured_media":372,"comment_status":"closed","ping_status":"open","sticky":false,"template":"","format":"standard","meta":{"ocean_post_layout":"","ocean_both_sidebars_style":"","ocean_both_sidebars_content_width":0,"ocean_both_sidebars_sidebars_width":0,"ocean_sidebar":"0","ocean_second_sidebar":"0","ocean_disable_margins":"enable","ocean_add_body_class":"","ocean_shortcode_before_top_bar":"","ocean_shortcode_after_top_bar":"","ocean_shortcode_before_header":"","ocean_shortcode_after_header":"","ocean_has_shortcode":"","ocean_shortcode_after_title":"","ocean_shortcode_before_footer_widgets":"","ocean_shortcode_after_footer_widgets":"","ocean_shortcode_before_footer_bottom":"","ocean_shortcode_after_footer_bottom":"","ocean_display_top_bar":"default","ocean_display_header":"default","ocean_header_style":"","ocean_center_header_left_menu":"0","ocean_custom_header_template":"0","ocean_custom_logo":0,"ocean_custom_retina_logo":0,"ocean_custom_logo_max_width":0,"ocean_custom_logo_tablet_max_width":0,"ocean_custom_logo_mobile_max_width":0,"ocean_custom_logo_max_height":0,"ocean_custom_logo_tablet_max_height":0,"ocean_custom_logo_mobile_max_height":0,"ocean_header_custom_menu":"0","ocean_menu_typo_font_family":"0","ocean_menu_typo_font_subset":"","ocean_menu_typo_font_size":0,"ocean_menu_typo_font_size_tablet":0,"ocean_menu_typo_font_size_mobile":0,"ocean_menu_typo_font_size_unit":"px","ocean_menu_typo_font_weight":"","ocean_menu_typo_font_weight_tablet":"","ocean_menu_typo_font_weight_mobile":"","ocean_menu_typo_transform":"","ocean_menu_typo_transform_tablet":"","ocean_menu_typo_transform_mobile":"","ocean_menu_typo_line_height":0,"ocean_menu_typo_line_height_tablet":0,"ocean_menu_typo_line_height_mobile":0,"ocean_menu_typo_line_height_unit":"","ocean_menu_typo_spacing":0,"ocean_menu_typo_spacing_tablet":0,"ocean_menu_typo_spacing_mobile":0,"ocean_menu_typo_spacing_unit":"","ocean_menu_link_color":"","ocean_menu_link_color_hover":"","ocean_menu_link_color_active":"","ocean_menu_link_background":"","ocean_menu_link_hover_background":"","ocean_menu_link_active_background":"","ocean_menu_social_links_bg":"","ocean_menu_social_hover_links_bg":"","ocean_menu_social_links_color":"","ocean_menu_social_hover_links_color":"","ocean_disable_title":"default","ocean_disable_heading":"default","ocean_post_title":"","ocean_post_subheading":"","ocean_post_title_style":"","ocean_post_title_background_color":"","ocean_post_title_background":0,"ocean_post_title_bg_image_position":"","ocean_post_title_bg_image_attachment":"","ocean_post_title_bg_image_repeat":"","ocean_post_title_bg_image_size":"","ocean_post_title_height":0,"ocean_post_title_bg_overlay":0.5,"ocean_post_title_bg_overlay_color":"","ocean_disable_breadcrumbs":"default","ocean_breadcrumbs_color":"","ocean_breadcrumbs_separator_color":"","ocean_breadcrumbs_links_color":"","ocean_breadcrumbs_links_hover_color":"","ocean_display_footer_widgets":"default","ocean_display_footer_bottom":"default","ocean_custom_footer_template":"0","ocean_post_oembed":"","ocean_post_self_hosted_media":"","ocean_post_video_embed":"","ocean_link_format":"","ocean_link_format_target":"self","ocean_quote_format":"","ocean_quote_format_link":"post","ocean_gallery_link_images":"off","ocean_gallery_id":[],"footnotes":""},"categories":[4],"tags":[],"class_list":["post-364","post","type-post","status-publish","format-standard","has-post-thumbnail","hentry","category-signes-des-temps","entry","has-media"],"yoast_head":"<!-- This site is optimized with the Yoast SEO plugin v27.4 - https:\/\/yoast.com\/product\/yoast-seo-wordpress\/ -->\n<title>Les projets mondialistes : &quot;pirater l&#039;\u00eatre humain&quot; - Communion des refuges du Coeur Immacul\u00e9 de Marie<\/title>\n<meta name=\"description\" content=\"Les projets mondialistes : &quot;pirater l&#039;\u00eatre humain&quot;. Interview de Yuval Noah Harari (mondialiste renomm\u00e9) du 23 septembre 2021.\" \/>\n<meta name=\"robots\" content=\"index, follow, max-snippet:-1, max-image-preview:large, max-video-preview:-1\" \/>\n<link rel=\"canonical\" href=\"https:\/\/refugesdemarie.fr\/index.php\/2023\/06\/06\/les-projets-mondialistes-pirater-letre-humain\/\" \/>\n<meta property=\"og:locale\" content=\"fr_FR\" \/>\n<meta property=\"og:type\" content=\"article\" \/>\n<meta property=\"og:title\" content=\"Les projets mondialistes : &quot;pirater l&#039;\u00eatre humain&quot; - Communion des refuges du Coeur Immacul\u00e9 de Marie\" \/>\n<meta property=\"og:description\" content=\"Les projets mondialistes : &quot;pirater l&#039;\u00eatre humain&quot;. Interview de Yuval Noah Harari (mondialiste renomm\u00e9) du 23 septembre 2021.\" \/>\n<meta property=\"og:url\" content=\"https:\/\/refugesdemarie.fr\/index.php\/2023\/06\/06\/les-projets-mondialistes-pirater-letre-humain\/\" \/>\n<meta property=\"og:site_name\" content=\"Communion des refuges du Coeur Immacul\u00e9 de Marie\" \/>\n<meta property=\"article:publisher\" content=\"https:\/\/www.facebook.com\/profile.php?id=100089561384328\" \/>\n<meta property=\"article:author\" content=\"https:\/\/www.facebook.com\/profile.php?id=100089561384328\" \/>\n<meta property=\"article:published_time\" content=\"2023-06-06T16:16:05+00:00\" \/>\n<meta property=\"article:modified_time\" content=\"2026-01-06T16:06:23+00:00\" \/>\n<meta property=\"og:image\" content=\"https:\/\/refugesdemarie.fr\/wp-content\/uploads\/2023\/06\/Harari.jpg\" \/>\n\t<meta property=\"og:image:width\" content=\"311\" \/>\n\t<meta property=\"og:image:height\" content=\"393\" \/>\n\t<meta property=\"og:image:type\" content=\"image\/jpeg\" \/>\n<meta name=\"author\" content=\"refugesdemarie@gmail.com\" \/>\n<meta name=\"twitter:card\" content=\"summary_large_image\" \/>\n<meta name=\"twitter:label1\" content=\"\u00c9crit par\" \/>\n\t<meta name=\"twitter:data1\" content=\"refugesdemarie@gmail.com\" \/>\n\t<meta name=\"twitter:label2\" content=\"Dur\u00e9e de lecture estim\u00e9e\" \/>\n\t<meta name=\"twitter:data2\" content=\"1 minute\" \/>\n<script type=\"application\/ld+json\" class=\"yoast-schema-graph\">{\"@context\":\"https:\\\/\\\/schema.org\",\"@graph\":[{\"@type\":\"Article\",\"@id\":\"https:\\\/\\\/refugesdemarie.fr\\\/index.php\\\/2023\\\/06\\\/06\\\/les-projets-mondialistes-pirater-letre-humain\\\/#article\",\"isPartOf\":{\"@id\":\"https:\\\/\\\/refugesdemarie.fr\\\/index.php\\\/2023\\\/06\\\/06\\\/les-projets-mondialistes-pirater-letre-humain\\\/\"},\"author\":{\"name\":\"refugesdemarie@gmail.com\",\"@id\":\"https:\\\/\\\/refugesdemarie.fr\\\/#\\\/schema\\\/person\\\/3bda0c49569f70f4dcfbe78b7e174b11\"},\"headline\":\"Les projets mondialistes : \u00ab\u00a0pirater l&rsquo;\u00eatre humain\u00a0\u00bb\",\"datePublished\":\"2023-06-06T16:16:05+00:00\",\"dateModified\":\"2026-01-06T16:06:23+00:00\",\"mainEntityOfPage\":{\"@id\":\"https:\\\/\\\/refugesdemarie.fr\\\/index.php\\\/2023\\\/06\\\/06\\\/les-projets-mondialistes-pirater-letre-humain\\\/\"},\"wordCount\":182,\"publisher\":{\"@id\":\"https:\\\/\\\/refugesdemarie.fr\\\/#organization\"},\"image\":{\"@id\":\"https:\\\/\\\/refugesdemarie.fr\\\/index.php\\\/2023\\\/06\\\/06\\\/les-projets-mondialistes-pirater-letre-humain\\\/#primaryimage\"},\"thumbnailUrl\":\"https:\\\/\\\/refugesdemarie.fr\\\/wp-content\\\/uploads\\\/2023\\\/06\\\/Harari.jpg\",\"articleSection\":[\"Signes des temps\"],\"inLanguage\":\"fr-FR\"},{\"@type\":\"WebPage\",\"@id\":\"https:\\\/\\\/refugesdemarie.fr\\\/index.php\\\/2023\\\/06\\\/06\\\/les-projets-mondialistes-pirater-letre-humain\\\/\",\"url\":\"https:\\\/\\\/refugesdemarie.fr\\\/index.php\\\/2023\\\/06\\\/06\\\/les-projets-mondialistes-pirater-letre-humain\\\/\",\"name\":\"Les projets mondialistes : \\\"pirater l'\u00eatre humain\\\" - Communion des refuges du Coeur Immacul\u00e9 de Marie\",\"isPartOf\":{\"@id\":\"https:\\\/\\\/refugesdemarie.fr\\\/#website\"},\"primaryImageOfPage\":{\"@id\":\"https:\\\/\\\/refugesdemarie.fr\\\/index.php\\\/2023\\\/06\\\/06\\\/les-projets-mondialistes-pirater-letre-humain\\\/#primaryimage\"},\"image\":{\"@id\":\"https:\\\/\\\/refugesdemarie.fr\\\/index.php\\\/2023\\\/06\\\/06\\\/les-projets-mondialistes-pirater-letre-humain\\\/#primaryimage\"},\"thumbnailUrl\":\"https:\\\/\\\/refugesdemarie.fr\\\/wp-content\\\/uploads\\\/2023\\\/06\\\/Harari.jpg\",\"datePublished\":\"2023-06-06T16:16:05+00:00\",\"dateModified\":\"2026-01-06T16:06:23+00:00\",\"description\":\"Les projets mondialistes : \\\"pirater l'\u00eatre humain\\\". Interview de Yuval Noah Harari (mondialiste renomm\u00e9) du 23 septembre 2021.\",\"breadcrumb\":{\"@id\":\"https:\\\/\\\/refugesdemarie.fr\\\/index.php\\\/2023\\\/06\\\/06\\\/les-projets-mondialistes-pirater-letre-humain\\\/#breadcrumb\"},\"inLanguage\":\"fr-FR\",\"potentialAction\":[{\"@type\":\"ReadAction\",\"target\":[\"https:\\\/\\\/refugesdemarie.fr\\\/index.php\\\/2023\\\/06\\\/06\\\/les-projets-mondialistes-pirater-letre-humain\\\/\"]}]},{\"@type\":\"ImageObject\",\"inLanguage\":\"fr-FR\",\"@id\":\"https:\\\/\\\/refugesdemarie.fr\\\/index.php\\\/2023\\\/06\\\/06\\\/les-projets-mondialistes-pirater-letre-humain\\\/#primaryimage\",\"url\":\"https:\\\/\\\/refugesdemarie.fr\\\/wp-content\\\/uploads\\\/2023\\\/06\\\/Harari.jpg\",\"contentUrl\":\"https:\\\/\\\/refugesdemarie.fr\\\/wp-content\\\/uploads\\\/2023\\\/06\\\/Harari.jpg\",\"width\":311,\"height\":393},{\"@type\":\"BreadcrumbList\",\"@id\":\"https:\\\/\\\/refugesdemarie.fr\\\/index.php\\\/2023\\\/06\\\/06\\\/les-projets-mondialistes-pirater-letre-humain\\\/#breadcrumb\",\"itemListElement\":[{\"@type\":\"ListItem\",\"position\":1,\"name\":\"Accueil\",\"item\":\"https:\\\/\\\/refugesdemarie.fr\\\/\"},{\"@type\":\"ListItem\",\"position\":2,\"name\":\"Les projets mondialistes : \u00ab\u00a0pirater l&rsquo;\u00eatre humain\u00a0\u00bb\"}]},{\"@type\":\"WebSite\",\"@id\":\"https:\\\/\\\/refugesdemarie.fr\\\/#website\",\"url\":\"https:\\\/\\\/refugesdemarie.fr\\\/\",\"name\":\"Communion des refuges du Coeur Immacul\u00e9 de Marie\",\"description\":\"\",\"publisher\":{\"@id\":\"https:\\\/\\\/refugesdemarie.fr\\\/#organization\"},\"potentialAction\":[{\"@type\":\"SearchAction\",\"target\":{\"@type\":\"EntryPoint\",\"urlTemplate\":\"https:\\\/\\\/refugesdemarie.fr\\\/?s={search_term_string}\"},\"query-input\":{\"@type\":\"PropertyValueSpecification\",\"valueRequired\":true,\"valueName\":\"search_term_string\"}}],\"inLanguage\":\"fr-FR\"},{\"@type\":\"Organization\",\"@id\":\"https:\\\/\\\/refugesdemarie.fr\\\/#organization\",\"name\":\"Communion des refuges du Coeur Immacul\u00e9 de Marie\",\"url\":\"https:\\\/\\\/refugesdemarie.fr\\\/\",\"logo\":{\"@type\":\"ImageObject\",\"inLanguage\":\"fr-FR\",\"@id\":\"https:\\\/\\\/refugesdemarie.fr\\\/#\\\/schema\\\/logo\\\/image\\\/\",\"url\":\"https:\\\/\\\/refugesdemarie.fr\\\/wp-content\\\/uploads\\\/2023\\\/01\\\/cropped-Logo-Communion-des-Refuges-6.jpg\",\"contentUrl\":\"https:\\\/\\\/refugesdemarie.fr\\\/wp-content\\\/uploads\\\/2023\\\/01\\\/cropped-Logo-Communion-des-Refuges-6.jpg\",\"width\":1199,\"height\":377,\"caption\":\"Communion des refuges du Coeur Immacul\u00e9 de Marie\"},\"image\":{\"@id\":\"https:\\\/\\\/refugesdemarie.fr\\\/#\\\/schema\\\/logo\\\/image\\\/\"},\"sameAs\":[\"https:\\\/\\\/www.facebook.com\\\/profile.php?id=100089561384328\"]},{\"@type\":\"Person\",\"@id\":\"https:\\\/\\\/refugesdemarie.fr\\\/#\\\/schema\\\/person\\\/3bda0c49569f70f4dcfbe78b7e174b11\",\"name\":\"refugesdemarie@gmail.com\",\"image\":{\"@type\":\"ImageObject\",\"inLanguage\":\"fr-FR\",\"@id\":\"https:\\\/\\\/secure.gravatar.com\\\/avatar\\\/43491e46ee54b6706285b166679fe98aa620b1849d376153f6bc028852c019f7?s=96&d=mm&r=g\",\"url\":\"https:\\\/\\\/secure.gravatar.com\\\/avatar\\\/43491e46ee54b6706285b166679fe98aa620b1849d376153f6bc028852c019f7?s=96&d=mm&r=g\",\"contentUrl\":\"https:\\\/\\\/secure.gravatar.com\\\/avatar\\\/43491e46ee54b6706285b166679fe98aa620b1849d376153f6bc028852c019f7?s=96&d=mm&r=g\",\"caption\":\"refugesdemarie@gmail.com\"},\"sameAs\":[\"https:\\\/\\\/refugesdemarie.fr\",\"https:\\\/\\\/www.facebook.com\\\/profile.php?id=100089561384328\",\"https:\\\/\\\/www.youtube.com\\\/channel\\\/UCXOznkQcnNvuMDGDg11ZPfg\"],\"url\":\"https:\\\/\\\/refugesdemarie.fr\\\/index.php\\\/author\\\/com-coeur-immaculegmail-com\\\/\"}]}<\/script>\n<!-- \/ Yoast SEO plugin. -->","yoast_head_json":{"title":"Les projets mondialistes : \"pirater l'\u00eatre humain\" - Communion des refuges du Coeur Immacul\u00e9 de Marie","description":"Les projets mondialistes : \"pirater l'\u00eatre humain\". Interview de Yuval Noah Harari (mondialiste renomm\u00e9) du 23 septembre 2021.","robots":{"index":"index","follow":"follow","max-snippet":"max-snippet:-1","max-image-preview":"max-image-preview:large","max-video-preview":"max-video-preview:-1"},"canonical":"https:\/\/refugesdemarie.fr\/index.php\/2023\/06\/06\/les-projets-mondialistes-pirater-letre-humain\/","og_locale":"fr_FR","og_type":"article","og_title":"Les projets mondialistes : \"pirater l'\u00eatre humain\" - Communion des refuges du Coeur Immacul\u00e9 de Marie","og_description":"Les projets mondialistes : \"pirater l'\u00eatre humain\". Interview de Yuval Noah Harari (mondialiste renomm\u00e9) du 23 septembre 2021.","og_url":"https:\/\/refugesdemarie.fr\/index.php\/2023\/06\/06\/les-projets-mondialistes-pirater-letre-humain\/","og_site_name":"Communion des refuges du Coeur Immacul\u00e9 de Marie","article_publisher":"https:\/\/www.facebook.com\/profile.php?id=100089561384328","article_author":"https:\/\/www.facebook.com\/profile.php?id=100089561384328","article_published_time":"2023-06-06T16:16:05+00:00","article_modified_time":"2026-01-06T16:06:23+00:00","og_image":[{"width":311,"height":393,"url":"https:\/\/refugesdemarie.fr\/wp-content\/uploads\/2023\/06\/Harari.jpg","type":"image\/jpeg"}],"author":"refugesdemarie@gmail.com","twitter_card":"summary_large_image","twitter_misc":{"\u00c9crit par":"refugesdemarie@gmail.com","Dur\u00e9e de lecture estim\u00e9e":"1 minute"},"schema":{"@context":"https:\/\/schema.org","@graph":[{"@type":"Article","@id":"https:\/\/refugesdemarie.fr\/index.php\/2023\/06\/06\/les-projets-mondialistes-pirater-letre-humain\/#article","isPartOf":{"@id":"https:\/\/refugesdemarie.fr\/index.php\/2023\/06\/06\/les-projets-mondialistes-pirater-letre-humain\/"},"author":{"name":"refugesdemarie@gmail.com","@id":"https:\/\/refugesdemarie.fr\/#\/schema\/person\/3bda0c49569f70f4dcfbe78b7e174b11"},"headline":"Les projets mondialistes : \u00ab\u00a0pirater l&rsquo;\u00eatre humain\u00a0\u00bb","datePublished":"2023-06-06T16:16:05+00:00","dateModified":"2026-01-06T16:06:23+00:00","mainEntityOfPage":{"@id":"https:\/\/refugesdemarie.fr\/index.php\/2023\/06\/06\/les-projets-mondialistes-pirater-letre-humain\/"},"wordCount":182,"publisher":{"@id":"https:\/\/refugesdemarie.fr\/#organization"},"image":{"@id":"https:\/\/refugesdemarie.fr\/index.php\/2023\/06\/06\/les-projets-mondialistes-pirater-letre-humain\/#primaryimage"},"thumbnailUrl":"https:\/\/refugesdemarie.fr\/wp-content\/uploads\/2023\/06\/Harari.jpg","articleSection":["Signes des temps"],"inLanguage":"fr-FR"},{"@type":"WebPage","@id":"https:\/\/refugesdemarie.fr\/index.php\/2023\/06\/06\/les-projets-mondialistes-pirater-letre-humain\/","url":"https:\/\/refugesdemarie.fr\/index.php\/2023\/06\/06\/les-projets-mondialistes-pirater-letre-humain\/","name":"Les projets mondialistes : \"pirater l'\u00eatre humain\" - Communion des refuges du Coeur Immacul\u00e9 de Marie","isPartOf":{"@id":"https:\/\/refugesdemarie.fr\/#website"},"primaryImageOfPage":{"@id":"https:\/\/refugesdemarie.fr\/index.php\/2023\/06\/06\/les-projets-mondialistes-pirater-letre-humain\/#primaryimage"},"image":{"@id":"https:\/\/refugesdemarie.fr\/index.php\/2023\/06\/06\/les-projets-mondialistes-pirater-letre-humain\/#primaryimage"},"thumbnailUrl":"https:\/\/refugesdemarie.fr\/wp-content\/uploads\/2023\/06\/Harari.jpg","datePublished":"2023-06-06T16:16:05+00:00","dateModified":"2026-01-06T16:06:23+00:00","description":"Les projets mondialistes : \"pirater l'\u00eatre humain\". Interview de Yuval Noah Harari (mondialiste renomm\u00e9) du 23 septembre 2021.","breadcrumb":{"@id":"https:\/\/refugesdemarie.fr\/index.php\/2023\/06\/06\/les-projets-mondialistes-pirater-letre-humain\/#breadcrumb"},"inLanguage":"fr-FR","potentialAction":[{"@type":"ReadAction","target":["https:\/\/refugesdemarie.fr\/index.php\/2023\/06\/06\/les-projets-mondialistes-pirater-letre-humain\/"]}]},{"@type":"ImageObject","inLanguage":"fr-FR","@id":"https:\/\/refugesdemarie.fr\/index.php\/2023\/06\/06\/les-projets-mondialistes-pirater-letre-humain\/#primaryimage","url":"https:\/\/refugesdemarie.fr\/wp-content\/uploads\/2023\/06\/Harari.jpg","contentUrl":"https:\/\/refugesdemarie.fr\/wp-content\/uploads\/2023\/06\/Harari.jpg","width":311,"height":393},{"@type":"BreadcrumbList","@id":"https:\/\/refugesdemarie.fr\/index.php\/2023\/06\/06\/les-projets-mondialistes-pirater-letre-humain\/#breadcrumb","itemListElement":[{"@type":"ListItem","position":1,"name":"Accueil","item":"https:\/\/refugesdemarie.fr\/"},{"@type":"ListItem","position":2,"name":"Les projets mondialistes : \u00ab\u00a0pirater l&rsquo;\u00eatre humain\u00a0\u00bb"}]},{"@type":"WebSite","@id":"https:\/\/refugesdemarie.fr\/#website","url":"https:\/\/refugesdemarie.fr\/","name":"Communion des refuges du Coeur Immacul\u00e9 de Marie","description":"","publisher":{"@id":"https:\/\/refugesdemarie.fr\/#organization"},"potentialAction":[{"@type":"SearchAction","target":{"@type":"EntryPoint","urlTemplate":"https:\/\/refugesdemarie.fr\/?s={search_term_string}"},"query-input":{"@type":"PropertyValueSpecification","valueRequired":true,"valueName":"search_term_string"}}],"inLanguage":"fr-FR"},{"@type":"Organization","@id":"https:\/\/refugesdemarie.fr\/#organization","name":"Communion des refuges du Coeur Immacul\u00e9 de Marie","url":"https:\/\/refugesdemarie.fr\/","logo":{"@type":"ImageObject","inLanguage":"fr-FR","@id":"https:\/\/refugesdemarie.fr\/#\/schema\/logo\/image\/","url":"https:\/\/refugesdemarie.fr\/wp-content\/uploads\/2023\/01\/cropped-Logo-Communion-des-Refuges-6.jpg","contentUrl":"https:\/\/refugesdemarie.fr\/wp-content\/uploads\/2023\/01\/cropped-Logo-Communion-des-Refuges-6.jpg","width":1199,"height":377,"caption":"Communion des refuges du Coeur Immacul\u00e9 de Marie"},"image":{"@id":"https:\/\/refugesdemarie.fr\/#\/schema\/logo\/image\/"},"sameAs":["https:\/\/www.facebook.com\/profile.php?id=100089561384328"]},{"@type":"Person","@id":"https:\/\/refugesdemarie.fr\/#\/schema\/person\/3bda0c49569f70f4dcfbe78b7e174b11","name":"refugesdemarie@gmail.com","image":{"@type":"ImageObject","inLanguage":"fr-FR","@id":"https:\/\/secure.gravatar.com\/avatar\/43491e46ee54b6706285b166679fe98aa620b1849d376153f6bc028852c019f7?s=96&d=mm&r=g","url":"https:\/\/secure.gravatar.com\/avatar\/43491e46ee54b6706285b166679fe98aa620b1849d376153f6bc028852c019f7?s=96&d=mm&r=g","contentUrl":"https:\/\/secure.gravatar.com\/avatar\/43491e46ee54b6706285b166679fe98aa620b1849d376153f6bc028852c019f7?s=96&d=mm&r=g","caption":"refugesdemarie@gmail.com"},"sameAs":["https:\/\/refugesdemarie.fr","https:\/\/www.facebook.com\/profile.php?id=100089561384328","https:\/\/www.youtube.com\/channel\/UCXOznkQcnNvuMDGDg11ZPfg"],"url":"https:\/\/refugesdemarie.fr\/index.php\/author\/com-coeur-immaculegmail-com\/"}]}},"_links":{"self":[{"href":"https:\/\/refugesdemarie.fr\/index.php\/wp-json\/wp\/v2\/posts\/364","targetHints":{"allow":["GET"]}}],"collection":[{"href":"https:\/\/refugesdemarie.fr\/index.php\/wp-json\/wp\/v2\/posts"}],"about":[{"href":"https:\/\/refugesdemarie.fr\/index.php\/wp-json\/wp\/v2\/types\/post"}],"author":[{"embeddable":true,"href":"https:\/\/refugesdemarie.fr\/index.php\/wp-json\/wp\/v2\/users\/1"}],"replies":[{"embeddable":true,"href":"https:\/\/refugesdemarie.fr\/index.php\/wp-json\/wp\/v2\/comments?post=364"}],"version-history":[{"count":1,"href":"https:\/\/refugesdemarie.fr\/index.php\/wp-json\/wp\/v2\/posts\/364\/revisions"}],"predecessor-version":[{"id":365,"href":"https:\/\/refugesdemarie.fr\/index.php\/wp-json\/wp\/v2\/posts\/364\/revisions\/365"}],"wp:featuredmedia":[{"embeddable":true,"href":"https:\/\/refugesdemarie.fr\/index.php\/wp-json\/wp\/v2\/media\/372"}],"wp:attachment":[{"href":"https:\/\/refugesdemarie.fr\/index.php\/wp-json\/wp\/v2\/media?parent=364"}],"wp:term":[{"taxonomy":"category","embeddable":true,"href":"https:\/\/refugesdemarie.fr\/index.php\/wp-json\/wp\/v2\/categories?post=364"},{"taxonomy":"post_tag","embeddable":true,"href":"https:\/\/refugesdemarie.fr\/index.php\/wp-json\/wp\/v2\/tags?post=364"}],"curies":[{"name":"wp","href":"https:\/\/api.w.org\/{rel}","templated":true}]}}