{"id":377,"date":"2023-06-09T14:52:40","date_gmt":"2023-06-09T14:52:40","guid":{"rendered":"https:\/\/refugesdemarie.fr\/?p=377"},"modified":"2026-01-06T16:06:23","modified_gmt":"2026-01-06T16:06:23","slug":"fatima-apparition-du-13-juin-1917-mon-coeur-immacule-sera-ton-refuge","status":"publish","type":"post","link":"https:\/\/refugesdemarie.fr\/index.php\/2023\/06\/09\/fatima-apparition-du-13-juin-1917-mon-coeur-immacule-sera-ton-refuge\/","title":{"rendered":"Fatima, apparition du 13 juin 1917 : \u00ab\u00a0Mon Coeur Immacul\u00e9 sera ton refuge !\u00a0\u00bb"},"content":{"rendered":"<div class=\"pdfprnt-buttons pdfprnt-buttons-post pdfprnt-top-right\"><a href=\"https:\/\/refugesdemarie.fr\/index.php\/wp-json\/wp\/v2\/posts\/377?print=print\" class=\"pdfprnt-button pdfprnt-button-print\" target=\"_blank\" ><img decoding=\"async\" src=\"https:\/\/refugesdemarie.fr\/wp-content\/plugins\/pdf-print\/images\/print.png\" alt=\"image_print\" title=\"Contenu imprim\u00e9\" \/><\/a><\/div><p><strong><em>Extrait du livre Mon Coeur Immacul\u00e9 triomphera, Fatima, r\u00e9v\u00e9lation des derniers temps, Marie-Michel, Editions du Jubil\u00e9 2017<\/em><\/strong><\/p>\n<p><img fetchpriority=\"high\" decoding=\"async\" class=\"alignnone size-medium wp-image-272 aligncenter\" src=\"https:\/\/refugesdemarie.fr\/wp-content\/uploads\/2023\/05\/Coeur-Immacule-214x300.jpg\" alt=\"\" width=\"214\" height=\"300\" srcset=\"https:\/\/refugesdemarie.fr\/wp-content\/uploads\/2023\/05\/Coeur-Immacule-214x300.jpg 214w, https:\/\/refugesdemarie.fr\/wp-content\/uploads\/2023\/05\/Coeur-Immacule-731x1024.jpg 731w, https:\/\/refugesdemarie.fr\/wp-content\/uploads\/2023\/05\/Coeur-Immacule-768x1075.jpg 768w, https:\/\/refugesdemarie.fr\/wp-content\/uploads\/2023\/05\/Coeur-Immacule-1097x1536.jpg 1097w, https:\/\/refugesdemarie.fr\/wp-content\/uploads\/2023\/05\/Coeur-Immacule-1463x2048.jpg 1463w, https:\/\/refugesdemarie.fr\/wp-content\/uploads\/2023\/05\/Coeur-Immacule-1320x1848.jpg 1320w, https:\/\/refugesdemarie.fr\/wp-content\/uploads\/2023\/05\/Coeur-Immacule-scaled.jpg 1829w\" sizes=\"(max-width: 214px) 100vw, 214px\" \/><\/p>\n<p>Dans sa joie d\u2019avoir vu la beaut\u00e9 indicible de Marie et d\u2019annoncer ses attentes urgentes pour le salut du monde, Jacinthe ne pourra se taire sur la visite de la Dame. Lucie d\u00e9sirait garder le secret, mais elle \u00e9tait d\u00e9j\u00e0 trop habit\u00e9e par la peur des cons\u00e9quences douloureuses dans sa propre famille. A ce moment, la plus jeune des trois a une avance proph\u00e9tique sur les deux autres et dira \u00e0 sa m\u00e8re\u00a0: \u00ab\u00a0Oh, Maman\u00a0! cria-t-elle, toute \u00e9mue, j\u2019ai vu aujourd\u2019hui Notre Dame \u00e0 la Cova da Iria \u2026\u00a0\u00bb et la r\u00e9ponse ne se fait pas attendre\u00a0: \u00ab\u00a0\u00e7a, je ne le crois pas\u00a0! Serais-tu d\u00e9j\u00e0 une sainte pour voir la Sainte Vierge\u00a0?\u00a0\u00bb Mais la petite Jacinthe ne se d\u00e9courage pas. Elle continue \u00e0 t\u00e9moigner de la beaut\u00e9 de Marie et de ses attentes urgentes : \u00ab\u00a0Maman, il faut dire le chapelet tous les jours\u00a0; la Sainte Vierge le veut\u00a0!\u00a0\u00bb Fran\u00e7ois confirmera les paroles de sa s\u0153ur et la famille sera assez vite ouverte au t\u00e9moignage des deux enfants.<\/p>\n<p>Manuel Marto, leur papa, \u00e9tait un homme r\u00e9fl\u00e9chi et, apr\u00e8s avoir m\u00e9dit\u00e9 sur leur t\u00e9moignage \u00e0 partir de ses connaissances th\u00e9ologiques, il fut le premier \u00e0 croire aux Apparitions. Plus tard, Olympia, leur maman, d\u00e9clarera \u00e0 la commission d\u2019enqu\u00eate\u00a0: \u00ab\u00a0C\u2019est ainsi que ces enfants avaient appris de l\u2019Apparition, non seulement \u00e0 r\u00e9citer eux-m\u00eames le chapelet, mais encore \u00e0 le faire r\u00e9citer \u00e0 tout le monde<a href=\"#_ftn1\" name=\"_ftnref1\">[1]<\/a>\u00a0!\u00a0\u00bb Il y a d\u2019ailleurs un dialogue assez dr\u00f4le quand la petite Jacinthe essaie de convaincre sa m\u00e8re \u00ab\u00a0de venir voir la Sainte Vierge\u00a0\u00bb au lieu d\u2019aller \u00e0 la f\u00eate\u00a0:<\/p>\n<p>&#8211; \u00ab\u00a0Inutile d\u2019y aller, r\u00e9pondit-elle, la Sainte Vierge ne t\u2019appara\u00eetra pas\u00a0!<\/p>\n<p>&#8211; Si, si\u00a0! Elle a dit qu\u2019elle appara\u00eetrait, et elle va certainement appara\u00eetre\u00a0!<\/p>\n<p>&#8211; Alors, tu ne veux pas aller \u00e0 la f\u00eate de Saint Antoine\u00a0?<\/p>\n<p>&#8211; Non\u00a0! Saint Antoine n\u2019est pas beau\u00a0!<\/p>\n<p>&#8211; Comment il n\u2019est pas beau\u00a0?<\/p>\n<p>&#8211; C\u2019est que cette Dame est beaucoup, beaucoup plus belle\u00a0!\u00a0\u00bb<\/p>\n<p>Cependant, les parents Marto restaient prudents et d\u00e9cid\u00e8rent de ne pas suivre leurs enfants\u00a0; et le 13 au matin, ils partirent \u00e0 la foire. Dans la famille de Lucie, tout n\u2019est pas aussi simple car, par un fort souci de v\u00e9rit\u00e9, sa m\u00e8re cristallise autour d\u2019elle un rejet violent de ces \u00ab\u00a0enfantillages\u00a0\u00bb. De plus, des familles et des jeunes d\u2019Aljustrel accusent les enfants de fourberie et se moquent de Lucie.\u00a0 Pour la petite, commence une lourde \u00e9preuve car \u00ab\u00a0en voyant que ses cousins \u00e9taient chouchout\u00e9s, elle sentait davantage la douleur\u00a0; il lui semblait que ses parents ne l\u2019aimaient pas et pour une fillette de 10 ans cela est tr\u00e8s dur, d\u2019autant que jusque l\u00e0 elle \u00e9tait cajol\u00e9e par tous, elle \u00e9tait la petite reine de la maison\u2026 mais il \u00e9tait n\u00e9cessaire de boire le calice comme il lui \u00e9tait pr\u00e9sent\u00e9\u2026 le oui du 13 mai 1917 fut la cons\u00e9cration solennelle de tout son \u00eatre et de toute sa vie \u00e0 Dieu par les mains de Marie<a href=\"#_ftn2\" name=\"_ftnref2\">[2]<\/a>\u00a0\u00bb.<\/p>\n<p>D\u2019ailleurs, cette premi\u00e8re Apparition de Marie marque une transformation dans le comportement religieux des trois enfants. Quand ils se retrouvent tous les trois avec les brebis, Lucie invite Jacinthe \u00e0 jouer, mais sa r\u00e9ponse au ton d\u00e9cid\u00e9 marque un tournant\u00a0:\u00a0\u00ab\u00a0Aujourd\u2019hui je ne veux pas jouer\u2026 car je pense \u00e0 cette Dame qui nous a dit\u00a0de dire le chapelet et de faire des sacrifices pour la conversion des p\u00e9cheurs\u00a0<a href=\"#_ftn3\" name=\"_ftnref3\">[3]<\/a>\u00bb. Ils commenc\u00e8rent alors \u00e0 donner leur repas de midi aux brebis, et \u00ab\u00a0plus tard aux petits pauvres qu\u2019ils rencontraient\u2026 ils passaient des journ\u00e9es mourant de soif <a href=\"#_ftn4\" name=\"_ftnref4\">[4]<\/a>\u00a0\u00bb.<\/p>\n<p>C\u2019est dans ce contexte de ferveur chr\u00e9tienne o\u00f9 les enfants commencent \u00e0 \u00eatre un seul c\u0153ur dans la pri\u00e8re que va s\u2019op\u00e9rer la deuxi\u00e8me Apparition du 13 juin. Comme il y avait ce jour-l\u00e0 la f\u00eate de Saint Antoine, rare distraction pour les enfants du coin, la m\u00e8re et les s\u0153urs de Lucie la testaient \u00e0 l\u2019avance : \u00ab Nous allons voir si tu vas laisser la f\u00eate pour aller \u00e0 la Cova da Iria parler avec cette Dame\u00a0!\u00a0\u00bb\u00a0 Mais le 13, avant 8 heures, son fr\u00e8re vint pr\u00e9venir Lucie qu\u2019un groupe de personnes de diverses localit\u00e9s autour de Fatima voulaient l\u2019accompagner \u00e0 la Cova. Elle les invita \u00e0 aller \u00e0 la Messe de 8 heures et vers 11 heures, elle alla \u00e0 la rencontre de ses cousins en compagnie d\u2019une cinquantaine de personnes.<\/p>\n<p>Ils prirent le chemin vers le lieu des Apparitions et l\u00e0, ils r\u00e9cit\u00e8rent le chapelet pour se pr\u00e9parer \u00e0 la venue de Notre Dame\u2026 et \u00e0 12 h, comme en mai, un \u00e9clair traversa le ciel et la Dame \u00ab\u00a0plus brillante que le soleil\u00a0\u00bb arriva et se posa sur les branches du ch\u00eane-vert. Lucie lui posa la m\u00eame question biblique qu\u2019\u00e0 la premi\u00e8re Apparition\u00a0:<\/p>\n<p>\u00ab\u00a0Madame, que voulez-vous de moi\u00a0?<\/p>\n<p>&#8211; Je veux veniez ici le 13 du mois prochain, que vous disiez le chapelet tous les jours et que vous appreniez \u00e0 lire. Ensuite, je vous direz ce que je veux.<\/p>\n<p>Je demandai la gu\u00e9rison d\u2019un malade.<\/p>\n<p>&#8211; S\u2019il se convertit, il sera gu\u00e9ri durant l\u2019ann\u00e9e.<\/p>\n<p>&#8211; Je voudrais vous demander de nous emmener au Ciel.<\/p>\n<p>&#8211; Oui, Jacinthe et Fran\u00e7ois, je les emm\u00e8nerai bient\u00f4t, mais toi, tu resteras ici pendant un certain temps. J\u00e9sus veut se servir de toi afin de me faire conna\u00eetre et aimer. Il veut \u00e9tablir dans le monde la d\u00e9votion \u00e0 mon C\u0153ur Immacul\u00e9. A celui qui l\u2019accepte, je promets le salut, et ces \u00e2mes seront aim\u00e9es de Dieu, comme des fleurs plac\u00e9es par moi pour orner son Tr\u00f4ne.<\/p>\n<p>&#8211; Je vais rester ici toute seule\u00a0? demanda Lucie.<\/p>\n<p>&#8211; Non, ma fille. Cela te fait beaucoup souffrir\u00a0?\u00a0 Ne te d\u00e9courage pas, je ne t\u2019abandonnerai jamais\u00a0!\u00a0 Mon C\u0153ur Immacul\u00e9 sera ton refuge et le chemin qui te conduira jusqu\u2019\u00e0 Dieu.<\/p>\n<p>Au moment o\u00f9 la Vierge pronon\u00e7a ces derni\u00e8res paroles, Elle ouvrit de nouveau les mains et montra, devant la paume de la main droite, son C\u0153ur entour\u00e9 d\u2019\u00e9pines qui paraissaient s\u2019y enfoncer. Les trois enfants comprirent alors que c\u2019\u00e9tait le C\u0153ur Immacul\u00e9 de Marie, outrag\u00e9 par les p\u00e9ch\u00e9s de l\u2019humanit\u00e9, qui demandait r\u00e9paration\u2026<\/p>\n<p>En m\u00eame temps, le myst\u00e9rieux faisceau lumineux qui sortait des mains de Marie plongea pour la seconde fois les trois enfants dans le reflet de cette lumi\u00e8re divine immense. Dans cette lumi\u00e8re, ils furent submerg\u00e9s en Dieu. Jacinthe et Fran\u00e7ois paraissaient \u00eatre dans la partie de cette lumi\u00e8re qui s\u2019\u00e9levait vers le Ciel, et Lucie dans celle qui se r\u00e9pandait sur la terre.\u00a0\u00bb<\/p>\n<p>Puis, comme la premi\u00e8re fois, la Dame partit et s\u2019\u00e9leva dans la direction de l\u2019est. L\u2019entretien avait dur\u00e9 une dizaine de minutes. Les gens qui \u00e9taient pr\u00e9sents sentaient qu\u2019ils venaient de vivre un \u00e9v\u00e9nement extraordinaire confirm\u00e9s par des signes \u00e9tonnants\u00a0: cette journ\u00e9e \u00e9tait radieuse et chaude comme souvent en juin au Portugal. \u00ab\u00a0Or tout le temps de l\u2019Apparition, la lumi\u00e8re du soleil s\u2019affaiblit d\u2019une fa\u00e7on exceptionnelle<a href=\"#_ftn5\" name=\"_ftnref5\">[5]<\/a>\u2026\u00a0\u00bb Les branches du sommet de l\u2019arbre o\u00f9 s\u2019\u00e9tait \u00ab\u00a0pos\u00e9e\u00a0\u00bb la Vierge rest\u00e8rent courb\u00e9es comme si un poids invisible les avaient pli\u00e9es. C\u2019\u00e9tait comme une preuve tangible de son passage.<\/p>\n<p>Mme Maria da Capelinha, un t\u00e9moin fervent et cr\u00e9dible de la premi\u00e8re heure atteste\u00a0: \u00ab\u00a0Quand Notre Dame s\u2019\u00e9loigna de l\u2019arbuste, il y eut comme le souffle d\u2019une fus\u00e9e d\u2019artifice, quand on l\u2019entend monter au loin. Lucie se leva tr\u00e8s vite, et, le bras tendu, disait\u00a0: Voyez, elle s\u2019en va, elle s\u2019en va\u00a0!\u2026 Quant \u00e0 nous, nous ne voyions rien\u2026 seulement un petit nuage qui s\u2019\u00e9levait doucement vers le Levant, jusqu\u2019au moment o\u00f9 il se dissipa compl\u00e8tement\u2026 Les petits restaient silencieux, les yeux fix\u00e9s sur le m\u00eame point du ciel, jusqu\u2019\u00e0 ce que Lucie dise\u00a0: C\u2019est fini\u00a0!\u2026 Elle est rentr\u00e9e au Ciel\u00a0; les portes se sont referm\u00e9es\u2026 tout le monde repartit vers Fatima, r\u00e9citant le chapelet avec les enfants<a href=\"#_ftn6\" name=\"_ftnref6\">[6]<\/a>.\u00a0\u00bb<\/p>\n<p>&nbsp;<\/p>\n<p><a href=\"#_ftnref1\" name=\"_ftn1\">[1]<\/a> J.C. Castelbranco, <em>Le prodige inou\u00ef de Fatima<\/em>, op. cit., p.14.<\/p>\n<p><a href=\"#_ftnref2\" name=\"_ftn2\">[2]<\/a> Carmel de Coimbra, <em>Un chemin sous le regard de Marie<\/em>, op. cit., p.64.<\/p>\n<p><a href=\"#_ftnref3\" name=\"_ftn3\">[3]<\/a> P\u00e8re De Marchi, <em>T\u00e9moignages sur les Apparitions de Fatima<\/em>, op. cit., p.63.<\/p>\n<p><a href=\"#_ftnref4\" name=\"_ftn4\">[4]<\/a> Carmel de Coimbra, <em>Un chemin sous le regard de Marie<\/em>, op. cit., p.65.<\/p>\n<p><a href=\"#_ftnref5\" name=\"_ftn5\">[5]<\/a> J.C. Castelbranco, <em>Le prodige inou\u00ef de Fatima<\/em>, op. cit., p.17.<\/p>\n<p><a href=\"#_ftnref6\" name=\"_ftn6\">[6]<\/a> P\u00e8re De Marchi, <em>T\u00e9moignages sur les Apparitions de Fatima<\/em>, op. cit., p.75-76.<\/p>\n","protected":false},"excerpt":{"rendered":"<p>Extrait du livre Mon Coeur Immacul\u00e9 triomphera, Fatima, r\u00e9v\u00e9lation des derniers temps, Marie-Michel, Editions du Jubil\u00e9 2017 Dans sa joie d\u2019avoir vu la beaut\u00e9 indicible de Marie et d\u2019annoncer ses attentes urgentes pour le salut du monde, Jacinthe ne pourra se taire sur la visite de la Dame. Lucie d\u00e9sirait garder le secret, mais elle [&hellip;]<\/p>\n","protected":false},"author":1,"featured_media":272,"comment_status":"closed","ping_status":"open","sticky":false,"template":"","format":"standard","meta":{"ocean_post_layout":"","ocean_both_sidebars_style":"","ocean_both_sidebars_content_width":0,"ocean_both_sidebars_sidebars_width":0,"ocean_sidebar":"0","ocean_second_sidebar":"0","ocean_disable_margins":"enable","ocean_add_body_class":"","ocean_shortcode_before_top_bar":"","ocean_shortcode_after_top_bar":"","ocean_shortcode_before_header":"","ocean_shortcode_after_header":"","ocean_has_shortcode":"","ocean_shortcode_after_title":"","ocean_shortcode_before_footer_widgets":"","ocean_shortcode_after_footer_widgets":"","ocean_shortcode_before_footer_bottom":"","ocean_shortcode_after_footer_bottom":"","ocean_display_top_bar":"default","ocean_display_header":"default","ocean_header_style":"","ocean_center_header_left_menu":"0","ocean_custom_header_template":"0","ocean_custom_logo":0,"ocean_custom_retina_logo":0,"ocean_custom_logo_max_width":0,"ocean_custom_logo_tablet_max_width":0,"ocean_custom_logo_mobile_max_width":0,"ocean_custom_logo_max_height":0,"ocean_custom_logo_tablet_max_height":0,"ocean_custom_logo_mobile_max_height":0,"ocean_header_custom_menu":"0","ocean_menu_typo_font_family":"0","ocean_menu_typo_font_subset":"","ocean_menu_typo_font_size":0,"ocean_menu_typo_font_size_tablet":0,"ocean_menu_typo_font_size_mobile":0,"ocean_menu_typo_font_size_unit":"px","ocean_menu_typo_font_weight":"","ocean_menu_typo_font_weight_tablet":"","ocean_menu_typo_font_weight_mobile":"","ocean_menu_typo_transform":"","ocean_menu_typo_transform_tablet":"","ocean_menu_typo_transform_mobile":"","ocean_menu_typo_line_height":0,"ocean_menu_typo_line_height_tablet":0,"ocean_menu_typo_line_height_mobile":0,"ocean_menu_typo_line_height_unit":"","ocean_menu_typo_spacing":0,"ocean_menu_typo_spacing_tablet":0,"ocean_menu_typo_spacing_mobile":0,"ocean_menu_typo_spacing_unit":"","ocean_menu_link_color":"","ocean_menu_link_color_hover":"","ocean_menu_link_color_active":"","ocean_menu_link_background":"","ocean_menu_link_hover_background":"","ocean_menu_link_active_background":"","ocean_menu_social_links_bg":"","ocean_menu_social_hover_links_bg":"","ocean_menu_social_links_color":"","ocean_menu_social_hover_links_color":"","ocean_disable_title":"default","ocean_disable_heading":"default","ocean_post_title":"","ocean_post_subheading":"","ocean_post_title_style":"","ocean_post_title_background_color":"","ocean_post_title_background":0,"ocean_post_title_bg_image_position":"","ocean_post_title_bg_image_attachment":"","ocean_post_title_bg_image_repeat":"","ocean_post_title_bg_image_size":"","ocean_post_title_height":0,"ocean_post_title_bg_overlay":0.5,"ocean_post_title_bg_overlay_color":"","ocean_disable_breadcrumbs":"default","ocean_breadcrumbs_color":"","ocean_breadcrumbs_separator_color":"","ocean_breadcrumbs_links_color":"","ocean_breadcrumbs_links_hover_color":"","ocean_display_footer_widgets":"default","ocean_display_footer_bottom":"default","ocean_custom_footer_template":"0","ocean_post_oembed":"","ocean_post_self_hosted_media":"","ocean_post_video_embed":"","ocean_link_format":"","ocean_link_format_target":"self","ocean_quote_format":"","ocean_quote_format_link":"post","ocean_gallery_link_images":"off","ocean_gallery_id":[],"footnotes":""},"categories":[31,3],"tags":[],"class_list":["post-377","post","type-post","status-publish","format-standard","has-post-thumbnail","hentry","category-fatima","category-revelations-pour-la-fin-des-temps","entry","has-media"],"yoast_head":"<!-- This site is optimized with the Yoast SEO plugin v27.4 - https:\/\/yoast.com\/product\/yoast-seo-wordpress\/ -->\n<title>Fatima, apparition du 13 juin 1917 : &quot;Mon Coeur Immacul\u00e9 sera ton refuge !&quot; - Communion des refuges du Coeur Immacul\u00e9 de Marie<\/title>\n<meta name=\"description\" content=\"Fatima, apparition du 13 juin 1917 : &quot;Mon Coeur Immacul\u00e9 sera ton refuge !&quot;\" \/>\n<meta name=\"robots\" content=\"index, follow, max-snippet:-1, max-image-preview:large, max-video-preview:-1\" \/>\n<link rel=\"canonical\" href=\"https:\/\/refugesdemarie.fr\/index.php\/2023\/06\/09\/fatima-apparition-du-13-juin-1917-mon-coeur-immacule-sera-ton-refuge\/\" \/>\n<meta property=\"og:locale\" content=\"fr_FR\" \/>\n<meta property=\"og:type\" content=\"article\" \/>\n<meta property=\"og:title\" content=\"Fatima, apparition du 13 juin 1917 : &quot;Mon Coeur Immacul\u00e9 sera ton refuge !&quot; - Communion des refuges du Coeur Immacul\u00e9 de Marie\" \/>\n<meta property=\"og:description\" content=\"Fatima, apparition du 13 juin 1917 : &quot;Mon Coeur Immacul\u00e9 sera ton refuge !&quot;\" \/>\n<meta property=\"og:url\" content=\"https:\/\/refugesdemarie.fr\/index.php\/2023\/06\/09\/fatima-apparition-du-13-juin-1917-mon-coeur-immacule-sera-ton-refuge\/\" \/>\n<meta property=\"og:site_name\" content=\"Communion des refuges du Coeur Immacul\u00e9 de Marie\" \/>\n<meta property=\"article:publisher\" content=\"https:\/\/www.facebook.com\/profile.php?id=100089561384328\" \/>\n<meta property=\"article:author\" content=\"https:\/\/www.facebook.com\/profile.php?id=100089561384328\" \/>\n<meta property=\"article:published_time\" content=\"2023-06-09T14:52:40+00:00\" \/>\n<meta property=\"article:modified_time\" content=\"2026-01-06T16:06:23+00:00\" \/>\n<meta property=\"og:image\" content=\"https:\/\/refugesdemarie.fr\/wp-content\/uploads\/2023\/05\/Coeur-Immacule-scaled.jpg\" \/>\n\t<meta property=\"og:image:width\" content=\"1829\" \/>\n\t<meta property=\"og:image:height\" content=\"2560\" \/>\n\t<meta property=\"og:image:type\" content=\"image\/jpeg\" \/>\n<meta name=\"author\" content=\"refugesdemarie@gmail.com\" \/>\n<meta name=\"twitter:card\" content=\"summary_large_image\" \/>\n<meta name=\"twitter:label1\" content=\"\u00c9crit par\" \/>\n\t<meta name=\"twitter:data1\" content=\"refugesdemarie@gmail.com\" \/>\n\t<meta name=\"twitter:label2\" content=\"Dur\u00e9e de lecture estim\u00e9e\" \/>\n\t<meta name=\"twitter:data2\" content=\"8 minutes\" \/>\n<script type=\"application\/ld+json\" class=\"yoast-schema-graph\">{\"@context\":\"https:\\\/\\\/schema.org\",\"@graph\":[{\"@type\":\"Article\",\"@id\":\"https:\\\/\\\/refugesdemarie.fr\\\/index.php\\\/2023\\\/06\\\/09\\\/fatima-apparition-du-13-juin-1917-mon-coeur-immacule-sera-ton-refuge\\\/#article\",\"isPartOf\":{\"@id\":\"https:\\\/\\\/refugesdemarie.fr\\\/index.php\\\/2023\\\/06\\\/09\\\/fatima-apparition-du-13-juin-1917-mon-coeur-immacule-sera-ton-refuge\\\/\"},\"author\":{\"name\":\"refugesdemarie@gmail.com\",\"@id\":\"https:\\\/\\\/refugesdemarie.fr\\\/#\\\/schema\\\/person\\\/3bda0c49569f70f4dcfbe78b7e174b11\"},\"headline\":\"Fatima, apparition du 13 juin 1917 : \u00ab\u00a0Mon Coeur Immacul\u00e9 sera ton refuge !\u00a0\u00bb\",\"datePublished\":\"2023-06-09T14:52:40+00:00\",\"dateModified\":\"2026-01-06T16:06:23+00:00\",\"mainEntityOfPage\":{\"@id\":\"https:\\\/\\\/refugesdemarie.fr\\\/index.php\\\/2023\\\/06\\\/09\\\/fatima-apparition-du-13-juin-1917-mon-coeur-immacule-sera-ton-refuge\\\/\"},\"wordCount\":1521,\"publisher\":{\"@id\":\"https:\\\/\\\/refugesdemarie.fr\\\/#organization\"},\"image\":{\"@id\":\"https:\\\/\\\/refugesdemarie.fr\\\/index.php\\\/2023\\\/06\\\/09\\\/fatima-apparition-du-13-juin-1917-mon-coeur-immacule-sera-ton-refuge\\\/#primaryimage\"},\"thumbnailUrl\":\"https:\\\/\\\/refugesdemarie.fr\\\/wp-content\\\/uploads\\\/2023\\\/05\\\/Coeur-Immacule-scaled.jpg\",\"articleSection\":[\"Fatima\",\"R\u00e9v\u00e9lations pour la fin des temps\"],\"inLanguage\":\"fr-FR\"},{\"@type\":\"WebPage\",\"@id\":\"https:\\\/\\\/refugesdemarie.fr\\\/index.php\\\/2023\\\/06\\\/09\\\/fatima-apparition-du-13-juin-1917-mon-coeur-immacule-sera-ton-refuge\\\/\",\"url\":\"https:\\\/\\\/refugesdemarie.fr\\\/index.php\\\/2023\\\/06\\\/09\\\/fatima-apparition-du-13-juin-1917-mon-coeur-immacule-sera-ton-refuge\\\/\",\"name\":\"Fatima, apparition du 13 juin 1917 : \\\"Mon Coeur Immacul\u00e9 sera ton refuge !\\\" - Communion des refuges du Coeur Immacul\u00e9 de Marie\",\"isPartOf\":{\"@id\":\"https:\\\/\\\/refugesdemarie.fr\\\/#website\"},\"primaryImageOfPage\":{\"@id\":\"https:\\\/\\\/refugesdemarie.fr\\\/index.php\\\/2023\\\/06\\\/09\\\/fatima-apparition-du-13-juin-1917-mon-coeur-immacule-sera-ton-refuge\\\/#primaryimage\"},\"image\":{\"@id\":\"https:\\\/\\\/refugesdemarie.fr\\\/index.php\\\/2023\\\/06\\\/09\\\/fatima-apparition-du-13-juin-1917-mon-coeur-immacule-sera-ton-refuge\\\/#primaryimage\"},\"thumbnailUrl\":\"https:\\\/\\\/refugesdemarie.fr\\\/wp-content\\\/uploads\\\/2023\\\/05\\\/Coeur-Immacule-scaled.jpg\",\"datePublished\":\"2023-06-09T14:52:40+00:00\",\"dateModified\":\"2026-01-06T16:06:23+00:00\",\"description\":\"Fatima, apparition du 13 juin 1917 : \\\"Mon Coeur Immacul\u00e9 sera ton refuge !\\\"\",\"breadcrumb\":{\"@id\":\"https:\\\/\\\/refugesdemarie.fr\\\/index.php\\\/2023\\\/06\\\/09\\\/fatima-apparition-du-13-juin-1917-mon-coeur-immacule-sera-ton-refuge\\\/#breadcrumb\"},\"inLanguage\":\"fr-FR\",\"potentialAction\":[{\"@type\":\"ReadAction\",\"target\":[\"https:\\\/\\\/refugesdemarie.fr\\\/index.php\\\/2023\\\/06\\\/09\\\/fatima-apparition-du-13-juin-1917-mon-coeur-immacule-sera-ton-refuge\\\/\"]}]},{\"@type\":\"ImageObject\",\"inLanguage\":\"fr-FR\",\"@id\":\"https:\\\/\\\/refugesdemarie.fr\\\/index.php\\\/2023\\\/06\\\/09\\\/fatima-apparition-du-13-juin-1917-mon-coeur-immacule-sera-ton-refuge\\\/#primaryimage\",\"url\":\"https:\\\/\\\/refugesdemarie.fr\\\/wp-content\\\/uploads\\\/2023\\\/05\\\/Coeur-Immacule-scaled.jpg\",\"contentUrl\":\"https:\\\/\\\/refugesdemarie.fr\\\/wp-content\\\/uploads\\\/2023\\\/05\\\/Coeur-Immacule-scaled.jpg\",\"width\":1829,\"height\":2560},{\"@type\":\"BreadcrumbList\",\"@id\":\"https:\\\/\\\/refugesdemarie.fr\\\/index.php\\\/2023\\\/06\\\/09\\\/fatima-apparition-du-13-juin-1917-mon-coeur-immacule-sera-ton-refuge\\\/#breadcrumb\",\"itemListElement\":[{\"@type\":\"ListItem\",\"position\":1,\"name\":\"Accueil\",\"item\":\"https:\\\/\\\/refugesdemarie.fr\\\/\"},{\"@type\":\"ListItem\",\"position\":2,\"name\":\"Fatima, apparition du 13 juin 1917 : \u00ab\u00a0Mon Coeur Immacul\u00e9 sera ton refuge !\u00a0\u00bb\"}]},{\"@type\":\"WebSite\",\"@id\":\"https:\\\/\\\/refugesdemarie.fr\\\/#website\",\"url\":\"https:\\\/\\\/refugesdemarie.fr\\\/\",\"name\":\"Communion des refuges du Coeur Immacul\u00e9 de Marie\",\"description\":\"\",\"publisher\":{\"@id\":\"https:\\\/\\\/refugesdemarie.fr\\\/#organization\"},\"potentialAction\":[{\"@type\":\"SearchAction\",\"target\":{\"@type\":\"EntryPoint\",\"urlTemplate\":\"https:\\\/\\\/refugesdemarie.fr\\\/?s={search_term_string}\"},\"query-input\":{\"@type\":\"PropertyValueSpecification\",\"valueRequired\":true,\"valueName\":\"search_term_string\"}}],\"inLanguage\":\"fr-FR\"},{\"@type\":\"Organization\",\"@id\":\"https:\\\/\\\/refugesdemarie.fr\\\/#organization\",\"name\":\"Communion des refuges du Coeur Immacul\u00e9 de Marie\",\"url\":\"https:\\\/\\\/refugesdemarie.fr\\\/\",\"logo\":{\"@type\":\"ImageObject\",\"inLanguage\":\"fr-FR\",\"@id\":\"https:\\\/\\\/refugesdemarie.fr\\\/#\\\/schema\\\/logo\\\/image\\\/\",\"url\":\"https:\\\/\\\/refugesdemarie.fr\\\/wp-content\\\/uploads\\\/2023\\\/01\\\/cropped-Logo-Communion-des-Refuges-6.jpg\",\"contentUrl\":\"https:\\\/\\\/refugesdemarie.fr\\\/wp-content\\\/uploads\\\/2023\\\/01\\\/cropped-Logo-Communion-des-Refuges-6.jpg\",\"width\":1199,\"height\":377,\"caption\":\"Communion des refuges du Coeur Immacul\u00e9 de Marie\"},\"image\":{\"@id\":\"https:\\\/\\\/refugesdemarie.fr\\\/#\\\/schema\\\/logo\\\/image\\\/\"},\"sameAs\":[\"https:\\\/\\\/www.facebook.com\\\/profile.php?id=100089561384328\"]},{\"@type\":\"Person\",\"@id\":\"https:\\\/\\\/refugesdemarie.fr\\\/#\\\/schema\\\/person\\\/3bda0c49569f70f4dcfbe78b7e174b11\",\"name\":\"refugesdemarie@gmail.com\",\"image\":{\"@type\":\"ImageObject\",\"inLanguage\":\"fr-FR\",\"@id\":\"https:\\\/\\\/secure.gravatar.com\\\/avatar\\\/43491e46ee54b6706285b166679fe98aa620b1849d376153f6bc028852c019f7?s=96&d=mm&r=g\",\"url\":\"https:\\\/\\\/secure.gravatar.com\\\/avatar\\\/43491e46ee54b6706285b166679fe98aa620b1849d376153f6bc028852c019f7?s=96&d=mm&r=g\",\"contentUrl\":\"https:\\\/\\\/secure.gravatar.com\\\/avatar\\\/43491e46ee54b6706285b166679fe98aa620b1849d376153f6bc028852c019f7?s=96&d=mm&r=g\",\"caption\":\"refugesdemarie@gmail.com\"},\"sameAs\":[\"https:\\\/\\\/refugesdemarie.fr\",\"https:\\\/\\\/www.facebook.com\\\/profile.php?id=100089561384328\",\"https:\\\/\\\/www.youtube.com\\\/channel\\\/UCXOznkQcnNvuMDGDg11ZPfg\"],\"url\":\"https:\\\/\\\/refugesdemarie.fr\\\/index.php\\\/author\\\/com-coeur-immaculegmail-com\\\/\"}]}<\/script>\n<!-- \/ Yoast SEO plugin. -->","yoast_head_json":{"title":"Fatima, apparition du 13 juin 1917 : \"Mon Coeur Immacul\u00e9 sera ton refuge !\" - Communion des refuges du Coeur Immacul\u00e9 de Marie","description":"Fatima, apparition du 13 juin 1917 : \"Mon Coeur Immacul\u00e9 sera ton refuge !\"","robots":{"index":"index","follow":"follow","max-snippet":"max-snippet:-1","max-image-preview":"max-image-preview:large","max-video-preview":"max-video-preview:-1"},"canonical":"https:\/\/refugesdemarie.fr\/index.php\/2023\/06\/09\/fatima-apparition-du-13-juin-1917-mon-coeur-immacule-sera-ton-refuge\/","og_locale":"fr_FR","og_type":"article","og_title":"Fatima, apparition du 13 juin 1917 : \"Mon Coeur Immacul\u00e9 sera ton refuge !\" - Communion des refuges du Coeur Immacul\u00e9 de Marie","og_description":"Fatima, apparition du 13 juin 1917 : \"Mon Coeur Immacul\u00e9 sera ton refuge !\"","og_url":"https:\/\/refugesdemarie.fr\/index.php\/2023\/06\/09\/fatima-apparition-du-13-juin-1917-mon-coeur-immacule-sera-ton-refuge\/","og_site_name":"Communion des refuges du Coeur Immacul\u00e9 de Marie","article_publisher":"https:\/\/www.facebook.com\/profile.php?id=100089561384328","article_author":"https:\/\/www.facebook.com\/profile.php?id=100089561384328","article_published_time":"2023-06-09T14:52:40+00:00","article_modified_time":"2026-01-06T16:06:23+00:00","og_image":[{"width":1829,"height":2560,"url":"https:\/\/refugesdemarie.fr\/wp-content\/uploads\/2023\/05\/Coeur-Immacule-scaled.jpg","type":"image\/jpeg"}],"author":"refugesdemarie@gmail.com","twitter_card":"summary_large_image","twitter_misc":{"\u00c9crit par":"refugesdemarie@gmail.com","Dur\u00e9e de lecture estim\u00e9e":"8 minutes"},"schema":{"@context":"https:\/\/schema.org","@graph":[{"@type":"Article","@id":"https:\/\/refugesdemarie.fr\/index.php\/2023\/06\/09\/fatima-apparition-du-13-juin-1917-mon-coeur-immacule-sera-ton-refuge\/#article","isPartOf":{"@id":"https:\/\/refugesdemarie.fr\/index.php\/2023\/06\/09\/fatima-apparition-du-13-juin-1917-mon-coeur-immacule-sera-ton-refuge\/"},"author":{"name":"refugesdemarie@gmail.com","@id":"https:\/\/refugesdemarie.fr\/#\/schema\/person\/3bda0c49569f70f4dcfbe78b7e174b11"},"headline":"Fatima, apparition du 13 juin 1917 : \u00ab\u00a0Mon Coeur Immacul\u00e9 sera ton refuge !\u00a0\u00bb","datePublished":"2023-06-09T14:52:40+00:00","dateModified":"2026-01-06T16:06:23+00:00","mainEntityOfPage":{"@id":"https:\/\/refugesdemarie.fr\/index.php\/2023\/06\/09\/fatima-apparition-du-13-juin-1917-mon-coeur-immacule-sera-ton-refuge\/"},"wordCount":1521,"publisher":{"@id":"https:\/\/refugesdemarie.fr\/#organization"},"image":{"@id":"https:\/\/refugesdemarie.fr\/index.php\/2023\/06\/09\/fatima-apparition-du-13-juin-1917-mon-coeur-immacule-sera-ton-refuge\/#primaryimage"},"thumbnailUrl":"https:\/\/refugesdemarie.fr\/wp-content\/uploads\/2023\/05\/Coeur-Immacule-scaled.jpg","articleSection":["Fatima","R\u00e9v\u00e9lations pour la fin des temps"],"inLanguage":"fr-FR"},{"@type":"WebPage","@id":"https:\/\/refugesdemarie.fr\/index.php\/2023\/06\/09\/fatima-apparition-du-13-juin-1917-mon-coeur-immacule-sera-ton-refuge\/","url":"https:\/\/refugesdemarie.fr\/index.php\/2023\/06\/09\/fatima-apparition-du-13-juin-1917-mon-coeur-immacule-sera-ton-refuge\/","name":"Fatima, apparition du 13 juin 1917 : \"Mon Coeur Immacul\u00e9 sera ton refuge !\" - Communion des refuges du Coeur Immacul\u00e9 de Marie","isPartOf":{"@id":"https:\/\/refugesdemarie.fr\/#website"},"primaryImageOfPage":{"@id":"https:\/\/refugesdemarie.fr\/index.php\/2023\/06\/09\/fatima-apparition-du-13-juin-1917-mon-coeur-immacule-sera-ton-refuge\/#primaryimage"},"image":{"@id":"https:\/\/refugesdemarie.fr\/index.php\/2023\/06\/09\/fatima-apparition-du-13-juin-1917-mon-coeur-immacule-sera-ton-refuge\/#primaryimage"},"thumbnailUrl":"https:\/\/refugesdemarie.fr\/wp-content\/uploads\/2023\/05\/Coeur-Immacule-scaled.jpg","datePublished":"2023-06-09T14:52:40+00:00","dateModified":"2026-01-06T16:06:23+00:00","description":"Fatima, apparition du 13 juin 1917 : \"Mon Coeur Immacul\u00e9 sera ton refuge !\"","breadcrumb":{"@id":"https:\/\/refugesdemarie.fr\/index.php\/2023\/06\/09\/fatima-apparition-du-13-juin-1917-mon-coeur-immacule-sera-ton-refuge\/#breadcrumb"},"inLanguage":"fr-FR","potentialAction":[{"@type":"ReadAction","target":["https:\/\/refugesdemarie.fr\/index.php\/2023\/06\/09\/fatima-apparition-du-13-juin-1917-mon-coeur-immacule-sera-ton-refuge\/"]}]},{"@type":"ImageObject","inLanguage":"fr-FR","@id":"https:\/\/refugesdemarie.fr\/index.php\/2023\/06\/09\/fatima-apparition-du-13-juin-1917-mon-coeur-immacule-sera-ton-refuge\/#primaryimage","url":"https:\/\/refugesdemarie.fr\/wp-content\/uploads\/2023\/05\/Coeur-Immacule-scaled.jpg","contentUrl":"https:\/\/refugesdemarie.fr\/wp-content\/uploads\/2023\/05\/Coeur-Immacule-scaled.jpg","width":1829,"height":2560},{"@type":"BreadcrumbList","@id":"https:\/\/refugesdemarie.fr\/index.php\/2023\/06\/09\/fatima-apparition-du-13-juin-1917-mon-coeur-immacule-sera-ton-refuge\/#breadcrumb","itemListElement":[{"@type":"ListItem","position":1,"name":"Accueil","item":"https:\/\/refugesdemarie.fr\/"},{"@type":"ListItem","position":2,"name":"Fatima, apparition du 13 juin 1917 : \u00ab\u00a0Mon Coeur Immacul\u00e9 sera ton refuge !\u00a0\u00bb"}]},{"@type":"WebSite","@id":"https:\/\/refugesdemarie.fr\/#website","url":"https:\/\/refugesdemarie.fr\/","name":"Communion des refuges du Coeur Immacul\u00e9 de Marie","description":"","publisher":{"@id":"https:\/\/refugesdemarie.fr\/#organization"},"potentialAction":[{"@type":"SearchAction","target":{"@type":"EntryPoint","urlTemplate":"https:\/\/refugesdemarie.fr\/?s={search_term_string}"},"query-input":{"@type":"PropertyValueSpecification","valueRequired":true,"valueName":"search_term_string"}}],"inLanguage":"fr-FR"},{"@type":"Organization","@id":"https:\/\/refugesdemarie.fr\/#organization","name":"Communion des refuges du Coeur Immacul\u00e9 de Marie","url":"https:\/\/refugesdemarie.fr\/","logo":{"@type":"ImageObject","inLanguage":"fr-FR","@id":"https:\/\/refugesdemarie.fr\/#\/schema\/logo\/image\/","url":"https:\/\/refugesdemarie.fr\/wp-content\/uploads\/2023\/01\/cropped-Logo-Communion-des-Refuges-6.jpg","contentUrl":"https:\/\/refugesdemarie.fr\/wp-content\/uploads\/2023\/01\/cropped-Logo-Communion-des-Refuges-6.jpg","width":1199,"height":377,"caption":"Communion des refuges du Coeur Immacul\u00e9 de Marie"},"image":{"@id":"https:\/\/refugesdemarie.fr\/#\/schema\/logo\/image\/"},"sameAs":["https:\/\/www.facebook.com\/profile.php?id=100089561384328"]},{"@type":"Person","@id":"https:\/\/refugesdemarie.fr\/#\/schema\/person\/3bda0c49569f70f4dcfbe78b7e174b11","name":"refugesdemarie@gmail.com","image":{"@type":"ImageObject","inLanguage":"fr-FR","@id":"https:\/\/secure.gravatar.com\/avatar\/43491e46ee54b6706285b166679fe98aa620b1849d376153f6bc028852c019f7?s=96&d=mm&r=g","url":"https:\/\/secure.gravatar.com\/avatar\/43491e46ee54b6706285b166679fe98aa620b1849d376153f6bc028852c019f7?s=96&d=mm&r=g","contentUrl":"https:\/\/secure.gravatar.com\/avatar\/43491e46ee54b6706285b166679fe98aa620b1849d376153f6bc028852c019f7?s=96&d=mm&r=g","caption":"refugesdemarie@gmail.com"},"sameAs":["https:\/\/refugesdemarie.fr","https:\/\/www.facebook.com\/profile.php?id=100089561384328","https:\/\/www.youtube.com\/channel\/UCXOznkQcnNvuMDGDg11ZPfg"],"url":"https:\/\/refugesdemarie.fr\/index.php\/author\/com-coeur-immaculegmail-com\/"}]}},"_links":{"self":[{"href":"https:\/\/refugesdemarie.fr\/index.php\/wp-json\/wp\/v2\/posts\/377","targetHints":{"allow":["GET"]}}],"collection":[{"href":"https:\/\/refugesdemarie.fr\/index.php\/wp-json\/wp\/v2\/posts"}],"about":[{"href":"https:\/\/refugesdemarie.fr\/index.php\/wp-json\/wp\/v2\/types\/post"}],"author":[{"embeddable":true,"href":"https:\/\/refugesdemarie.fr\/index.php\/wp-json\/wp\/v2\/users\/1"}],"replies":[{"embeddable":true,"href":"https:\/\/refugesdemarie.fr\/index.php\/wp-json\/wp\/v2\/comments?post=377"}],"version-history":[{"count":1,"href":"https:\/\/refugesdemarie.fr\/index.php\/wp-json\/wp\/v2\/posts\/377\/revisions"}],"predecessor-version":[{"id":378,"href":"https:\/\/refugesdemarie.fr\/index.php\/wp-json\/wp\/v2\/posts\/377\/revisions\/378"}],"wp:featuredmedia":[{"embeddable":true,"href":"https:\/\/refugesdemarie.fr\/index.php\/wp-json\/wp\/v2\/media\/272"}],"wp:attachment":[{"href":"https:\/\/refugesdemarie.fr\/index.php\/wp-json\/wp\/v2\/media?parent=377"}],"wp:term":[{"taxonomy":"category","embeddable":true,"href":"https:\/\/refugesdemarie.fr\/index.php\/wp-json\/wp\/v2\/categories?post=377"},{"taxonomy":"post_tag","embeddable":true,"href":"https:\/\/refugesdemarie.fr\/index.php\/wp-json\/wp\/v2\/tags?post=377"}],"curies":[{"name":"wp","href":"https:\/\/api.w.org\/{rel}","templated":true}]}}