{"id":379,"date":"2023-06-16T14:27:02","date_gmt":"2023-06-16T14:27:02","guid":{"rendered":"https:\/\/refugesdemarie.fr\/?p=379"},"modified":"2026-01-06T16:06:23","modified_gmt":"2026-01-06T16:06:23","slug":"un-chapelet-recite-maladroitement-obtient-la-grace-demandee","status":"publish","type":"post","link":"https:\/\/refugesdemarie.fr\/index.php\/2023\/06\/16\/un-chapelet-recite-maladroitement-obtient-la-grace-demandee\/","title":{"rendered":"Un chapelet r\u00e9cit\u00e9 maladroitement obtient la gr\u00e2ce demand\u00e9e"},"content":{"rendered":"<div class=\"pdfprnt-buttons pdfprnt-buttons-post pdfprnt-top-right\"><a href=\"https:\/\/refugesdemarie.fr\/index.php\/wp-json\/wp\/v2\/posts\/379?print=print\" class=\"pdfprnt-button pdfprnt-button-print\" target=\"_blank\" ><img decoding=\"async\" src=\"https:\/\/refugesdemarie.fr\/wp-content\/plugins\/pdf-print\/images\/print.png\" alt=\"image_print\" title=\"Contenu imprim\u00e9\" \/><\/a><\/div><p><img fetchpriority=\"high\" decoding=\"async\" class=\"alignnone size-medium wp-image-380 aligncenter\" src=\"https:\/\/refugesdemarie.fr\/wp-content\/uploads\/2023\/06\/IMG_4371-300x200.jpg\" alt=\"\" width=\"300\" height=\"200\" srcset=\"https:\/\/refugesdemarie.fr\/wp-content\/uploads\/2023\/06\/IMG_4371-300x200.jpg 300w, https:\/\/refugesdemarie.fr\/wp-content\/uploads\/2023\/06\/IMG_4371-1024x683.jpg 1024w, https:\/\/refugesdemarie.fr\/wp-content\/uploads\/2023\/06\/IMG_4371-768x512.jpg 768w, https:\/\/refugesdemarie.fr\/wp-content\/uploads\/2023\/06\/IMG_4371-1536x1024.jpg 1536w, https:\/\/refugesdemarie.fr\/wp-content\/uploads\/2023\/06\/IMG_4371-2048x1365.jpg 2048w, https:\/\/refugesdemarie.fr\/wp-content\/uploads\/2023\/06\/IMG_4371-1320x880.jpg 1320w\" sizes=\"(max-width: 300px) 100vw, 300px\" \/><\/p>\n<p>En avril 2013, la conversion au catholicisme de Fernando Casanova, pasteur pentec\u00f4tiste portoricain, avait d\u00e9fray\u00e9 la chronique latino am\u00e9ricaine. Depuis, il s\u2019est fait le z\u00e9l\u00e9 d\u00e9fenseur de l\u2019\u00c9glise avec sa stup\u00e9fiante ma\u00eetrise de la Bible et son style oratoire latin, passionn\u00e9 et chaleureux.<\/p>\n<p>Il raconte lui-m\u00eame son lent et douloureux processus de conversion au catholicisme : pas moins de cinq ans lui auront \u00e9t\u00e9 n\u00e9cessaires, apr\u00e8s bien des\u00a0ann\u00e9es de service au sein de son \u00e9glise protestante.<\/p>\n<p>Ce processus a d\u00e9but\u00e9 par sa recherche biblique d\u2019une \u00c9glise unique et unie fond\u00e9e par J\u00e9sus-Christ. Il \u00e9tait d\u00e9sorient\u00e9 par la prolif\u00e9ration continue d\u2019\u00c9glises et de groupes protestants. Mais son z\u00e8le dans cette qu\u00eate visait un seul et clair objectif\u00a0: <i>\u00ab\u00a0Ne pas \u00eatre catholique.\u00a0\u00bb <\/i>Sauf que le coup de gr\u00e2ce de sa conversion a pr\u00e9cis\u00e9ment \u00e9t\u00e9 sa d\u00e9couverte de\u00a0l\u2019Eucharistie catholique.<\/p>\n<p>En prenant la d\u00e9cision de se convertir, il en informe sa femme qui, protestante convaincue, pr\u00e9f\u00e9ra la s\u00e9paration du couple. Fernando passe alors plusieurs mois sans vivre avec sa femme et ses trois enfants, crucifi\u00e9 par ce myst\u00e8re : pourquoi Dieu permet-il une telle souffrance alors que, apr\u00e8s tout, il suit maintenant le droit chemin\u00a0?<\/p>\n<p>Il raconte avec beaucoup d\u2019\u00e9motion comment il est un jour entr\u00e9 dans une chapelle pour chercher la force de Dieu au milieu de son malheur. Il aper\u00e7oit sur un banc de l\u2019\u00e9glise un chapelet. Il comprend que Dieu lui demande de le r\u00e9citer. Pour le jeune homme r\u00e9cemment converti, prier le chapelet reste difficile. Mais en regardant Marie, il lui dit qu\u2019il est pr\u00eat \u00e0 le faire et lui adresse deux demandes\u00a0: qu\u2019il puisse se r\u00e9concilier avec sa femme et que celle-ci ainsi que leurs enfants puissent entrer en pleine communion avec l\u2019\u00c9glise de son Fils.<\/p>\n<p>L\u2019ancien pasteur raconte alors\u00a0: \u00ab\u00a0<i>J\u2019ai pri\u00e9 le chapelet maladroitement et sans foi, demandant pardon \u00e0 Dieu tous les dix <\/i>Je vous salue Marie <i>au cas o\u00f9\u00a0ma fa\u00e7on de prier ne lui plaise pas.\u00a0<\/i>\u00bb Le jour m\u00eame, Fernando Casanova a pu voir sa famille et se r\u00e9concilier avec sa femme\u00a0!<\/p>\n<p>Un an jour pour jour apr\u00e8s ce \u00ab\u00a0<i>rosaire mal r\u00e9cit\u00e9<\/i>\u00a0\u00bb, \u00e0 la cath\u00e9drale de Porto Rico la capitale, Fernando Casanova, son \u00e9pouse et ses enfants ont \u00e9t\u00e9 officiellement re\u00e7us dans l\u2019\u00c9glise catholique.<\/p>\n<p><em>Source : Marie de Nazareth, <a href=\"https:\/\/forms.mariedenazareth.com\/une-minute-avec-marie?origin=FR-UMM-ABOUMM\">Une minute avec Marie<\/a>, du 14 juin 2023.<\/em><\/p>\n","protected":false},"excerpt":{"rendered":"<p>En avril 2013, la conversion au catholicisme de Fernando Casanova, pasteur pentec\u00f4tiste portoricain, avait d\u00e9fray\u00e9 la chronique latino am\u00e9ricaine. Depuis, il s\u2019est fait le z\u00e9l\u00e9 d\u00e9fenseur de l\u2019\u00c9glise avec sa stup\u00e9fiante ma\u00eetrise de la Bible et son style oratoire latin, passionn\u00e9 et chaleureux. Il raconte lui-m\u00eame son lent et douloureux processus de conversion au catholicisme [&hellip;]<\/p>\n","protected":false},"author":1,"featured_media":380,"comment_status":"closed","ping_status":"open","sticky":false,"template":"","format":"standard","meta":{"ocean_post_layout":"","ocean_both_sidebars_style":"","ocean_both_sidebars_content_width":0,"ocean_both_sidebars_sidebars_width":0,"ocean_sidebar":"0","ocean_second_sidebar":"0","ocean_disable_margins":"enable","ocean_add_body_class":"","ocean_shortcode_before_top_bar":"","ocean_shortcode_after_top_bar":"","ocean_shortcode_before_header":"","ocean_shortcode_after_header":"","ocean_has_shortcode":"","ocean_shortcode_after_title":"","ocean_shortcode_before_footer_widgets":"","ocean_shortcode_after_footer_widgets":"","ocean_shortcode_before_footer_bottom":"","ocean_shortcode_after_footer_bottom":"","ocean_display_top_bar":"default","ocean_display_header":"default","ocean_header_style":"","ocean_center_header_left_menu":"0","ocean_custom_header_template":"0","ocean_custom_logo":0,"ocean_custom_retina_logo":0,"ocean_custom_logo_max_width":0,"ocean_custom_logo_tablet_max_width":0,"ocean_custom_logo_mobile_max_width":0,"ocean_custom_logo_max_height":0,"ocean_custom_logo_tablet_max_height":0,"ocean_custom_logo_mobile_max_height":0,"ocean_header_custom_menu":"0","ocean_menu_typo_font_family":"0","ocean_menu_typo_font_subset":"","ocean_menu_typo_font_size":0,"ocean_menu_typo_font_size_tablet":0,"ocean_menu_typo_font_size_mobile":0,"ocean_menu_typo_font_size_unit":"px","ocean_menu_typo_font_weight":"","ocean_menu_typo_font_weight_tablet":"","ocean_menu_typo_font_weight_mobile":"","ocean_menu_typo_transform":"","ocean_menu_typo_transform_tablet":"","ocean_menu_typo_transform_mobile":"","ocean_menu_typo_line_height":0,"ocean_menu_typo_line_height_tablet":0,"ocean_menu_typo_line_height_mobile":0,"ocean_menu_typo_line_height_unit":"","ocean_menu_typo_spacing":0,"ocean_menu_typo_spacing_tablet":0,"ocean_menu_typo_spacing_mobile":0,"ocean_menu_typo_spacing_unit":"","ocean_menu_link_color":"","ocean_menu_link_color_hover":"","ocean_menu_link_color_active":"","ocean_menu_link_background":"","ocean_menu_link_hover_background":"","ocean_menu_link_active_background":"","ocean_menu_social_links_bg":"","ocean_menu_social_hover_links_bg":"","ocean_menu_social_links_color":"","ocean_menu_social_hover_links_color":"","ocean_disable_title":"default","ocean_disable_heading":"default","ocean_post_title":"","ocean_post_subheading":"","ocean_post_title_style":"","ocean_post_title_background_color":"","ocean_post_title_background":0,"ocean_post_title_bg_image_position":"","ocean_post_title_bg_image_attachment":"","ocean_post_title_bg_image_repeat":"","ocean_post_title_bg_image_size":"","ocean_post_title_height":0,"ocean_post_title_bg_overlay":0.5,"ocean_post_title_bg_overlay_color":"","ocean_disable_breadcrumbs":"default","ocean_breadcrumbs_color":"","ocean_breadcrumbs_separator_color":"","ocean_breadcrumbs_links_color":"","ocean_breadcrumbs_links_hover_color":"","ocean_display_footer_widgets":"default","ocean_display_footer_bottom":"default","ocean_custom_footer_template":"0","ocean_post_oembed":"","ocean_post_self_hosted_media":"","ocean_post_video_embed":"","ocean_link_format":"","ocean_link_format_target":"self","ocean_quote_format":"","ocean_quote_format_link":"post","ocean_gallery_link_images":"off","ocean_gallery_id":[],"footnotes":""},"categories":[11],"tags":[],"class_list":["post-379","post","type-post","status-publish","format-standard","has-post-thumbnail","hentry","category-prieres","entry","has-media"],"yoast_head":"<!-- This site is optimized with the Yoast SEO plugin v27.4 - https:\/\/yoast.com\/product\/yoast-seo-wordpress\/ -->\n<title>Un chapelet r\u00e9cit\u00e9 maladroitement obtient la gr\u00e2ce demand\u00e9e - Communion des refuges du Coeur Immacul\u00e9 de Marie<\/title>\n<meta name=\"description\" content=\"Comment un chapelet r\u00e9cit\u00e9 maladroitement a obtenu la gr\u00e2ce demand\u00e9e...\" \/>\n<meta name=\"robots\" content=\"index, follow, max-snippet:-1, max-image-preview:large, max-video-preview:-1\" \/>\n<link rel=\"canonical\" href=\"https:\/\/refugesdemarie.fr\/index.php\/2023\/06\/16\/un-chapelet-recite-maladroitement-obtient-la-grace-demandee\/\" \/>\n<meta property=\"og:locale\" content=\"fr_FR\" \/>\n<meta property=\"og:type\" content=\"article\" \/>\n<meta property=\"og:title\" content=\"Un chapelet r\u00e9cit\u00e9 maladroitement obtient la gr\u00e2ce demand\u00e9e - Communion des refuges du Coeur Immacul\u00e9 de Marie\" \/>\n<meta property=\"og:description\" content=\"Comment un chapelet r\u00e9cit\u00e9 maladroitement a obtenu la gr\u00e2ce demand\u00e9e...\" \/>\n<meta property=\"og:url\" content=\"https:\/\/refugesdemarie.fr\/index.php\/2023\/06\/16\/un-chapelet-recite-maladroitement-obtient-la-grace-demandee\/\" \/>\n<meta property=\"og:site_name\" content=\"Communion des refuges du Coeur Immacul\u00e9 de Marie\" \/>\n<meta property=\"article:publisher\" content=\"https:\/\/www.facebook.com\/profile.php?id=100089561384328\" \/>\n<meta property=\"article:author\" content=\"https:\/\/www.facebook.com\/profile.php?id=100089561384328\" \/>\n<meta property=\"article:published_time\" content=\"2023-06-16T14:27:02+00:00\" \/>\n<meta property=\"article:modified_time\" content=\"2026-01-06T16:06:23+00:00\" \/>\n<meta property=\"og:image\" content=\"https:\/\/refugesdemarie.fr\/wp-content\/uploads\/2023\/06\/IMG_4371-scaled.jpg\" \/>\n\t<meta property=\"og:image:width\" content=\"2560\" \/>\n\t<meta property=\"og:image:height\" content=\"1707\" \/>\n\t<meta property=\"og:image:type\" content=\"image\/jpeg\" \/>\n<meta name=\"author\" content=\"refugesdemarie@gmail.com\" \/>\n<meta name=\"twitter:card\" content=\"summary_large_image\" \/>\n<meta name=\"twitter:label1\" content=\"\u00c9crit par\" \/>\n\t<meta name=\"twitter:data1\" content=\"refugesdemarie@gmail.com\" \/>\n\t<meta name=\"twitter:label2\" content=\"Dur\u00e9e de lecture estim\u00e9e\" \/>\n\t<meta name=\"twitter:data2\" content=\"2 minutes\" \/>\n<script type=\"application\/ld+json\" class=\"yoast-schema-graph\">{\"@context\":\"https:\\\/\\\/schema.org\",\"@graph\":[{\"@type\":\"Article\",\"@id\":\"https:\\\/\\\/refugesdemarie.fr\\\/index.php\\\/2023\\\/06\\\/16\\\/un-chapelet-recite-maladroitement-obtient-la-grace-demandee\\\/#article\",\"isPartOf\":{\"@id\":\"https:\\\/\\\/refugesdemarie.fr\\\/index.php\\\/2023\\\/06\\\/16\\\/un-chapelet-recite-maladroitement-obtient-la-grace-demandee\\\/\"},\"author\":{\"name\":\"refugesdemarie@gmail.com\",\"@id\":\"https:\\\/\\\/refugesdemarie.fr\\\/#\\\/schema\\\/person\\\/3bda0c49569f70f4dcfbe78b7e174b11\"},\"headline\":\"Un chapelet r\u00e9cit\u00e9 maladroitement obtient la gr\u00e2ce demand\u00e9e\",\"datePublished\":\"2023-06-16T14:27:02+00:00\",\"dateModified\":\"2026-01-06T16:06:23+00:00\",\"mainEntityOfPage\":{\"@id\":\"https:\\\/\\\/refugesdemarie.fr\\\/index.php\\\/2023\\\/06\\\/16\\\/un-chapelet-recite-maladroitement-obtient-la-grace-demandee\\\/\"},\"wordCount\":439,\"publisher\":{\"@id\":\"https:\\\/\\\/refugesdemarie.fr\\\/#organization\"},\"image\":{\"@id\":\"https:\\\/\\\/refugesdemarie.fr\\\/index.php\\\/2023\\\/06\\\/16\\\/un-chapelet-recite-maladroitement-obtient-la-grace-demandee\\\/#primaryimage\"},\"thumbnailUrl\":\"https:\\\/\\\/refugesdemarie.fr\\\/wp-content\\\/uploads\\\/2023\\\/06\\\/IMG_4371-scaled.jpg\",\"articleSection\":[\"Prier\"],\"inLanguage\":\"fr-FR\"},{\"@type\":\"WebPage\",\"@id\":\"https:\\\/\\\/refugesdemarie.fr\\\/index.php\\\/2023\\\/06\\\/16\\\/un-chapelet-recite-maladroitement-obtient-la-grace-demandee\\\/\",\"url\":\"https:\\\/\\\/refugesdemarie.fr\\\/index.php\\\/2023\\\/06\\\/16\\\/un-chapelet-recite-maladroitement-obtient-la-grace-demandee\\\/\",\"name\":\"Un chapelet r\u00e9cit\u00e9 maladroitement obtient la gr\u00e2ce demand\u00e9e - Communion des refuges du Coeur Immacul\u00e9 de Marie\",\"isPartOf\":{\"@id\":\"https:\\\/\\\/refugesdemarie.fr\\\/#website\"},\"primaryImageOfPage\":{\"@id\":\"https:\\\/\\\/refugesdemarie.fr\\\/index.php\\\/2023\\\/06\\\/16\\\/un-chapelet-recite-maladroitement-obtient-la-grace-demandee\\\/#primaryimage\"},\"image\":{\"@id\":\"https:\\\/\\\/refugesdemarie.fr\\\/index.php\\\/2023\\\/06\\\/16\\\/un-chapelet-recite-maladroitement-obtient-la-grace-demandee\\\/#primaryimage\"},\"thumbnailUrl\":\"https:\\\/\\\/refugesdemarie.fr\\\/wp-content\\\/uploads\\\/2023\\\/06\\\/IMG_4371-scaled.jpg\",\"datePublished\":\"2023-06-16T14:27:02+00:00\",\"dateModified\":\"2026-01-06T16:06:23+00:00\",\"description\":\"Comment un chapelet r\u00e9cit\u00e9 maladroitement a obtenu la gr\u00e2ce demand\u00e9e...\",\"breadcrumb\":{\"@id\":\"https:\\\/\\\/refugesdemarie.fr\\\/index.php\\\/2023\\\/06\\\/16\\\/un-chapelet-recite-maladroitement-obtient-la-grace-demandee\\\/#breadcrumb\"},\"inLanguage\":\"fr-FR\",\"potentialAction\":[{\"@type\":\"ReadAction\",\"target\":[\"https:\\\/\\\/refugesdemarie.fr\\\/index.php\\\/2023\\\/06\\\/16\\\/un-chapelet-recite-maladroitement-obtient-la-grace-demandee\\\/\"]}]},{\"@type\":\"ImageObject\",\"inLanguage\":\"fr-FR\",\"@id\":\"https:\\\/\\\/refugesdemarie.fr\\\/index.php\\\/2023\\\/06\\\/16\\\/un-chapelet-recite-maladroitement-obtient-la-grace-demandee\\\/#primaryimage\",\"url\":\"https:\\\/\\\/refugesdemarie.fr\\\/wp-content\\\/uploads\\\/2023\\\/06\\\/IMG_4371-scaled.jpg\",\"contentUrl\":\"https:\\\/\\\/refugesdemarie.fr\\\/wp-content\\\/uploads\\\/2023\\\/06\\\/IMG_4371-scaled.jpg\",\"width\":2560,\"height\":1707},{\"@type\":\"BreadcrumbList\",\"@id\":\"https:\\\/\\\/refugesdemarie.fr\\\/index.php\\\/2023\\\/06\\\/16\\\/un-chapelet-recite-maladroitement-obtient-la-grace-demandee\\\/#breadcrumb\",\"itemListElement\":[{\"@type\":\"ListItem\",\"position\":1,\"name\":\"Accueil\",\"item\":\"https:\\\/\\\/refugesdemarie.fr\\\/\"},{\"@type\":\"ListItem\",\"position\":2,\"name\":\"Un chapelet r\u00e9cit\u00e9 maladroitement obtient la gr\u00e2ce demand\u00e9e\"}]},{\"@type\":\"WebSite\",\"@id\":\"https:\\\/\\\/refugesdemarie.fr\\\/#website\",\"url\":\"https:\\\/\\\/refugesdemarie.fr\\\/\",\"name\":\"Communion des refuges du Coeur Immacul\u00e9 de Marie\",\"description\":\"\",\"publisher\":{\"@id\":\"https:\\\/\\\/refugesdemarie.fr\\\/#organization\"},\"potentialAction\":[{\"@type\":\"SearchAction\",\"target\":{\"@type\":\"EntryPoint\",\"urlTemplate\":\"https:\\\/\\\/refugesdemarie.fr\\\/?s={search_term_string}\"},\"query-input\":{\"@type\":\"PropertyValueSpecification\",\"valueRequired\":true,\"valueName\":\"search_term_string\"}}],\"inLanguage\":\"fr-FR\"},{\"@type\":\"Organization\",\"@id\":\"https:\\\/\\\/refugesdemarie.fr\\\/#organization\",\"name\":\"Communion des refuges du Coeur Immacul\u00e9 de Marie\",\"url\":\"https:\\\/\\\/refugesdemarie.fr\\\/\",\"logo\":{\"@type\":\"ImageObject\",\"inLanguage\":\"fr-FR\",\"@id\":\"https:\\\/\\\/refugesdemarie.fr\\\/#\\\/schema\\\/logo\\\/image\\\/\",\"url\":\"https:\\\/\\\/refugesdemarie.fr\\\/wp-content\\\/uploads\\\/2023\\\/01\\\/cropped-Logo-Communion-des-Refuges-6.jpg\",\"contentUrl\":\"https:\\\/\\\/refugesdemarie.fr\\\/wp-content\\\/uploads\\\/2023\\\/01\\\/cropped-Logo-Communion-des-Refuges-6.jpg\",\"width\":1199,\"height\":377,\"caption\":\"Communion des refuges du Coeur Immacul\u00e9 de Marie\"},\"image\":{\"@id\":\"https:\\\/\\\/refugesdemarie.fr\\\/#\\\/schema\\\/logo\\\/image\\\/\"},\"sameAs\":[\"https:\\\/\\\/www.facebook.com\\\/profile.php?id=100089561384328\"]},{\"@type\":\"Person\",\"@id\":\"https:\\\/\\\/refugesdemarie.fr\\\/#\\\/schema\\\/person\\\/3bda0c49569f70f4dcfbe78b7e174b11\",\"name\":\"refugesdemarie@gmail.com\",\"image\":{\"@type\":\"ImageObject\",\"inLanguage\":\"fr-FR\",\"@id\":\"https:\\\/\\\/secure.gravatar.com\\\/avatar\\\/43491e46ee54b6706285b166679fe98aa620b1849d376153f6bc028852c019f7?s=96&d=mm&r=g\",\"url\":\"https:\\\/\\\/secure.gravatar.com\\\/avatar\\\/43491e46ee54b6706285b166679fe98aa620b1849d376153f6bc028852c019f7?s=96&d=mm&r=g\",\"contentUrl\":\"https:\\\/\\\/secure.gravatar.com\\\/avatar\\\/43491e46ee54b6706285b166679fe98aa620b1849d376153f6bc028852c019f7?s=96&d=mm&r=g\",\"caption\":\"refugesdemarie@gmail.com\"},\"sameAs\":[\"https:\\\/\\\/refugesdemarie.fr\",\"https:\\\/\\\/www.facebook.com\\\/profile.php?id=100089561384328\",\"https:\\\/\\\/www.youtube.com\\\/channel\\\/UCXOznkQcnNvuMDGDg11ZPfg\"],\"url\":\"https:\\\/\\\/refugesdemarie.fr\\\/index.php\\\/author\\\/com-coeur-immaculegmail-com\\\/\"}]}<\/script>\n<!-- \/ Yoast SEO plugin. -->","yoast_head_json":{"title":"Un chapelet r\u00e9cit\u00e9 maladroitement obtient la gr\u00e2ce demand\u00e9e - Communion des refuges du Coeur Immacul\u00e9 de Marie","description":"Comment un chapelet r\u00e9cit\u00e9 maladroitement a obtenu la gr\u00e2ce demand\u00e9e...","robots":{"index":"index","follow":"follow","max-snippet":"max-snippet:-1","max-image-preview":"max-image-preview:large","max-video-preview":"max-video-preview:-1"},"canonical":"https:\/\/refugesdemarie.fr\/index.php\/2023\/06\/16\/un-chapelet-recite-maladroitement-obtient-la-grace-demandee\/","og_locale":"fr_FR","og_type":"article","og_title":"Un chapelet r\u00e9cit\u00e9 maladroitement obtient la gr\u00e2ce demand\u00e9e - Communion des refuges du Coeur Immacul\u00e9 de Marie","og_description":"Comment un chapelet r\u00e9cit\u00e9 maladroitement a obtenu la gr\u00e2ce demand\u00e9e...","og_url":"https:\/\/refugesdemarie.fr\/index.php\/2023\/06\/16\/un-chapelet-recite-maladroitement-obtient-la-grace-demandee\/","og_site_name":"Communion des refuges du Coeur Immacul\u00e9 de Marie","article_publisher":"https:\/\/www.facebook.com\/profile.php?id=100089561384328","article_author":"https:\/\/www.facebook.com\/profile.php?id=100089561384328","article_published_time":"2023-06-16T14:27:02+00:00","article_modified_time":"2026-01-06T16:06:23+00:00","og_image":[{"width":2560,"height":1707,"url":"https:\/\/refugesdemarie.fr\/wp-content\/uploads\/2023\/06\/IMG_4371-scaled.jpg","type":"image\/jpeg"}],"author":"refugesdemarie@gmail.com","twitter_card":"summary_large_image","twitter_misc":{"\u00c9crit par":"refugesdemarie@gmail.com","Dur\u00e9e de lecture estim\u00e9e":"2 minutes"},"schema":{"@context":"https:\/\/schema.org","@graph":[{"@type":"Article","@id":"https:\/\/refugesdemarie.fr\/index.php\/2023\/06\/16\/un-chapelet-recite-maladroitement-obtient-la-grace-demandee\/#article","isPartOf":{"@id":"https:\/\/refugesdemarie.fr\/index.php\/2023\/06\/16\/un-chapelet-recite-maladroitement-obtient-la-grace-demandee\/"},"author":{"name":"refugesdemarie@gmail.com","@id":"https:\/\/refugesdemarie.fr\/#\/schema\/person\/3bda0c49569f70f4dcfbe78b7e174b11"},"headline":"Un chapelet r\u00e9cit\u00e9 maladroitement obtient la gr\u00e2ce demand\u00e9e","datePublished":"2023-06-16T14:27:02+00:00","dateModified":"2026-01-06T16:06:23+00:00","mainEntityOfPage":{"@id":"https:\/\/refugesdemarie.fr\/index.php\/2023\/06\/16\/un-chapelet-recite-maladroitement-obtient-la-grace-demandee\/"},"wordCount":439,"publisher":{"@id":"https:\/\/refugesdemarie.fr\/#organization"},"image":{"@id":"https:\/\/refugesdemarie.fr\/index.php\/2023\/06\/16\/un-chapelet-recite-maladroitement-obtient-la-grace-demandee\/#primaryimage"},"thumbnailUrl":"https:\/\/refugesdemarie.fr\/wp-content\/uploads\/2023\/06\/IMG_4371-scaled.jpg","articleSection":["Prier"],"inLanguage":"fr-FR"},{"@type":"WebPage","@id":"https:\/\/refugesdemarie.fr\/index.php\/2023\/06\/16\/un-chapelet-recite-maladroitement-obtient-la-grace-demandee\/","url":"https:\/\/refugesdemarie.fr\/index.php\/2023\/06\/16\/un-chapelet-recite-maladroitement-obtient-la-grace-demandee\/","name":"Un chapelet r\u00e9cit\u00e9 maladroitement obtient la gr\u00e2ce demand\u00e9e - Communion des refuges du Coeur Immacul\u00e9 de Marie","isPartOf":{"@id":"https:\/\/refugesdemarie.fr\/#website"},"primaryImageOfPage":{"@id":"https:\/\/refugesdemarie.fr\/index.php\/2023\/06\/16\/un-chapelet-recite-maladroitement-obtient-la-grace-demandee\/#primaryimage"},"image":{"@id":"https:\/\/refugesdemarie.fr\/index.php\/2023\/06\/16\/un-chapelet-recite-maladroitement-obtient-la-grace-demandee\/#primaryimage"},"thumbnailUrl":"https:\/\/refugesdemarie.fr\/wp-content\/uploads\/2023\/06\/IMG_4371-scaled.jpg","datePublished":"2023-06-16T14:27:02+00:00","dateModified":"2026-01-06T16:06:23+00:00","description":"Comment un chapelet r\u00e9cit\u00e9 maladroitement a obtenu la gr\u00e2ce demand\u00e9e...","breadcrumb":{"@id":"https:\/\/refugesdemarie.fr\/index.php\/2023\/06\/16\/un-chapelet-recite-maladroitement-obtient-la-grace-demandee\/#breadcrumb"},"inLanguage":"fr-FR","potentialAction":[{"@type":"ReadAction","target":["https:\/\/refugesdemarie.fr\/index.php\/2023\/06\/16\/un-chapelet-recite-maladroitement-obtient-la-grace-demandee\/"]}]},{"@type":"ImageObject","inLanguage":"fr-FR","@id":"https:\/\/refugesdemarie.fr\/index.php\/2023\/06\/16\/un-chapelet-recite-maladroitement-obtient-la-grace-demandee\/#primaryimage","url":"https:\/\/refugesdemarie.fr\/wp-content\/uploads\/2023\/06\/IMG_4371-scaled.jpg","contentUrl":"https:\/\/refugesdemarie.fr\/wp-content\/uploads\/2023\/06\/IMG_4371-scaled.jpg","width":2560,"height":1707},{"@type":"BreadcrumbList","@id":"https:\/\/refugesdemarie.fr\/index.php\/2023\/06\/16\/un-chapelet-recite-maladroitement-obtient-la-grace-demandee\/#breadcrumb","itemListElement":[{"@type":"ListItem","position":1,"name":"Accueil","item":"https:\/\/refugesdemarie.fr\/"},{"@type":"ListItem","position":2,"name":"Un chapelet r\u00e9cit\u00e9 maladroitement obtient la gr\u00e2ce demand\u00e9e"}]},{"@type":"WebSite","@id":"https:\/\/refugesdemarie.fr\/#website","url":"https:\/\/refugesdemarie.fr\/","name":"Communion des refuges du Coeur Immacul\u00e9 de Marie","description":"","publisher":{"@id":"https:\/\/refugesdemarie.fr\/#organization"},"potentialAction":[{"@type":"SearchAction","target":{"@type":"EntryPoint","urlTemplate":"https:\/\/refugesdemarie.fr\/?s={search_term_string}"},"query-input":{"@type":"PropertyValueSpecification","valueRequired":true,"valueName":"search_term_string"}}],"inLanguage":"fr-FR"},{"@type":"Organization","@id":"https:\/\/refugesdemarie.fr\/#organization","name":"Communion des refuges du Coeur Immacul\u00e9 de Marie","url":"https:\/\/refugesdemarie.fr\/","logo":{"@type":"ImageObject","inLanguage":"fr-FR","@id":"https:\/\/refugesdemarie.fr\/#\/schema\/logo\/image\/","url":"https:\/\/refugesdemarie.fr\/wp-content\/uploads\/2023\/01\/cropped-Logo-Communion-des-Refuges-6.jpg","contentUrl":"https:\/\/refugesdemarie.fr\/wp-content\/uploads\/2023\/01\/cropped-Logo-Communion-des-Refuges-6.jpg","width":1199,"height":377,"caption":"Communion des refuges du Coeur Immacul\u00e9 de Marie"},"image":{"@id":"https:\/\/refugesdemarie.fr\/#\/schema\/logo\/image\/"},"sameAs":["https:\/\/www.facebook.com\/profile.php?id=100089561384328"]},{"@type":"Person","@id":"https:\/\/refugesdemarie.fr\/#\/schema\/person\/3bda0c49569f70f4dcfbe78b7e174b11","name":"refugesdemarie@gmail.com","image":{"@type":"ImageObject","inLanguage":"fr-FR","@id":"https:\/\/secure.gravatar.com\/avatar\/43491e46ee54b6706285b166679fe98aa620b1849d376153f6bc028852c019f7?s=96&d=mm&r=g","url":"https:\/\/secure.gravatar.com\/avatar\/43491e46ee54b6706285b166679fe98aa620b1849d376153f6bc028852c019f7?s=96&d=mm&r=g","contentUrl":"https:\/\/secure.gravatar.com\/avatar\/43491e46ee54b6706285b166679fe98aa620b1849d376153f6bc028852c019f7?s=96&d=mm&r=g","caption":"refugesdemarie@gmail.com"},"sameAs":["https:\/\/refugesdemarie.fr","https:\/\/www.facebook.com\/profile.php?id=100089561384328","https:\/\/www.youtube.com\/channel\/UCXOznkQcnNvuMDGDg11ZPfg"],"url":"https:\/\/refugesdemarie.fr\/index.php\/author\/com-coeur-immaculegmail-com\/"}]}},"_links":{"self":[{"href":"https:\/\/refugesdemarie.fr\/index.php\/wp-json\/wp\/v2\/posts\/379","targetHints":{"allow":["GET"]}}],"collection":[{"href":"https:\/\/refugesdemarie.fr\/index.php\/wp-json\/wp\/v2\/posts"}],"about":[{"href":"https:\/\/refugesdemarie.fr\/index.php\/wp-json\/wp\/v2\/types\/post"}],"author":[{"embeddable":true,"href":"https:\/\/refugesdemarie.fr\/index.php\/wp-json\/wp\/v2\/users\/1"}],"replies":[{"embeddable":true,"href":"https:\/\/refugesdemarie.fr\/index.php\/wp-json\/wp\/v2\/comments?post=379"}],"version-history":[{"count":1,"href":"https:\/\/refugesdemarie.fr\/index.php\/wp-json\/wp\/v2\/posts\/379\/revisions"}],"predecessor-version":[{"id":381,"href":"https:\/\/refugesdemarie.fr\/index.php\/wp-json\/wp\/v2\/posts\/379\/revisions\/381"}],"wp:featuredmedia":[{"embeddable":true,"href":"https:\/\/refugesdemarie.fr\/index.php\/wp-json\/wp\/v2\/media\/380"}],"wp:attachment":[{"href":"https:\/\/refugesdemarie.fr\/index.php\/wp-json\/wp\/v2\/media?parent=379"}],"wp:term":[{"taxonomy":"category","embeddable":true,"href":"https:\/\/refugesdemarie.fr\/index.php\/wp-json\/wp\/v2\/categories?post=379"},{"taxonomy":"post_tag","embeddable":true,"href":"https:\/\/refugesdemarie.fr\/index.php\/wp-json\/wp\/v2\/tags?post=379"}],"curies":[{"name":"wp","href":"https:\/\/api.w.org\/{rel}","templated":true}]}}