{"id":382,"date":"2023-06-16T14:39:22","date_gmt":"2023-06-16T14:39:22","guid":{"rendered":"https:\/\/refugesdemarie.fr\/?p=382"},"modified":"2026-01-06T16:06:23","modified_gmt":"2026-01-06T16:06:23","slug":"une-machine-pour-remplacer-dieu-voila-le-projet-du-forum-economique-mondial","status":"publish","type":"post","link":"https:\/\/refugesdemarie.fr\/index.php\/2023\/06\/16\/une-machine-pour-remplacer-dieu-voila-le-projet-du-forum-economique-mondial\/","title":{"rendered":"Une machine pour remplacer Dieu ? Voila le projet du Forum \u00e9conomique mondial&#8230;"},"content":{"rendered":"<div class=\"pdfprnt-buttons pdfprnt-buttons-post pdfprnt-top-right\"><a href=\"https:\/\/refugesdemarie.fr\/index.php\/wp-json\/wp\/v2\/posts\/382?print=print\" class=\"pdfprnt-button pdfprnt-button-print\" target=\"_blank\" ><img decoding=\"async\" src=\"https:\/\/refugesdemarie.fr\/wp-content\/plugins\/pdf-print\/images\/print.png\" alt=\"image_print\" title=\"Contenu imprim\u00e9\" \/><\/a><\/div><p><img decoding=\"async\" class=\"alignnone size-medium wp-image-383 aligncenter\" src=\"https:\/\/refugesdemarie.fr\/wp-content\/uploads\/2023\/06\/Harari-Schwab-300x164.png\" alt=\"\" width=\"300\" height=\"164\" srcset=\"https:\/\/refugesdemarie.fr\/wp-content\/uploads\/2023\/06\/Harari-Schwab-300x164.png 300w, https:\/\/refugesdemarie.fr\/wp-content\/uploads\/2023\/06\/Harari-Schwab-768x420.png 768w, https:\/\/refugesdemarie.fr\/wp-content\/uploads\/2023\/06\/Harari-Schwab.png 800w\" sizes=\"(max-width: 300px) 100vw, 300px\" \/><\/p>\n<p style=\"text-align: left;\">Un haut responsable du Forum \u00e9conomique mondial (WEF) a demand\u00e9 que les \u00e9critures religieuses soient \u00ab\u00a0r\u00e9\u00e9crites\u00a0\u00bb par l&rsquo;intelligence artificielle (IA) afin de cr\u00e9er une \u00ab\u00a0nouvelle Bible\u00a0\u00bb mondialis\u00e9e.<\/p>\n<p>Yuval Noah Harari, conseiller principal du WEF et de son pr\u00e9sident Klaus Schwab, affirme que l&rsquo;utilisation de l&rsquo;IA pour remplacer les \u00e9critures cr\u00e9era des \u00ab\u00a0religions unifi\u00e9es qui sont r\u00e9ellement correctes\u00a0\u00bb.<\/p>\n<p>M. Harari, auteur et professeur influent, a lanc\u00e9 cet appel lors d&rsquo;une conf\u00e9rence sur \u00ab\u00a0l&rsquo;avenir de l&rsquo;humanit\u00e9\u00a0\u00bb.<\/p>\n<p>Selon lui, le pouvoir de l&rsquo;IA peut \u00eatre exploit\u00e9 et utilis\u00e9 pour remodeler la spiritualit\u00e9 selon la vision mondialiste d'\u00a0\u00bb\u00e9quit\u00e9\u00a0\u00bb et d&rsquo;inclusivit\u00e9 du WEF.<\/p>\n<p>S&rsquo;adressant au journaliste Pedro Pinto \u00e0 Lisbonne, au Portugal, Harari a d\u00e9clar\u00e9 au public \u00e9litiste :<\/p>\n<p>\u00ab\u00a0C&rsquo;est la premi\u00e8re technologie capable de cr\u00e9er de nouvelles id\u00e9es.<\/p>\n<p>\u00ab\u00a0Vous savez, la presse \u00e0 imprimer, la radio, la t\u00e9l\u00e9vision, elles diffusent, elles r\u00e9pandent les id\u00e9es cr\u00e9\u00e9es par le cerveau humain, par l&rsquo;esprit humain.<\/p>\n<p>\u00ab\u00a0Ils ne peuvent pas cr\u00e9er de nouvelles id\u00e9es.<\/p>\n<p>\u00ab\u00a0Vous savez, [Johannes] Gutenberg a imprim\u00e9 la Bible au milieu du XVe si\u00e8cle ; la presse a imprim\u00e9 autant de copies de la Bible que Gutenberg le lui a demand\u00e9, mais elle n&rsquo;a pas cr\u00e9\u00e9 une seule nouvelle page.<\/p>\n<p>\u00ab\u00a0Elle n&rsquo;avait pas d&rsquo;id\u00e9es propres sur la Bible : Est-elle bonne ? Est-elle mauvaise ? Comment interpr\u00e9ter ceci ? Comment interpr\u00e9ter ceci ? Comment interpr\u00e9ter cela ?\u00a0\u00bb<\/p>\n<p>Harari a ensuite r\u00e9v\u00e9l\u00e9 que lui et ses alli\u00e9s du WEF avaient une solution aux probl\u00e8mes suppos\u00e9s qu&rsquo;il venait de mettre en \u00e9vidence.<\/p>\n<p>\u00ab\u00a0L&rsquo;IA peut cr\u00e9er de nouvelles id\u00e9es ; elle peut m\u00eame \u00e9crire une nouvelle Bible\u00a0\u00bb, a-t-il d\u00e9clar\u00e9.<\/p>\n<p>\u00ab\u00a0Tout au long de l&rsquo;histoire, les religions ont r\u00eav\u00e9 d&rsquo;avoir un livre \u00e9crit par une intelligence surhumaine, par une entit\u00e9 non humaine\u00a0\u00bb, a-t-il ajout\u00e9.<\/p>\n<p>Visionnez la vid\u00e9o \u00e0 partir de 7 minutes 30 environ pour \u00e9couter ce passage :<\/p>\n<p>&nbsp;<\/p>\n<p><iframe title=\"YouTube video player\" src=\"https:\/\/www.youtube.com\/embed\/4hIlDiVDww4\" width=\"560\" height=\"315\" frameborder=\"0\" allowfullscreen=\"allowfullscreen\"><\/iframe><\/p>\n","protected":false},"excerpt":{"rendered":"<p>Un haut responsable du Forum \u00e9conomique mondial (WEF) a demand\u00e9 que les \u00e9critures religieuses soient \u00ab\u00a0r\u00e9\u00e9crites\u00a0\u00bb par l&rsquo;intelligence artificielle (IA) afin de cr\u00e9er une \u00ab\u00a0nouvelle Bible\u00a0\u00bb mondialis\u00e9e. Yuval Noah Harari, conseiller principal du WEF et de son pr\u00e9sident Klaus Schwab, affirme que l&rsquo;utilisation de l&rsquo;IA pour remplacer les \u00e9critures cr\u00e9era des \u00ab\u00a0religions unifi\u00e9es qui sont [&hellip;]<\/p>\n","protected":false},"author":1,"featured_media":383,"comment_status":"closed","ping_status":"open","sticky":false,"template":"","format":"standard","meta":{"ocean_post_layout":"","ocean_both_sidebars_style":"","ocean_both_sidebars_content_width":0,"ocean_both_sidebars_sidebars_width":0,"ocean_sidebar":"0","ocean_second_sidebar":"0","ocean_disable_margins":"enable","ocean_add_body_class":"","ocean_shortcode_before_top_bar":"","ocean_shortcode_after_top_bar":"","ocean_shortcode_before_header":"","ocean_shortcode_after_header":"","ocean_has_shortcode":"","ocean_shortcode_after_title":"","ocean_shortcode_before_footer_widgets":"","ocean_shortcode_after_footer_widgets":"","ocean_shortcode_before_footer_bottom":"","ocean_shortcode_after_footer_bottom":"","ocean_display_top_bar":"default","ocean_display_header":"default","ocean_header_style":"","ocean_center_header_left_menu":"0","ocean_custom_header_template":"0","ocean_custom_logo":0,"ocean_custom_retina_logo":0,"ocean_custom_logo_max_width":0,"ocean_custom_logo_tablet_max_width":0,"ocean_custom_logo_mobile_max_width":0,"ocean_custom_logo_max_height":0,"ocean_custom_logo_tablet_max_height":0,"ocean_custom_logo_mobile_max_height":0,"ocean_header_custom_menu":"0","ocean_menu_typo_font_family":"0","ocean_menu_typo_font_subset":"","ocean_menu_typo_font_size":0,"ocean_menu_typo_font_size_tablet":0,"ocean_menu_typo_font_size_mobile":0,"ocean_menu_typo_font_size_unit":"px","ocean_menu_typo_font_weight":"","ocean_menu_typo_font_weight_tablet":"","ocean_menu_typo_font_weight_mobile":"","ocean_menu_typo_transform":"","ocean_menu_typo_transform_tablet":"","ocean_menu_typo_transform_mobile":"","ocean_menu_typo_line_height":0,"ocean_menu_typo_line_height_tablet":0,"ocean_menu_typo_line_height_mobile":0,"ocean_menu_typo_line_height_unit":"","ocean_menu_typo_spacing":0,"ocean_menu_typo_spacing_tablet":0,"ocean_menu_typo_spacing_mobile":0,"ocean_menu_typo_spacing_unit":"","ocean_menu_link_color":"","ocean_menu_link_color_hover":"","ocean_menu_link_color_active":"","ocean_menu_link_background":"","ocean_menu_link_hover_background":"","ocean_menu_link_active_background":"","ocean_menu_social_links_bg":"","ocean_menu_social_hover_links_bg":"","ocean_menu_social_links_color":"","ocean_menu_social_hover_links_color":"","ocean_disable_title":"default","ocean_disable_heading":"default","ocean_post_title":"","ocean_post_subheading":"","ocean_post_title_style":"","ocean_post_title_background_color":"","ocean_post_title_background":0,"ocean_post_title_bg_image_position":"","ocean_post_title_bg_image_attachment":"","ocean_post_title_bg_image_repeat":"","ocean_post_title_bg_image_size":"","ocean_post_title_height":0,"ocean_post_title_bg_overlay":0.5,"ocean_post_title_bg_overlay_color":"","ocean_disable_breadcrumbs":"default","ocean_breadcrumbs_color":"","ocean_breadcrumbs_separator_color":"","ocean_breadcrumbs_links_color":"","ocean_breadcrumbs_links_hover_color":"","ocean_display_footer_widgets":"default","ocean_display_footer_bottom":"default","ocean_custom_footer_template":"0","ocean_post_oembed":"","ocean_post_self_hosted_media":"","ocean_post_video_embed":"","ocean_link_format":"","ocean_link_format_target":"self","ocean_quote_format":"","ocean_quote_format_link":"post","ocean_gallery_link_images":"off","ocean_gallery_id":[],"footnotes":""},"categories":[4],"tags":[],"class_list":["post-382","post","type-post","status-publish","format-standard","has-post-thumbnail","hentry","category-signes-des-temps","entry","has-media"],"yoast_head":"<!-- This site is optimized with the Yoast SEO plugin v27.4 - https:\/\/yoast.com\/product\/yoast-seo-wordpress\/ -->\n<title>Une machine pour remplacer Dieu ? Voila le projet du Forum \u00e9conomique mondial... - Communion des refuges du Coeur Immacul\u00e9 de Marie<\/title>\n<meta name=\"description\" content=\"Ambitions mondialistes : l&#039;intelligence artificielle pour cr\u00e9er une nouvelle Bible, une nouvelle religion, et remplacer Dieu par la machine\" \/>\n<meta name=\"robots\" content=\"index, follow, max-snippet:-1, max-image-preview:large, max-video-preview:-1\" \/>\n<link rel=\"canonical\" href=\"https:\/\/refugesdemarie.fr\/index.php\/2023\/06\/16\/une-machine-pour-remplacer-dieu-voila-le-projet-du-forum-economique-mondial\/\" \/>\n<meta property=\"og:locale\" content=\"fr_FR\" \/>\n<meta property=\"og:type\" content=\"article\" \/>\n<meta property=\"og:title\" content=\"Une machine pour remplacer Dieu ? Voila le projet du Forum \u00e9conomique mondial... - Communion des refuges du Coeur Immacul\u00e9 de Marie\" \/>\n<meta property=\"og:description\" content=\"Ambitions mondialistes : l&#039;intelligence artificielle pour cr\u00e9er une nouvelle Bible, une nouvelle religion, et remplacer Dieu par la machine\" \/>\n<meta property=\"og:url\" content=\"https:\/\/refugesdemarie.fr\/index.php\/2023\/06\/16\/une-machine-pour-remplacer-dieu-voila-le-projet-du-forum-economique-mondial\/\" \/>\n<meta property=\"og:site_name\" content=\"Communion des refuges du Coeur Immacul\u00e9 de Marie\" \/>\n<meta property=\"article:publisher\" content=\"https:\/\/www.facebook.com\/profile.php?id=100089561384328\" \/>\n<meta property=\"article:author\" content=\"https:\/\/www.facebook.com\/profile.php?id=100089561384328\" \/>\n<meta property=\"article:published_time\" content=\"2023-06-16T14:39:22+00:00\" \/>\n<meta property=\"article:modified_time\" content=\"2026-01-06T16:06:23+00:00\" \/>\n<meta property=\"og:image\" content=\"https:\/\/refugesdemarie.fr\/wp-content\/uploads\/2023\/06\/Harari-Schwab.png\" \/>\n\t<meta property=\"og:image:width\" content=\"800\" \/>\n\t<meta property=\"og:image:height\" content=\"438\" \/>\n\t<meta property=\"og:image:type\" content=\"image\/png\" \/>\n<meta name=\"author\" content=\"refugesdemarie@gmail.com\" \/>\n<meta name=\"twitter:card\" content=\"summary_large_image\" \/>\n<meta name=\"twitter:label1\" content=\"\u00c9crit par\" \/>\n\t<meta name=\"twitter:data1\" content=\"refugesdemarie@gmail.com\" \/>\n\t<meta name=\"twitter:label2\" content=\"Dur\u00e9e de lecture estim\u00e9e\" \/>\n\t<meta name=\"twitter:data2\" content=\"2 minutes\" \/>\n<script type=\"application\/ld+json\" class=\"yoast-schema-graph\">{\"@context\":\"https:\\\/\\\/schema.org\",\"@graph\":[{\"@type\":\"Article\",\"@id\":\"https:\\\/\\\/refugesdemarie.fr\\\/index.php\\\/2023\\\/06\\\/16\\\/une-machine-pour-remplacer-dieu-voila-le-projet-du-forum-economique-mondial\\\/#article\",\"isPartOf\":{\"@id\":\"https:\\\/\\\/refugesdemarie.fr\\\/index.php\\\/2023\\\/06\\\/16\\\/une-machine-pour-remplacer-dieu-voila-le-projet-du-forum-economique-mondial\\\/\"},\"author\":{\"name\":\"refugesdemarie@gmail.com\",\"@id\":\"https:\\\/\\\/refugesdemarie.fr\\\/#\\\/schema\\\/person\\\/3bda0c49569f70f4dcfbe78b7e174b11\"},\"headline\":\"Une machine pour remplacer Dieu ? Voila le projet du Forum \u00e9conomique mondial&#8230;\",\"datePublished\":\"2023-06-16T14:39:22+00:00\",\"dateModified\":\"2026-01-06T16:06:23+00:00\",\"mainEntityOfPage\":{\"@id\":\"https:\\\/\\\/refugesdemarie.fr\\\/index.php\\\/2023\\\/06\\\/16\\\/une-machine-pour-remplacer-dieu-voila-le-projet-du-forum-economique-mondial\\\/\"},\"wordCount\":352,\"publisher\":{\"@id\":\"https:\\\/\\\/refugesdemarie.fr\\\/#organization\"},\"image\":{\"@id\":\"https:\\\/\\\/refugesdemarie.fr\\\/index.php\\\/2023\\\/06\\\/16\\\/une-machine-pour-remplacer-dieu-voila-le-projet-du-forum-economique-mondial\\\/#primaryimage\"},\"thumbnailUrl\":\"https:\\\/\\\/refugesdemarie.fr\\\/wp-content\\\/uploads\\\/2023\\\/06\\\/Harari-Schwab.png\",\"articleSection\":[\"Signes des temps\"],\"inLanguage\":\"fr-FR\"},{\"@type\":\"WebPage\",\"@id\":\"https:\\\/\\\/refugesdemarie.fr\\\/index.php\\\/2023\\\/06\\\/16\\\/une-machine-pour-remplacer-dieu-voila-le-projet-du-forum-economique-mondial\\\/\",\"url\":\"https:\\\/\\\/refugesdemarie.fr\\\/index.php\\\/2023\\\/06\\\/16\\\/une-machine-pour-remplacer-dieu-voila-le-projet-du-forum-economique-mondial\\\/\",\"name\":\"Une machine pour remplacer Dieu ? Voila le projet du Forum \u00e9conomique mondial... - Communion des refuges du Coeur Immacul\u00e9 de Marie\",\"isPartOf\":{\"@id\":\"https:\\\/\\\/refugesdemarie.fr\\\/#website\"},\"primaryImageOfPage\":{\"@id\":\"https:\\\/\\\/refugesdemarie.fr\\\/index.php\\\/2023\\\/06\\\/16\\\/une-machine-pour-remplacer-dieu-voila-le-projet-du-forum-economique-mondial\\\/#primaryimage\"},\"image\":{\"@id\":\"https:\\\/\\\/refugesdemarie.fr\\\/index.php\\\/2023\\\/06\\\/16\\\/une-machine-pour-remplacer-dieu-voila-le-projet-du-forum-economique-mondial\\\/#primaryimage\"},\"thumbnailUrl\":\"https:\\\/\\\/refugesdemarie.fr\\\/wp-content\\\/uploads\\\/2023\\\/06\\\/Harari-Schwab.png\",\"datePublished\":\"2023-06-16T14:39:22+00:00\",\"dateModified\":\"2026-01-06T16:06:23+00:00\",\"description\":\"Ambitions mondialistes : l'intelligence artificielle pour cr\u00e9er une nouvelle Bible, une nouvelle religion, et remplacer Dieu par la machine\",\"breadcrumb\":{\"@id\":\"https:\\\/\\\/refugesdemarie.fr\\\/index.php\\\/2023\\\/06\\\/16\\\/une-machine-pour-remplacer-dieu-voila-le-projet-du-forum-economique-mondial\\\/#breadcrumb\"},\"inLanguage\":\"fr-FR\",\"potentialAction\":[{\"@type\":\"ReadAction\",\"target\":[\"https:\\\/\\\/refugesdemarie.fr\\\/index.php\\\/2023\\\/06\\\/16\\\/une-machine-pour-remplacer-dieu-voila-le-projet-du-forum-economique-mondial\\\/\"]}]},{\"@type\":\"ImageObject\",\"inLanguage\":\"fr-FR\",\"@id\":\"https:\\\/\\\/refugesdemarie.fr\\\/index.php\\\/2023\\\/06\\\/16\\\/une-machine-pour-remplacer-dieu-voila-le-projet-du-forum-economique-mondial\\\/#primaryimage\",\"url\":\"https:\\\/\\\/refugesdemarie.fr\\\/wp-content\\\/uploads\\\/2023\\\/06\\\/Harari-Schwab.png\",\"contentUrl\":\"https:\\\/\\\/refugesdemarie.fr\\\/wp-content\\\/uploads\\\/2023\\\/06\\\/Harari-Schwab.png\",\"width\":800,\"height\":438},{\"@type\":\"BreadcrumbList\",\"@id\":\"https:\\\/\\\/refugesdemarie.fr\\\/index.php\\\/2023\\\/06\\\/16\\\/une-machine-pour-remplacer-dieu-voila-le-projet-du-forum-economique-mondial\\\/#breadcrumb\",\"itemListElement\":[{\"@type\":\"ListItem\",\"position\":1,\"name\":\"Accueil\",\"item\":\"https:\\\/\\\/refugesdemarie.fr\\\/\"},{\"@type\":\"ListItem\",\"position\":2,\"name\":\"Une machine pour remplacer Dieu ? Voila le projet du Forum \u00e9conomique mondial&#8230;\"}]},{\"@type\":\"WebSite\",\"@id\":\"https:\\\/\\\/refugesdemarie.fr\\\/#website\",\"url\":\"https:\\\/\\\/refugesdemarie.fr\\\/\",\"name\":\"Communion des refuges du Coeur Immacul\u00e9 de Marie\",\"description\":\"\",\"publisher\":{\"@id\":\"https:\\\/\\\/refugesdemarie.fr\\\/#organization\"},\"potentialAction\":[{\"@type\":\"SearchAction\",\"target\":{\"@type\":\"EntryPoint\",\"urlTemplate\":\"https:\\\/\\\/refugesdemarie.fr\\\/?s={search_term_string}\"},\"query-input\":{\"@type\":\"PropertyValueSpecification\",\"valueRequired\":true,\"valueName\":\"search_term_string\"}}],\"inLanguage\":\"fr-FR\"},{\"@type\":\"Organization\",\"@id\":\"https:\\\/\\\/refugesdemarie.fr\\\/#organization\",\"name\":\"Communion des refuges du Coeur Immacul\u00e9 de Marie\",\"url\":\"https:\\\/\\\/refugesdemarie.fr\\\/\",\"logo\":{\"@type\":\"ImageObject\",\"inLanguage\":\"fr-FR\",\"@id\":\"https:\\\/\\\/refugesdemarie.fr\\\/#\\\/schema\\\/logo\\\/image\\\/\",\"url\":\"https:\\\/\\\/refugesdemarie.fr\\\/wp-content\\\/uploads\\\/2023\\\/01\\\/cropped-Logo-Communion-des-Refuges-6.jpg\",\"contentUrl\":\"https:\\\/\\\/refugesdemarie.fr\\\/wp-content\\\/uploads\\\/2023\\\/01\\\/cropped-Logo-Communion-des-Refuges-6.jpg\",\"width\":1199,\"height\":377,\"caption\":\"Communion des refuges du Coeur Immacul\u00e9 de Marie\"},\"image\":{\"@id\":\"https:\\\/\\\/refugesdemarie.fr\\\/#\\\/schema\\\/logo\\\/image\\\/\"},\"sameAs\":[\"https:\\\/\\\/www.facebook.com\\\/profile.php?id=100089561384328\"]},{\"@type\":\"Person\",\"@id\":\"https:\\\/\\\/refugesdemarie.fr\\\/#\\\/schema\\\/person\\\/3bda0c49569f70f4dcfbe78b7e174b11\",\"name\":\"refugesdemarie@gmail.com\",\"image\":{\"@type\":\"ImageObject\",\"inLanguage\":\"fr-FR\",\"@id\":\"https:\\\/\\\/secure.gravatar.com\\\/avatar\\\/43491e46ee54b6706285b166679fe98aa620b1849d376153f6bc028852c019f7?s=96&d=mm&r=g\",\"url\":\"https:\\\/\\\/secure.gravatar.com\\\/avatar\\\/43491e46ee54b6706285b166679fe98aa620b1849d376153f6bc028852c019f7?s=96&d=mm&r=g\",\"contentUrl\":\"https:\\\/\\\/secure.gravatar.com\\\/avatar\\\/43491e46ee54b6706285b166679fe98aa620b1849d376153f6bc028852c019f7?s=96&d=mm&r=g\",\"caption\":\"refugesdemarie@gmail.com\"},\"sameAs\":[\"https:\\\/\\\/refugesdemarie.fr\",\"https:\\\/\\\/www.facebook.com\\\/profile.php?id=100089561384328\",\"https:\\\/\\\/www.youtube.com\\\/channel\\\/UCXOznkQcnNvuMDGDg11ZPfg\"],\"url\":\"https:\\\/\\\/refugesdemarie.fr\\\/index.php\\\/author\\\/com-coeur-immaculegmail-com\\\/\"}]}<\/script>\n<!-- \/ Yoast SEO plugin. -->","yoast_head_json":{"title":"Une machine pour remplacer Dieu ? Voila le projet du Forum \u00e9conomique mondial... - Communion des refuges du Coeur Immacul\u00e9 de Marie","description":"Ambitions mondialistes : l'intelligence artificielle pour cr\u00e9er une nouvelle Bible, une nouvelle religion, et remplacer Dieu par la machine","robots":{"index":"index","follow":"follow","max-snippet":"max-snippet:-1","max-image-preview":"max-image-preview:large","max-video-preview":"max-video-preview:-1"},"canonical":"https:\/\/refugesdemarie.fr\/index.php\/2023\/06\/16\/une-machine-pour-remplacer-dieu-voila-le-projet-du-forum-economique-mondial\/","og_locale":"fr_FR","og_type":"article","og_title":"Une machine pour remplacer Dieu ? Voila le projet du Forum \u00e9conomique mondial... - Communion des refuges du Coeur Immacul\u00e9 de Marie","og_description":"Ambitions mondialistes : l'intelligence artificielle pour cr\u00e9er une nouvelle Bible, une nouvelle religion, et remplacer Dieu par la machine","og_url":"https:\/\/refugesdemarie.fr\/index.php\/2023\/06\/16\/une-machine-pour-remplacer-dieu-voila-le-projet-du-forum-economique-mondial\/","og_site_name":"Communion des refuges du Coeur Immacul\u00e9 de Marie","article_publisher":"https:\/\/www.facebook.com\/profile.php?id=100089561384328","article_author":"https:\/\/www.facebook.com\/profile.php?id=100089561384328","article_published_time":"2023-06-16T14:39:22+00:00","article_modified_time":"2026-01-06T16:06:23+00:00","og_image":[{"width":800,"height":438,"url":"https:\/\/refugesdemarie.fr\/wp-content\/uploads\/2023\/06\/Harari-Schwab.png","type":"image\/png"}],"author":"refugesdemarie@gmail.com","twitter_card":"summary_large_image","twitter_misc":{"\u00c9crit par":"refugesdemarie@gmail.com","Dur\u00e9e de lecture estim\u00e9e":"2 minutes"},"schema":{"@context":"https:\/\/schema.org","@graph":[{"@type":"Article","@id":"https:\/\/refugesdemarie.fr\/index.php\/2023\/06\/16\/une-machine-pour-remplacer-dieu-voila-le-projet-du-forum-economique-mondial\/#article","isPartOf":{"@id":"https:\/\/refugesdemarie.fr\/index.php\/2023\/06\/16\/une-machine-pour-remplacer-dieu-voila-le-projet-du-forum-economique-mondial\/"},"author":{"name":"refugesdemarie@gmail.com","@id":"https:\/\/refugesdemarie.fr\/#\/schema\/person\/3bda0c49569f70f4dcfbe78b7e174b11"},"headline":"Une machine pour remplacer Dieu ? Voila le projet du Forum \u00e9conomique mondial&#8230;","datePublished":"2023-06-16T14:39:22+00:00","dateModified":"2026-01-06T16:06:23+00:00","mainEntityOfPage":{"@id":"https:\/\/refugesdemarie.fr\/index.php\/2023\/06\/16\/une-machine-pour-remplacer-dieu-voila-le-projet-du-forum-economique-mondial\/"},"wordCount":352,"publisher":{"@id":"https:\/\/refugesdemarie.fr\/#organization"},"image":{"@id":"https:\/\/refugesdemarie.fr\/index.php\/2023\/06\/16\/une-machine-pour-remplacer-dieu-voila-le-projet-du-forum-economique-mondial\/#primaryimage"},"thumbnailUrl":"https:\/\/refugesdemarie.fr\/wp-content\/uploads\/2023\/06\/Harari-Schwab.png","articleSection":["Signes des temps"],"inLanguage":"fr-FR"},{"@type":"WebPage","@id":"https:\/\/refugesdemarie.fr\/index.php\/2023\/06\/16\/une-machine-pour-remplacer-dieu-voila-le-projet-du-forum-economique-mondial\/","url":"https:\/\/refugesdemarie.fr\/index.php\/2023\/06\/16\/une-machine-pour-remplacer-dieu-voila-le-projet-du-forum-economique-mondial\/","name":"Une machine pour remplacer Dieu ? Voila le projet du Forum \u00e9conomique mondial... - Communion des refuges du Coeur Immacul\u00e9 de Marie","isPartOf":{"@id":"https:\/\/refugesdemarie.fr\/#website"},"primaryImageOfPage":{"@id":"https:\/\/refugesdemarie.fr\/index.php\/2023\/06\/16\/une-machine-pour-remplacer-dieu-voila-le-projet-du-forum-economique-mondial\/#primaryimage"},"image":{"@id":"https:\/\/refugesdemarie.fr\/index.php\/2023\/06\/16\/une-machine-pour-remplacer-dieu-voila-le-projet-du-forum-economique-mondial\/#primaryimage"},"thumbnailUrl":"https:\/\/refugesdemarie.fr\/wp-content\/uploads\/2023\/06\/Harari-Schwab.png","datePublished":"2023-06-16T14:39:22+00:00","dateModified":"2026-01-06T16:06:23+00:00","description":"Ambitions mondialistes : l'intelligence artificielle pour cr\u00e9er une nouvelle Bible, une nouvelle religion, et remplacer Dieu par la machine","breadcrumb":{"@id":"https:\/\/refugesdemarie.fr\/index.php\/2023\/06\/16\/une-machine-pour-remplacer-dieu-voila-le-projet-du-forum-economique-mondial\/#breadcrumb"},"inLanguage":"fr-FR","potentialAction":[{"@type":"ReadAction","target":["https:\/\/refugesdemarie.fr\/index.php\/2023\/06\/16\/une-machine-pour-remplacer-dieu-voila-le-projet-du-forum-economique-mondial\/"]}]},{"@type":"ImageObject","inLanguage":"fr-FR","@id":"https:\/\/refugesdemarie.fr\/index.php\/2023\/06\/16\/une-machine-pour-remplacer-dieu-voila-le-projet-du-forum-economique-mondial\/#primaryimage","url":"https:\/\/refugesdemarie.fr\/wp-content\/uploads\/2023\/06\/Harari-Schwab.png","contentUrl":"https:\/\/refugesdemarie.fr\/wp-content\/uploads\/2023\/06\/Harari-Schwab.png","width":800,"height":438},{"@type":"BreadcrumbList","@id":"https:\/\/refugesdemarie.fr\/index.php\/2023\/06\/16\/une-machine-pour-remplacer-dieu-voila-le-projet-du-forum-economique-mondial\/#breadcrumb","itemListElement":[{"@type":"ListItem","position":1,"name":"Accueil","item":"https:\/\/refugesdemarie.fr\/"},{"@type":"ListItem","position":2,"name":"Une machine pour remplacer Dieu ? Voila le projet du Forum \u00e9conomique mondial&#8230;"}]},{"@type":"WebSite","@id":"https:\/\/refugesdemarie.fr\/#website","url":"https:\/\/refugesdemarie.fr\/","name":"Communion des refuges du Coeur Immacul\u00e9 de Marie","description":"","publisher":{"@id":"https:\/\/refugesdemarie.fr\/#organization"},"potentialAction":[{"@type":"SearchAction","target":{"@type":"EntryPoint","urlTemplate":"https:\/\/refugesdemarie.fr\/?s={search_term_string}"},"query-input":{"@type":"PropertyValueSpecification","valueRequired":true,"valueName":"search_term_string"}}],"inLanguage":"fr-FR"},{"@type":"Organization","@id":"https:\/\/refugesdemarie.fr\/#organization","name":"Communion des refuges du Coeur Immacul\u00e9 de Marie","url":"https:\/\/refugesdemarie.fr\/","logo":{"@type":"ImageObject","inLanguage":"fr-FR","@id":"https:\/\/refugesdemarie.fr\/#\/schema\/logo\/image\/","url":"https:\/\/refugesdemarie.fr\/wp-content\/uploads\/2023\/01\/cropped-Logo-Communion-des-Refuges-6.jpg","contentUrl":"https:\/\/refugesdemarie.fr\/wp-content\/uploads\/2023\/01\/cropped-Logo-Communion-des-Refuges-6.jpg","width":1199,"height":377,"caption":"Communion des refuges du Coeur Immacul\u00e9 de Marie"},"image":{"@id":"https:\/\/refugesdemarie.fr\/#\/schema\/logo\/image\/"},"sameAs":["https:\/\/www.facebook.com\/profile.php?id=100089561384328"]},{"@type":"Person","@id":"https:\/\/refugesdemarie.fr\/#\/schema\/person\/3bda0c49569f70f4dcfbe78b7e174b11","name":"refugesdemarie@gmail.com","image":{"@type":"ImageObject","inLanguage":"fr-FR","@id":"https:\/\/secure.gravatar.com\/avatar\/43491e46ee54b6706285b166679fe98aa620b1849d376153f6bc028852c019f7?s=96&d=mm&r=g","url":"https:\/\/secure.gravatar.com\/avatar\/43491e46ee54b6706285b166679fe98aa620b1849d376153f6bc028852c019f7?s=96&d=mm&r=g","contentUrl":"https:\/\/secure.gravatar.com\/avatar\/43491e46ee54b6706285b166679fe98aa620b1849d376153f6bc028852c019f7?s=96&d=mm&r=g","caption":"refugesdemarie@gmail.com"},"sameAs":["https:\/\/refugesdemarie.fr","https:\/\/www.facebook.com\/profile.php?id=100089561384328","https:\/\/www.youtube.com\/channel\/UCXOznkQcnNvuMDGDg11ZPfg"],"url":"https:\/\/refugesdemarie.fr\/index.php\/author\/com-coeur-immaculegmail-com\/"}]}},"_links":{"self":[{"href":"https:\/\/refugesdemarie.fr\/index.php\/wp-json\/wp\/v2\/posts\/382","targetHints":{"allow":["GET"]}}],"collection":[{"href":"https:\/\/refugesdemarie.fr\/index.php\/wp-json\/wp\/v2\/posts"}],"about":[{"href":"https:\/\/refugesdemarie.fr\/index.php\/wp-json\/wp\/v2\/types\/post"}],"author":[{"embeddable":true,"href":"https:\/\/refugesdemarie.fr\/index.php\/wp-json\/wp\/v2\/users\/1"}],"replies":[{"embeddable":true,"href":"https:\/\/refugesdemarie.fr\/index.php\/wp-json\/wp\/v2\/comments?post=382"}],"version-history":[{"count":1,"href":"https:\/\/refugesdemarie.fr\/index.php\/wp-json\/wp\/v2\/posts\/382\/revisions"}],"predecessor-version":[{"id":384,"href":"https:\/\/refugesdemarie.fr\/index.php\/wp-json\/wp\/v2\/posts\/382\/revisions\/384"}],"wp:featuredmedia":[{"embeddable":true,"href":"https:\/\/refugesdemarie.fr\/index.php\/wp-json\/wp\/v2\/media\/383"}],"wp:attachment":[{"href":"https:\/\/refugesdemarie.fr\/index.php\/wp-json\/wp\/v2\/media?parent=382"}],"wp:term":[{"taxonomy":"category","embeddable":true,"href":"https:\/\/refugesdemarie.fr\/index.php\/wp-json\/wp\/v2\/categories?post=382"},{"taxonomy":"post_tag","embeddable":true,"href":"https:\/\/refugesdemarie.fr\/index.php\/wp-json\/wp\/v2\/tags?post=382"}],"curies":[{"name":"wp","href":"https:\/\/api.w.org\/{rel}","templated":true}]}}