{"id":919,"date":"2024-02-16T15:39:18","date_gmt":"2024-02-16T15:39:18","guid":{"rendered":"https:\/\/refugesdemarie.fr\/?p=919"},"modified":"2026-01-06T16:05:35","modified_gmt":"2026-01-06T16:05:35","slug":"a-lecoute-des-saints-pour-vivre-les-derniers-temps","status":"publish","type":"post","link":"https:\/\/refugesdemarie.fr\/index.php\/2024\/02\/16\/a-lecoute-des-saints-pour-vivre-les-derniers-temps\/","title":{"rendered":"A l\u2019\u00e9coute des Saints\u2026 Pour vivre les derniers temps !"},"content":{"rendered":"<div class=\"pdfprnt-buttons pdfprnt-buttons-post pdfprnt-top-right\"><a href=\"https:\/\/refugesdemarie.fr\/index.php\/wp-json\/wp\/v2\/posts\/919?print=print\" class=\"pdfprnt-button pdfprnt-button-print\" target=\"_blank\" ><img decoding=\"async\" src=\"https:\/\/refugesdemarie.fr\/wp-content\/plugins\/pdf-print\/images\/print.png\" alt=\"image_print\" title=\"Contenu imprim\u00e9\" \/><\/a><\/div><p style=\"text-align: center;\"><strong>\u00ab Le futur de l\u2019Eglise sera comme toujours<\/strong><\/p>\n<p style=\"text-align: center;\"><strong>remodel\u00e9 par les Saints\u2026 \u00bb<\/strong><\/p>\n<p style=\"text-align: center;\"><strong>Beno\u00eet XVI<\/strong><\/p>\n<p><strong>\u00a0\u00a0\u00a0\u00a0\u00a0\u00a0\u00a0\u00a0\u00a0\u00a0 <\/strong>Paix \u00e0 vous fr\u00e8res et s\u0153urs bien-aim\u00e9s dans l\u2019amour de J\u00e9sus et la tendresse de Marie\u00a0! En effet, dans cette paix profonde et invincible de l\u2019Eglise qui ne vient que de la foi en J\u00e9sus, notre Sauveur\u00a0: nous vous pr\u00e9sentons aujourd\u2019hui <strong>une nouvelle richesse de notre site en nous mettant r\u00e9guli\u00e8rement \u00e0 l\u2019\u00e9coute des Saints et des Saintes de tous les temps\u00a0!<\/strong> Des P\u00e8res du d\u00e9sert aux P\u00e8res de l\u2019Eglise, des Saints de tous les temps \u00e0 ceux et celles plus r\u00e9cents\u00a0: N\u2019est-ce-pas la joie et la beaut\u00e9 de l\u2019Eglise d\u2019hier, d\u2019aujourd\u2019hui et de demain\u00a0?\u00a0Car l\u2019Esprit suscite des Saints et des Saintes \u00e0 toutes les \u00e9poques, et ils sont toujours \u00ab\u00a0actuels\u00a0\u00bb\u00a0: <strong>la saintet\u00e9 n\u2019est jamais d\u00e9mod\u00e9e\u00a0!<\/strong> Notre civilisation d\u00e9jant\u00e9e cherche \u00e9perdument la \u00ab\u00a0jeunesse \u00e9ternelle\u00a0\u00bb mais elle ne vient que de ce Dieu myst\u00e9rieux qui est l\u00e0\u00a0: cach\u00e9, mais si pr\u00e9sent, \u00e0 la porte de nos c\u0153urs\u2026 Mendiant divin que Saint Jean Ap\u00f4tre nous invite \u00e0 d\u00e9visager\u00a0:<\/p>\n<p>\u00ab\u00a0Nous avons contempl\u00e9 et nous attestons que le P\u00e8re a envoy\u00e9 son Fils comme Sauveur du monde\u2026 et nous, nous avons reconnu l\u2019amour que Dieu \u00e0 pour nous, et nous y avons cru\u00a0: <strong>Dieu est Amou<\/strong>r\u2026\u00a0\u00bb (1 Jn 4,14 et 16)<\/p>\n<p>Les Saints et les Saintes disent ce myst\u00e8re par toutes leurs vies et un Saint Augustin regrettera \u00e0 ce sujet son trop long aveuglement\u00a0:<\/p>\n<p>\u00ab\u00a0<strong>Tard je vous ai aim\u00e9e, Beaut\u00e9 si ancienne et si nouvelle<\/strong>, <strong>tard je vous ai aim\u00e9e<\/strong>. C\u2019est que vous \u00e9tiez au-dedans de moi, et, moi, j\u2019\u00e9tais en dehors de moi\u00a0!<\/p>\n<p><strong>Toute mon esp\u00e9rance n\u2019est que dans l\u2019\u00e9tendue de votre mis\u00e9ricorde<\/strong><a href=\"#_ftn1\" name=\"_ftnref1\">[1]<\/a>\u00a0!\u00a0\u00bb<\/p>\n<p>Ce dernier \u00ab\u00a0cri\u00a0\u00bb d\u2019esp\u00e9rance en la mis\u00e9ricorde est celui de tous les Saints\u00a0! <strong>Ils sont par-dessus tout les t\u00e9moins de l\u2019infinie Mis\u00e9ricorde de ce \u00ab\u00a0Dieu\u00a0\u00bb qui est d\u2019abord et par-dessus tout \u00ab\u00a0Amour\u00a0\u00bb sans limites<\/strong>\u2026 Ne l\u2019enfermons donc pas dans nos cat\u00e9gories r\u00e9ductrices\u00a0! Saint Jean nous a pr\u00e9venu\u00a0: \u00ab\u00a0Dieu est plus grand que notre c\u0153ur et il conna\u00eet tout\u00a0!\u00a0\u00bb (1 Jn 3,20). Cependant, le chemin de la saintet\u00e9 est un rendez-vous avec la V\u00e9rit\u00e9 car il faut quitter ses tr\u00e9sors \u00ab\u00a0trop\u00a0\u00bb humains pour trouver <strong>la \u00ab\u00a0perle unique\u00a0\u00bb de l\u2019Evangile<\/strong>\u2026 (Mt 13,45-46).<\/p>\n<p>Mais ce chemin suscite une esp\u00e9rance que petite Th\u00e9r\u00e8se dira\u00a0\u00ab folle\u00a0\u00bb\u00a0\u00e0 cause de la \u00ab\u00a0folie\u00a0\u00bb de l\u2019amour de J\u00e9sus :<\/p>\n<p>\u00ab O J\u00e9sus, laisse-moi te dire que ton Amour va jusqu\u2019\u00e0 la folie\u2026 Comment veux-tu que devant cette Folie, mon c\u0153ur ne s\u2019\u00e9lance pas vers toi\u00a0?&#8230; Nous ne pourrons jamais faire pour Lui, les folies qu\u2019il a faites pour nous\u00a0!&#8230;\u00a0\u00a0<strong>Aimons-le donc \u00e0 la folie, sauvons-lui des \u00e2mes<\/strong>\u2026\u00a0Comme les Saints qui faisaient pour Lui des folies<a href=\"#_ftn2\" name=\"_ftnref2\">[2]<\/a>\u00a0!\u00a0\u00bb<\/p>\n<p>Ainsi, \u00e0 travers le C\u0153ur ouvert de J\u00e9sus sur la Croix, <strong>une porte s\u2019est ouverte<\/strong>\u00a0: le plus p\u00e9cheur, le plus horrible, le plus d\u00e9prav\u00e9\u2026 peut devenir ce Saint inattendu qui \u00ab\u00a0criera\u00a0\u00bb par toute sa vie l\u2019indicible Mis\u00e9ricorde de Dieu\u00a0! <strong>L\u2019Esprit-Saint aura toujours des \u00ab\u00a0surprises\u00a0\u00bb de taille divine que le c\u0153ur de l\u2019homme ne peut m\u00eame pas pressentir<\/strong>\u00a0! Souvenons-nous de l\u2019ultime cri du bon larron crucifi\u00e9 \u00e0 c\u00f4t\u00e9 du Seigneur\u00a0: \u00ab\u00a0J\u00e9sus, souviens-toi de moi, lorsque tu viendras dans ton royaume\u00a0!\u00a0\u00bb La Mis\u00e9ricorde infinie lui affirme : \u00ab\u00a0En v\u00e9rit\u00e9, je te le dis, aujourd\u2019hui tu seras avec moi dans le Paradis\u00a0!\u00a0\u00bb (Lc 23,42-43). Il va entrer \u00ab\u00a0direct\u00a0\u00bb au Ciel avec le Christ\u00a0! Cela bouleverse tout dans l\u2019histoire humaine et ouvre \u00e0 la foi des perspectives abyssales en confirmant l\u2019intuition majeure de petite Th\u00e9r\u00e8se\u00a0:<\/p>\n<p>\u00ab\u00a0<strong>O J\u00e9sus, laisse-moi te dire que ton Amour va jusqu\u2019\u00e0 la folie<\/strong>\u00a0!&#8230;\u00a0\u00bb<\/p>\n<p>Et n\u2019y a-t-il pas une telle folie dans la parabole du festin nuptial\u00a0? L\u2019\u00e9treinte de la Mis\u00e9ricorde nous laisse deviner une telle largesse, un tel d\u00e9sir que pas un ne soit perdu<a href=\"#_ftn3\" name=\"_ftnref3\">[3]<\/a> : Alors se r\u00e9v\u00e8le ici la folie de la Mis\u00e9ricorde\u00a0o\u00f9 les serviteurs vont chercher \u00ab\u00a0tous ceux qu\u2019ils trouv\u00e8rent\u00a0: les mauvais et les bons\u00a0!\u00a0\u00bb (Mt 22,10). Et comme \u00ab\u00a0il y a encore de la place\u2026\u00a0\u00bb\u00a0 Saint Luc pr\u00e9cise m\u00eame\u00a0cette insistance sans limites du Ma\u00eetre\u00a0: <strong>\u00ab Va-t\u2019en par les routes et les jardins, et force les gens \u00e0 entrer, afin que ma maison soit remplie\u00a0!<\/strong>\u00a0\u00bb (Lc 14,23).<\/p>\n<p>Aujourd\u2019hui, face ce que Benoit XVI a appel\u00e9 \u00ab\u00a0<strong>la dictature du relativisme<\/strong>\u00a0\u00bb, il semblerait que l\u2019attrait de la saintet\u00e9 en vue du Royaume ait presque disparu du c\u0153ur de l\u2019homme si occup\u00e9 dans son mat\u00e9rialisme\u2026 et de plus, une grande partie de l\u2019Eglise est devenue \u00ab\u00a0muette\u00a0\u00bb en se mettant sans fin \u00e0 l\u2019\u00e9coute du monde actuel et si peu de la Parole de Dieu\u00a0!<\/p>\n<p>La terrible question de J\u00e9sus r\u00e9sonne aujourd\u2019hui comme jamais\u00a0: <strong>\u00ab Le Fils de l\u2019homme, quand il viendra, trouvera-t-il la foi sur la terre\u00a0?\u00a0\u00bb<\/strong> (Lc 18,8).<\/p>\n<p>Cependant, il y a encore des \u00eelots de r\u00e9sistances fervents, et souvent cach\u00e9s, que Beno\u00eet XVI appelait \u00ab\u00a0les minorit\u00e9s cr\u00e9atives qui font l\u2019histoire\u00a0\u00bb\u00a0: dans une soci\u00e9t\u00e9 o\u00f9 r\u00e8gne le chaos, ce sont \u00ab\u00a0<strong>des oasis de fra\u00eecheur, comme autant de refuges s\u00fbrs dans les d\u00e9serts spirituels actuels\u2026<\/strong> ou de p\u00f4les de lumi\u00e8re qui rendront l\u2019Eglise et le message de l\u2019Evangile \u00e0 nouveau attractifs<a href=\"#_ftn4\" name=\"_ftnref4\">[4]<\/a>\u2026\u00a0\u00bb<\/p>\n<p>N\u2019oublions jamais que les Saints et les Saintes ont toujours bris\u00e9 et travers\u00e9 \u00ab\u00a0<strong>la porte de la peur<\/strong>\u00a0\u00bb, et c\u2019est pourquoi la beaut\u00e9 de leur vie continue \u00e0 resplendir sous nos yeux aujourd\u2019hui\u00a0! Alors, oui, avec joie et passion, nous \u00e9couterons leur \u00ab\u00a0<strong>chant d\u2019amour<\/strong>\u00a0\u00bb qui nous tourne vers le Visage resplendissant du Christ !&#8230; \u00a0Car ils rayonnent en Lui de cette charit\u00e9 fraternelle qui traverse toutes les fronti\u00e8res des c\u0153urs ! \u00a0Et dans cette aventure unique de la saintet\u00e9, ils nous tourneront aussi vers l\u2019Epouse unique de l\u2019Esprit, M\u00e8re de J\u00e9sus et M\u00e8re de l\u2019Eglise\u00a0: <strong>notre M\u00e8re de chaque instant<\/strong>\u2026<\/p>\n<p>En r\u00e9alit\u00e9, \u00ab La Vierge est un myst\u00e8re de pr\u00e9sence \u00e0 l\u2019int\u00e9rieur m\u00eame de l\u2019Eglise\u2026 on peut dire que\u00a0<strong>l\u2019Eglise est mariale<\/strong>\u00a0: cela signifie que l\u2019Eglise, spontan\u00e9ment et sans m\u00eame y songer, regarde les myst\u00e8res de la R\u00e9v\u00e9lation chr\u00e9tienne avec les yeux de la Vierge\u00a0! Elle sait que la Vierge a regard\u00e9 ces choses avant nous. Ce qu\u2019elle retrouve dans les myst\u00e8res de l\u2019Annonciation, de No\u00ebl, de la R\u00e9demption sur la Croix, de l\u2019Ascension, de la Pentec\u00f4te, c\u2019est cela m\u00eame que la Vierge y a vu. <strong>La foi de la Vierge colore \u00e0 jamais la foi de l\u2019Eglise <\/strong><a href=\"#_ftn5\" name=\"_ftnref5\">[5]<\/a>\u2026\u00a0\u00bb<\/p>\n<p>&nbsp;<\/p>\n<p>+ Marie-Micka\u00ebl<\/p>\n<p>_______________________________________________________________<\/p>\n<p>Notes<\/p>\n<p><a href=\"#_ftnref1\" name=\"_ftn1\">[1]<\/a> Saint Augustin, <em>Les Confessions<\/em>, Livre X, chapitre 28, Garnier-Flammarion 1964.<\/p>\n<p><a href=\"#_ftnref2\" name=\"_ftn2\">[2]<\/a> Manuscrit B 5v, 15 \/ Lettre 169 \/ Lettre 96 \/ Lettre 225.<\/p>\n<p>[2] Sans oublier cependant que les premiers invit\u00e9s se sont exclus du \u00ab festin nuptial \u00bb en pr\u00e9f\u00e9rant leur vie terrestre : \u00ab Mais eux ne voulaient pas venir\u2026 \u00bb (Mt 22,3).<\/p>\n<p><a href=\"#_ftnref3\" name=\"_ftn3\"><\/a><\/p>\n<p><a href=\"#_ftnref4\" name=\"_ftn4\">[4]<\/a> Mgr Marc Aillet, <em>Le temps des Saints \u2013 Ne soyons pas des chiens muets<\/em>, Art\u00e8ge 2023, p.9.<\/p>\n<p><a href=\"#_ftnref5\" name=\"_ftn5\">[5]<\/a> Cardinal Journet, <em>l\u2019Eglise du Verbe Incarn\u00e9 II<\/em>, p.428 et 432.<\/p>\n","protected":false},"excerpt":{"rendered":"<p>\u00ab Le futur de l\u2019Eglise sera comme toujours remodel\u00e9 par les Saints\u2026 \u00bb Beno\u00eet XVI \u00a0\u00a0\u00a0\u00a0\u00a0\u00a0\u00a0\u00a0\u00a0\u00a0 Paix \u00e0 vous fr\u00e8res et s\u0153urs bien-aim\u00e9s dans l\u2019amour de J\u00e9sus et la tendresse de Marie\u00a0! En effet, dans cette paix profonde et invincible de l\u2019Eglise qui ne vient que de la foi en J\u00e9sus, notre Sauveur\u00a0: nous vous [&hellip;]<\/p>\n","protected":false},"author":1,"featured_media":922,"comment_status":"closed","ping_status":"open","sticky":false,"template":"","format":"standard","meta":{"ocean_post_layout":"","ocean_both_sidebars_style":"","ocean_both_sidebars_content_width":0,"ocean_both_sidebars_sidebars_width":0,"ocean_sidebar":"0","ocean_second_sidebar":"0","ocean_disable_margins":"enable","ocean_add_body_class":"","ocean_shortcode_before_top_bar":"","ocean_shortcode_after_top_bar":"","ocean_shortcode_before_header":"","ocean_shortcode_after_header":"","ocean_has_shortcode":"","ocean_shortcode_after_title":"","ocean_shortcode_before_footer_widgets":"","ocean_shortcode_after_footer_widgets":"","ocean_shortcode_before_footer_bottom":"","ocean_shortcode_after_footer_bottom":"","ocean_display_top_bar":"default","ocean_display_header":"default","ocean_header_style":"","ocean_center_header_left_menu":"0","ocean_custom_header_template":"0","ocean_custom_logo":0,"ocean_custom_retina_logo":0,"ocean_custom_logo_max_width":0,"ocean_custom_logo_tablet_max_width":0,"ocean_custom_logo_mobile_max_width":0,"ocean_custom_logo_max_height":0,"ocean_custom_logo_tablet_max_height":0,"ocean_custom_logo_mobile_max_height":0,"ocean_header_custom_menu":"0","ocean_menu_typo_font_family":"0","ocean_menu_typo_font_subset":"","ocean_menu_typo_font_size":0,"ocean_menu_typo_font_size_tablet":0,"ocean_menu_typo_font_size_mobile":0,"ocean_menu_typo_font_size_unit":"px","ocean_menu_typo_font_weight":"","ocean_menu_typo_font_weight_tablet":"","ocean_menu_typo_font_weight_mobile":"","ocean_menu_typo_transform":"","ocean_menu_typo_transform_tablet":"","ocean_menu_typo_transform_mobile":"","ocean_menu_typo_line_height":0,"ocean_menu_typo_line_height_tablet":0,"ocean_menu_typo_line_height_mobile":0,"ocean_menu_typo_line_height_unit":"","ocean_menu_typo_spacing":0,"ocean_menu_typo_spacing_tablet":0,"ocean_menu_typo_spacing_mobile":0,"ocean_menu_typo_spacing_unit":"","ocean_menu_link_color":"","ocean_menu_link_color_hover":"","ocean_menu_link_color_active":"","ocean_menu_link_background":"","ocean_menu_link_hover_background":"","ocean_menu_link_active_background":"","ocean_menu_social_links_bg":"","ocean_menu_social_hover_links_bg":"","ocean_menu_social_links_color":"","ocean_menu_social_hover_links_color":"","ocean_disable_title":"default","ocean_disable_heading":"default","ocean_post_title":"","ocean_post_subheading":"","ocean_post_title_style":"","ocean_post_title_background_color":"","ocean_post_title_background":0,"ocean_post_title_bg_image_position":"","ocean_post_title_bg_image_attachment":"","ocean_post_title_bg_image_repeat":"","ocean_post_title_bg_image_size":"","ocean_post_title_height":0,"ocean_post_title_bg_overlay":0.5,"ocean_post_title_bg_overlay_color":"","ocean_disable_breadcrumbs":"default","ocean_breadcrumbs_color":"","ocean_breadcrumbs_separator_color":"","ocean_breadcrumbs_links_color":"","ocean_breadcrumbs_links_hover_color":"","ocean_display_footer_widgets":"default","ocean_display_footer_bottom":"default","ocean_custom_footer_template":"0","ocean_post_oembed":"","ocean_post_self_hosted_media":"","ocean_post_video_embed":"","ocean_link_format":"","ocean_link_format_target":"self","ocean_quote_format":"","ocean_quote_format_link":"post","ocean_gallery_link_images":"on","ocean_gallery_id":[],"footnotes":""},"categories":[5],"tags":[],"class_list":["post-919","post","type-post","status-publish","format-standard","has-post-thumbnail","hentry","category-a-lecoute-des-saints","entry","has-media"],"yoast_head":"<!-- This site is optimized with the Yoast SEO plugin v27.4 - https:\/\/yoast.com\/product\/yoast-seo-wordpress\/ -->\n<title>A l\u2019\u00e9coute des Saints\u2026 Pour vivre les derniers temps ! - Communion des refuges du Coeur Immacul\u00e9 de Marie<\/title>\n<meta name=\"description\" content=\"l\u2019Esprit suscite des Saints et des Saintes \u00e0 toutes les \u00e9poques, et ils sont toujours \u00ab\u00a0actuels\u00a0\u00bb\u00a0: la saintet\u00e9 n\u2019est jamais d\u00e9mod\u00e9e\u00a0!\" \/>\n<meta name=\"robots\" content=\"index, follow, max-snippet:-1, max-image-preview:large, max-video-preview:-1\" \/>\n<link rel=\"canonical\" href=\"https:\/\/refugesdemarie.fr\/index.php\/2024\/02\/16\/a-lecoute-des-saints-pour-vivre-les-derniers-temps\/\" \/>\n<meta property=\"og:locale\" content=\"fr_FR\" \/>\n<meta property=\"og:type\" content=\"article\" \/>\n<meta property=\"og:title\" content=\"A l\u2019\u00e9coute des Saints\u2026 Pour vivre les derniers temps ! - Communion des refuges du Coeur Immacul\u00e9 de Marie\" \/>\n<meta property=\"og:description\" content=\"l\u2019Esprit suscite des Saints et des Saintes \u00e0 toutes les \u00e9poques, et ils sont toujours \u00ab\u00a0actuels\u00a0\u00bb\u00a0: la saintet\u00e9 n\u2019est jamais d\u00e9mod\u00e9e\u00a0!\" \/>\n<meta property=\"og:url\" content=\"https:\/\/refugesdemarie.fr\/index.php\/2024\/02\/16\/a-lecoute-des-saints-pour-vivre-les-derniers-temps\/\" \/>\n<meta property=\"og:site_name\" content=\"Communion des refuges du Coeur Immacul\u00e9 de Marie\" \/>\n<meta property=\"article:publisher\" content=\"https:\/\/www.facebook.com\/profile.php?id=100089561384328\" \/>\n<meta property=\"article:author\" content=\"https:\/\/www.facebook.com\/profile.php?id=100089561384328\" \/>\n<meta property=\"article:published_time\" content=\"2024-02-16T15:39:18+00:00\" \/>\n<meta property=\"article:modified_time\" content=\"2026-01-06T16:05:35+00:00\" \/>\n<meta property=\"og:image\" content=\"https:\/\/refugesdemarie.fr\/wp-content\/uploads\/2024\/02\/image_0931735_20201020_ob_c4c19f_p1630782.jpeg\" \/>\n\t<meta property=\"og:image:width\" content=\"1600\" \/>\n\t<meta property=\"og:image:height\" content=\"1221\" \/>\n\t<meta property=\"og:image:type\" content=\"image\/jpeg\" \/>\n<meta name=\"author\" content=\"refugesdemarie@gmail.com\" \/>\n<meta name=\"twitter:card\" content=\"summary_large_image\" \/>\n<meta name=\"twitter:label1\" content=\"\u00c9crit par\" \/>\n\t<meta name=\"twitter:data1\" content=\"refugesdemarie@gmail.com\" \/>\n\t<meta name=\"twitter:label2\" content=\"Dur\u00e9e de lecture estim\u00e9e\" \/>\n\t<meta name=\"twitter:data2\" content=\"6 minutes\" \/>\n<script type=\"application\/ld+json\" class=\"yoast-schema-graph\">{\"@context\":\"https:\\\/\\\/schema.org\",\"@graph\":[{\"@type\":\"Article\",\"@id\":\"https:\\\/\\\/refugesdemarie.fr\\\/index.php\\\/2024\\\/02\\\/16\\\/a-lecoute-des-saints-pour-vivre-les-derniers-temps\\\/#article\",\"isPartOf\":{\"@id\":\"https:\\\/\\\/refugesdemarie.fr\\\/index.php\\\/2024\\\/02\\\/16\\\/a-lecoute-des-saints-pour-vivre-les-derniers-temps\\\/\"},\"author\":{\"name\":\"refugesdemarie@gmail.com\",\"@id\":\"https:\\\/\\\/refugesdemarie.fr\\\/#\\\/schema\\\/person\\\/3bda0c49569f70f4dcfbe78b7e174b11\"},\"headline\":\"A l\u2019\u00e9coute des Saints\u2026 Pour vivre les derniers temps !\",\"datePublished\":\"2024-02-16T15:39:18+00:00\",\"dateModified\":\"2026-01-06T16:05:35+00:00\",\"mainEntityOfPage\":{\"@id\":\"https:\\\/\\\/refugesdemarie.fr\\\/index.php\\\/2024\\\/02\\\/16\\\/a-lecoute-des-saints-pour-vivre-les-derniers-temps\\\/\"},\"wordCount\":1250,\"publisher\":{\"@id\":\"https:\\\/\\\/refugesdemarie.fr\\\/#organization\"},\"image\":{\"@id\":\"https:\\\/\\\/refugesdemarie.fr\\\/index.php\\\/2024\\\/02\\\/16\\\/a-lecoute-des-saints-pour-vivre-les-derniers-temps\\\/#primaryimage\"},\"thumbnailUrl\":\"https:\\\/\\\/refugesdemarie.fr\\\/wp-content\\\/uploads\\\/2024\\\/02\\\/image_0931735_20201020_ob_c4c19f_p1630782.jpeg\",\"articleSection\":[\"Les Saints et Marie\"],\"inLanguage\":\"fr-FR\"},{\"@type\":\"WebPage\",\"@id\":\"https:\\\/\\\/refugesdemarie.fr\\\/index.php\\\/2024\\\/02\\\/16\\\/a-lecoute-des-saints-pour-vivre-les-derniers-temps\\\/\",\"url\":\"https:\\\/\\\/refugesdemarie.fr\\\/index.php\\\/2024\\\/02\\\/16\\\/a-lecoute-des-saints-pour-vivre-les-derniers-temps\\\/\",\"name\":\"A l\u2019\u00e9coute des Saints\u2026 Pour vivre les derniers temps ! - Communion des refuges du Coeur Immacul\u00e9 de Marie\",\"isPartOf\":{\"@id\":\"https:\\\/\\\/refugesdemarie.fr\\\/#website\"},\"primaryImageOfPage\":{\"@id\":\"https:\\\/\\\/refugesdemarie.fr\\\/index.php\\\/2024\\\/02\\\/16\\\/a-lecoute-des-saints-pour-vivre-les-derniers-temps\\\/#primaryimage\"},\"image\":{\"@id\":\"https:\\\/\\\/refugesdemarie.fr\\\/index.php\\\/2024\\\/02\\\/16\\\/a-lecoute-des-saints-pour-vivre-les-derniers-temps\\\/#primaryimage\"},\"thumbnailUrl\":\"https:\\\/\\\/refugesdemarie.fr\\\/wp-content\\\/uploads\\\/2024\\\/02\\\/image_0931735_20201020_ob_c4c19f_p1630782.jpeg\",\"datePublished\":\"2024-02-16T15:39:18+00:00\",\"dateModified\":\"2026-01-06T16:05:35+00:00\",\"description\":\"l\u2019Esprit suscite des Saints et des Saintes \u00e0 toutes les \u00e9poques, et ils sont toujours \u00ab\u00a0actuels\u00a0\u00bb\u00a0: la saintet\u00e9 n\u2019est jamais d\u00e9mod\u00e9e\u00a0!\",\"breadcrumb\":{\"@id\":\"https:\\\/\\\/refugesdemarie.fr\\\/index.php\\\/2024\\\/02\\\/16\\\/a-lecoute-des-saints-pour-vivre-les-derniers-temps\\\/#breadcrumb\"},\"inLanguage\":\"fr-FR\",\"potentialAction\":[{\"@type\":\"ReadAction\",\"target\":[\"https:\\\/\\\/refugesdemarie.fr\\\/index.php\\\/2024\\\/02\\\/16\\\/a-lecoute-des-saints-pour-vivre-les-derniers-temps\\\/\"]}]},{\"@type\":\"ImageObject\",\"inLanguage\":\"fr-FR\",\"@id\":\"https:\\\/\\\/refugesdemarie.fr\\\/index.php\\\/2024\\\/02\\\/16\\\/a-lecoute-des-saints-pour-vivre-les-derniers-temps\\\/#primaryimage\",\"url\":\"https:\\\/\\\/refugesdemarie.fr\\\/wp-content\\\/uploads\\\/2024\\\/02\\\/image_0931735_20201020_ob_c4c19f_p1630782.jpeg\",\"contentUrl\":\"https:\\\/\\\/refugesdemarie.fr\\\/wp-content\\\/uploads\\\/2024\\\/02\\\/image_0931735_20201020_ob_c4c19f_p1630782.jpeg\",\"width\":1600,\"height\":1221},{\"@type\":\"BreadcrumbList\",\"@id\":\"https:\\\/\\\/refugesdemarie.fr\\\/index.php\\\/2024\\\/02\\\/16\\\/a-lecoute-des-saints-pour-vivre-les-derniers-temps\\\/#breadcrumb\",\"itemListElement\":[{\"@type\":\"ListItem\",\"position\":1,\"name\":\"Accueil\",\"item\":\"https:\\\/\\\/refugesdemarie.fr\\\/\"},{\"@type\":\"ListItem\",\"position\":2,\"name\":\"A l\u2019\u00e9coute des Saints\u2026 Pour vivre les derniers temps !\"}]},{\"@type\":\"WebSite\",\"@id\":\"https:\\\/\\\/refugesdemarie.fr\\\/#website\",\"url\":\"https:\\\/\\\/refugesdemarie.fr\\\/\",\"name\":\"Communion des refuges du Coeur Immacul\u00e9 de Marie\",\"description\":\"\",\"publisher\":{\"@id\":\"https:\\\/\\\/refugesdemarie.fr\\\/#organization\"},\"potentialAction\":[{\"@type\":\"SearchAction\",\"target\":{\"@type\":\"EntryPoint\",\"urlTemplate\":\"https:\\\/\\\/refugesdemarie.fr\\\/?s={search_term_string}\"},\"query-input\":{\"@type\":\"PropertyValueSpecification\",\"valueRequired\":true,\"valueName\":\"search_term_string\"}}],\"inLanguage\":\"fr-FR\"},{\"@type\":\"Organization\",\"@id\":\"https:\\\/\\\/refugesdemarie.fr\\\/#organization\",\"name\":\"Communion des refuges du Coeur Immacul\u00e9 de Marie\",\"url\":\"https:\\\/\\\/refugesdemarie.fr\\\/\",\"logo\":{\"@type\":\"ImageObject\",\"inLanguage\":\"fr-FR\",\"@id\":\"https:\\\/\\\/refugesdemarie.fr\\\/#\\\/schema\\\/logo\\\/image\\\/\",\"url\":\"https:\\\/\\\/refugesdemarie.fr\\\/wp-content\\\/uploads\\\/2023\\\/01\\\/cropped-Logo-Communion-des-Refuges-6.jpg\",\"contentUrl\":\"https:\\\/\\\/refugesdemarie.fr\\\/wp-content\\\/uploads\\\/2023\\\/01\\\/cropped-Logo-Communion-des-Refuges-6.jpg\",\"width\":1199,\"height\":377,\"caption\":\"Communion des refuges du Coeur Immacul\u00e9 de Marie\"},\"image\":{\"@id\":\"https:\\\/\\\/refugesdemarie.fr\\\/#\\\/schema\\\/logo\\\/image\\\/\"},\"sameAs\":[\"https:\\\/\\\/www.facebook.com\\\/profile.php?id=100089561384328\"]},{\"@type\":\"Person\",\"@id\":\"https:\\\/\\\/refugesdemarie.fr\\\/#\\\/schema\\\/person\\\/3bda0c49569f70f4dcfbe78b7e174b11\",\"name\":\"refugesdemarie@gmail.com\",\"image\":{\"@type\":\"ImageObject\",\"inLanguage\":\"fr-FR\",\"@id\":\"https:\\\/\\\/secure.gravatar.com\\\/avatar\\\/43491e46ee54b6706285b166679fe98aa620b1849d376153f6bc028852c019f7?s=96&d=mm&r=g\",\"url\":\"https:\\\/\\\/secure.gravatar.com\\\/avatar\\\/43491e46ee54b6706285b166679fe98aa620b1849d376153f6bc028852c019f7?s=96&d=mm&r=g\",\"contentUrl\":\"https:\\\/\\\/secure.gravatar.com\\\/avatar\\\/43491e46ee54b6706285b166679fe98aa620b1849d376153f6bc028852c019f7?s=96&d=mm&r=g\",\"caption\":\"refugesdemarie@gmail.com\"},\"sameAs\":[\"https:\\\/\\\/refugesdemarie.fr\",\"https:\\\/\\\/www.facebook.com\\\/profile.php?id=100089561384328\",\"https:\\\/\\\/www.youtube.com\\\/channel\\\/UCXOznkQcnNvuMDGDg11ZPfg\"],\"url\":\"https:\\\/\\\/refugesdemarie.fr\\\/index.php\\\/author\\\/com-coeur-immaculegmail-com\\\/\"}]}<\/script>\n<!-- \/ Yoast SEO plugin. -->","yoast_head_json":{"title":"A l\u2019\u00e9coute des Saints\u2026 Pour vivre les derniers temps ! - Communion des refuges du Coeur Immacul\u00e9 de Marie","description":"l\u2019Esprit suscite des Saints et des Saintes \u00e0 toutes les \u00e9poques, et ils sont toujours \u00ab\u00a0actuels\u00a0\u00bb\u00a0: la saintet\u00e9 n\u2019est jamais d\u00e9mod\u00e9e\u00a0!","robots":{"index":"index","follow":"follow","max-snippet":"max-snippet:-1","max-image-preview":"max-image-preview:large","max-video-preview":"max-video-preview:-1"},"canonical":"https:\/\/refugesdemarie.fr\/index.php\/2024\/02\/16\/a-lecoute-des-saints-pour-vivre-les-derniers-temps\/","og_locale":"fr_FR","og_type":"article","og_title":"A l\u2019\u00e9coute des Saints\u2026 Pour vivre les derniers temps ! - Communion des refuges du Coeur Immacul\u00e9 de Marie","og_description":"l\u2019Esprit suscite des Saints et des Saintes \u00e0 toutes les \u00e9poques, et ils sont toujours \u00ab\u00a0actuels\u00a0\u00bb\u00a0: la saintet\u00e9 n\u2019est jamais d\u00e9mod\u00e9e\u00a0!","og_url":"https:\/\/refugesdemarie.fr\/index.php\/2024\/02\/16\/a-lecoute-des-saints-pour-vivre-les-derniers-temps\/","og_site_name":"Communion des refuges du Coeur Immacul\u00e9 de Marie","article_publisher":"https:\/\/www.facebook.com\/profile.php?id=100089561384328","article_author":"https:\/\/www.facebook.com\/profile.php?id=100089561384328","article_published_time":"2024-02-16T15:39:18+00:00","article_modified_time":"2026-01-06T16:05:35+00:00","og_image":[{"width":1600,"height":1221,"url":"https:\/\/refugesdemarie.fr\/wp-content\/uploads\/2024\/02\/image_0931735_20201020_ob_c4c19f_p1630782.jpeg","type":"image\/jpeg"}],"author":"refugesdemarie@gmail.com","twitter_card":"summary_large_image","twitter_misc":{"\u00c9crit par":"refugesdemarie@gmail.com","Dur\u00e9e de lecture estim\u00e9e":"6 minutes"},"schema":{"@context":"https:\/\/schema.org","@graph":[{"@type":"Article","@id":"https:\/\/refugesdemarie.fr\/index.php\/2024\/02\/16\/a-lecoute-des-saints-pour-vivre-les-derniers-temps\/#article","isPartOf":{"@id":"https:\/\/refugesdemarie.fr\/index.php\/2024\/02\/16\/a-lecoute-des-saints-pour-vivre-les-derniers-temps\/"},"author":{"name":"refugesdemarie@gmail.com","@id":"https:\/\/refugesdemarie.fr\/#\/schema\/person\/3bda0c49569f70f4dcfbe78b7e174b11"},"headline":"A l\u2019\u00e9coute des Saints\u2026 Pour vivre les derniers temps !","datePublished":"2024-02-16T15:39:18+00:00","dateModified":"2026-01-06T16:05:35+00:00","mainEntityOfPage":{"@id":"https:\/\/refugesdemarie.fr\/index.php\/2024\/02\/16\/a-lecoute-des-saints-pour-vivre-les-derniers-temps\/"},"wordCount":1250,"publisher":{"@id":"https:\/\/refugesdemarie.fr\/#organization"},"image":{"@id":"https:\/\/refugesdemarie.fr\/index.php\/2024\/02\/16\/a-lecoute-des-saints-pour-vivre-les-derniers-temps\/#primaryimage"},"thumbnailUrl":"https:\/\/refugesdemarie.fr\/wp-content\/uploads\/2024\/02\/image_0931735_20201020_ob_c4c19f_p1630782.jpeg","articleSection":["Les Saints et Marie"],"inLanguage":"fr-FR"},{"@type":"WebPage","@id":"https:\/\/refugesdemarie.fr\/index.php\/2024\/02\/16\/a-lecoute-des-saints-pour-vivre-les-derniers-temps\/","url":"https:\/\/refugesdemarie.fr\/index.php\/2024\/02\/16\/a-lecoute-des-saints-pour-vivre-les-derniers-temps\/","name":"A l\u2019\u00e9coute des Saints\u2026 Pour vivre les derniers temps ! - Communion des refuges du Coeur Immacul\u00e9 de Marie","isPartOf":{"@id":"https:\/\/refugesdemarie.fr\/#website"},"primaryImageOfPage":{"@id":"https:\/\/refugesdemarie.fr\/index.php\/2024\/02\/16\/a-lecoute-des-saints-pour-vivre-les-derniers-temps\/#primaryimage"},"image":{"@id":"https:\/\/refugesdemarie.fr\/index.php\/2024\/02\/16\/a-lecoute-des-saints-pour-vivre-les-derniers-temps\/#primaryimage"},"thumbnailUrl":"https:\/\/refugesdemarie.fr\/wp-content\/uploads\/2024\/02\/image_0931735_20201020_ob_c4c19f_p1630782.jpeg","datePublished":"2024-02-16T15:39:18+00:00","dateModified":"2026-01-06T16:05:35+00:00","description":"l\u2019Esprit suscite des Saints et des Saintes \u00e0 toutes les \u00e9poques, et ils sont toujours \u00ab\u00a0actuels\u00a0\u00bb\u00a0: la saintet\u00e9 n\u2019est jamais d\u00e9mod\u00e9e\u00a0!","breadcrumb":{"@id":"https:\/\/refugesdemarie.fr\/index.php\/2024\/02\/16\/a-lecoute-des-saints-pour-vivre-les-derniers-temps\/#breadcrumb"},"inLanguage":"fr-FR","potentialAction":[{"@type":"ReadAction","target":["https:\/\/refugesdemarie.fr\/index.php\/2024\/02\/16\/a-lecoute-des-saints-pour-vivre-les-derniers-temps\/"]}]},{"@type":"ImageObject","inLanguage":"fr-FR","@id":"https:\/\/refugesdemarie.fr\/index.php\/2024\/02\/16\/a-lecoute-des-saints-pour-vivre-les-derniers-temps\/#primaryimage","url":"https:\/\/refugesdemarie.fr\/wp-content\/uploads\/2024\/02\/image_0931735_20201020_ob_c4c19f_p1630782.jpeg","contentUrl":"https:\/\/refugesdemarie.fr\/wp-content\/uploads\/2024\/02\/image_0931735_20201020_ob_c4c19f_p1630782.jpeg","width":1600,"height":1221},{"@type":"BreadcrumbList","@id":"https:\/\/refugesdemarie.fr\/index.php\/2024\/02\/16\/a-lecoute-des-saints-pour-vivre-les-derniers-temps\/#breadcrumb","itemListElement":[{"@type":"ListItem","position":1,"name":"Accueil","item":"https:\/\/refugesdemarie.fr\/"},{"@type":"ListItem","position":2,"name":"A l\u2019\u00e9coute des Saints\u2026 Pour vivre les derniers temps !"}]},{"@type":"WebSite","@id":"https:\/\/refugesdemarie.fr\/#website","url":"https:\/\/refugesdemarie.fr\/","name":"Communion des refuges du Coeur Immacul\u00e9 de Marie","description":"","publisher":{"@id":"https:\/\/refugesdemarie.fr\/#organization"},"potentialAction":[{"@type":"SearchAction","target":{"@type":"EntryPoint","urlTemplate":"https:\/\/refugesdemarie.fr\/?s={search_term_string}"},"query-input":{"@type":"PropertyValueSpecification","valueRequired":true,"valueName":"search_term_string"}}],"inLanguage":"fr-FR"},{"@type":"Organization","@id":"https:\/\/refugesdemarie.fr\/#organization","name":"Communion des refuges du Coeur Immacul\u00e9 de Marie","url":"https:\/\/refugesdemarie.fr\/","logo":{"@type":"ImageObject","inLanguage":"fr-FR","@id":"https:\/\/refugesdemarie.fr\/#\/schema\/logo\/image\/","url":"https:\/\/refugesdemarie.fr\/wp-content\/uploads\/2023\/01\/cropped-Logo-Communion-des-Refuges-6.jpg","contentUrl":"https:\/\/refugesdemarie.fr\/wp-content\/uploads\/2023\/01\/cropped-Logo-Communion-des-Refuges-6.jpg","width":1199,"height":377,"caption":"Communion des refuges du Coeur Immacul\u00e9 de Marie"},"image":{"@id":"https:\/\/refugesdemarie.fr\/#\/schema\/logo\/image\/"},"sameAs":["https:\/\/www.facebook.com\/profile.php?id=100089561384328"]},{"@type":"Person","@id":"https:\/\/refugesdemarie.fr\/#\/schema\/person\/3bda0c49569f70f4dcfbe78b7e174b11","name":"refugesdemarie@gmail.com","image":{"@type":"ImageObject","inLanguage":"fr-FR","@id":"https:\/\/secure.gravatar.com\/avatar\/43491e46ee54b6706285b166679fe98aa620b1849d376153f6bc028852c019f7?s=96&d=mm&r=g","url":"https:\/\/secure.gravatar.com\/avatar\/43491e46ee54b6706285b166679fe98aa620b1849d376153f6bc028852c019f7?s=96&d=mm&r=g","contentUrl":"https:\/\/secure.gravatar.com\/avatar\/43491e46ee54b6706285b166679fe98aa620b1849d376153f6bc028852c019f7?s=96&d=mm&r=g","caption":"refugesdemarie@gmail.com"},"sameAs":["https:\/\/refugesdemarie.fr","https:\/\/www.facebook.com\/profile.php?id=100089561384328","https:\/\/www.youtube.com\/channel\/UCXOznkQcnNvuMDGDg11ZPfg"],"url":"https:\/\/refugesdemarie.fr\/index.php\/author\/com-coeur-immaculegmail-com\/"}]}},"_links":{"self":[{"href":"https:\/\/refugesdemarie.fr\/index.php\/wp-json\/wp\/v2\/posts\/919","targetHints":{"allow":["GET"]}}],"collection":[{"href":"https:\/\/refugesdemarie.fr\/index.php\/wp-json\/wp\/v2\/posts"}],"about":[{"href":"https:\/\/refugesdemarie.fr\/index.php\/wp-json\/wp\/v2\/types\/post"}],"author":[{"embeddable":true,"href":"https:\/\/refugesdemarie.fr\/index.php\/wp-json\/wp\/v2\/users\/1"}],"replies":[{"embeddable":true,"href":"https:\/\/refugesdemarie.fr\/index.php\/wp-json\/wp\/v2\/comments?post=919"}],"version-history":[{"count":1,"href":"https:\/\/refugesdemarie.fr\/index.php\/wp-json\/wp\/v2\/posts\/919\/revisions"}],"predecessor-version":[{"id":921,"href":"https:\/\/refugesdemarie.fr\/index.php\/wp-json\/wp\/v2\/posts\/919\/revisions\/921"}],"wp:featuredmedia":[{"embeddable":true,"href":"https:\/\/refugesdemarie.fr\/index.php\/wp-json\/wp\/v2\/media\/922"}],"wp:attachment":[{"href":"https:\/\/refugesdemarie.fr\/index.php\/wp-json\/wp\/v2\/media?parent=919"}],"wp:term":[{"taxonomy":"category","embeddable":true,"href":"https:\/\/refugesdemarie.fr\/index.php\/wp-json\/wp\/v2\/categories?post=919"},{"taxonomy":"post_tag","embeddable":true,"href":"https:\/\/refugesdemarie.fr\/index.php\/wp-json\/wp\/v2\/tags?post=919"}],"curies":[{"name":"wp","href":"https:\/\/api.w.org\/{rel}","templated":true}]}}